{"id":150508,"date":"2025-03-11T09:23:30","date_gmt":"2025-03-11T09:23:30","guid":{"rendered":"https:\/\/www.nettali.com\/?p=150508"},"modified":"2025-03-11T09:23:30","modified_gmt":"2025-03-11T09:23:30","slug":"liverpool-psg-anelka-mise-sur-les-francais","status":"publish","type":"post","link":"https:\/\/www.nettali.com\/2025\/03\/11\/liverpool-psg-anelka-mise-sur-les-francais\/","title":{"rendered":"LIVERPOOL-PSG - Anelka mise sur les Fran\u00e7ais"},"content":{"rendered":"<p><strong>NETTALI.COM - Pour Nicolas Anelka, le Paris Saint-Germain va le faire. Malgr\u00e9 la d\u00e9faite \u00e0 l\u2019aller (0-1) mercredi dernier, le Fran\u00e7ais pr\u00e9dit une qualification du club francilien \u00e0 Liverpool, ce mardi 11 mars (20h) lors du 8e de finale retour de la Ligue des Champions.<\/strong><\/p>\n<p>\"<em>Mon pronostic ? Compliqu\u00e9. D\u00e9j\u00e0, cela va \u00eatre chaud. Mais je vois d\u00e9j\u00e0 la rencontre ne pas s\u2019arr\u00eater au temps r\u00e9glementaire, a imagin\u00e9 l\u2019ancien joueur des deux \u00e9quipes, contact\u00e9 par le quotidien Le Parisien. Ce sera compliqu\u00e9 de marquer deux buts de plus que Liverpool en 90 minutes. Mais apr\u00e8s, j\u2019imagine bien le PSG se qualifier en prolongation<\/em>.\"<\/p>\n<div class='share-to-whatsapp-wrapper'><div class='share-on-whsp'>PARTAGER SUR : <\/div><a data-text='LIVERPOOL-PSG - Anelka mise sur les Fran\u00e7ais' data-link='https:\/\/www.nettali.com\/2025\/03\/11\/liverpool-psg-anelka-mise-sur-les-francais\/' class='whatsapp-button whatsapp-share'>WhatsApp<\/a><div class='clear '><\/div><\/div>","protected":false},"excerpt":{"rendered":"<p>NETTALI.COM - Pour Nicolas Anelka, le Paris Saint-Germain va le faire. Malgr\u00e9 la d\u00e9faite \u00e0 l\u2019aller (0-1) mercredi dernier, le Fran\u00e7ais pr\u00e9dit une qualification du club francilien \u00e0 Liverpool, ce mardi 11 mars (20h) lors du 8e de finale retour de la Ligue des Champions. \"Mon pronostic ? Compliqu\u00e9. D\u00e9j\u00e0, cela va \u00eatre chaud. Mais [&hellip;]<\/p>\n","protected":false},"author":5,"featured_media":150509,"comment_status":"open","ping_status":"open","sticky":false,"template":"","format":"standard","meta":{"_et_pb_use_builder":"","_et_pb_old_content":""},"categories":[6],"tags":[],"yoast_head":"<!-- This site is optimized with the Yoast SEO Premium plugin v17.8 (Yoast SEO v17.8) - https:\/\/yoast.com\/wordpress\/plugins\/seo\/ -->\n<title>LIVERPOOL-PSG - Anelka mise sur les Fran\u00e7ais | Nettali.com<\/title>\n<meta name=\"robots\" content=\"index, follow, max-snippet:-1, max-image-preview:large, max-video-preview:-1\" \/>\n<link rel=\"canonical\" href=\"https:\/\/www.nettali.com\/2025\/03\/11\/liverpool-psg-anelka-mise-sur-les-francais\/\" \/>\n<meta property=\"og:locale\" content=\"fr_FR\" \/>\n<meta property=\"og:type\" content=\"article\" \/>\n<meta property=\"og:title\" content=\"LIVERPOOL-PSG - Anelka mise sur les Fran\u00e7ais\" \/>\n<meta property=\"og:description\" content=\"NETTALI.COM - Pour Nicolas Anelka, le Paris Saint-Germain va le faire. Malgr\u00e9 la d\u00e9faite \u00e0 l\u2019aller (0-1) mercredi dernier, le Fran\u00e7ais pr\u00e9dit une qualification du club francilien \u00e0 Liverpool, ce mardi 11 mars (20h) lors du 8e de finale retour de la Ligue des Champions. &quot;Mon pronostic ? Compliqu\u00e9. D\u00e9j\u00e0, cela va \u00eatre chaud. Mais [&hellip;]\" \/>\n<meta property=\"og:url\" content=\"https:\/\/www.nettali.com\/2025\/03\/11\/liverpool-psg-anelka-mise-sur-les-francais\/\" \/>\n<meta property=\"og:site_name\" content=\"Nettali.com\" \/>\n<meta property=\"article:publisher\" content=\"https:\/\/www.facebook.com\/nettalicom\" \/>\n<meta property=\"article:published_time\" content=\"2025-03-11T09:23:30+00:00\" \/>\n<meta property=\"og:image\" content=\"https:\/\/www.nettali.com\/wp-content\/uploads\/2025\/03\/4WMUOY2MT5C3ZOWNZRTV3A3JYE.jpg\" \/>\n\t<meta property=\"og:image:width\" content=\"932\" \/>\n\t<meta property=\"og:image:height\" content=\"582\" \/>\n<meta name=\"twitter:card\" content=\"summary_large_image\" \/>\n<meta name=\"twitter:label1\" content=\"\u00c9crit par\" \/>\n\t<meta name=\"twitter:data1\" content=\"Ibrahima\" \/>\n\t<meta name=\"twitter:label2\" content=\"Dur\u00e9e de lecture estim\u00e9e\" \/>\n\t<meta name=\"twitter:data2\" content=\"1 minute\" \/>\n<script type=\"application\/ld+json\" class=\"yoast-schema-graph\">{\"@context\":\"https:\/\/schema.org\",\"@graph\":[{\"@type\":\"WebSite\",\"@id\":\"https:\/\/www.nettali.com\/#website\",\"url\":\"https:\/\/www.nettali.com\/\",\"name\":\"Nettali.com\",\"description\":\"Le rendez-vous critique du Net\",\"potentialAction\":[{\"@type\":\"SearchAction\",\"target\":{\"@type\":\"EntryPoint\",\"urlTemplate\":\"https:\/\/www.nettali.com\/?s={search_term_string}\"},\"query-input\":\"required name=search_term_string\"}],\"inLanguage\":\"fr-FR\"},{\"@type\":\"ImageObject\",\"@id\":\"https:\/\/www.nettali.com\/2025\/03\/11\/liverpool-psg-anelka-mise-sur-les-francais\/#primaryimage\",\"inLanguage\":\"fr-FR\",\"url\":\"https:\/\/www.nettali.com\/wp-content\/uploads\/2025\/03\/4WMUOY2MT5C3ZOWNZRTV3A3JYE.jpg\",\"contentUrl\":\"https:\/\/www.nettali.com\/wp-content\/uploads\/2025\/03\/4WMUOY2MT5C3ZOWNZRTV3A3JYE.jpg\",\"width\":932,\"height\":582,\"caption\":\"Sports Parc des Princes, Paris (XVIe), le 22 janvier 2025 Ligue des Champions Psg-Manchester City Nicolas Anelka LP \/ Fred Dugit\"},{\"@type\":\"WebPage\",\"@id\":\"https:\/\/www.nettali.com\/2025\/03\/11\/liverpool-psg-anelka-mise-sur-les-francais\/#webpage\",\"url\":\"https:\/\/www.nettali.com\/2025\/03\/11\/liverpool-psg-anelka-mise-sur-les-francais\/\",\"name\":\"LIVERPOOL-PSG - Anelka mise sur les Fran\\u00e7ais | Nettali.com\",\"isPartOf\":{\"@id\":\"https:\/\/www.nettali.com\/#website\"},\"primaryImageOfPage\":{\"@id\":\"https:\/\/www.nettali.com\/2025\/03\/11\/liverpool-psg-anelka-mise-sur-les-francais\/#primaryimage\"},\"datePublished\":\"2025-03-11T09:23:30+00:00\",\"dateModified\":\"2025-03-11T09:23:30+00:00\",\"author\":{\"@id\":\"https:\/\/www.nettali.com\/#\/schema\/person\/bb147657c2986240405a608162b9bb23\"},\"breadcrumb\":{\"@id\":\"https:\/\/www.nettali.com\/2025\/03\/11\/liverpool-psg-anelka-mise-sur-les-francais\/#breadcrumb\"},\"inLanguage\":\"fr-FR\",\"potentialAction\":[{\"@type\":\"ReadAction\",\"target\":[\"https:\/\/www.nettali.com\/2025\/03\/11\/liverpool-psg-anelka-mise-sur-les-francais\/\"]}]},{\"@type\":\"BreadcrumbList\",\"@id\":\"https:\/\/www.nettali.com\/2025\/03\/11\/liverpool-psg-anelka-mise-sur-les-francais\/#breadcrumb\",\"itemListElement\":[{\"@type\":\"ListItem\",\"position\":1,\"name\":\"Accueil\",\"item\":\"https:\/\/www.nettali.com\/\"},{\"@type\":\"ListItem\",\"position\":2,\"name\":\"LIVERPOOL-PSG - Anelka mise sur les Fran\\u00e7ais\"}]},{\"@type\":\"Person\",\"@id\":\"https:\/\/www.nettali.com\/#\/schema\/person\/bb147657c2986240405a608162b9bb23\",\"name\":\"Ibrahima\",\"image\":{\"@type\":\"ImageObject\",\"@id\":\"https:\/\/www.nettali.com\/#personlogo\",\"inLanguage\":\"fr-FR\",\"url\":\"https:\/\/secure.gravatar.com\/avatar\/26a8a81f09f0dd7624c9d5c36c9ba3a2?s=96&d=mm&r=g\",\"contentUrl\":\"https:\/\/secure.gravatar.com\/avatar\/26a8a81f09f0dd7624c9d5c36c9ba3a2?s=96&d=mm&r=g\",\"caption\":\"Ibrahima\"},\"sameAs\":[\"https:\/\/www.nettali.com\"]}]}<\/script>\n<!-- \/ Yoast SEO Premium plugin. -->","yoast_head_json":{"title":"LIVERPOOL-PSG - Anelka mise sur les Fran\u00e7ais | Nettali.com","robots":{"index":"index","follow":"follow","max-snippet":"max-snippet:-1","max-image-preview":"max-image-preview:large","max-video-preview":"max-video-preview:-1"},"canonical":"https:\/\/www.nettali.com\/2025\/03\/11\/liverpool-psg-anelka-mise-sur-les-francais\/","og_locale":"fr_FR","og_type":"article","og_title":"LIVERPOOL-PSG - Anelka mise sur les Fran\u00e7ais","og_description":"NETTALI.COM - Pour Nicolas Anelka, le Paris Saint-Germain va le faire. Malgr\u00e9 la d\u00e9faite \u00e0 l\u2019aller (0-1) mercredi dernier, le Fran\u00e7ais pr\u00e9dit une qualification du club francilien \u00e0 Liverpool, ce mardi 11 mars (20h) lors du 8e de finale retour de la Ligue des Champions. \"Mon pronostic ? Compliqu\u00e9. D\u00e9j\u00e0, cela va \u00eatre chaud. Mais [&hellip;]","og_url":"https:\/\/www.nettali.com\/2025\/03\/11\/liverpool-psg-anelka-mise-sur-les-francais\/","og_site_name":"Nettali.com","article_publisher":"https:\/\/www.facebook.com\/nettalicom","article_published_time":"2025-03-11T09:23:30+00:00","og_image":[{"width":932,"height":582,"url":"https:\/\/www.nettali.com\/wp-content\/uploads\/2025\/03\/4WMUOY2MT5C3ZOWNZRTV3A3JYE.jpg","type":"image\/jpeg"}],"twitter_card":"summary_large_image","twitter_misc":{"\u00c9crit par":"Ibrahima","Dur\u00e9e de lecture estim\u00e9e":"1 minute"},"schema":{"@context":"https:\/\/schema.org","@graph":[{"@type":"WebSite","@id":"https:\/\/www.nettali.com\/#website","url":"https:\/\/www.nettali.com\/","name":"Nettali.com","description":"Le rendez-vous critique du Net","potentialAction":[{"@type":"SearchAction","target":{"@type":"EntryPoint","urlTemplate":"https:\/\/www.nettali.com\/?s={search_term_string}"},"query-input":"required name=search_term_string"}],"inLanguage":"fr-FR"},{"@type":"ImageObject","@id":"https:\/\/www.nettali.com\/2025\/03\/11\/liverpool-psg-anelka-mise-sur-les-francais\/#primaryimage","inLanguage":"fr-FR","url":"https:\/\/www.nettali.com\/wp-content\/uploads\/2025\/03\/4WMUOY2MT5C3ZOWNZRTV3A3JYE.jpg","contentUrl":"https:\/\/www.nettali.com\/wp-content\/uploads\/2025\/03\/4WMUOY2MT5C3ZOWNZRTV3A3JYE.jpg","width":932,"height":582,"caption":"Sports Parc des Princes, Paris (XVIe), le 22 janvier 2025 Ligue des Champions Psg-Manchester City Nicolas Anelka LP \/ Fred Dugit"},{"@type":"WebPage","@id":"https:\/\/www.nettali.com\/2025\/03\/11\/liverpool-psg-anelka-mise-sur-les-francais\/#webpage","url":"https:\/\/www.nettali.com\/2025\/03\/11\/liverpool-psg-anelka-mise-sur-les-francais\/","name":"LIVERPOOL-PSG - Anelka mise sur les Fran\u00e7ais | Nettali.com","isPartOf":{"@id":"https:\/\/www.nettali.com\/#website"},"primaryImageOfPage":{"@id":"https:\/\/www.nettali.com\/2025\/03\/11\/liverpool-psg-anelka-mise-sur-les-francais\/#primaryimage"},"datePublished":"2025-03-11T09:23:30+00:00","dateModified":"2025-03-11T09:23:30+00:00","author":{"@id":"https:\/\/www.nettali.com\/#\/schema\/person\/bb147657c2986240405a608162b9bb23"},"breadcrumb":{"@id":"https:\/\/www.nettali.com\/2025\/03\/11\/liverpool-psg-anelka-mise-sur-les-francais\/#breadcrumb"},"inLanguage":"fr-FR","potentialAction":[{"@type":"ReadAction","target":["https:\/\/www.nettali.com\/2025\/03\/11\/liverpool-psg-anelka-mise-sur-les-francais\/"]}]},{"@type":"BreadcrumbList","@id":"https:\/\/www.nettali.com\/2025\/03\/11\/liverpool-psg-anelka-mise-sur-les-francais\/#breadcrumb","itemListElement":[{"@type":"ListItem","position":1,"name":"Accueil","item":"https:\/\/www.nettali.com\/"},{"@type":"ListItem","position":2,"name":"LIVERPOOL-PSG - Anelka mise sur les Fran\u00e7ais"}]},{"@type":"Person","@id":"https:\/\/www.nettali.com\/#\/schema\/person\/bb147657c2986240405a608162b9bb23","name":"Ibrahima","image":{"@type":"ImageObject","@id":"https:\/\/www.nettali.com\/#personlogo","inLanguage":"fr-FR","url":"https:\/\/secure.gravatar.com\/avatar\/26a8a81f09f0dd7624c9d5c36c9ba3a2?s=96&d=mm&r=g","contentUrl":"https:\/\/secure.gravatar.com\/avatar\/26a8a81f09f0dd7624c9d5c36c9ba3a2?s=96&d=mm&r=g","caption":"Ibrahima"},"sameAs":["https:\/\/www.nettali.com"]}]}},"_links":{"self":[{"href":"https:\/\/www.nettali.com\/rest\/wp\/v2\/posts\/150508"}],"collection":[{"href":"https:\/\/www.nettali.com\/rest\/wp\/v2\/posts"}],"about":[{"href":"https:\/\/www.nettali.com\/rest\/wp\/v2\/types\/post"}],"author":[{"embeddable":true,"href":"https:\/\/www.nettali.com\/rest\/wp\/v2\/users\/5"}],"replies":[{"embeddable":true,"href":"https:\/\/www.nettali.com\/rest\/wp\/v2\/comments?post=150508"}],"version-history":[{"count":2,"href":"https:\/\/www.nettali.com\/rest\/wp\/v2\/posts\/150508\/revisions"}],"predecessor-version":[{"id":150519,"href":"https:\/\/www.nettali.com\/rest\/wp\/v2\/posts\/150508\/revisions\/150519"}],"wp:featuredmedia":[{"embeddable":true,"href":"https:\/\/www.nettali.com\/rest\/wp\/v2\/media\/150509"}],"wp:attachment":[{"href":"https:\/\/www.nettali.com\/rest\/wp\/v2\/media?parent=150508"}],"wp:term":[{"taxonomy":"category","embeddable":true,"href":"https:\/\/www.nettali.com\/rest\/wp\/v2\/categories?post=150508"},{"taxonomy":"post_tag","embeddable":true,"href":"https:\/\/www.nettali.com\/rest\/wp\/v2\/tags?post=150508"}],"curies":[{"name":"wp","href":"https:\/\/api.w.org\/{rel}","templated":true}]}}