{"id":150475,"date":"2025-03-10T19:37:38","date_gmt":"2025-03-10T19:37:38","guid":{"rendered":"https:\/\/www.nettali.com\/?p=150475"},"modified":"2025-03-10T19:37:38","modified_gmt":"2025-03-10T19:37:38","slug":"suspension-des-bourses-de-securite-familiale-le-ministere-de-la-famille-dement-et-apporte-des-precisions","status":"publish","type":"post","link":"https:\/\/www.nettali.com\/2025\/03\/10\/suspension-des-bourses-de-securite-familiale-le-ministere-de-la-famille-dement-et-apporte-des-precisions\/","title":{"rendered":"SUSPENSION DES BOURSES DE S\u00c9CURIT\u00c9 FAMILIALE- Le minist\u00e8re de la Famille d\u00e9ment et apporte des pr\u00e9cisions"},"content":{"rendered":"<p><strong>NETTALI.COM- \"Le programme des bourses de s\u00e9curit\u00e9 familiale n'est pas suspendu, mais il y a un travail d'\u00e9valuation et de mise \u00e0 jour qui est en cours\". La pr\u00e9cision est du minist\u00e8re de la Famille et des Solidarit\u00e9s qui d\u00e9ment ainsi la suppression all\u00e9gu\u00e9e.<\/strong><\/p>\n<p>Le secr\u00e9taire g\u00e9n\u00e9ral du minist\u00e8re de la Famille et des Solidarit\u00e9s d\u00e9ment l\u2019 information selon laquelle les bourses de s\u00e9curit\u00e9 familiale sont supprim\u00e9es. El Hadj Ndiogou Diouf informe qu\u2019une mise \u00e0 jour est en cours et\u00a0que tous les arri\u00e9r\u00e9s de paiement seront bient\u00f4t r\u00e9gl\u00e9s.<\/p>\n<p>\u00ab <em>Je ne pense pas qu'il y ait une d\u00e9cision formelle, en tout cas je ne suis pas inform\u00e9\u00a0 de la suspension du programme national des bourses de s\u00e9curit\u00e9 familiale . Il y a des arri\u00e9r\u00e9s qui s'\u00e9talent sur trois \u00e0 quatre trimestres, qui n'ont pas \u00e9t\u00e9 pay\u00e9s et qui sont en cours de r\u00e9gularisation. Cela ne veut pas dire qu'on a suspendu. C'est un probl\u00e8me de paiement de bourses, d'arri\u00e9r\u00e9s, qui se passe habituellement dans beaucoup de programmes sociaux de ce genre, et m\u00eame qu'on est en train de r\u00e9gulariser pour pouvoir p\u00e9renniser et renforcer ce programme. Il n'y a pas de suspension formelle. Le programme national des bourses de s\u00e9curit\u00e9 familiale est adoss\u00e9 \u00e0 un registre national unique. C'est \u00e0 partir de ce registre que l'on s\u00e9lectionne les boursiers de s\u00e9curit\u00e9 familiale<\/em> \u00bb a pr\u00e9cis\u00e9 El Hadj Ndiogou Diouf.<\/p>\n<p>Il poursuit : \u00ab <em>maintenant, cette base est en train d'\u00eatre mise \u00e0 jour et \u00e9tendue \u00e0 un million de m\u00e9nages. C'est un travail de profondeur qui vise \u00e0 regarder encore les crit\u00e8res d'entr\u00e9e et de sortie dans ce registre national unique pour la mise \u00e0 jour et l'extension. Le travail de mise \u00e0 jour et d'extension est pratiquement termin\u00e9. Le travail de mise \u00e0 jour et d'extension du registre national unique est quasiment termin\u00e9. On est en train de faire les derni\u00e8res validations et ce registre va servir d\u00e9sormais de base \u00e0 toutes les politiques de protection sociale en ce qui concerne la couverture sanitaire universelle, le programme de r\u00e9ponse au choc, c'est-\u00e0-dire les incendies, les inondations, les accidents. Toute l'assistance qui est d\u00e9di\u00e9e aux personnes vuln\u00e9rables va d\u00e9sormais s'articuler autour de ce registre national unique. Donc, les b\u00e9n\u00e9ficiaires vont \u00eatre s\u00e9lectionn\u00e9s \u00e0 partir de ce registre. C'est-\u00e0-dire le paiement des arri\u00e9r\u00e9s va se faire d\u00e8s que les ressources seront stabilis\u00e9es. Et c'est en cours<\/em> \u00bb.<\/p>\n<div class='share-to-whatsapp-wrapper'><div class='share-on-whsp'>PARTAGER SUR : <\/div><a data-text='SUSPENSION DES BOURSES DE S\u00c9CURIT\u00c9 FAMILIALE- Le minist\u00e8re de la Famille d\u00e9ment et apporte des pr\u00e9cisions' data-link='https:\/\/www.nettali.com\/2025\/03\/10\/suspension-des-bourses-de-securite-familiale-le-ministere-de-la-famille-dement-et-apporte-des-precisions\/' class='whatsapp-button whatsapp-share'>WhatsApp<\/a><div class='clear '><\/div><\/div>","protected":false},"excerpt":{"rendered":"<p>NETTALI.COM- \"Le programme des bourses de s\u00e9curit\u00e9 familiale n'est pas suspendu, mais il y a un travail d'\u00e9valuation et de mise \u00e0 jour qui est en cours\". La pr\u00e9cision est du minist\u00e8re de la Famille et des Solidarit\u00e9s qui d\u00e9ment ainsi la suppression all\u00e9gu\u00e9e. Le secr\u00e9taire g\u00e9n\u00e9ral du minist\u00e8re de la Famille et des Solidarit\u00e9s [&hellip;]<\/p>\n","protected":false},"author":6,"featured_media":150477,"comment_status":"open","ping_status":"open","sticky":false,"template":"","format":"standard","meta":{"_et_pb_use_builder":"","_et_pb_old_content":""},"categories":[3],"tags":[],"yoast_head":"<!-- This site is optimized with the Yoast SEO Premium plugin v17.8 (Yoast SEO v17.8) - https:\/\/yoast.com\/wordpress\/plugins\/seo\/ -->\n<title>SUSPENSION DES BOURSES DE S\u00c9CURIT\u00c9 FAMILIALE- Le minist\u00e8re de la Famille d\u00e9ment et apporte des pr\u00e9cisions | Nettali.com<\/title>\n<meta name=\"robots\" content=\"index, follow, max-snippet:-1, max-image-preview:large, max-video-preview:-1\" \/>\n<link rel=\"canonical\" href=\"https:\/\/www.nettali.com\/2025\/03\/10\/suspension-des-bourses-de-securite-familiale-le-ministere-de-la-famille-dement-et-apporte-des-precisions\/\" \/>\n<meta property=\"og:locale\" content=\"fr_FR\" \/>\n<meta property=\"og:type\" content=\"article\" \/>\n<meta property=\"og:title\" content=\"SUSPENSION DES BOURSES DE S\u00c9CURIT\u00c9 FAMILIALE- Le minist\u00e8re de la Famille d\u00e9ment et apporte des pr\u00e9cisions\" \/>\n<meta property=\"og:description\" content=\"NETTALI.COM- &quot;Le programme des bourses de s\u00e9curit\u00e9 familiale n&#039;est pas suspendu, mais il y a un travail d&#039;\u00e9valuation et de mise \u00e0 jour qui est en cours&quot;. La pr\u00e9cision est du minist\u00e8re de la Famille et des Solidarit\u00e9s qui d\u00e9ment ainsi la suppression all\u00e9gu\u00e9e. Le secr\u00e9taire g\u00e9n\u00e9ral du minist\u00e8re de la Famille et des Solidarit\u00e9s [&hellip;]\" \/>\n<meta property=\"og:url\" content=\"https:\/\/www.nettali.com\/2025\/03\/10\/suspension-des-bourses-de-securite-familiale-le-ministere-de-la-famille-dement-et-apporte-des-precisions\/\" \/>\n<meta property=\"og:site_name\" content=\"Nettali.com\" \/>\n<meta property=\"article:publisher\" content=\"https:\/\/www.facebook.com\/nettalicom\" \/>\n<meta property=\"article:published_time\" content=\"2025-03-10T19:37:38+00:00\" \/>\n<meta property=\"og:image\" content=\"https:\/\/www.nettali.com\/wp-content\/uploads\/2025\/03\/77752049-56485114.jpg\" \/>\n\t<meta property=\"og:image:width\" content=\"600\" \/>\n\t<meta property=\"og:image:height\" content=\"400\" \/>\n<meta name=\"twitter:card\" content=\"summary_large_image\" \/>\n<meta name=\"twitter:label1\" content=\"\u00c9crit par\" \/>\n\t<meta name=\"twitter:data1\" content=\"Fatou\" \/>\n\t<meta name=\"twitter:label2\" content=\"Dur\u00e9e de lecture estim\u00e9e\" \/>\n\t<meta name=\"twitter:data2\" content=\"3 minutes\" \/>\n<script type=\"application\/ld+json\" class=\"yoast-schema-graph\">{\"@context\":\"https:\/\/schema.org\",\"@graph\":[{\"@type\":\"WebSite\",\"@id\":\"https:\/\/www.nettali.com\/#website\",\"url\":\"https:\/\/www.nettali.com\/\",\"name\":\"Nettali.com\",\"description\":\"Le rendez-vous critique du Net\",\"potentialAction\":[{\"@type\":\"SearchAction\",\"target\":{\"@type\":\"EntryPoint\",\"urlTemplate\":\"https:\/\/www.nettali.com\/?s={search_term_string}\"},\"query-input\":\"required name=search_term_string\"}],\"inLanguage\":\"fr-FR\"},{\"@type\":\"ImageObject\",\"@id\":\"https:\/\/www.nettali.com\/2025\/03\/10\/suspension-des-bourses-de-securite-familiale-le-ministere-de-la-famille-dement-et-apporte-des-precisions\/#primaryimage\",\"inLanguage\":\"fr-FR\",\"url\":\"https:\/\/www.nettali.com\/wp-content\/uploads\/2025\/03\/77752049-56485114.jpg\",\"contentUrl\":\"https:\/\/www.nettali.com\/wp-content\/uploads\/2025\/03\/77752049-56485114.jpg\",\"width\":600,\"height\":400},{\"@type\":\"WebPage\",\"@id\":\"https:\/\/www.nettali.com\/2025\/03\/10\/suspension-des-bourses-de-securite-familiale-le-ministere-de-la-famille-dement-et-apporte-des-precisions\/#webpage\",\"url\":\"https:\/\/www.nettali.com\/2025\/03\/10\/suspension-des-bourses-de-securite-familiale-le-ministere-de-la-famille-dement-et-apporte-des-precisions\/\",\"name\":\"SUSPENSION DES BOURSES DE S\\u00c9CURIT\\u00c9 FAMILIALE- Le minist\\u00e8re de la Famille d\\u00e9ment et apporte des pr\\u00e9cisions | Nettali.com\",\"isPartOf\":{\"@id\":\"https:\/\/www.nettali.com\/#website\"},\"primaryImageOfPage\":{\"@id\":\"https:\/\/www.nettali.com\/2025\/03\/10\/suspension-des-bourses-de-securite-familiale-le-ministere-de-la-famille-dement-et-apporte-des-precisions\/#primaryimage\"},\"datePublished\":\"2025-03-10T19:37:38+00:00\",\"dateModified\":\"2025-03-10T19:37:38+00:00\",\"author\":{\"@id\":\"https:\/\/www.nettali.com\/#\/schema\/person\/418274a86bdf87caff7a3ef476bd0bbf\"},\"breadcrumb\":{\"@id\":\"https:\/\/www.nettali.com\/2025\/03\/10\/suspension-des-bourses-de-securite-familiale-le-ministere-de-la-famille-dement-et-apporte-des-precisions\/#breadcrumb\"},\"inLanguage\":\"fr-FR\",\"potentialAction\":[{\"@type\":\"ReadAction\",\"target\":[\"https:\/\/www.nettali.com\/2025\/03\/10\/suspension-des-bourses-de-securite-familiale-le-ministere-de-la-famille-dement-et-apporte-des-precisions\/\"]}]},{\"@type\":\"BreadcrumbList\",\"@id\":\"https:\/\/www.nettali.com\/2025\/03\/10\/suspension-des-bourses-de-securite-familiale-le-ministere-de-la-famille-dement-et-apporte-des-precisions\/#breadcrumb\",\"itemListElement\":[{\"@type\":\"ListItem\",\"position\":1,\"name\":\"Accueil\",\"item\":\"https:\/\/www.nettali.com\/\"},{\"@type\":\"ListItem\",\"position\":2,\"name\":\"SUSPENSION DES BOURSES DE S\\u00c9CURIT\\u00c9 FAMILIALE- Le minist\\u00e8re de la Famille d\\u00e9ment et apporte des pr\\u00e9cisions\"}]},{\"@type\":\"Person\",\"@id\":\"https:\/\/www.nettali.com\/#\/schema\/person\/418274a86bdf87caff7a3ef476bd0bbf\",\"name\":\"Fatou\",\"image\":{\"@type\":\"ImageObject\",\"@id\":\"https:\/\/www.nettali.com\/#personlogo\",\"inLanguage\":\"fr-FR\",\"url\":\"https:\/\/secure.gravatar.com\/avatar\/5a9442a2bee7b4dcf167cab035858e9a?s=96&d=mm&r=g\",\"contentUrl\":\"https:\/\/secure.gravatar.com\/avatar\/5a9442a2bee7b4dcf167cab035858e9a?s=96&d=mm&r=g\",\"caption\":\"Fatou\"},\"sameAs\":[\"https:\/\/www.nettali.com\"]}]}<\/script>\n<!-- \/ Yoast SEO Premium plugin. -->","yoast_head_json":{"title":"SUSPENSION DES BOURSES DE S\u00c9CURIT\u00c9 FAMILIALE- Le minist\u00e8re de la Famille d\u00e9ment et apporte des pr\u00e9cisions | Nettali.com","robots":{"index":"index","follow":"follow","max-snippet":"max-snippet:-1","max-image-preview":"max-image-preview:large","max-video-preview":"max-video-preview:-1"},"canonical":"https:\/\/www.nettali.com\/2025\/03\/10\/suspension-des-bourses-de-securite-familiale-le-ministere-de-la-famille-dement-et-apporte-des-precisions\/","og_locale":"fr_FR","og_type":"article","og_title":"SUSPENSION DES BOURSES DE S\u00c9CURIT\u00c9 FAMILIALE- Le minist\u00e8re de la Famille d\u00e9ment et apporte des pr\u00e9cisions","og_description":"NETTALI.COM- \"Le programme des bourses de s\u00e9curit\u00e9 familiale n'est pas suspendu, mais il y a un travail d'\u00e9valuation et de mise \u00e0 jour qui est en cours\". La pr\u00e9cision est du minist\u00e8re de la Famille et des Solidarit\u00e9s qui d\u00e9ment ainsi la suppression all\u00e9gu\u00e9e. Le secr\u00e9taire g\u00e9n\u00e9ral du minist\u00e8re de la Famille et des Solidarit\u00e9s [&hellip;]","og_url":"https:\/\/www.nettali.com\/2025\/03\/10\/suspension-des-bourses-de-securite-familiale-le-ministere-de-la-famille-dement-et-apporte-des-precisions\/","og_site_name":"Nettali.com","article_publisher":"https:\/\/www.facebook.com\/nettalicom","article_published_time":"2025-03-10T19:37:38+00:00","og_image":[{"width":600,"height":400,"url":"https:\/\/www.nettali.com\/wp-content\/uploads\/2025\/03\/77752049-56485114.jpg","type":"image\/jpeg"}],"twitter_card":"summary_large_image","twitter_misc":{"\u00c9crit par":"Fatou","Dur\u00e9e de lecture estim\u00e9e":"3 minutes"},"schema":{"@context":"https:\/\/schema.org","@graph":[{"@type":"WebSite","@id":"https:\/\/www.nettali.com\/#website","url":"https:\/\/www.nettali.com\/","name":"Nettali.com","description":"Le rendez-vous critique du Net","potentialAction":[{"@type":"SearchAction","target":{"@type":"EntryPoint","urlTemplate":"https:\/\/www.nettali.com\/?s={search_term_string}"},"query-input":"required name=search_term_string"}],"inLanguage":"fr-FR"},{"@type":"ImageObject","@id":"https:\/\/www.nettali.com\/2025\/03\/10\/suspension-des-bourses-de-securite-familiale-le-ministere-de-la-famille-dement-et-apporte-des-precisions\/#primaryimage","inLanguage":"fr-FR","url":"https:\/\/www.nettali.com\/wp-content\/uploads\/2025\/03\/77752049-56485114.jpg","contentUrl":"https:\/\/www.nettali.com\/wp-content\/uploads\/2025\/03\/77752049-56485114.jpg","width":600,"height":400},{"@type":"WebPage","@id":"https:\/\/www.nettali.com\/2025\/03\/10\/suspension-des-bourses-de-securite-familiale-le-ministere-de-la-famille-dement-et-apporte-des-precisions\/#webpage","url":"https:\/\/www.nettali.com\/2025\/03\/10\/suspension-des-bourses-de-securite-familiale-le-ministere-de-la-famille-dement-et-apporte-des-precisions\/","name":"SUSPENSION DES BOURSES DE S\u00c9CURIT\u00c9 FAMILIALE- Le minist\u00e8re de la Famille d\u00e9ment et apporte des pr\u00e9cisions | Nettali.com","isPartOf":{"@id":"https:\/\/www.nettali.com\/#website"},"primaryImageOfPage":{"@id":"https:\/\/www.nettali.com\/2025\/03\/10\/suspension-des-bourses-de-securite-familiale-le-ministere-de-la-famille-dement-et-apporte-des-precisions\/#primaryimage"},"datePublished":"2025-03-10T19:37:38+00:00","dateModified":"2025-03-10T19:37:38+00:00","author":{"@id":"https:\/\/www.nettali.com\/#\/schema\/person\/418274a86bdf87caff7a3ef476bd0bbf"},"breadcrumb":{"@id":"https:\/\/www.nettali.com\/2025\/03\/10\/suspension-des-bourses-de-securite-familiale-le-ministere-de-la-famille-dement-et-apporte-des-precisions\/#breadcrumb"},"inLanguage":"fr-FR","potentialAction":[{"@type":"ReadAction","target":["https:\/\/www.nettali.com\/2025\/03\/10\/suspension-des-bourses-de-securite-familiale-le-ministere-de-la-famille-dement-et-apporte-des-precisions\/"]}]},{"@type":"BreadcrumbList","@id":"https:\/\/www.nettali.com\/2025\/03\/10\/suspension-des-bourses-de-securite-familiale-le-ministere-de-la-famille-dement-et-apporte-des-precisions\/#breadcrumb","itemListElement":[{"@type":"ListItem","position":1,"name":"Accueil","item":"https:\/\/www.nettali.com\/"},{"@type":"ListItem","position":2,"name":"SUSPENSION DES BOURSES DE S\u00c9CURIT\u00c9 FAMILIALE- Le minist\u00e8re de la Famille d\u00e9ment et apporte des pr\u00e9cisions"}]},{"@type":"Person","@id":"https:\/\/www.nettali.com\/#\/schema\/person\/418274a86bdf87caff7a3ef476bd0bbf","name":"Fatou","image":{"@type":"ImageObject","@id":"https:\/\/www.nettali.com\/#personlogo","inLanguage":"fr-FR","url":"https:\/\/secure.gravatar.com\/avatar\/5a9442a2bee7b4dcf167cab035858e9a?s=96&d=mm&r=g","contentUrl":"https:\/\/secure.gravatar.com\/avatar\/5a9442a2bee7b4dcf167cab035858e9a?s=96&d=mm&r=g","caption":"Fatou"},"sameAs":["https:\/\/www.nettali.com"]}]}},"_links":{"self":[{"href":"https:\/\/www.nettali.com\/rest\/wp\/v2\/posts\/150475"}],"collection":[{"href":"https:\/\/www.nettali.com\/rest\/wp\/v2\/posts"}],"about":[{"href":"https:\/\/www.nettali.com\/rest\/wp\/v2\/types\/post"}],"author":[{"embeddable":true,"href":"https:\/\/www.nettali.com\/rest\/wp\/v2\/users\/6"}],"replies":[{"embeddable":true,"href":"https:\/\/www.nettali.com\/rest\/wp\/v2\/comments?post=150475"}],"version-history":[{"count":1,"href":"https:\/\/www.nettali.com\/rest\/wp\/v2\/posts\/150475\/revisions"}],"predecessor-version":[{"id":150476,"href":"https:\/\/www.nettali.com\/rest\/wp\/v2\/posts\/150475\/revisions\/150476"}],"wp:featuredmedia":[{"embeddable":true,"href":"https:\/\/www.nettali.com\/rest\/wp\/v2\/media\/150477"}],"wp:attachment":[{"href":"https:\/\/www.nettali.com\/rest\/wp\/v2\/media?parent=150475"}],"wp:term":[{"taxonomy":"category","embeddable":true,"href":"https:\/\/www.nettali.com\/rest\/wp\/v2\/categories?post=150475"},{"taxonomy":"post_tag","embeddable":true,"href":"https:\/\/www.nettali.com\/rest\/wp\/v2\/tags?post=150475"}],"curies":[{"name":"wp","href":"https:\/\/api.w.org\/{rel}","templated":true}]}}