{"id":150469,"date":"2025-03-10T12:25:27","date_gmt":"2025-03-10T12:25:27","guid":{"rendered":"https:\/\/www.nettali.com\/?p=150469"},"modified":"2025-03-10T12:25:27","modified_gmt":"2025-03-10T12:25:27","slug":"cite-faycal-des-ministres-magistrats-dg-menaces-dexpulsion","status":"publish","type":"post","link":"https:\/\/www.nettali.com\/2025\/03\/10\/cite-faycal-des-ministres-magistrats-dg-menaces-dexpulsion\/","title":{"rendered":"CITE FAYCAL - Des ministres, magistrats, DG menac\u00e9s d\u2019expulsion"},"content":{"rendered":"<div class=\"post_header\">\n<div class=\"top_banner\"><strong><span style=\"font-size: 16px;\">NETTALI.COM - La Soci\u00e9t\u00e9 de gestion et d\u2019exploitation du patrimoine b\u00e2ti de l\u2019\u00c9tat (Sogepa) invite les 52 familles se consid\u00e9rant propri\u00e9taires des villas de la cit\u00e9 Fay\u00e7al \u00e0 lib\u00e9rer les maisons. Motif invoqu\u00e9 : les baux emphyt\u00e9otiques qui font d\u2019eux les b\u00e9n\u00e9ficiaires de ces logements seraient ill\u00e9gaux.<\/span><\/strong><\/div>\n<\/div>\n<div class=\"single_post_content_wrapper\">\n<div>\n<div id=\"r89-video-outstream-wrapper\">\n<div id=\"r89-video-outstream\" data-google-query-id=\"CLr_pOG__4sDFWFE9ggd4k8zYA\">\n<div id=\"google_ads_iframe_\/15748617,1801186\/Senewebcom\/Senewebcom-Video-Outstream_0__container__\"><\/div>\n<\/div>\n<\/div>\n<\/div>\n<div><span style=\"font-size: 16px;\">L\u2019AS, qui s\u2019est int\u00e9ress\u00e9 au sujet pour son \u00e9dition de ce lundi 10 mars, rapporte que la Sogepa rappelle qu\u2019une <em>\u00abtransaction sur le patrimoine b\u00e2ti de l\u2019\u00c9tat rel\u00e8ve d\u2019une loi devant \u00eatre vot\u00e9e par l\u2019Assembl\u00e9e nationale et non d\u2019un d\u00e9cret comme cela est le cas dans cette affaire dite de la cit\u00e9 Fay\u00e7al\u00bb.<\/em><\/span><\/div>\n<div><span style=\"font-size: 16px;\">\u00a0<\/span><\/div>\n<div><span style=\"font-size: 16px;\">Le journal r\u00e9v\u00e8le que plusieurs ministres, DG, magistrats et autres hauts fonctionnaires, anciens ou en fonction, sont concern\u00e9s. La source cite l\u2019actuel ministre de la Justice, Ousmane Diagne, l\u2019ancien secr\u00e9taire g\u00e9n\u00e9ral de la pr\u00e9sidence, Maxime Jean Simon Ndiaye, l\u2019ancien secr\u00e9taire g\u00e9n\u00e9ral du gouvernement, Ousmane Ndiaye, les anciens DG, Cheikh Issa Sall, Maguette S\u00e8ne, Aliou Sall, les anciens ministres Khouraichi Thiam, Kansoumbaly Ndiaye, Abdoulaye \u00c9limane Kane, un ancien vice-pr\u00e9sident du Conseil constitutionnel, notamment.<\/span><\/div>\n<div><span style=\"font-size: 16px;\">\u00a0<\/span><\/div>\n<div><span style=\"font-size: 16px;\">L\u2019AS rappelle que c\u2019est l\u2019ancien Pr\u00e9sident Abdoulaye Wade qui, en 2008, avait sign\u00e9 le d\u00e9cret actant la vente des villas en question.<\/span><\/div>\n<div><span style=\"font-size: 16px;\">\u00a0<\/span><\/div>\n<div><span style=\"font-size: 16px;\">Les b\u00e9n\u00e9ficiaires doivent d\u00e9m\u00e9nager avant le mois d\u2019ao\u00fbt prochain. Ils ont form\u00e9 un collectif pour s\u2019opposer \u00e0 cette mesure qu\u2019ils jugent \u00abinique\u00bb dans une lettre de protestation adress\u00e9e \u00e0 la Sogepa avec ampliation au pr\u00e9sident de la R\u00e9publique.<\/span><\/div>\n<\/div>\n<div class='share-to-whatsapp-wrapper'><div class='share-on-whsp'>PARTAGER SUR : <\/div><a data-text='CITE FAYCAL - Des ministres, magistrats, DG menac\u00e9s d\u2019expulsion' data-link='https:\/\/www.nettali.com\/2025\/03\/10\/cite-faycal-des-ministres-magistrats-dg-menaces-dexpulsion\/' class='whatsapp-button whatsapp-share'>WhatsApp<\/a><div class='clear '><\/div><\/div>","protected":false},"excerpt":{"rendered":"<p>NETTALI.COM - La Soci\u00e9t\u00e9 de gestion et d\u2019exploitation du patrimoine b\u00e2ti de l\u2019\u00c9tat (Sogepa) invite les 52 familles se consid\u00e9rant propri\u00e9taires des villas de la cit\u00e9 Fay\u00e7al \u00e0 lib\u00e9rer les maisons. Motif invoqu\u00e9 : les baux emphyt\u00e9otiques qui font d\u2019eux les b\u00e9n\u00e9ficiaires de ces logements seraient ill\u00e9gaux. L\u2019AS, qui s\u2019est int\u00e9ress\u00e9 au sujet pour son [&hellip;]<\/p>\n","protected":false},"author":4,"featured_media":150470,"comment_status":"open","ping_status":"open","sticky":false,"template":"","format":"standard","meta":{"_et_pb_use_builder":"","_et_pb_old_content":""},"categories":[3],"tags":[],"yoast_head":"<!-- This site is optimized with the Yoast SEO Premium plugin v17.8 (Yoast SEO v17.8) - https:\/\/yoast.com\/wordpress\/plugins\/seo\/ -->\n<title>CITE FAYCAL - Des ministres, magistrats, DG menac\u00e9s d\u2019expulsion | Nettali.com<\/title>\n<meta name=\"robots\" content=\"index, follow, max-snippet:-1, max-image-preview:large, max-video-preview:-1\" \/>\n<link rel=\"canonical\" href=\"https:\/\/www.nettali.com\/2025\/03\/10\/cite-faycal-des-ministres-magistrats-dg-menaces-dexpulsion\/\" \/>\n<meta property=\"og:locale\" content=\"fr_FR\" \/>\n<meta property=\"og:type\" content=\"article\" \/>\n<meta property=\"og:title\" content=\"CITE FAYCAL - Des ministres, magistrats, DG menac\u00e9s d\u2019expulsion\" \/>\n<meta property=\"og:description\" content=\"NETTALI.COM - La Soci\u00e9t\u00e9 de gestion et d\u2019exploitation du patrimoine b\u00e2ti de l\u2019\u00c9tat (Sogepa) invite les 52 familles se consid\u00e9rant propri\u00e9taires des villas de la cit\u00e9 Fay\u00e7al \u00e0 lib\u00e9rer les maisons. Motif invoqu\u00e9 : les baux emphyt\u00e9otiques qui font d\u2019eux les b\u00e9n\u00e9ficiaires de ces logements seraient ill\u00e9gaux. L\u2019AS, qui s\u2019est int\u00e9ress\u00e9 au sujet pour son [&hellip;]\" \/>\n<meta property=\"og:url\" content=\"https:\/\/www.nettali.com\/2025\/03\/10\/cite-faycal-des-ministres-magistrats-dg-menaces-dexpulsion\/\" \/>\n<meta property=\"og:site_name\" content=\"Nettali.com\" \/>\n<meta property=\"article:publisher\" content=\"https:\/\/www.facebook.com\/nettalicom\" \/>\n<meta property=\"article:published_time\" content=\"2025-03-10T12:25:27+00:00\" \/>\n<meta property=\"og:image\" content=\"https:\/\/www.nettali.com\/wp-content\/uploads\/2025\/03\/Cite-faycal.jpg\" \/>\n\t<meta property=\"og:image:width\" content=\"800\" \/>\n\t<meta property=\"og:image:height\" content=\"600\" \/>\n<meta name=\"twitter:card\" content=\"summary_large_image\" \/>\n<meta name=\"twitter:label1\" content=\"\u00c9crit par\" \/>\n\t<meta name=\"twitter:data1\" content=\"Daouda\" \/>\n\t<meta name=\"twitter:label2\" content=\"Dur\u00e9e de lecture estim\u00e9e\" \/>\n\t<meta name=\"twitter:data2\" content=\"2 minutes\" \/>\n<script type=\"application\/ld+json\" class=\"yoast-schema-graph\">{\"@context\":\"https:\/\/schema.org\",\"@graph\":[{\"@type\":\"WebSite\",\"@id\":\"https:\/\/www.nettali.com\/#website\",\"url\":\"https:\/\/www.nettali.com\/\",\"name\":\"Nettali.com\",\"description\":\"Le rendez-vous critique du Net\",\"potentialAction\":[{\"@type\":\"SearchAction\",\"target\":{\"@type\":\"EntryPoint\",\"urlTemplate\":\"https:\/\/www.nettali.com\/?s={search_term_string}\"},\"query-input\":\"required name=search_term_string\"}],\"inLanguage\":\"fr-FR\"},{\"@type\":\"ImageObject\",\"@id\":\"https:\/\/www.nettali.com\/2025\/03\/10\/cite-faycal-des-ministres-magistrats-dg-menaces-dexpulsion\/#primaryimage\",\"inLanguage\":\"fr-FR\",\"url\":\"https:\/\/www.nettali.com\/wp-content\/uploads\/2025\/03\/Cite-faycal.jpg\",\"contentUrl\":\"https:\/\/www.nettali.com\/wp-content\/uploads\/2025\/03\/Cite-faycal.jpg\",\"width\":800,\"height\":600},{\"@type\":\"WebPage\",\"@id\":\"https:\/\/www.nettali.com\/2025\/03\/10\/cite-faycal-des-ministres-magistrats-dg-menaces-dexpulsion\/#webpage\",\"url\":\"https:\/\/www.nettali.com\/2025\/03\/10\/cite-faycal-des-ministres-magistrats-dg-menaces-dexpulsion\/\",\"name\":\"CITE FAYCAL - Des ministres, magistrats, DG menac\\u00e9s d\\u2019expulsion | Nettali.com\",\"isPartOf\":{\"@id\":\"https:\/\/www.nettali.com\/#website\"},\"primaryImageOfPage\":{\"@id\":\"https:\/\/www.nettali.com\/2025\/03\/10\/cite-faycal-des-ministres-magistrats-dg-menaces-dexpulsion\/#primaryimage\"},\"datePublished\":\"2025-03-10T12:25:27+00:00\",\"dateModified\":\"2025-03-10T12:25:27+00:00\",\"author\":{\"@id\":\"https:\/\/www.nettali.com\/#\/schema\/person\/3317e0bb3aa1da309fbf7b2780901bf4\"},\"breadcrumb\":{\"@id\":\"https:\/\/www.nettali.com\/2025\/03\/10\/cite-faycal-des-ministres-magistrats-dg-menaces-dexpulsion\/#breadcrumb\"},\"inLanguage\":\"fr-FR\",\"potentialAction\":[{\"@type\":\"ReadAction\",\"target\":[\"https:\/\/www.nettali.com\/2025\/03\/10\/cite-faycal-des-ministres-magistrats-dg-menaces-dexpulsion\/\"]}]},{\"@type\":\"BreadcrumbList\",\"@id\":\"https:\/\/www.nettali.com\/2025\/03\/10\/cite-faycal-des-ministres-magistrats-dg-menaces-dexpulsion\/#breadcrumb\",\"itemListElement\":[{\"@type\":\"ListItem\",\"position\":1,\"name\":\"Accueil\",\"item\":\"https:\/\/www.nettali.com\/\"},{\"@type\":\"ListItem\",\"position\":2,\"name\":\"CITE FAYCAL - Des ministres, magistrats, DG menac\\u00e9s d\\u2019expulsion\"}]},{\"@type\":\"Person\",\"@id\":\"https:\/\/www.nettali.com\/#\/schema\/person\/3317e0bb3aa1da309fbf7b2780901bf4\",\"name\":\"Daouda\",\"image\":{\"@type\":\"ImageObject\",\"@id\":\"https:\/\/www.nettali.com\/#personlogo\",\"inLanguage\":\"fr-FR\",\"url\":\"https:\/\/secure.gravatar.com\/avatar\/8d143b5a49345098ddcfee1c49c2f47c?s=96&d=mm&r=g\",\"contentUrl\":\"https:\/\/secure.gravatar.com\/avatar\/8d143b5a49345098ddcfee1c49c2f47c?s=96&d=mm&r=g\",\"caption\":\"Daouda\"},\"sameAs\":[\"https:\/\/www.nettali.com\"]}]}<\/script>\n<!-- \/ Yoast SEO Premium plugin. -->","yoast_head_json":{"title":"CITE FAYCAL - Des ministres, magistrats, DG menac\u00e9s d\u2019expulsion | Nettali.com","robots":{"index":"index","follow":"follow","max-snippet":"max-snippet:-1","max-image-preview":"max-image-preview:large","max-video-preview":"max-video-preview:-1"},"canonical":"https:\/\/www.nettali.com\/2025\/03\/10\/cite-faycal-des-ministres-magistrats-dg-menaces-dexpulsion\/","og_locale":"fr_FR","og_type":"article","og_title":"CITE FAYCAL - Des ministres, magistrats, DG menac\u00e9s d\u2019expulsion","og_description":"NETTALI.COM - La Soci\u00e9t\u00e9 de gestion et d\u2019exploitation du patrimoine b\u00e2ti de l\u2019\u00c9tat (Sogepa) invite les 52 familles se consid\u00e9rant propri\u00e9taires des villas de la cit\u00e9 Fay\u00e7al \u00e0 lib\u00e9rer les maisons. Motif invoqu\u00e9 : les baux emphyt\u00e9otiques qui font d\u2019eux les b\u00e9n\u00e9ficiaires de ces logements seraient ill\u00e9gaux. L\u2019AS, qui s\u2019est int\u00e9ress\u00e9 au sujet pour son [&hellip;]","og_url":"https:\/\/www.nettali.com\/2025\/03\/10\/cite-faycal-des-ministres-magistrats-dg-menaces-dexpulsion\/","og_site_name":"Nettali.com","article_publisher":"https:\/\/www.facebook.com\/nettalicom","article_published_time":"2025-03-10T12:25:27+00:00","og_image":[{"width":800,"height":600,"url":"https:\/\/www.nettali.com\/wp-content\/uploads\/2025\/03\/Cite-faycal.jpg","type":"image\/jpeg"}],"twitter_card":"summary_large_image","twitter_misc":{"\u00c9crit par":"Daouda","Dur\u00e9e de lecture estim\u00e9e":"2 minutes"},"schema":{"@context":"https:\/\/schema.org","@graph":[{"@type":"WebSite","@id":"https:\/\/www.nettali.com\/#website","url":"https:\/\/www.nettali.com\/","name":"Nettali.com","description":"Le rendez-vous critique du Net","potentialAction":[{"@type":"SearchAction","target":{"@type":"EntryPoint","urlTemplate":"https:\/\/www.nettali.com\/?s={search_term_string}"},"query-input":"required name=search_term_string"}],"inLanguage":"fr-FR"},{"@type":"ImageObject","@id":"https:\/\/www.nettali.com\/2025\/03\/10\/cite-faycal-des-ministres-magistrats-dg-menaces-dexpulsion\/#primaryimage","inLanguage":"fr-FR","url":"https:\/\/www.nettali.com\/wp-content\/uploads\/2025\/03\/Cite-faycal.jpg","contentUrl":"https:\/\/www.nettali.com\/wp-content\/uploads\/2025\/03\/Cite-faycal.jpg","width":800,"height":600},{"@type":"WebPage","@id":"https:\/\/www.nettali.com\/2025\/03\/10\/cite-faycal-des-ministres-magistrats-dg-menaces-dexpulsion\/#webpage","url":"https:\/\/www.nettali.com\/2025\/03\/10\/cite-faycal-des-ministres-magistrats-dg-menaces-dexpulsion\/","name":"CITE FAYCAL - Des ministres, magistrats, DG menac\u00e9s d\u2019expulsion | Nettali.com","isPartOf":{"@id":"https:\/\/www.nettali.com\/#website"},"primaryImageOfPage":{"@id":"https:\/\/www.nettali.com\/2025\/03\/10\/cite-faycal-des-ministres-magistrats-dg-menaces-dexpulsion\/#primaryimage"},"datePublished":"2025-03-10T12:25:27+00:00","dateModified":"2025-03-10T12:25:27+00:00","author":{"@id":"https:\/\/www.nettali.com\/#\/schema\/person\/3317e0bb3aa1da309fbf7b2780901bf4"},"breadcrumb":{"@id":"https:\/\/www.nettali.com\/2025\/03\/10\/cite-faycal-des-ministres-magistrats-dg-menaces-dexpulsion\/#breadcrumb"},"inLanguage":"fr-FR","potentialAction":[{"@type":"ReadAction","target":["https:\/\/www.nettali.com\/2025\/03\/10\/cite-faycal-des-ministres-magistrats-dg-menaces-dexpulsion\/"]}]},{"@type":"BreadcrumbList","@id":"https:\/\/www.nettali.com\/2025\/03\/10\/cite-faycal-des-ministres-magistrats-dg-menaces-dexpulsion\/#breadcrumb","itemListElement":[{"@type":"ListItem","position":1,"name":"Accueil","item":"https:\/\/www.nettali.com\/"},{"@type":"ListItem","position":2,"name":"CITE FAYCAL - Des ministres, magistrats, DG menac\u00e9s d\u2019expulsion"}]},{"@type":"Person","@id":"https:\/\/www.nettali.com\/#\/schema\/person\/3317e0bb3aa1da309fbf7b2780901bf4","name":"Daouda","image":{"@type":"ImageObject","@id":"https:\/\/www.nettali.com\/#personlogo","inLanguage":"fr-FR","url":"https:\/\/secure.gravatar.com\/avatar\/8d143b5a49345098ddcfee1c49c2f47c?s=96&d=mm&r=g","contentUrl":"https:\/\/secure.gravatar.com\/avatar\/8d143b5a49345098ddcfee1c49c2f47c?s=96&d=mm&r=g","caption":"Daouda"},"sameAs":["https:\/\/www.nettali.com"]}]}},"_links":{"self":[{"href":"https:\/\/www.nettali.com\/rest\/wp\/v2\/posts\/150469"}],"collection":[{"href":"https:\/\/www.nettali.com\/rest\/wp\/v2\/posts"}],"about":[{"href":"https:\/\/www.nettali.com\/rest\/wp\/v2\/types\/post"}],"author":[{"embeddable":true,"href":"https:\/\/www.nettali.com\/rest\/wp\/v2\/users\/4"}],"replies":[{"embeddable":true,"href":"https:\/\/www.nettali.com\/rest\/wp\/v2\/comments?post=150469"}],"version-history":[{"count":1,"href":"https:\/\/www.nettali.com\/rest\/wp\/v2\/posts\/150469\/revisions"}],"predecessor-version":[{"id":150471,"href":"https:\/\/www.nettali.com\/rest\/wp\/v2\/posts\/150469\/revisions\/150471"}],"wp:featuredmedia":[{"embeddable":true,"href":"https:\/\/www.nettali.com\/rest\/wp\/v2\/media\/150470"}],"wp:attachment":[{"href":"https:\/\/www.nettali.com\/rest\/wp\/v2\/media?parent=150469"}],"wp:term":[{"taxonomy":"category","embeddable":true,"href":"https:\/\/www.nettali.com\/rest\/wp\/v2\/categories?post=150469"},{"taxonomy":"post_tag","embeddable":true,"href":"https:\/\/www.nettali.com\/rest\/wp\/v2\/tags?post=150469"}],"curies":[{"name":"wp","href":"https:\/\/api.w.org\/{rel}","templated":true}]}}