{"id":150413,"date":"2025-03-09T16:54:44","date_gmt":"2025-03-09T16:54:44","guid":{"rendered":"https:\/\/www.nettali.com\/?p=150413"},"modified":"2025-03-09T19:52:42","modified_gmt":"2025-03-09T19:52:42","slug":"nico-williams-pourquoi-je-nai-pas-signe-au-barca","status":"publish","type":"post","link":"https:\/\/www.nettali.com\/2025\/03\/09\/nico-williams-pourquoi-je-nai-pas-signe-au-barca\/","title":{"rendered":"NICO WILLIAMS - \"Pourquoi je n'ai pas sign\u00e9 au Bar\u00e7a\""},"content":{"rendered":"<p><strong>NETTALI.COM - L\u2019ailier de l\u2019Athletic Bilbao, Nico Williams, a enfin r\u00e9v\u00e9l\u00e9 les raisons qui l\u2019ont pouss\u00e9 \u00e0 ne pas rejoindre le FC Barcelone, l\u2019\u00e9t\u00e9 dernier, malgr\u00e9 un int\u00e9r\u00eat soutenu du club catalan.<\/strong><\/p>\n<p>L\u2019international espagnol, \u00e2g\u00e9 de 22 ans, avait retenu l\u2019attention des Blaugrana apr\u00e8s une prestation remarquable lors de l\u2019Euro 2024 en Allemagne, o\u00f9 il a jou\u00e9 un r\u00f4le cl\u00e9 dans le sacre de l\u2019Espagne. Pourtant, malgr\u00e9 l\u2019opportunit\u00e9 de rejoindre le club catalan, Nico Williams a pr\u00e9f\u00e9r\u00e9 rester fid\u00e8le \u00e0 Bilbao.<\/p>\n<p>Dans une interview accord\u00e9e \u00e0 France Football, cit\u00e9e par Fabrizio Romano, le joueur s\u2019est confi\u00e9 sur son choix : \"<em>L\u2019Athl\u00e9tic est ma famille. Le lien qui nous unit au sein du club est incroyable. Je ne pense pas que je retrouverais cette ambiance ailleurs. \u00c0 ce moment-l\u00e0, j\u2019ai pris la d\u00e9cision qui me semblait la bonne, et j\u2019en suis tr\u00e8s heureux.<\/em>\"<\/p>\n<p>Arriv\u00e9 \u00e0 l\u2019Athletic Bilbao en 2020 en provenance de Basconia, Nico Williams s\u2019est impos\u00e9 comme l\u2019un des meilleurs jeunes talents du championnat espagnol. Son engagement envers le club basque t\u00e9moigne d\u2019un attachement fort \u00e0 ses racines et \u00e0 la philosophie de l\u2019Athletic, qui mise exclusivement sur des joueurs issus du Pays basque.<\/p>\n<div class='share-to-whatsapp-wrapper'><div class='share-on-whsp'>PARTAGER SUR : <\/div><a data-text='NICO WILLIAMS - \"Pourquoi je n'ai pas sign\u00e9 au Bar\u00e7a\"' data-link='https:\/\/www.nettali.com\/2025\/03\/09\/nico-williams-pourquoi-je-nai-pas-signe-au-barca\/' class='whatsapp-button whatsapp-share'>WhatsApp<\/a><div class='clear '><\/div><\/div>","protected":false},"excerpt":{"rendered":"<p>NETTALI.COM - L\u2019ailier de l\u2019Athletic Bilbao, Nico Williams, a enfin r\u00e9v\u00e9l\u00e9 les raisons qui l\u2019ont pouss\u00e9 \u00e0 ne pas rejoindre le FC Barcelone, l\u2019\u00e9t\u00e9 dernier, malgr\u00e9 un int\u00e9r\u00eat soutenu du club catalan. L\u2019international espagnol, \u00e2g\u00e9 de 22 ans, avait retenu l\u2019attention des Blaugrana apr\u00e8s une prestation remarquable lors de l\u2019Euro 2024 en Allemagne, o\u00f9 il [&hellip;]<\/p>\n","protected":false},"author":5,"featured_media":150414,"comment_status":"open","ping_status":"open","sticky":false,"template":"","format":"standard","meta":{"_et_pb_use_builder":"","_et_pb_old_content":""},"categories":[6],"tags":[],"yoast_head":"<!-- This site is optimized with the Yoast SEO Premium plugin v17.8 (Yoast SEO v17.8) - https:\/\/yoast.com\/wordpress\/plugins\/seo\/ -->\n<title>NICO WILLIAMS - &quot;Pourquoi je n&#039;ai pas sign\u00e9 au Bar\u00e7a&quot; | Nettali.com<\/title>\n<meta name=\"robots\" content=\"index, follow, max-snippet:-1, max-image-preview:large, max-video-preview:-1\" \/>\n<link rel=\"canonical\" href=\"https:\/\/www.nettali.com\/2025\/03\/09\/nico-williams-pourquoi-je-nai-pas-signe-au-barca\/\" \/>\n<meta property=\"og:locale\" content=\"fr_FR\" \/>\n<meta property=\"og:type\" content=\"article\" \/>\n<meta property=\"og:title\" content=\"NICO WILLIAMS - &quot;Pourquoi je n&#039;ai pas sign\u00e9 au Bar\u00e7a&quot;\" \/>\n<meta property=\"og:description\" content=\"NETTALI.COM - L\u2019ailier de l\u2019Athletic Bilbao, Nico Williams, a enfin r\u00e9v\u00e9l\u00e9 les raisons qui l\u2019ont pouss\u00e9 \u00e0 ne pas rejoindre le FC Barcelone, l\u2019\u00e9t\u00e9 dernier, malgr\u00e9 un int\u00e9r\u00eat soutenu du club catalan. L\u2019international espagnol, \u00e2g\u00e9 de 22 ans, avait retenu l\u2019attention des Blaugrana apr\u00e8s une prestation remarquable lors de l\u2019Euro 2024 en Allemagne, o\u00f9 il [&hellip;]\" \/>\n<meta property=\"og:url\" content=\"https:\/\/www.nettali.com\/2025\/03\/09\/nico-williams-pourquoi-je-nai-pas-signe-au-barca\/\" \/>\n<meta property=\"og:site_name\" content=\"Nettali.com\" \/>\n<meta property=\"article:publisher\" content=\"https:\/\/www.facebook.com\/nettalicom\" \/>\n<meta property=\"article:published_time\" content=\"2025-03-09T16:54:44+00:00\" \/>\n<meta property=\"article:modified_time\" content=\"2025-03-09T19:52:42+00:00\" \/>\n<meta property=\"og:image\" content=\"https:\/\/www.nettali.com\/wp-content\/uploads\/2025\/03\/ICONSPORT_240253_0125-1536x1024-1.jpg\" \/>\n\t<meta property=\"og:image:width\" content=\"1536\" \/>\n\t<meta property=\"og:image:height\" content=\"1024\" \/>\n<meta name=\"twitter:card\" content=\"summary_large_image\" \/>\n<meta name=\"twitter:label1\" content=\"\u00c9crit par\" \/>\n\t<meta name=\"twitter:data1\" content=\"Ibrahima\" \/>\n\t<meta name=\"twitter:label2\" content=\"Dur\u00e9e de lecture estim\u00e9e\" \/>\n\t<meta name=\"twitter:data2\" content=\"1 minute\" \/>\n<script type=\"application\/ld+json\" class=\"yoast-schema-graph\">{\"@context\":\"https:\/\/schema.org\",\"@graph\":[{\"@type\":\"WebSite\",\"@id\":\"https:\/\/www.nettali.com\/#website\",\"url\":\"https:\/\/www.nettali.com\/\",\"name\":\"Nettali.com\",\"description\":\"Le rendez-vous critique du Net\",\"potentialAction\":[{\"@type\":\"SearchAction\",\"target\":{\"@type\":\"EntryPoint\",\"urlTemplate\":\"https:\/\/www.nettali.com\/?s={search_term_string}\"},\"query-input\":\"required name=search_term_string\"}],\"inLanguage\":\"fr-FR\"},{\"@type\":\"ImageObject\",\"@id\":\"https:\/\/www.nettali.com\/2025\/03\/09\/nico-williams-pourquoi-je-nai-pas-signe-au-barca\/#primaryimage\",\"inLanguage\":\"fr-FR\",\"url\":\"https:\/\/www.nettali.com\/wp-content\/uploads\/2025\/03\/ICONSPORT_240253_0125-1536x1024-1.jpg\",\"contentUrl\":\"https:\/\/www.nettali.com\/wp-content\/uploads\/2025\/03\/ICONSPORT_240253_0125-1536x1024-1.jpg\",\"width\":1536,\"height\":1024},{\"@type\":\"WebPage\",\"@id\":\"https:\/\/www.nettali.com\/2025\/03\/09\/nico-williams-pourquoi-je-nai-pas-signe-au-barca\/#webpage\",\"url\":\"https:\/\/www.nettali.com\/2025\/03\/09\/nico-williams-pourquoi-je-nai-pas-signe-au-barca\/\",\"name\":\"NICO WILLIAMS - \\\"Pourquoi je n'ai pas sign\\u00e9 au Bar\\u00e7a\\\" | Nettali.com\",\"isPartOf\":{\"@id\":\"https:\/\/www.nettali.com\/#website\"},\"primaryImageOfPage\":{\"@id\":\"https:\/\/www.nettali.com\/2025\/03\/09\/nico-williams-pourquoi-je-nai-pas-signe-au-barca\/#primaryimage\"},\"datePublished\":\"2025-03-09T16:54:44+00:00\",\"dateModified\":\"2025-03-09T19:52:42+00:00\",\"author\":{\"@id\":\"https:\/\/www.nettali.com\/#\/schema\/person\/bb147657c2986240405a608162b9bb23\"},\"breadcrumb\":{\"@id\":\"https:\/\/www.nettali.com\/2025\/03\/09\/nico-williams-pourquoi-je-nai-pas-signe-au-barca\/#breadcrumb\"},\"inLanguage\":\"fr-FR\",\"potentialAction\":[{\"@type\":\"ReadAction\",\"target\":[\"https:\/\/www.nettali.com\/2025\/03\/09\/nico-williams-pourquoi-je-nai-pas-signe-au-barca\/\"]}]},{\"@type\":\"BreadcrumbList\",\"@id\":\"https:\/\/www.nettali.com\/2025\/03\/09\/nico-williams-pourquoi-je-nai-pas-signe-au-barca\/#breadcrumb\",\"itemListElement\":[{\"@type\":\"ListItem\",\"position\":1,\"name\":\"Accueil\",\"item\":\"https:\/\/www.nettali.com\/\"},{\"@type\":\"ListItem\",\"position\":2,\"name\":\"NICO WILLIAMS - \\\"Pourquoi je n'ai pas sign\\u00e9 au Bar\\u00e7a\\\"\"}]},{\"@type\":\"Person\",\"@id\":\"https:\/\/www.nettali.com\/#\/schema\/person\/bb147657c2986240405a608162b9bb23\",\"name\":\"Ibrahima\",\"image\":{\"@type\":\"ImageObject\",\"@id\":\"https:\/\/www.nettali.com\/#personlogo\",\"inLanguage\":\"fr-FR\",\"url\":\"https:\/\/secure.gravatar.com\/avatar\/26a8a81f09f0dd7624c9d5c36c9ba3a2?s=96&d=mm&r=g\",\"contentUrl\":\"https:\/\/secure.gravatar.com\/avatar\/26a8a81f09f0dd7624c9d5c36c9ba3a2?s=96&d=mm&r=g\",\"caption\":\"Ibrahima\"},\"sameAs\":[\"https:\/\/www.nettali.com\"]}]}<\/script>\n<!-- \/ Yoast SEO Premium plugin. -->","yoast_head_json":{"title":"NICO WILLIAMS - \"Pourquoi je n'ai pas sign\u00e9 au Bar\u00e7a\" | Nettali.com","robots":{"index":"index","follow":"follow","max-snippet":"max-snippet:-1","max-image-preview":"max-image-preview:large","max-video-preview":"max-video-preview:-1"},"canonical":"https:\/\/www.nettali.com\/2025\/03\/09\/nico-williams-pourquoi-je-nai-pas-signe-au-barca\/","og_locale":"fr_FR","og_type":"article","og_title":"NICO WILLIAMS - \"Pourquoi je n'ai pas sign\u00e9 au Bar\u00e7a\"","og_description":"NETTALI.COM - L\u2019ailier de l\u2019Athletic Bilbao, Nico Williams, a enfin r\u00e9v\u00e9l\u00e9 les raisons qui l\u2019ont pouss\u00e9 \u00e0 ne pas rejoindre le FC Barcelone, l\u2019\u00e9t\u00e9 dernier, malgr\u00e9 un int\u00e9r\u00eat soutenu du club catalan. L\u2019international espagnol, \u00e2g\u00e9 de 22 ans, avait retenu l\u2019attention des Blaugrana apr\u00e8s une prestation remarquable lors de l\u2019Euro 2024 en Allemagne, o\u00f9 il [&hellip;]","og_url":"https:\/\/www.nettali.com\/2025\/03\/09\/nico-williams-pourquoi-je-nai-pas-signe-au-barca\/","og_site_name":"Nettali.com","article_publisher":"https:\/\/www.facebook.com\/nettalicom","article_published_time":"2025-03-09T16:54:44+00:00","article_modified_time":"2025-03-09T19:52:42+00:00","og_image":[{"width":1536,"height":1024,"url":"https:\/\/www.nettali.com\/wp-content\/uploads\/2025\/03\/ICONSPORT_240253_0125-1536x1024-1.jpg","type":"image\/jpeg"}],"twitter_card":"summary_large_image","twitter_misc":{"\u00c9crit par":"Ibrahima","Dur\u00e9e de lecture estim\u00e9e":"1 minute"},"schema":{"@context":"https:\/\/schema.org","@graph":[{"@type":"WebSite","@id":"https:\/\/www.nettali.com\/#website","url":"https:\/\/www.nettali.com\/","name":"Nettali.com","description":"Le rendez-vous critique du Net","potentialAction":[{"@type":"SearchAction","target":{"@type":"EntryPoint","urlTemplate":"https:\/\/www.nettali.com\/?s={search_term_string}"},"query-input":"required name=search_term_string"}],"inLanguage":"fr-FR"},{"@type":"ImageObject","@id":"https:\/\/www.nettali.com\/2025\/03\/09\/nico-williams-pourquoi-je-nai-pas-signe-au-barca\/#primaryimage","inLanguage":"fr-FR","url":"https:\/\/www.nettali.com\/wp-content\/uploads\/2025\/03\/ICONSPORT_240253_0125-1536x1024-1.jpg","contentUrl":"https:\/\/www.nettali.com\/wp-content\/uploads\/2025\/03\/ICONSPORT_240253_0125-1536x1024-1.jpg","width":1536,"height":1024},{"@type":"WebPage","@id":"https:\/\/www.nettali.com\/2025\/03\/09\/nico-williams-pourquoi-je-nai-pas-signe-au-barca\/#webpage","url":"https:\/\/www.nettali.com\/2025\/03\/09\/nico-williams-pourquoi-je-nai-pas-signe-au-barca\/","name":"NICO WILLIAMS - \"Pourquoi je n'ai pas sign\u00e9 au Bar\u00e7a\" | Nettali.com","isPartOf":{"@id":"https:\/\/www.nettali.com\/#website"},"primaryImageOfPage":{"@id":"https:\/\/www.nettali.com\/2025\/03\/09\/nico-williams-pourquoi-je-nai-pas-signe-au-barca\/#primaryimage"},"datePublished":"2025-03-09T16:54:44+00:00","dateModified":"2025-03-09T19:52:42+00:00","author":{"@id":"https:\/\/www.nettali.com\/#\/schema\/person\/bb147657c2986240405a608162b9bb23"},"breadcrumb":{"@id":"https:\/\/www.nettali.com\/2025\/03\/09\/nico-williams-pourquoi-je-nai-pas-signe-au-barca\/#breadcrumb"},"inLanguage":"fr-FR","potentialAction":[{"@type":"ReadAction","target":["https:\/\/www.nettali.com\/2025\/03\/09\/nico-williams-pourquoi-je-nai-pas-signe-au-barca\/"]}]},{"@type":"BreadcrumbList","@id":"https:\/\/www.nettali.com\/2025\/03\/09\/nico-williams-pourquoi-je-nai-pas-signe-au-barca\/#breadcrumb","itemListElement":[{"@type":"ListItem","position":1,"name":"Accueil","item":"https:\/\/www.nettali.com\/"},{"@type":"ListItem","position":2,"name":"NICO WILLIAMS - \"Pourquoi je n'ai pas sign\u00e9 au Bar\u00e7a\""}]},{"@type":"Person","@id":"https:\/\/www.nettali.com\/#\/schema\/person\/bb147657c2986240405a608162b9bb23","name":"Ibrahima","image":{"@type":"ImageObject","@id":"https:\/\/www.nettali.com\/#personlogo","inLanguage":"fr-FR","url":"https:\/\/secure.gravatar.com\/avatar\/26a8a81f09f0dd7624c9d5c36c9ba3a2?s=96&d=mm&r=g","contentUrl":"https:\/\/secure.gravatar.com\/avatar\/26a8a81f09f0dd7624c9d5c36c9ba3a2?s=96&d=mm&r=g","caption":"Ibrahima"},"sameAs":["https:\/\/www.nettali.com"]}]}},"_links":{"self":[{"href":"https:\/\/www.nettali.com\/rest\/wp\/v2\/posts\/150413"}],"collection":[{"href":"https:\/\/www.nettali.com\/rest\/wp\/v2\/posts"}],"about":[{"href":"https:\/\/www.nettali.com\/rest\/wp\/v2\/types\/post"}],"author":[{"embeddable":true,"href":"https:\/\/www.nettali.com\/rest\/wp\/v2\/users\/5"}],"replies":[{"embeddable":true,"href":"https:\/\/www.nettali.com\/rest\/wp\/v2\/comments?post=150413"}],"version-history":[{"count":4,"href":"https:\/\/www.nettali.com\/rest\/wp\/v2\/posts\/150413\/revisions"}],"predecessor-version":[{"id":150420,"href":"https:\/\/www.nettali.com\/rest\/wp\/v2\/posts\/150413\/revisions\/150420"}],"wp:featuredmedia":[{"embeddable":true,"href":"https:\/\/www.nettali.com\/rest\/wp\/v2\/media\/150414"}],"wp:attachment":[{"href":"https:\/\/www.nettali.com\/rest\/wp\/v2\/media?parent=150413"}],"wp:term":[{"taxonomy":"category","embeddable":true,"href":"https:\/\/www.nettali.com\/rest\/wp\/v2\/categories?post=150413"},{"taxonomy":"post_tag","embeddable":true,"href":"https:\/\/www.nettali.com\/rest\/wp\/v2\/tags?post=150413"}],"curies":[{"name":"wp","href":"https:\/\/api.w.org\/{rel}","templated":true}]}}