{"id":150395,"date":"2025-03-08T17:09:28","date_gmt":"2025-03-08T17:09:28","guid":{"rendered":"https:\/\/www.nettali.com\/?p=150395"},"modified":"2025-03-08T17:09:28","modified_gmt":"2025-03-08T17:09:28","slug":"necrologie-cheikh-diba-loue-lintegrite-la-competence-et-la-loyaute-exemplaire-du-defunt-directeur-general-du-budget","status":"publish","type":"post","link":"https:\/\/www.nettali.com\/2025\/03\/08\/necrologie-cheikh-diba-loue-lintegrite-la-competence-et-la-loyaute-exemplaire-du-defunt-directeur-general-du-budget\/","title":{"rendered":"NECROLOGIE - Cheikh Diba loue l\u2019int\u00e9grit\u00e9, la comp\u00e9tence et la loyaut\u00e9 exemplaire du d\u00e9funt directeur g\u00e9n\u00e9ral du budget"},"content":{"rendered":"<div><strong>NETTALI.COM - Le directeur g\u00e9n\u00e9ral du budget, Abdou Diouf, d\u00e9c\u00e9d\u00e9 vendredi \u00e0 Dakar, a servi l\u2019\u00c9tat <em>\u201cavec int\u00e9grit\u00e9, comp\u00e9tence et un profond sens du devoir\u201d<\/em>, a reconnu le minist\u00e8re des Finances et du Budget, en saluant en m\u00eame temps sa <em>\u201cloyaut\u00e9 exemplaire\u201d<\/em> et sa <em>\u201cgrande g\u00e9n\u00e9rosit\u00e9\u201d.<\/em><\/strong><\/div>\n<div><\/div>\n<div><em>\u201cAbdou Diouf a consacr\u00e9 sa carri\u00e8re au service de l\u2019\u00c9tat avec int\u00e9grit\u00e9, comp\u00e9tence et un profond sens du devoir\u201d<\/em>, a \u00e9crit le minist\u00e8re, r\u00e9agissant au d\u00e9c\u00e8s de ce haut fonctionnaire, vendredi soir, \u00e0 Dakar.<\/div>\n<div><\/div>\n<div><em>\u201cHomme d\u2019une loyaut\u00e9 exemplaire, d\u2019une grande g\u00e9n\u00e9rosit\u00e9, anim\u00e9 d\u2019un patriotisme sans faille, M. Diouf\u00a0<span class=\"pg-1ff4\">a toujours plac\u00e9 l\u2019int\u00e9r\u00eat g\u00e9n\u00e9ral au c\u0153ur\u00a0\u00a0<\/span>de son action\u201d<\/em>, ajoute-t-il dans une note.<\/div>\n<div><\/div>\n<div>L\u2019inspecteur principal du Tr\u00e9sor a \u00e9t\u00e9 nomm\u00e9 directeur g\u00e9n\u00e9ral du budget le 22 janvier 2025.<\/div>\n<div><\/div>\n<div>Auparavant, il \u00e9tait coordonnateur de la direction g\u00e9n\u00e9rale du budget, des fonctions qu\u2019il a exerc\u00e9es en <em>\u201cmettant son expertise et son d\u00e9vouement au service\u00a0<\/em><span class=\"pg-1ff4\"><em>de l\u2019\u00c9tat\u201d<\/em>, t\u00e9moignent Cheikh Diba et ses collaborateurs.<\/span><\/div>\n<div>Abdou Diouf a travaill\u00e9 \u00e0 la Commission de l\u2019Union \u00e9conomique et mon\u00e9taire ouest-africaine, \u00e0 Ouagadougou et a dirig\u00e9 la division charg\u00e9e des \u00e9tudes \u00e9conomiques et des statistiques \u00e0 la direction g\u00e9n\u00e9rale de la comptabilit\u00e9 publique et du Tr\u00e9sor.<\/div>\n<div class='share-to-whatsapp-wrapper'><div class='share-on-whsp'>PARTAGER SUR : <\/div><a data-text='NECROLOGIE - Cheikh Diba loue l\u2019int\u00e9grit\u00e9, la comp\u00e9tence et la loyaut\u00e9 exemplaire du d\u00e9funt directeur g\u00e9n\u00e9ral du budget' data-link='https:\/\/www.nettali.com\/2025\/03\/08\/necrologie-cheikh-diba-loue-lintegrite-la-competence-et-la-loyaute-exemplaire-du-defunt-directeur-general-du-budget\/' class='whatsapp-button whatsapp-share'>WhatsApp<\/a><div class='clear '><\/div><\/div>","protected":false},"excerpt":{"rendered":"<p>NETTALI.COM - Le directeur g\u00e9n\u00e9ral du budget, Abdou Diouf, d\u00e9c\u00e9d\u00e9 vendredi \u00e0 Dakar, a servi l\u2019\u00c9tat \u201cavec int\u00e9grit\u00e9, comp\u00e9tence et un profond sens du devoir\u201d, a reconnu le minist\u00e8re des Finances et du Budget, en saluant en m\u00eame temps sa \u201cloyaut\u00e9 exemplaire\u201d et sa \u201cgrande g\u00e9n\u00e9rosit\u00e9\u201d. \u201cAbdou Diouf a consacr\u00e9 sa carri\u00e8re au service de [&hellip;]<\/p>\n","protected":false},"author":4,"featured_media":134621,"comment_status":"open","ping_status":"open","sticky":false,"template":"","format":"standard","meta":{"_et_pb_use_builder":"","_et_pb_old_content":""},"categories":[3],"tags":[],"yoast_head":"<!-- This site is optimized with the Yoast SEO Premium plugin v17.8 (Yoast SEO v17.8) - https:\/\/yoast.com\/wordpress\/plugins\/seo\/ -->\n<title>NECROLOGIE - Cheikh Diba loue l\u2019int\u00e9grit\u00e9, la comp\u00e9tence et la loyaut\u00e9 exemplaire du d\u00e9funt directeur g\u00e9n\u00e9ral du budget | Nettali.com<\/title>\n<meta name=\"robots\" content=\"index, follow, max-snippet:-1, max-image-preview:large, max-video-preview:-1\" \/>\n<link rel=\"canonical\" href=\"https:\/\/www.nettali.com\/2025\/03\/08\/necrologie-cheikh-diba-loue-lintegrite-la-competence-et-la-loyaute-exemplaire-du-defunt-directeur-general-du-budget\/\" \/>\n<meta property=\"og:locale\" content=\"fr_FR\" \/>\n<meta property=\"og:type\" content=\"article\" \/>\n<meta property=\"og:title\" content=\"NECROLOGIE - Cheikh Diba loue l\u2019int\u00e9grit\u00e9, la comp\u00e9tence et la loyaut\u00e9 exemplaire du d\u00e9funt directeur g\u00e9n\u00e9ral du budget\" \/>\n<meta property=\"og:description\" content=\"NETTALI.COM - Le directeur g\u00e9n\u00e9ral du budget, Abdou Diouf, d\u00e9c\u00e9d\u00e9 vendredi \u00e0 Dakar, a servi l\u2019\u00c9tat \u201cavec int\u00e9grit\u00e9, comp\u00e9tence et un profond sens du devoir\u201d, a reconnu le minist\u00e8re des Finances et du Budget, en saluant en m\u00eame temps sa \u201cloyaut\u00e9 exemplaire\u201d et sa \u201cgrande g\u00e9n\u00e9rosit\u00e9\u201d. \u201cAbdou Diouf a consacr\u00e9 sa carri\u00e8re au service de [&hellip;]\" \/>\n<meta property=\"og:url\" content=\"https:\/\/www.nettali.com\/2025\/03\/08\/necrologie-cheikh-diba-loue-lintegrite-la-competence-et-la-loyaute-exemplaire-du-defunt-directeur-general-du-budget\/\" \/>\n<meta property=\"og:site_name\" content=\"Nettali.com\" \/>\n<meta property=\"article:publisher\" content=\"https:\/\/www.facebook.com\/nettalicom\" \/>\n<meta property=\"article:published_time\" content=\"2025-03-08T17:09:28+00:00\" \/>\n<meta property=\"og:image\" content=\"https:\/\/www.nettali.com\/wp-content\/uploads\/2024\/06\/Cheikh-Diba.jpg\" \/>\n\t<meta property=\"og:image:width\" content=\"600\" \/>\n\t<meta property=\"og:image:height\" content=\"390\" \/>\n<meta name=\"twitter:card\" content=\"summary_large_image\" \/>\n<meta name=\"twitter:label1\" content=\"\u00c9crit par\" \/>\n\t<meta name=\"twitter:data1\" content=\"Daouda\" \/>\n\t<meta name=\"twitter:label2\" content=\"Dur\u00e9e de lecture estim\u00e9e\" \/>\n\t<meta name=\"twitter:data2\" content=\"1 minute\" \/>\n<script type=\"application\/ld+json\" class=\"yoast-schema-graph\">{\"@context\":\"https:\/\/schema.org\",\"@graph\":[{\"@type\":\"WebSite\",\"@id\":\"https:\/\/www.nettali.com\/#website\",\"url\":\"https:\/\/www.nettali.com\/\",\"name\":\"Nettali.com\",\"description\":\"Le rendez-vous critique du Net\",\"potentialAction\":[{\"@type\":\"SearchAction\",\"target\":{\"@type\":\"EntryPoint\",\"urlTemplate\":\"https:\/\/www.nettali.com\/?s={search_term_string}\"},\"query-input\":\"required name=search_term_string\"}],\"inLanguage\":\"fr-FR\"},{\"@type\":\"ImageObject\",\"@id\":\"https:\/\/www.nettali.com\/2025\/03\/08\/necrologie-cheikh-diba-loue-lintegrite-la-competence-et-la-loyaute-exemplaire-du-defunt-directeur-general-du-budget\/#primaryimage\",\"inLanguage\":\"fr-FR\",\"url\":\"https:\/\/www.nettali.com\/wp-content\/uploads\/2024\/06\/Cheikh-Diba.jpg\",\"contentUrl\":\"https:\/\/www.nettali.com\/wp-content\/uploads\/2024\/06\/Cheikh-Diba.jpg\",\"width\":600,\"height\":390},{\"@type\":\"WebPage\",\"@id\":\"https:\/\/www.nettali.com\/2025\/03\/08\/necrologie-cheikh-diba-loue-lintegrite-la-competence-et-la-loyaute-exemplaire-du-defunt-directeur-general-du-budget\/#webpage\",\"url\":\"https:\/\/www.nettali.com\/2025\/03\/08\/necrologie-cheikh-diba-loue-lintegrite-la-competence-et-la-loyaute-exemplaire-du-defunt-directeur-general-du-budget\/\",\"name\":\"NECROLOGIE - Cheikh Diba loue l\\u2019int\\u00e9grit\\u00e9, la comp\\u00e9tence et la loyaut\\u00e9 exemplaire du d\\u00e9funt directeur g\\u00e9n\\u00e9ral du budget | Nettali.com\",\"isPartOf\":{\"@id\":\"https:\/\/www.nettali.com\/#website\"},\"primaryImageOfPage\":{\"@id\":\"https:\/\/www.nettali.com\/2025\/03\/08\/necrologie-cheikh-diba-loue-lintegrite-la-competence-et-la-loyaute-exemplaire-du-defunt-directeur-general-du-budget\/#primaryimage\"},\"datePublished\":\"2025-03-08T17:09:28+00:00\",\"dateModified\":\"2025-03-08T17:09:28+00:00\",\"author\":{\"@id\":\"https:\/\/www.nettali.com\/#\/schema\/person\/3317e0bb3aa1da309fbf7b2780901bf4\"},\"breadcrumb\":{\"@id\":\"https:\/\/www.nettali.com\/2025\/03\/08\/necrologie-cheikh-diba-loue-lintegrite-la-competence-et-la-loyaute-exemplaire-du-defunt-directeur-general-du-budget\/#breadcrumb\"},\"inLanguage\":\"fr-FR\",\"potentialAction\":[{\"@type\":\"ReadAction\",\"target\":[\"https:\/\/www.nettali.com\/2025\/03\/08\/necrologie-cheikh-diba-loue-lintegrite-la-competence-et-la-loyaute-exemplaire-du-defunt-directeur-general-du-budget\/\"]}]},{\"@type\":\"BreadcrumbList\",\"@id\":\"https:\/\/www.nettali.com\/2025\/03\/08\/necrologie-cheikh-diba-loue-lintegrite-la-competence-et-la-loyaute-exemplaire-du-defunt-directeur-general-du-budget\/#breadcrumb\",\"itemListElement\":[{\"@type\":\"ListItem\",\"position\":1,\"name\":\"Accueil\",\"item\":\"https:\/\/www.nettali.com\/\"},{\"@type\":\"ListItem\",\"position\":2,\"name\":\"NECROLOGIE - Cheikh Diba loue l\\u2019int\\u00e9grit\\u00e9, la comp\\u00e9tence et la loyaut\\u00e9 exemplaire du d\\u00e9funt directeur g\\u00e9n\\u00e9ral du budget\"}]},{\"@type\":\"Person\",\"@id\":\"https:\/\/www.nettali.com\/#\/schema\/person\/3317e0bb3aa1da309fbf7b2780901bf4\",\"name\":\"Daouda\",\"image\":{\"@type\":\"ImageObject\",\"@id\":\"https:\/\/www.nettali.com\/#personlogo\",\"inLanguage\":\"fr-FR\",\"url\":\"https:\/\/secure.gravatar.com\/avatar\/8d143b5a49345098ddcfee1c49c2f47c?s=96&d=mm&r=g\",\"contentUrl\":\"https:\/\/secure.gravatar.com\/avatar\/8d143b5a49345098ddcfee1c49c2f47c?s=96&d=mm&r=g\",\"caption\":\"Daouda\"},\"sameAs\":[\"https:\/\/www.nettali.com\"]}]}<\/script>\n<!-- \/ Yoast SEO Premium plugin. -->","yoast_head_json":{"title":"NECROLOGIE - Cheikh Diba loue l\u2019int\u00e9grit\u00e9, la comp\u00e9tence et la loyaut\u00e9 exemplaire du d\u00e9funt directeur g\u00e9n\u00e9ral du budget | Nettali.com","robots":{"index":"index","follow":"follow","max-snippet":"max-snippet:-1","max-image-preview":"max-image-preview:large","max-video-preview":"max-video-preview:-1"},"canonical":"https:\/\/www.nettali.com\/2025\/03\/08\/necrologie-cheikh-diba-loue-lintegrite-la-competence-et-la-loyaute-exemplaire-du-defunt-directeur-general-du-budget\/","og_locale":"fr_FR","og_type":"article","og_title":"NECROLOGIE - Cheikh Diba loue l\u2019int\u00e9grit\u00e9, la comp\u00e9tence et la loyaut\u00e9 exemplaire du d\u00e9funt directeur g\u00e9n\u00e9ral du budget","og_description":"NETTALI.COM - Le directeur g\u00e9n\u00e9ral du budget, Abdou Diouf, d\u00e9c\u00e9d\u00e9 vendredi \u00e0 Dakar, a servi l\u2019\u00c9tat \u201cavec int\u00e9grit\u00e9, comp\u00e9tence et un profond sens du devoir\u201d, a reconnu le minist\u00e8re des Finances et du Budget, en saluant en m\u00eame temps sa \u201cloyaut\u00e9 exemplaire\u201d et sa \u201cgrande g\u00e9n\u00e9rosit\u00e9\u201d. \u201cAbdou Diouf a consacr\u00e9 sa carri\u00e8re au service de [&hellip;]","og_url":"https:\/\/www.nettali.com\/2025\/03\/08\/necrologie-cheikh-diba-loue-lintegrite-la-competence-et-la-loyaute-exemplaire-du-defunt-directeur-general-du-budget\/","og_site_name":"Nettali.com","article_publisher":"https:\/\/www.facebook.com\/nettalicom","article_published_time":"2025-03-08T17:09:28+00:00","og_image":[{"width":600,"height":390,"url":"https:\/\/www.nettali.com\/wp-content\/uploads\/2024\/06\/Cheikh-Diba.jpg","type":"image\/jpeg"}],"twitter_card":"summary_large_image","twitter_misc":{"\u00c9crit par":"Daouda","Dur\u00e9e de lecture estim\u00e9e":"1 minute"},"schema":{"@context":"https:\/\/schema.org","@graph":[{"@type":"WebSite","@id":"https:\/\/www.nettali.com\/#website","url":"https:\/\/www.nettali.com\/","name":"Nettali.com","description":"Le rendez-vous critique du Net","potentialAction":[{"@type":"SearchAction","target":{"@type":"EntryPoint","urlTemplate":"https:\/\/www.nettali.com\/?s={search_term_string}"},"query-input":"required name=search_term_string"}],"inLanguage":"fr-FR"},{"@type":"ImageObject","@id":"https:\/\/www.nettali.com\/2025\/03\/08\/necrologie-cheikh-diba-loue-lintegrite-la-competence-et-la-loyaute-exemplaire-du-defunt-directeur-general-du-budget\/#primaryimage","inLanguage":"fr-FR","url":"https:\/\/www.nettali.com\/wp-content\/uploads\/2024\/06\/Cheikh-Diba.jpg","contentUrl":"https:\/\/www.nettali.com\/wp-content\/uploads\/2024\/06\/Cheikh-Diba.jpg","width":600,"height":390},{"@type":"WebPage","@id":"https:\/\/www.nettali.com\/2025\/03\/08\/necrologie-cheikh-diba-loue-lintegrite-la-competence-et-la-loyaute-exemplaire-du-defunt-directeur-general-du-budget\/#webpage","url":"https:\/\/www.nettali.com\/2025\/03\/08\/necrologie-cheikh-diba-loue-lintegrite-la-competence-et-la-loyaute-exemplaire-du-defunt-directeur-general-du-budget\/","name":"NECROLOGIE - Cheikh Diba loue l\u2019int\u00e9grit\u00e9, la comp\u00e9tence et la loyaut\u00e9 exemplaire du d\u00e9funt directeur g\u00e9n\u00e9ral du budget | Nettali.com","isPartOf":{"@id":"https:\/\/www.nettali.com\/#website"},"primaryImageOfPage":{"@id":"https:\/\/www.nettali.com\/2025\/03\/08\/necrologie-cheikh-diba-loue-lintegrite-la-competence-et-la-loyaute-exemplaire-du-defunt-directeur-general-du-budget\/#primaryimage"},"datePublished":"2025-03-08T17:09:28+00:00","dateModified":"2025-03-08T17:09:28+00:00","author":{"@id":"https:\/\/www.nettali.com\/#\/schema\/person\/3317e0bb3aa1da309fbf7b2780901bf4"},"breadcrumb":{"@id":"https:\/\/www.nettali.com\/2025\/03\/08\/necrologie-cheikh-diba-loue-lintegrite-la-competence-et-la-loyaute-exemplaire-du-defunt-directeur-general-du-budget\/#breadcrumb"},"inLanguage":"fr-FR","potentialAction":[{"@type":"ReadAction","target":["https:\/\/www.nettali.com\/2025\/03\/08\/necrologie-cheikh-diba-loue-lintegrite-la-competence-et-la-loyaute-exemplaire-du-defunt-directeur-general-du-budget\/"]}]},{"@type":"BreadcrumbList","@id":"https:\/\/www.nettali.com\/2025\/03\/08\/necrologie-cheikh-diba-loue-lintegrite-la-competence-et-la-loyaute-exemplaire-du-defunt-directeur-general-du-budget\/#breadcrumb","itemListElement":[{"@type":"ListItem","position":1,"name":"Accueil","item":"https:\/\/www.nettali.com\/"},{"@type":"ListItem","position":2,"name":"NECROLOGIE - Cheikh Diba loue l\u2019int\u00e9grit\u00e9, la comp\u00e9tence et la loyaut\u00e9 exemplaire du d\u00e9funt directeur g\u00e9n\u00e9ral du budget"}]},{"@type":"Person","@id":"https:\/\/www.nettali.com\/#\/schema\/person\/3317e0bb3aa1da309fbf7b2780901bf4","name":"Daouda","image":{"@type":"ImageObject","@id":"https:\/\/www.nettali.com\/#personlogo","inLanguage":"fr-FR","url":"https:\/\/secure.gravatar.com\/avatar\/8d143b5a49345098ddcfee1c49c2f47c?s=96&d=mm&r=g","contentUrl":"https:\/\/secure.gravatar.com\/avatar\/8d143b5a49345098ddcfee1c49c2f47c?s=96&d=mm&r=g","caption":"Daouda"},"sameAs":["https:\/\/www.nettali.com"]}]}},"_links":{"self":[{"href":"https:\/\/www.nettali.com\/rest\/wp\/v2\/posts\/150395"}],"collection":[{"href":"https:\/\/www.nettali.com\/rest\/wp\/v2\/posts"}],"about":[{"href":"https:\/\/www.nettali.com\/rest\/wp\/v2\/types\/post"}],"author":[{"embeddable":true,"href":"https:\/\/www.nettali.com\/rest\/wp\/v2\/users\/4"}],"replies":[{"embeddable":true,"href":"https:\/\/www.nettali.com\/rest\/wp\/v2\/comments?post=150395"}],"version-history":[{"count":1,"href":"https:\/\/www.nettali.com\/rest\/wp\/v2\/posts\/150395\/revisions"}],"predecessor-version":[{"id":150396,"href":"https:\/\/www.nettali.com\/rest\/wp\/v2\/posts\/150395\/revisions\/150396"}],"wp:featuredmedia":[{"embeddable":true,"href":"https:\/\/www.nettali.com\/rest\/wp\/v2\/media\/134621"}],"wp:attachment":[{"href":"https:\/\/www.nettali.com\/rest\/wp\/v2\/media?parent=150395"}],"wp:term":[{"taxonomy":"category","embeddable":true,"href":"https:\/\/www.nettali.com\/rest\/wp\/v2\/categories?post=150395"},{"taxonomy":"post_tag","embeddable":true,"href":"https:\/\/www.nettali.com\/rest\/wp\/v2\/tags?post=150395"}],"curies":[{"name":"wp","href":"https:\/\/api.w.org\/{rel}","templated":true}]}}