{"id":150292,"date":"2025-03-07T06:56:47","date_gmt":"2025-03-07T06:56:47","guid":{"rendered":"https:\/\/www.nettali.com\/?p=150292"},"modified":"2025-03-07T06:57:08","modified_gmt":"2025-03-07T06:57:08","slug":"forum-des-metiers-organise-par-les-elements-francais-du-senegal-70-entreprises-ont-pres-de-300-emplois-a-offrir","status":"publish","type":"post","link":"https:\/\/www.nettali.com\/2025\/03\/07\/forum-des-metiers-organise-par-les-elements-francais-du-senegal-70-entreprises-ont-pres-de-300-emplois-a-offrir\/","title":{"rendered":"FORUM DES METIERS ORGANISE PAR LES ELEMENTS FRANCAIS DU SENEGAL - 70 entreprises ont pr\u00e8s de 300 emplois \u00e0 offrir"},"content":{"rendered":"<p><strong>NETTALI.COM -<\/strong> Soixante-dix (70) entreprises disposant de quelque Trois cents (300) emplois \u00e0 offrir ont pris part au forum des m\u00e9tiers organis\u00e9, le jeudi 6 mars, \u00e0 Dakar, par le commandement des \u00c9l\u00e9ments fran\u00e7ais au S\u00e9n\u00e9gal (EFS) pour le plan social visant \u00e0 offrir des opportunit\u00e9s d\u2019emplois \u00e0 162 S\u00e9n\u00e9galais. Le licenciement du personnel s\u00e9n\u00e9galais des arm\u00e9es fran\u00e7aises au S\u00e9n\u00e9gal est pr\u00e9vu en juillet prochain.<\/p>\n<p>Le but du forum organis\u00e9 au si\u00e8ge des EFS, \u00e0 Ouakam, l\u2019une des communes d\u2019arrondissement de Dakar, est d\u2019offrir aux travailleurs concern\u00e9s par les licenciements \u00e0 venir \u201c<em>des opportunit\u00e9s de reclassement au sein d\u2019entreprises locales<\/em>\u201d, selon le g\u00e9n\u00e9ral Yves Aunis, le commandant des soldats fran\u00e7ais.<\/p>\n<p>Le forum \u201c<em>s\u2019annonce comme un succ\u00e8s, parce que 70 entreprises y ont pris part<\/em>\u201d, a-t-il dit aux journalistes. Les entreprises ayant particip\u00e9 \u00e0 cette rencontre ont propos\u00e9 \u201c<em>un cumul d\u2019au moins 300 emplois<\/em>\u201d aux travailleurs s\u00e9n\u00e9galais des EFS, selon lui.<\/p>\n<p>\u201c<em>Mon objectif \u00e9tait de permettre \u00e0 mes salari\u00e9s de savoir qu\u2019il existe des opportunit\u00e9s pour de futurs emplois<\/em>\u201d, a expliqu\u00e9 Yves Aunis, concernant l\u2019objectif du forum.<\/p>\n<p>Des m\u00e9caniciens, des chauffeurs, des femmes de m\u00e9nage et des professionnels d\u2019autres m\u00e9tiers sont concern\u00e9s par le plan social avec lequel les EFS vont se s\u00e9parer de 162 employ\u00e9s s\u00e9n\u00e9galais en juillet prochain. Ils ont massivement particip\u00e9 \u00e0 cette rencontre organis\u00e9e par le commandant des \u00c9l\u00e9ments fran\u00e7ais au S\u00e9n\u00e9gal pour les aider \u00e0 trouver des emplois ailleurs.<\/p>\n<p>L\u2019un d\u2019entre eux, Gaston Mendy, employ\u00e9 par le service charg\u00e9 de l\u2019h\u00e9bergement des EFS depuis vingtet- un ans, dit avoir profit\u00e9 du forum.\u00a0 \u201c<em>J\u2019ai parcouru presque tous les stands<\/em>\u201d, a affirm\u00e9 M. Mendy, pr\u00e9cisant \u00eatre \u00e0 la recherche d\u2019un emploi dans les domaines du transport et de la logistique surtout. \u201c<em>Il y a des opportunit\u00e9s. Il faut les saisir<\/em>\u201d, a-t-il ajout\u00e9.<\/p>\n<p>Maguette Niang a aussi \u00e9t\u00e9 employ\u00e9 par les EFS pendant vingt et un ans. Il s\u2019occupait de l\u2019organisation de c\u00e9r\u00e9monies militaires. M. Niang dit esp\u00e9rer retrouver rapidement un emploi, car des entreprises ayant pris part au forum s\u2019int\u00e9ressent \u00e0 son profil. \u201c<em>Nous avons \u00e9chang\u00e9 des contacts. On a promis de me rappeler<\/em>\u201d, a-t-il affirm\u00e9.<\/p>\n<p>Des repr\u00e9sentants d\u2019entreprises ayant r\u00e9pondu \u00e0 l\u2019appel des EFS disent aussi avoir trouv\u00e9 parmi les employ\u00e9s de l\u2019arm\u00e9e fran\u00e7aise au S\u00e9n\u00e9gal des profils dont elles ont besoin. \u201c<em>Ce que nous avons surtout appr\u00e9ci\u00e9, c\u2019est que la plupart des profils sont polyvalents<\/em>\u201d, a signal\u00e9 Ivan Bomba, le responsable des relations sociales et de la communication d\u2019Auchan, une multinationale fran\u00e7aise de la grande distribution. \u201c<em>Nous sommes tr\u00e8s ouverts et tr\u00e8s fiers de les recevoir et de leur dire qu\u2019il y a plusieurs opportunit\u00e9s qu\u2019ils peuvent saisir \u00e0 Auchan S\u00e9n\u00e9gal<\/em>\u201d, a-t-il assur\u00e9. Certains employ\u00e9s concern\u00e9s par le plan social des EFS peuvent exercer divers m\u00e9tiers \u00e0 Auchan, de la g\u00e9rance des rayons aux ressources humaines, en passant par la comptabilit\u00e9, les finances ou la logistique, selon M. Bomba.<\/p>\n<p>Guillaume Bastide, du groupe Fauzie Layousse, qui s\u2019active dans le transport et les mat\u00e9riaux de construction, dit \u00eatre satisfait de ses entretiens. \u201c<em>C\u2019est un vrai succ\u00e8s. Une centaine de personnes nous ont remis leur curriculum vitae<\/em>\u201d, s\u2019est-il r\u00e9joui. M. Bastide affirme avoir rencontr\u00e9 \u201c<em>un vivier de candidats bien form\u00e9s par les militaires fran\u00e7ais<\/em>\u201d.<\/p>\n<p>Le g\u00e9n\u00e9ral commandant les \u00c9l\u00e9ments fran\u00e7ais au S\u00e9n\u00e9gal a inform\u00e9 l\u2019inspection r\u00e9gionale du travail de Dakar du licenciement collectif, \u00e0 compter du 1er juillet 2025, de l\u2019ensemble du personnel s\u00e9n\u00e9galais, 162 agents au total. La \u201c<em>fermeture d\u00e9finitive des bases militaires fran\u00e7aises au S\u00e9n\u00e9gal<\/em>\u201d est la raison invoqu\u00e9e pour justifier les licenciements.<\/p>\n<p>Le pr\u00e9sident s\u00e9n\u00e9galais, Bassirou Diomaye Faye, a d\u00e9clar\u00e9, le 31 d\u00e9cembre dernier, que le S\u00e9n\u00e9gal cherchait \u00e0 instaurer une \u201cnouvelle doctrine\u201d de coop\u00e9ration militaire. Pour cette raison, son pays mettra fin, cette ann\u00e9e, \u00e0 la pr\u00e9sence des militaires \u00e9trangers sur son sol, selon M. Faye.<\/p>\n<p>EnQu\u00eate<\/p>\n<div class='share-to-whatsapp-wrapper'><div class='share-on-whsp'>PARTAGER SUR : <\/div><a data-text='FORUM DES METIERS ORGANISE PAR LES ELEMENTS FRANCAIS DU SENEGAL - 70 entreprises ont pr\u00e8s de 300 emplois \u00e0 offrir' data-link='https:\/\/www.nettali.com\/2025\/03\/07\/forum-des-metiers-organise-par-les-elements-francais-du-senegal-70-entreprises-ont-pres-de-300-emplois-a-offrir\/' class='whatsapp-button whatsapp-share'>WhatsApp<\/a><div class='clear '><\/div><\/div>","protected":false},"excerpt":{"rendered":"<p>NETTALI.COM - Soixante-dix (70) entreprises disposant de quelque Trois cents (300) emplois \u00e0 offrir ont pris part au forum des m\u00e9tiers organis\u00e9, le jeudi 6 mars, \u00e0 Dakar, par le commandement des \u00c9l\u00e9ments fran\u00e7ais au S\u00e9n\u00e9gal (EFS) pour le plan social visant \u00e0 offrir des opportunit\u00e9s d\u2019emplois \u00e0 162 S\u00e9n\u00e9galais. Le licenciement du personnel s\u00e9n\u00e9galais [&hellip;]<\/p>\n","protected":false},"author":2,"featured_media":150293,"comment_status":"open","ping_status":"open","sticky":false,"template":"","format":"standard","meta":{"_et_pb_use_builder":"","_et_pb_old_content":""},"categories":[3],"tags":[],"yoast_head":"<!-- This site is optimized with the Yoast SEO Premium plugin v17.8 (Yoast SEO v17.8) - https:\/\/yoast.com\/wordpress\/plugins\/seo\/ -->\n<title>FORUM DES METIERS ORGANISE PAR LES ELEMENTS FRANCAIS DU SENEGAL - 70 entreprises ont pr\u00e8s de 300 emplois \u00e0 offrir | Nettali.com<\/title>\n<meta name=\"robots\" content=\"index, follow, max-snippet:-1, max-image-preview:large, max-video-preview:-1\" \/>\n<link rel=\"canonical\" href=\"https:\/\/www.nettali.com\/2025\/03\/07\/forum-des-metiers-organise-par-les-elements-francais-du-senegal-70-entreprises-ont-pres-de-300-emplois-a-offrir\/\" \/>\n<meta property=\"og:locale\" content=\"fr_FR\" \/>\n<meta property=\"og:type\" content=\"article\" \/>\n<meta property=\"og:title\" content=\"FORUM DES METIERS ORGANISE PAR LES ELEMENTS FRANCAIS DU SENEGAL - 70 entreprises ont pr\u00e8s de 300 emplois \u00e0 offrir\" \/>\n<meta property=\"og:description\" content=\"NETTALI.COM - Soixante-dix (70) entreprises disposant de quelque Trois cents (300) emplois \u00e0 offrir ont pris part au forum des m\u00e9tiers organis\u00e9, le jeudi 6 mars, \u00e0 Dakar, par le commandement des \u00c9l\u00e9ments fran\u00e7ais au S\u00e9n\u00e9gal (EFS) pour le plan social visant \u00e0 offrir des opportunit\u00e9s d\u2019emplois \u00e0 162 S\u00e9n\u00e9galais. Le licenciement du personnel s\u00e9n\u00e9galais [&hellip;]\" \/>\n<meta property=\"og:url\" content=\"https:\/\/www.nettali.com\/2025\/03\/07\/forum-des-metiers-organise-par-les-elements-francais-du-senegal-70-entreprises-ont-pres-de-300-emplois-a-offrir\/\" \/>\n<meta property=\"og:site_name\" content=\"Nettali.com\" \/>\n<meta property=\"article:publisher\" content=\"https:\/\/www.facebook.com\/nettalicom\" \/>\n<meta property=\"article:published_time\" content=\"2025-03-07T06:56:47+00:00\" \/>\n<meta property=\"article:modified_time\" content=\"2025-03-07T06:57:08+00:00\" \/>\n<meta property=\"og:image\" content=\"https:\/\/www.nettali.com\/wp-content\/uploads\/2025\/03\/86755011-61658604-scaled-1.jpg\" \/>\n\t<meta property=\"og:image:width\" content=\"2560\" \/>\n\t<meta property=\"og:image:height\" content=\"1920\" \/>\n<meta name=\"twitter:card\" content=\"summary_large_image\" \/>\n<meta name=\"twitter:label1\" content=\"\u00c9crit par\" \/>\n\t<meta name=\"twitter:data1\" content=\"CK\" \/>\n\t<meta name=\"twitter:label2\" content=\"Dur\u00e9e de lecture estim\u00e9e\" \/>\n\t<meta name=\"twitter:data2\" content=\"4 minutes\" \/>\n<script type=\"application\/ld+json\" class=\"yoast-schema-graph\">{\"@context\":\"https:\/\/schema.org\",\"@graph\":[{\"@type\":\"WebSite\",\"@id\":\"https:\/\/www.nettali.com\/#website\",\"url\":\"https:\/\/www.nettali.com\/\",\"name\":\"Nettali.com\",\"description\":\"Le rendez-vous critique du Net\",\"potentialAction\":[{\"@type\":\"SearchAction\",\"target\":{\"@type\":\"EntryPoint\",\"urlTemplate\":\"https:\/\/www.nettali.com\/?s={search_term_string}\"},\"query-input\":\"required name=search_term_string\"}],\"inLanguage\":\"fr-FR\"},{\"@type\":\"ImageObject\",\"@id\":\"https:\/\/www.nettali.com\/2025\/03\/07\/forum-des-metiers-organise-par-les-elements-francais-du-senegal-70-entreprises-ont-pres-de-300-emplois-a-offrir\/#primaryimage\",\"inLanguage\":\"fr-FR\",\"url\":\"https:\/\/www.nettali.com\/wp-content\/uploads\/2025\/03\/86755011-61658604-scaled-1.jpg\",\"contentUrl\":\"https:\/\/www.nettali.com\/wp-content\/uploads\/2025\/03\/86755011-61658604-scaled-1.jpg\",\"width\":2560,\"height\":1920},{\"@type\":\"WebPage\",\"@id\":\"https:\/\/www.nettali.com\/2025\/03\/07\/forum-des-metiers-organise-par-les-elements-francais-du-senegal-70-entreprises-ont-pres-de-300-emplois-a-offrir\/#webpage\",\"url\":\"https:\/\/www.nettali.com\/2025\/03\/07\/forum-des-metiers-organise-par-les-elements-francais-du-senegal-70-entreprises-ont-pres-de-300-emplois-a-offrir\/\",\"name\":\"FORUM DES METIERS ORGANISE PAR LES ELEMENTS FRANCAIS DU SENEGAL - 70 entreprises ont pr\\u00e8s de 300 emplois \\u00e0 offrir | Nettali.com\",\"isPartOf\":{\"@id\":\"https:\/\/www.nettali.com\/#website\"},\"primaryImageOfPage\":{\"@id\":\"https:\/\/www.nettali.com\/2025\/03\/07\/forum-des-metiers-organise-par-les-elements-francais-du-senegal-70-entreprises-ont-pres-de-300-emplois-a-offrir\/#primaryimage\"},\"datePublished\":\"2025-03-07T06:56:47+00:00\",\"dateModified\":\"2025-03-07T06:57:08+00:00\",\"author\":{\"@id\":\"https:\/\/www.nettali.com\/#\/schema\/person\/d8ac7b7e27ddad43f1c0d2ef090d7f71\"},\"breadcrumb\":{\"@id\":\"https:\/\/www.nettali.com\/2025\/03\/07\/forum-des-metiers-organise-par-les-elements-francais-du-senegal-70-entreprises-ont-pres-de-300-emplois-a-offrir\/#breadcrumb\"},\"inLanguage\":\"fr-FR\",\"potentialAction\":[{\"@type\":\"ReadAction\",\"target\":[\"https:\/\/www.nettali.com\/2025\/03\/07\/forum-des-metiers-organise-par-les-elements-francais-du-senegal-70-entreprises-ont-pres-de-300-emplois-a-offrir\/\"]}]},{\"@type\":\"BreadcrumbList\",\"@id\":\"https:\/\/www.nettali.com\/2025\/03\/07\/forum-des-metiers-organise-par-les-elements-francais-du-senegal-70-entreprises-ont-pres-de-300-emplois-a-offrir\/#breadcrumb\",\"itemListElement\":[{\"@type\":\"ListItem\",\"position\":1,\"name\":\"Accueil\",\"item\":\"https:\/\/www.nettali.com\/\"},{\"@type\":\"ListItem\",\"position\":2,\"name\":\"FORUM DES METIERS ORGANISE PAR LES ELEMENTS FRANCAIS DU SENEGAL - 70 entreprises ont pr\\u00e8s de 300 emplois \\u00e0 offrir\"}]},{\"@type\":\"Person\",\"@id\":\"https:\/\/www.nettali.com\/#\/schema\/person\/d8ac7b7e27ddad43f1c0d2ef090d7f71\",\"name\":\"CK\",\"image\":{\"@type\":\"ImageObject\",\"@id\":\"https:\/\/www.nettali.com\/#personlogo\",\"inLanguage\":\"fr-FR\",\"url\":\"https:\/\/secure.gravatar.com\/avatar\/1d8d5118b9327d94da7cd4ce7f17fec2?s=96&d=mm&r=g\",\"contentUrl\":\"https:\/\/secure.gravatar.com\/avatar\/1d8d5118b9327d94da7cd4ce7f17fec2?s=96&d=mm&r=g\",\"caption\":\"CK\"},\"sameAs\":[\"https:\/\/www.nettali.com\"]}]}<\/script>\n<!-- \/ Yoast SEO Premium plugin. -->","yoast_head_json":{"title":"FORUM DES METIERS ORGANISE PAR LES ELEMENTS FRANCAIS DU SENEGAL - 70 entreprises ont pr\u00e8s de 300 emplois \u00e0 offrir | Nettali.com","robots":{"index":"index","follow":"follow","max-snippet":"max-snippet:-1","max-image-preview":"max-image-preview:large","max-video-preview":"max-video-preview:-1"},"canonical":"https:\/\/www.nettali.com\/2025\/03\/07\/forum-des-metiers-organise-par-les-elements-francais-du-senegal-70-entreprises-ont-pres-de-300-emplois-a-offrir\/","og_locale":"fr_FR","og_type":"article","og_title":"FORUM DES METIERS ORGANISE PAR LES ELEMENTS FRANCAIS DU SENEGAL - 70 entreprises ont pr\u00e8s de 300 emplois \u00e0 offrir","og_description":"NETTALI.COM - Soixante-dix (70) entreprises disposant de quelque Trois cents (300) emplois \u00e0 offrir ont pris part au forum des m\u00e9tiers organis\u00e9, le jeudi 6 mars, \u00e0 Dakar, par le commandement des \u00c9l\u00e9ments fran\u00e7ais au S\u00e9n\u00e9gal (EFS) pour le plan social visant \u00e0 offrir des opportunit\u00e9s d\u2019emplois \u00e0 162 S\u00e9n\u00e9galais. Le licenciement du personnel s\u00e9n\u00e9galais [&hellip;]","og_url":"https:\/\/www.nettali.com\/2025\/03\/07\/forum-des-metiers-organise-par-les-elements-francais-du-senegal-70-entreprises-ont-pres-de-300-emplois-a-offrir\/","og_site_name":"Nettali.com","article_publisher":"https:\/\/www.facebook.com\/nettalicom","article_published_time":"2025-03-07T06:56:47+00:00","article_modified_time":"2025-03-07T06:57:08+00:00","og_image":[{"width":2560,"height":1920,"url":"https:\/\/www.nettali.com\/wp-content\/uploads\/2025\/03\/86755011-61658604-scaled-1.jpg","type":"image\/jpeg"}],"twitter_card":"summary_large_image","twitter_misc":{"\u00c9crit par":"CK","Dur\u00e9e de lecture estim\u00e9e":"4 minutes"},"schema":{"@context":"https:\/\/schema.org","@graph":[{"@type":"WebSite","@id":"https:\/\/www.nettali.com\/#website","url":"https:\/\/www.nettali.com\/","name":"Nettali.com","description":"Le rendez-vous critique du Net","potentialAction":[{"@type":"SearchAction","target":{"@type":"EntryPoint","urlTemplate":"https:\/\/www.nettali.com\/?s={search_term_string}"},"query-input":"required name=search_term_string"}],"inLanguage":"fr-FR"},{"@type":"ImageObject","@id":"https:\/\/www.nettali.com\/2025\/03\/07\/forum-des-metiers-organise-par-les-elements-francais-du-senegal-70-entreprises-ont-pres-de-300-emplois-a-offrir\/#primaryimage","inLanguage":"fr-FR","url":"https:\/\/www.nettali.com\/wp-content\/uploads\/2025\/03\/86755011-61658604-scaled-1.jpg","contentUrl":"https:\/\/www.nettali.com\/wp-content\/uploads\/2025\/03\/86755011-61658604-scaled-1.jpg","width":2560,"height":1920},{"@type":"WebPage","@id":"https:\/\/www.nettali.com\/2025\/03\/07\/forum-des-metiers-organise-par-les-elements-francais-du-senegal-70-entreprises-ont-pres-de-300-emplois-a-offrir\/#webpage","url":"https:\/\/www.nettali.com\/2025\/03\/07\/forum-des-metiers-organise-par-les-elements-francais-du-senegal-70-entreprises-ont-pres-de-300-emplois-a-offrir\/","name":"FORUM DES METIERS ORGANISE PAR LES ELEMENTS FRANCAIS DU SENEGAL - 70 entreprises ont pr\u00e8s de 300 emplois \u00e0 offrir | Nettali.com","isPartOf":{"@id":"https:\/\/www.nettali.com\/#website"},"primaryImageOfPage":{"@id":"https:\/\/www.nettali.com\/2025\/03\/07\/forum-des-metiers-organise-par-les-elements-francais-du-senegal-70-entreprises-ont-pres-de-300-emplois-a-offrir\/#primaryimage"},"datePublished":"2025-03-07T06:56:47+00:00","dateModified":"2025-03-07T06:57:08+00:00","author":{"@id":"https:\/\/www.nettali.com\/#\/schema\/person\/d8ac7b7e27ddad43f1c0d2ef090d7f71"},"breadcrumb":{"@id":"https:\/\/www.nettali.com\/2025\/03\/07\/forum-des-metiers-organise-par-les-elements-francais-du-senegal-70-entreprises-ont-pres-de-300-emplois-a-offrir\/#breadcrumb"},"inLanguage":"fr-FR","potentialAction":[{"@type":"ReadAction","target":["https:\/\/www.nettali.com\/2025\/03\/07\/forum-des-metiers-organise-par-les-elements-francais-du-senegal-70-entreprises-ont-pres-de-300-emplois-a-offrir\/"]}]},{"@type":"BreadcrumbList","@id":"https:\/\/www.nettali.com\/2025\/03\/07\/forum-des-metiers-organise-par-les-elements-francais-du-senegal-70-entreprises-ont-pres-de-300-emplois-a-offrir\/#breadcrumb","itemListElement":[{"@type":"ListItem","position":1,"name":"Accueil","item":"https:\/\/www.nettali.com\/"},{"@type":"ListItem","position":2,"name":"FORUM DES METIERS ORGANISE PAR LES ELEMENTS FRANCAIS DU SENEGAL - 70 entreprises ont pr\u00e8s de 300 emplois \u00e0 offrir"}]},{"@type":"Person","@id":"https:\/\/www.nettali.com\/#\/schema\/person\/d8ac7b7e27ddad43f1c0d2ef090d7f71","name":"CK","image":{"@type":"ImageObject","@id":"https:\/\/www.nettali.com\/#personlogo","inLanguage":"fr-FR","url":"https:\/\/secure.gravatar.com\/avatar\/1d8d5118b9327d94da7cd4ce7f17fec2?s=96&d=mm&r=g","contentUrl":"https:\/\/secure.gravatar.com\/avatar\/1d8d5118b9327d94da7cd4ce7f17fec2?s=96&d=mm&r=g","caption":"CK"},"sameAs":["https:\/\/www.nettali.com"]}]}},"_links":{"self":[{"href":"https:\/\/www.nettali.com\/rest\/wp\/v2\/posts\/150292"}],"collection":[{"href":"https:\/\/www.nettali.com\/rest\/wp\/v2\/posts"}],"about":[{"href":"https:\/\/www.nettali.com\/rest\/wp\/v2\/types\/post"}],"author":[{"embeddable":true,"href":"https:\/\/www.nettali.com\/rest\/wp\/v2\/users\/2"}],"replies":[{"embeddable":true,"href":"https:\/\/www.nettali.com\/rest\/wp\/v2\/comments?post=150292"}],"version-history":[{"count":2,"href":"https:\/\/www.nettali.com\/rest\/wp\/v2\/posts\/150292\/revisions"}],"predecessor-version":[{"id":150295,"href":"https:\/\/www.nettali.com\/rest\/wp\/v2\/posts\/150292\/revisions\/150295"}],"wp:featuredmedia":[{"embeddable":true,"href":"https:\/\/www.nettali.com\/rest\/wp\/v2\/media\/150293"}],"wp:attachment":[{"href":"https:\/\/www.nettali.com\/rest\/wp\/v2\/media?parent=150292"}],"wp:term":[{"taxonomy":"category","embeddable":true,"href":"https:\/\/www.nettali.com\/rest\/wp\/v2\/categories?post=150292"},{"taxonomy":"post_tag","embeddable":true,"href":"https:\/\/www.nettali.com\/rest\/wp\/v2\/tags?post=150292"}],"curies":[{"name":"wp","href":"https:\/\/api.w.org\/{rel}","templated":true}]}}