{"id":150271,"date":"2025-03-06T23:28:10","date_gmt":"2025-03-06T23:28:10","guid":{"rendered":"https:\/\/www.nettali.com\/?p=150271"},"modified":"2025-03-07T12:12:17","modified_gmt":"2025-03-07T12:12:17","slug":"keur-massar-la-construction-dune-prefecture-fait-polemique-le-maire-bilal-diatta-appelle-au-calme","status":"publish","type":"post","link":"https:\/\/www.nettali.com\/2025\/03\/06\/keur-massar-la-construction-dune-prefecture-fait-polemique-le-maire-bilal-diatta-appelle-au-calme\/","title":{"rendered":"CONSTRUCTION D'UNE PR\u00c9FECTURE \u00c0 KEUR MASSAR - Deux journalistes arr\u00eat\u00e9s, le maire Bilal Diatta appelle au calme"},"content":{"rendered":"<p><strong>NETTALI.COM - La tension est vive \u00e0 Keur Massar Nord. Le projet pour l'\u00e9rection d'une pr\u00e9fecture au terrain de sport et de culture Aiguillon de l\u2019unit\u00e9 4 des Parcelles Assainies est la source de tension entre les jeunes de la localit\u00e9 et les forces de l'ordre. La conf\u00e9rence de presse du maire de Keur Massar Sud, Mouhamed Bilal Diatta qui devait se tenir ce mercredi 5 mars sur le m\u00eame site a \u00e9t\u00e9 emp\u00each\u00e9e par la gendarmerie provocant ainsi des affrontements les jeunes et les pandores. Deux journalistes ont \u00e9t\u00e9 arr\u00eat\u00e9s avant d'\u00eatre rel\u00e2ch\u00e9s quelques heures plus tard.<\/strong><\/p>\n<p>L\u2019annonce de la construction d\u2019une pr\u00e9fecture a\u0300 Keur Massar sur ledit terrain historiquement utilis\u00e9 par la population locale est \u00e0 l'origine de cet incident. Une telle annonce a soulev\u00e9 la col\u00e8re de la population notamment les jeunes. Venu soutenir ces jeunes pr\u00eats \u00e0 d\u00e9fendre leur terrain de sport, le maire de Keur Massar Sud, Mouhamed Bilal Diatta, a finalement rebrouss\u00e9 chemin pour tenir sa conf\u00e9rence dans les locaux de sa mairie, sise \u00e0 Keur Massar Sud. Face \u00e0 la presse, il a solennellement interpell\u00e9 le pr\u00e9sident de la R\u00e9publique Bassirou, Diomaye Faye sur ce conflit qui oppose les jeunes \u00e0 l'Etat.<\/p>\n<p>\"<em>Le d\u00e9partement de Keur Massar manque de beaucoup d\u2019infrastructures. Il faut dire qu\u2019au m\u00eame titre que le reste des d\u00e9partements du S\u00e9n\u00e9gal qui ont des infrastructures, c\u2019est de la m\u00eame mani\u00e8re que Keur Massar doit en b\u00e9n\u00e9ficier. Le terrain Aiguillon de l\u2019unit\u00e9 4 des Parcelles Assainies sert depuis des dizaines d'ann\u00e9es de lieu de vie communautaire. Ce site accueille des activit\u00e9s sportives, \u00e9ducatives, culturelles et religieuses. Autant dire que ce terrain est\u00a0 un lieu multifonctionnel, il joue un r\u00f4le importantissime<\/em>\", a d\u00e9clar\u00e9 Mouhamed Bilal Diatta.<\/p>\n<p>\"<em>Ainsi, j'invite le pr\u00e9sident de la R\u00e9publique, Bassirou Diomaye Faye, \u00e0 \u00e9couter l'appel de ces jeunes. Ils ont besoin de cet espace pour leurs activit\u00e9s sportives. C'est pourquoi j'invite les autorit\u00e9s \u00e0 arr\u00eater les travaux en attendant de trouver des solutions<\/em>\", a laiss\u00e9 entendre le maire de Keur Massar Sud.<\/p>\n<p>Par ailleurs, il a invit\u00e9 les jeunes \u00e0 plus de retenue et \u00e0 privil\u00e9gier le dialogue. \"<em>On ne souhaiterait pas qu'un jeune se blesse ou qu'il soit arr\u00eat\u00e9. Donc laissez nous du temps pour qu'on puisse discuter avec les autorit\u00e9s pour trouver des solutions<\/em>\", a sollicit\u00e9 le maire de Keur Massar Sud.<\/p>\n<p>Parmi les solutions, Bilal Diatta estime que le d\u00e9partement de Keur Massar compte plusieurs sites plus accessibles que le terrain Aiguillon pour l'\u00e9rection d'une pr\u00e9fecture.<\/p>\n<p>De son c\u00f4t\u00e9, l'\u00e9dile de Keur Massar Nord, Adama Sarr, ne compte pas l\u00e2cher le morceau. \"<em>Ce projet de pr\u00e9fecture est une aberration, et nous allons tout faire pour le faire annuler<\/em>\", dit-il.<\/p>\n<p>Il faut dire que la construction d\u2019une pr\u00e9fecture est une n\u00e9cessit\u00e9 administrative, surtout dans une zone en pleine expansion comme Keur Massar. Cependant, l\u2019absence de dialogue avec les populations directement concern\u00e9es suscite des tensions.<\/p>\n<p>A noter que lors des \u00e9chauffour\u00e9es, le mat\u00e9riel de certains journalistes compos\u00e9 de micros, tr\u00e9pieds entre autres ont \u00e9t\u00e9 confisqu\u00e9s par les forces de l'ordre. Deux d'entre eux ont \u00e9t\u00e9 arr\u00eat\u00e9s avant d\u2019\u00eatre lib\u00e9r\u00e9s apr\u00e8s la rupture du je\u00fbne.<\/p>\n<div class='share-to-whatsapp-wrapper'><div class='share-on-whsp'>PARTAGER SUR : <\/div><a data-text='CONSTRUCTION D'UNE PR\u00c9FECTURE \u00c0 KEUR MASSAR - Deux journalistes arr\u00eat\u00e9s, le maire Bilal Diatta appelle au calme' data-link='https:\/\/www.nettali.com\/2025\/03\/06\/keur-massar-la-construction-dune-prefecture-fait-polemique-le-maire-bilal-diatta-appelle-au-calme\/' class='whatsapp-button whatsapp-share'>WhatsApp<\/a><div class='clear '><\/div><\/div>","protected":false},"excerpt":{"rendered":"<p>NETTALI.COM - La tension est vive \u00e0 Keur Massar Nord. Le projet pour l'\u00e9rection d'une pr\u00e9fecture au terrain de sport et de culture Aiguillon de l\u2019unit\u00e9 4 des Parcelles Assainies est la source de tension entre les jeunes de la localit\u00e9 et les forces de l'ordre. La conf\u00e9rence de presse du maire de Keur Massar [&hellip;]<\/p>\n","protected":false},"author":5,"featured_media":150307,"comment_status":"open","ping_status":"open","sticky":false,"template":"","format":"standard","meta":{"_et_pb_use_builder":"","_et_pb_old_content":""},"categories":[3],"tags":[],"yoast_head":"<!-- This site is optimized with the Yoast SEO Premium plugin v17.8 (Yoast SEO v17.8) - https:\/\/yoast.com\/wordpress\/plugins\/seo\/ -->\n<title>CONSTRUCTION D&#039;UNE PR\u00c9FECTURE \u00c0 KEUR MASSAR - Deux journalistes arr\u00eat\u00e9s, le maire Bilal Diatta appelle au calme | Nettali.com<\/title>\n<meta name=\"robots\" content=\"index, follow, max-snippet:-1, max-image-preview:large, max-video-preview:-1\" \/>\n<link rel=\"canonical\" href=\"https:\/\/www.nettali.com\/2025\/03\/06\/keur-massar-la-construction-dune-prefecture-fait-polemique-le-maire-bilal-diatta-appelle-au-calme\/\" \/>\n<meta property=\"og:locale\" content=\"fr_FR\" \/>\n<meta property=\"og:type\" content=\"article\" \/>\n<meta property=\"og:title\" content=\"CONSTRUCTION D&#039;UNE PR\u00c9FECTURE \u00c0 KEUR MASSAR - Deux journalistes arr\u00eat\u00e9s, le maire Bilal Diatta appelle au calme\" \/>\n<meta property=\"og:description\" content=\"NETTALI.COM - La tension est vive \u00e0 Keur Massar Nord. Le projet pour l&#039;\u00e9rection d&#039;une pr\u00e9fecture au terrain de sport et de culture Aiguillon de l\u2019unit\u00e9 4 des Parcelles Assainies est la source de tension entre les jeunes de la localit\u00e9 et les forces de l&#039;ordre. La conf\u00e9rence de presse du maire de Keur Massar [&hellip;]\" \/>\n<meta property=\"og:url\" content=\"https:\/\/www.nettali.com\/2025\/03\/06\/keur-massar-la-construction-dune-prefecture-fait-polemique-le-maire-bilal-diatta-appelle-au-calme\/\" \/>\n<meta property=\"og:site_name\" content=\"Nettali.com\" \/>\n<meta property=\"article:publisher\" content=\"https:\/\/www.facebook.com\/nettalicom\" \/>\n<meta property=\"article:published_time\" content=\"2025-03-06T23:28:10+00:00\" \/>\n<meta property=\"article:modified_time\" content=\"2025-03-07T12:12:17+00:00\" \/>\n<meta property=\"og:image\" content=\"https:\/\/www.nettali.com\/wp-content\/uploads\/2025\/03\/IMG-20250307-WA0092.jpg\" \/>\n\t<meta property=\"og:image:width\" content=\"1230\" \/>\n\t<meta property=\"og:image:height\" content=\"698\" \/>\n<meta name=\"twitter:card\" content=\"summary_large_image\" \/>\n<meta name=\"twitter:label1\" content=\"\u00c9crit par\" \/>\n\t<meta name=\"twitter:data1\" content=\"Ibrahima\" \/>\n\t<meta name=\"twitter:label2\" content=\"Dur\u00e9e de lecture estim\u00e9e\" \/>\n\t<meta name=\"twitter:data2\" content=\"3 minutes\" \/>\n<script type=\"application\/ld+json\" class=\"yoast-schema-graph\">{\"@context\":\"https:\/\/schema.org\",\"@graph\":[{\"@type\":\"WebSite\",\"@id\":\"https:\/\/www.nettali.com\/#website\",\"url\":\"https:\/\/www.nettali.com\/\",\"name\":\"Nettali.com\",\"description\":\"Le rendez-vous critique du Net\",\"potentialAction\":[{\"@type\":\"SearchAction\",\"target\":{\"@type\":\"EntryPoint\",\"urlTemplate\":\"https:\/\/www.nettali.com\/?s={search_term_string}\"},\"query-input\":\"required name=search_term_string\"}],\"inLanguage\":\"fr-FR\"},{\"@type\":\"ImageObject\",\"@id\":\"https:\/\/www.nettali.com\/2025\/03\/06\/keur-massar-la-construction-dune-prefecture-fait-polemique-le-maire-bilal-diatta-appelle-au-calme\/#primaryimage\",\"inLanguage\":\"fr-FR\",\"url\":\"https:\/\/www.nettali.com\/wp-content\/uploads\/2025\/03\/IMG-20250307-WA0092.jpg\",\"contentUrl\":\"https:\/\/www.nettali.com\/wp-content\/uploads\/2025\/03\/IMG-20250307-WA0092.jpg\",\"width\":1230,\"height\":698},{\"@type\":\"WebPage\",\"@id\":\"https:\/\/www.nettali.com\/2025\/03\/06\/keur-massar-la-construction-dune-prefecture-fait-polemique-le-maire-bilal-diatta-appelle-au-calme\/#webpage\",\"url\":\"https:\/\/www.nettali.com\/2025\/03\/06\/keur-massar-la-construction-dune-prefecture-fait-polemique-le-maire-bilal-diatta-appelle-au-calme\/\",\"name\":\"CONSTRUCTION D'UNE PR\\u00c9FECTURE \\u00c0 KEUR MASSAR - Deux journalistes arr\\u00eat\\u00e9s, le maire Bilal Diatta appelle au calme | Nettali.com\",\"isPartOf\":{\"@id\":\"https:\/\/www.nettali.com\/#website\"},\"primaryImageOfPage\":{\"@id\":\"https:\/\/www.nettali.com\/2025\/03\/06\/keur-massar-la-construction-dune-prefecture-fait-polemique-le-maire-bilal-diatta-appelle-au-calme\/#primaryimage\"},\"datePublished\":\"2025-03-06T23:28:10+00:00\",\"dateModified\":\"2025-03-07T12:12:17+00:00\",\"author\":{\"@id\":\"https:\/\/www.nettali.com\/#\/schema\/person\/bb147657c2986240405a608162b9bb23\"},\"breadcrumb\":{\"@id\":\"https:\/\/www.nettali.com\/2025\/03\/06\/keur-massar-la-construction-dune-prefecture-fait-polemique-le-maire-bilal-diatta-appelle-au-calme\/#breadcrumb\"},\"inLanguage\":\"fr-FR\",\"potentialAction\":[{\"@type\":\"ReadAction\",\"target\":[\"https:\/\/www.nettali.com\/2025\/03\/06\/keur-massar-la-construction-dune-prefecture-fait-polemique-le-maire-bilal-diatta-appelle-au-calme\/\"]}]},{\"@type\":\"BreadcrumbList\",\"@id\":\"https:\/\/www.nettali.com\/2025\/03\/06\/keur-massar-la-construction-dune-prefecture-fait-polemique-le-maire-bilal-diatta-appelle-au-calme\/#breadcrumb\",\"itemListElement\":[{\"@type\":\"ListItem\",\"position\":1,\"name\":\"Accueil\",\"item\":\"https:\/\/www.nettali.com\/\"},{\"@type\":\"ListItem\",\"position\":2,\"name\":\"CONSTRUCTION D'UNE PR\\u00c9FECTURE \\u00c0 KEUR MASSAR - Deux journalistes arr\\u00eat\\u00e9s, le maire Bilal Diatta appelle au calme\"}]},{\"@type\":\"Person\",\"@id\":\"https:\/\/www.nettali.com\/#\/schema\/person\/bb147657c2986240405a608162b9bb23\",\"name\":\"Ibrahima\",\"image\":{\"@type\":\"ImageObject\",\"@id\":\"https:\/\/www.nettali.com\/#personlogo\",\"inLanguage\":\"fr-FR\",\"url\":\"https:\/\/secure.gravatar.com\/avatar\/26a8a81f09f0dd7624c9d5c36c9ba3a2?s=96&d=mm&r=g\",\"contentUrl\":\"https:\/\/secure.gravatar.com\/avatar\/26a8a81f09f0dd7624c9d5c36c9ba3a2?s=96&d=mm&r=g\",\"caption\":\"Ibrahima\"},\"sameAs\":[\"https:\/\/www.nettali.com\"]}]}<\/script>\n<!-- \/ Yoast SEO Premium plugin. -->","yoast_head_json":{"title":"CONSTRUCTION D'UNE PR\u00c9FECTURE \u00c0 KEUR MASSAR - Deux journalistes arr\u00eat\u00e9s, le maire Bilal Diatta appelle au calme | Nettali.com","robots":{"index":"index","follow":"follow","max-snippet":"max-snippet:-1","max-image-preview":"max-image-preview:large","max-video-preview":"max-video-preview:-1"},"canonical":"https:\/\/www.nettali.com\/2025\/03\/06\/keur-massar-la-construction-dune-prefecture-fait-polemique-le-maire-bilal-diatta-appelle-au-calme\/","og_locale":"fr_FR","og_type":"article","og_title":"CONSTRUCTION D'UNE PR\u00c9FECTURE \u00c0 KEUR MASSAR - Deux journalistes arr\u00eat\u00e9s, le maire Bilal Diatta appelle au calme","og_description":"NETTALI.COM - La tension est vive \u00e0 Keur Massar Nord. Le projet pour l'\u00e9rection d'une pr\u00e9fecture au terrain de sport et de culture Aiguillon de l\u2019unit\u00e9 4 des Parcelles Assainies est la source de tension entre les jeunes de la localit\u00e9 et les forces de l'ordre. La conf\u00e9rence de presse du maire de Keur Massar [&hellip;]","og_url":"https:\/\/www.nettali.com\/2025\/03\/06\/keur-massar-la-construction-dune-prefecture-fait-polemique-le-maire-bilal-diatta-appelle-au-calme\/","og_site_name":"Nettali.com","article_publisher":"https:\/\/www.facebook.com\/nettalicom","article_published_time":"2025-03-06T23:28:10+00:00","article_modified_time":"2025-03-07T12:12:17+00:00","og_image":[{"width":1230,"height":698,"url":"https:\/\/www.nettali.com\/wp-content\/uploads\/2025\/03\/IMG-20250307-WA0092.jpg","type":"image\/jpeg"}],"twitter_card":"summary_large_image","twitter_misc":{"\u00c9crit par":"Ibrahima","Dur\u00e9e de lecture estim\u00e9e":"3 minutes"},"schema":{"@context":"https:\/\/schema.org","@graph":[{"@type":"WebSite","@id":"https:\/\/www.nettali.com\/#website","url":"https:\/\/www.nettali.com\/","name":"Nettali.com","description":"Le rendez-vous critique du Net","potentialAction":[{"@type":"SearchAction","target":{"@type":"EntryPoint","urlTemplate":"https:\/\/www.nettali.com\/?s={search_term_string}"},"query-input":"required name=search_term_string"}],"inLanguage":"fr-FR"},{"@type":"ImageObject","@id":"https:\/\/www.nettali.com\/2025\/03\/06\/keur-massar-la-construction-dune-prefecture-fait-polemique-le-maire-bilal-diatta-appelle-au-calme\/#primaryimage","inLanguage":"fr-FR","url":"https:\/\/www.nettali.com\/wp-content\/uploads\/2025\/03\/IMG-20250307-WA0092.jpg","contentUrl":"https:\/\/www.nettali.com\/wp-content\/uploads\/2025\/03\/IMG-20250307-WA0092.jpg","width":1230,"height":698},{"@type":"WebPage","@id":"https:\/\/www.nettali.com\/2025\/03\/06\/keur-massar-la-construction-dune-prefecture-fait-polemique-le-maire-bilal-diatta-appelle-au-calme\/#webpage","url":"https:\/\/www.nettali.com\/2025\/03\/06\/keur-massar-la-construction-dune-prefecture-fait-polemique-le-maire-bilal-diatta-appelle-au-calme\/","name":"CONSTRUCTION D'UNE PR\u00c9FECTURE \u00c0 KEUR MASSAR - Deux journalistes arr\u00eat\u00e9s, le maire Bilal Diatta appelle au calme | Nettali.com","isPartOf":{"@id":"https:\/\/www.nettali.com\/#website"},"primaryImageOfPage":{"@id":"https:\/\/www.nettali.com\/2025\/03\/06\/keur-massar-la-construction-dune-prefecture-fait-polemique-le-maire-bilal-diatta-appelle-au-calme\/#primaryimage"},"datePublished":"2025-03-06T23:28:10+00:00","dateModified":"2025-03-07T12:12:17+00:00","author":{"@id":"https:\/\/www.nettali.com\/#\/schema\/person\/bb147657c2986240405a608162b9bb23"},"breadcrumb":{"@id":"https:\/\/www.nettali.com\/2025\/03\/06\/keur-massar-la-construction-dune-prefecture-fait-polemique-le-maire-bilal-diatta-appelle-au-calme\/#breadcrumb"},"inLanguage":"fr-FR","potentialAction":[{"@type":"ReadAction","target":["https:\/\/www.nettali.com\/2025\/03\/06\/keur-massar-la-construction-dune-prefecture-fait-polemique-le-maire-bilal-diatta-appelle-au-calme\/"]}]},{"@type":"BreadcrumbList","@id":"https:\/\/www.nettali.com\/2025\/03\/06\/keur-massar-la-construction-dune-prefecture-fait-polemique-le-maire-bilal-diatta-appelle-au-calme\/#breadcrumb","itemListElement":[{"@type":"ListItem","position":1,"name":"Accueil","item":"https:\/\/www.nettali.com\/"},{"@type":"ListItem","position":2,"name":"CONSTRUCTION D'UNE PR\u00c9FECTURE \u00c0 KEUR MASSAR - Deux journalistes arr\u00eat\u00e9s, le maire Bilal Diatta appelle au calme"}]},{"@type":"Person","@id":"https:\/\/www.nettali.com\/#\/schema\/person\/bb147657c2986240405a608162b9bb23","name":"Ibrahima","image":{"@type":"ImageObject","@id":"https:\/\/www.nettali.com\/#personlogo","inLanguage":"fr-FR","url":"https:\/\/secure.gravatar.com\/avatar\/26a8a81f09f0dd7624c9d5c36c9ba3a2?s=96&d=mm&r=g","contentUrl":"https:\/\/secure.gravatar.com\/avatar\/26a8a81f09f0dd7624c9d5c36c9ba3a2?s=96&d=mm&r=g","caption":"Ibrahima"},"sameAs":["https:\/\/www.nettali.com"]}]}},"_links":{"self":[{"href":"https:\/\/www.nettali.com\/rest\/wp\/v2\/posts\/150271"}],"collection":[{"href":"https:\/\/www.nettali.com\/rest\/wp\/v2\/posts"}],"about":[{"href":"https:\/\/www.nettali.com\/rest\/wp\/v2\/types\/post"}],"author":[{"embeddable":true,"href":"https:\/\/www.nettali.com\/rest\/wp\/v2\/users\/5"}],"replies":[{"embeddable":true,"href":"https:\/\/www.nettali.com\/rest\/wp\/v2\/comments?post=150271"}],"version-history":[{"count":6,"href":"https:\/\/www.nettali.com\/rest\/wp\/v2\/posts\/150271\/revisions"}],"predecessor-version":[{"id":150282,"href":"https:\/\/www.nettali.com\/rest\/wp\/v2\/posts\/150271\/revisions\/150282"}],"wp:featuredmedia":[{"embeddable":true,"href":"https:\/\/www.nettali.com\/rest\/wp\/v2\/media\/150307"}],"wp:attachment":[{"href":"https:\/\/www.nettali.com\/rest\/wp\/v2\/media?parent=150271"}],"wp:term":[{"taxonomy":"category","embeddable":true,"href":"https:\/\/www.nettali.com\/rest\/wp\/v2\/categories?post=150271"},{"taxonomy":"post_tag","embeddable":true,"href":"https:\/\/www.nettali.com\/rest\/wp\/v2\/tags?post=150271"}],"curies":[{"name":"wp","href":"https:\/\/api.w.org\/{rel}","templated":true}]}}