{"id":150270,"date":"2025-03-06T22:12:12","date_gmt":"2025-03-06T22:12:12","guid":{"rendered":"https:\/\/www.nettali.com\/?p=150270"},"modified":"2025-03-06T22:12:12","modified_gmt":"2025-03-06T22:12:12","slug":"labecedaire-du-catastrophisme","status":"publish","type":"post","link":"https:\/\/www.nettali.com\/2025\/03\/06\/labecedaire-du-catastrophisme\/","title":{"rendered":"L'ab\u00e9c\u00e9daire du catastrophisme"},"content":{"rendered":"<div class=\"field field-name-body field-type-text-with-summary field-label-hidden\">\n<div class=\"field-items\">\n<div class=\"field-item even\">\n<p><strong>NETTALI.COM - Lorsque l\u2019on parvient \u00e0 vendre la haine \u00e0 une faune en col\u00e8re, il faut bien lui justifier le pourquoi du comment par qui, n\u2019est-ce pas ? Le catastrophisme a simplement chang\u00e9 de camp, servant d\u00e9sormais d'excuse \u00e0 ceux qui promettaient la lune hier<\/strong><\/p>\n<p>Lorsque l\u2019on parvient \u00e0 vendre la haine \u00e0 une faune en col\u00e8re, il faut bien lui justifier le pourquoi du comment par qui, n\u2019est-ce pas ? Le catastrophisme se pr\u00e9sente comme l\u2019explication logique au mis\u00e9rabilisme que l\u2019actuel r\u00e9gime distille depuis une dizaine d\u2019ann\u00e9es, depuis les r\u00e9seaux sociaux incendiaires jusqu\u2019aux meetings exalt\u00e9s d\u2019une opposition d\u00e9finitivement va-t-en-guerre\u2026<\/p>\n<p>L\u2019ennemi du peuple : le r\u00e9gime de Macky Sall, qui ne s\u2019encombre pas de scrupule. La preuve par les embastillements de Khalifa Sall et Karim Wade, tous deux coupables de juste lorgner le fauteuil pr\u00e9sidentiel. Si ce n\u2019\u00e9tait que \u00e7a : ce gang non seulement verse le sang des S\u00e9n\u00e9galais, mais il pille le pays, comme dirait l\u2019autre, \u00abil arrose son couscous de leur sueur\u00bb.<\/p>\n<p>Passons sur ce qui rel\u00e8ve de la gnognotte : les partages \u00e9c\u0153urants de terres \u00e0 coups de lotissements sauvages, l\u2019avion pr\u00e9sidentiel qui fait la navette entre Dakar et La Mecque pour que la Camorra puisse aller y d\u00e9poser son sac de p\u00e9ch\u00e9s\u2026<\/p>\n<p>Bref, le train de vie aga\u00e7ant de ces \u00e9picuriens qui nous gouvernent alors\u2026 Les scandales \u00e0 milliards se suivent sans se ressembler, entre les six mille milliards Cfa de Aliou Sall, qui vend notre p\u00e9trole avant m\u00eame le premier forage (devenant de la sorte le d\u00e9biteur de chaque S\u00e9n\u00e9galais \u00e0 hauteur de quatre cent mille francs), et les vingt-neuf milliards de Mame Mbaye Niang, s\u2019intercalent les mille milliards du fonds Covid et les quatre-vingt-quatorze milliards de Mamour Diallo et Tahirou Sarr\u2026<\/p>\n<p>Et quand l\u2019h\u00e9ro\u00efque peuple se rebiffe pour sauver son \u00abProjet\u00bb, \u00e7a le canarde comme un tir aux pigeons de kermesse : cinquante-et-un S\u00e9n\u00e9galais meurent alors par balles entre mars 2021 et f\u00e9vrier 2024. La \u00abmackyav\u00e9lique\u00bb ploutocratie est doubl\u00e9e d\u2019une dictature sanguinaire qui charrie des rivi\u00e8res d\u2019h\u00e9moglobine. Voil\u00e0 la catastrophe dont le duo \u00abSonko m\u00f4y Diomaye\u00bb sauve les S\u00e9n\u00e9galais par la magie des urnes le 24 mars 2024, une semaine apr\u00e8s \u00eatre sorti de prison par on ne sait quelle pirouette. Bien s\u00fbr que ce tandem qui \u00e9change les petites attentions l\u2019un envers l\u2019autre est capable de miracles. Il pilote un projet que quatre mille cadres, d\u2019authentiques S\u00e9n\u00e9galais, peaufinent depuis une d\u00e9cennie. Retrouver notre souverainet\u00e9 perdue depuis plusieurs si\u00e8cles, en sortant du Cfa en virant la France, et les bailleurs de fonds ; ils vont faire mieux : rendre \u00e0 la justice son v\u00e9ritable lustre et jeter en prison toute cette mafia qui suce le sang du pauvre S\u00e9n\u00e9galais.<\/p>\n<p>\u00c7a va d\u00e9marrer au quart de tour apr\u00e8s la passation de pouvoir entre l\u2019imberbe rondouillard Macky et le barbu svelte Diomaye. On change de plan\u00e8te, en r\u00e9sum\u00e9, mais que d\u2019\u00e9motions pour en arriver \u00e0 \u00e7a\u2026<\/p>\n<p>Et puis, patatras, une fois aux commandes du navire S\u00e9n\u00e9gal, qui ressemble de loin \u00e0 un majestueux yacht, \u00e7a se rend compte que l\u2019h\u00e9ritage est un rafiot rafistol\u00e9 qui prend l\u2019eau de toutes parts.<\/p>\n<p><strong>Alerte : c\u2019est la cata !<\/strong><\/p>\n<p>Il ne faut pas attendre longtemps pour que le tandem commence \u00e0 \u00e9taler ses \u00e9tats d\u2019\u00e2me sur la place publique. Sortez les mouchoirs, snif : c\u2019est le Premier ministre qui ouvre le feu, annon\u00e7ant urbi et orbi que la mafia qu\u2019ils viennent de virer du pouvoir est de surcro\u00eet un repaire de faussaires qui truquent les chiffres comme un compteur de casino, et que la dette cr\u00e8ve les plafonds. On ne vous dit pas, les institutions budg\u00e9tivores \u00e0 dissoudre dans de l\u2019acide parlementaire, les recrutements fantaisistes dans les soci\u00e9t\u00e9s nationales, les salaires mirobolants aux copains\u2026<\/p>\n<p>Bien entendu, le Fmi, qui compte jusque-l\u00e0 poursuivre sa collaboration avec l\u2019Etat s\u00e9n\u00e9galais, est pris subitement d\u2019un doute ; il faudra r\u00e9fl\u00e9chir et attendre que les vrais chiffres sortent ; sur les march\u00e9s financiers \u00e9galement, la signature du S\u00e9n\u00e9gal devient sujette \u00e0 caution ; les bailleurs traditionnels deviennent plus regardants, surtout apr\u00e8s avoir d\u00e9couvert que l\u2019Etat s\u00e9n\u00e9galais \u00abaura emprunt\u00e9 alors qu\u2019il n\u2019en avait pas vraiment besoin\u00bb\u2026 Sur cette d\u00e9licate question, la demande d\u2019explication tarde \u00e0 obtenir une r\u00e9ponse convenable. Et puisqu\u2019on est dans le redressement de torts, dans la foul\u00e9e, \u00e7a d\u00e9dommage tous les braves casseurs de mars 2021 \u00e0 janvier 2024, les rescap\u00e9s du massacre, tout de m\u00eame victimes des exactions des Forces de l\u2019ordre. Quant aux proprios des biens saccag\u00e9s, ils peuvent s\u2019estimer heureux de ne pas \u00eatre poursuivis pour d\u00e9tention de biens mal acquis.<\/p>\n<p>En attendant, la traque aux Rapetous est lanc\u00e9e avec comme principal rep\u00e8re le d\u00e9lit de sale gueule : ils sont quelques-uns \u00e0 vite se retrouver au cachot, pour avoir commis l\u2019impardonnable p\u00e9ch\u00e9 d\u2019arborer des mines trop r\u00e9jouies et de l\u2019embonpoint en ces temps d\u2019aust\u00e9rit\u00e9.<\/p>\n<p>En attendant que le \u00abchef de gang\u00bb, comprenez Sa Rondeur Macky Sall, se retrouve devant la Haute cour de Justice ?<\/p>\n<\/div>\n<\/div>\n<\/div>\n<p>&nbsp;<\/p>\n<div class='share-to-whatsapp-wrapper'><div class='share-on-whsp'>PARTAGER SUR : <\/div><a data-text='L'ab\u00e9c\u00e9daire du catastrophisme' data-link='https:\/\/www.nettali.com\/2025\/03\/06\/labecedaire-du-catastrophisme\/' class='whatsapp-button whatsapp-share'>WhatsApp<\/a><div class='clear '><\/div><\/div>","protected":false},"excerpt":{"rendered":"<p>NETTALI.COM - Lorsque l\u2019on parvient \u00e0 vendre la haine \u00e0 une faune en col\u00e8re, il faut bien lui justifier le pourquoi du comment par qui, n\u2019est-ce pas ? Le catastrophisme a simplement chang\u00e9 de camp, servant d\u00e9sormais d'excuse \u00e0 ceux qui promettaient la lune hier Lorsque l\u2019on parvient \u00e0 vendre la haine \u00e0 une faune [&hellip;]<\/p>\n","protected":false},"author":4,"featured_media":150274,"comment_status":"open","ping_status":"open","sticky":false,"template":"","format":"standard","meta":{"_et_pb_use_builder":"","_et_pb_old_content":""},"categories":[34933,3],"tags":[],"yoast_head":"<!-- This site is optimized with the Yoast SEO Premium plugin v17.8 (Yoast SEO v17.8) - https:\/\/yoast.com\/wordpress\/plugins\/seo\/ -->\n<title>L&#039;ab\u00e9c\u00e9daire du catastrophisme | Nettali.com<\/title>\n<meta name=\"robots\" content=\"index, follow, max-snippet:-1, max-image-preview:large, max-video-preview:-1\" \/>\n<link rel=\"canonical\" href=\"https:\/\/www.nettali.com\/2025\/03\/06\/labecedaire-du-catastrophisme\/\" \/>\n<meta property=\"og:locale\" content=\"fr_FR\" \/>\n<meta property=\"og:type\" content=\"article\" \/>\n<meta property=\"og:title\" content=\"L&#039;ab\u00e9c\u00e9daire du catastrophisme\" \/>\n<meta property=\"og:description\" content=\"NETTALI.COM - Lorsque l\u2019on parvient \u00e0 vendre la haine \u00e0 une faune en col\u00e8re, il faut bien lui justifier le pourquoi du comment par qui, n\u2019est-ce pas ? Le catastrophisme a simplement chang\u00e9 de camp, servant d\u00e9sormais d&#039;excuse \u00e0 ceux qui promettaient la lune hier Lorsque l\u2019on parvient \u00e0 vendre la haine \u00e0 une faune [&hellip;]\" \/>\n<meta property=\"og:url\" content=\"https:\/\/www.nettali.com\/2025\/03\/06\/labecedaire-du-catastrophisme\/\" \/>\n<meta property=\"og:site_name\" content=\"Nettali.com\" \/>\n<meta property=\"article:publisher\" content=\"https:\/\/www.facebook.com\/nettalicom\" \/>\n<meta property=\"article:published_time\" content=\"2025-03-06T22:12:12+00:00\" \/>\n<meta property=\"og:image\" content=\"https:\/\/www.nettali.com\/wp-content\/uploads\/2025\/03\/ibou-Fall.jpg\" \/>\n\t<meta property=\"og:image:width\" content=\"768\" \/>\n\t<meta property=\"og:image:height\" content=\"511\" \/>\n<meta name=\"twitter:card\" content=\"summary_large_image\" \/>\n<meta name=\"twitter:label1\" content=\"\u00c9crit par\" \/>\n\t<meta name=\"twitter:data1\" content=\"Daouda\" \/>\n\t<meta name=\"twitter:label2\" content=\"Dur\u00e9e de lecture estim\u00e9e\" \/>\n\t<meta name=\"twitter:data2\" content=\"5 minutes\" \/>\n<script type=\"application\/ld+json\" class=\"yoast-schema-graph\">{\"@context\":\"https:\/\/schema.org\",\"@graph\":[{\"@type\":\"WebSite\",\"@id\":\"https:\/\/www.nettali.com\/#website\",\"url\":\"https:\/\/www.nettali.com\/\",\"name\":\"Nettali.com\",\"description\":\"Le rendez-vous critique du Net\",\"potentialAction\":[{\"@type\":\"SearchAction\",\"target\":{\"@type\":\"EntryPoint\",\"urlTemplate\":\"https:\/\/www.nettali.com\/?s={search_term_string}\"},\"query-input\":\"required name=search_term_string\"}],\"inLanguage\":\"fr-FR\"},{\"@type\":\"ImageObject\",\"@id\":\"https:\/\/www.nettali.com\/2025\/03\/06\/labecedaire-du-catastrophisme\/#primaryimage\",\"inLanguage\":\"fr-FR\",\"url\":\"https:\/\/www.nettali.com\/wp-content\/uploads\/2025\/03\/ibou-Fall.jpg\",\"contentUrl\":\"https:\/\/www.nettali.com\/wp-content\/uploads\/2025\/03\/ibou-Fall.jpg\",\"width\":768,\"height\":511},{\"@type\":\"WebPage\",\"@id\":\"https:\/\/www.nettali.com\/2025\/03\/06\/labecedaire-du-catastrophisme\/#webpage\",\"url\":\"https:\/\/www.nettali.com\/2025\/03\/06\/labecedaire-du-catastrophisme\/\",\"name\":\"L'ab\\u00e9c\\u00e9daire du catastrophisme | Nettali.com\",\"isPartOf\":{\"@id\":\"https:\/\/www.nettali.com\/#website\"},\"primaryImageOfPage\":{\"@id\":\"https:\/\/www.nettali.com\/2025\/03\/06\/labecedaire-du-catastrophisme\/#primaryimage\"},\"datePublished\":\"2025-03-06T22:12:12+00:00\",\"dateModified\":\"2025-03-06T22:12:12+00:00\",\"author\":{\"@id\":\"https:\/\/www.nettali.com\/#\/schema\/person\/3317e0bb3aa1da309fbf7b2780901bf4\"},\"breadcrumb\":{\"@id\":\"https:\/\/www.nettali.com\/2025\/03\/06\/labecedaire-du-catastrophisme\/#breadcrumb\"},\"inLanguage\":\"fr-FR\",\"potentialAction\":[{\"@type\":\"ReadAction\",\"target\":[\"https:\/\/www.nettali.com\/2025\/03\/06\/labecedaire-du-catastrophisme\/\"]}]},{\"@type\":\"BreadcrumbList\",\"@id\":\"https:\/\/www.nettali.com\/2025\/03\/06\/labecedaire-du-catastrophisme\/#breadcrumb\",\"itemListElement\":[{\"@type\":\"ListItem\",\"position\":1,\"name\":\"Accueil\",\"item\":\"https:\/\/www.nettali.com\/\"},{\"@type\":\"ListItem\",\"position\":2,\"name\":\"L'ab\\u00e9c\\u00e9daire du catastrophisme\"}]},{\"@type\":\"Person\",\"@id\":\"https:\/\/www.nettali.com\/#\/schema\/person\/3317e0bb3aa1da309fbf7b2780901bf4\",\"name\":\"Daouda\",\"image\":{\"@type\":\"ImageObject\",\"@id\":\"https:\/\/www.nettali.com\/#personlogo\",\"inLanguage\":\"fr-FR\",\"url\":\"https:\/\/secure.gravatar.com\/avatar\/8d143b5a49345098ddcfee1c49c2f47c?s=96&d=mm&r=g\",\"contentUrl\":\"https:\/\/secure.gravatar.com\/avatar\/8d143b5a49345098ddcfee1c49c2f47c?s=96&d=mm&r=g\",\"caption\":\"Daouda\"},\"sameAs\":[\"https:\/\/www.nettali.com\"]}]}<\/script>\n<!-- \/ Yoast SEO Premium plugin. -->","yoast_head_json":{"title":"L'ab\u00e9c\u00e9daire du catastrophisme | Nettali.com","robots":{"index":"index","follow":"follow","max-snippet":"max-snippet:-1","max-image-preview":"max-image-preview:large","max-video-preview":"max-video-preview:-1"},"canonical":"https:\/\/www.nettali.com\/2025\/03\/06\/labecedaire-du-catastrophisme\/","og_locale":"fr_FR","og_type":"article","og_title":"L'ab\u00e9c\u00e9daire du catastrophisme","og_description":"NETTALI.COM - Lorsque l\u2019on parvient \u00e0 vendre la haine \u00e0 une faune en col\u00e8re, il faut bien lui justifier le pourquoi du comment par qui, n\u2019est-ce pas ? Le catastrophisme a simplement chang\u00e9 de camp, servant d\u00e9sormais d'excuse \u00e0 ceux qui promettaient la lune hier Lorsque l\u2019on parvient \u00e0 vendre la haine \u00e0 une faune [&hellip;]","og_url":"https:\/\/www.nettali.com\/2025\/03\/06\/labecedaire-du-catastrophisme\/","og_site_name":"Nettali.com","article_publisher":"https:\/\/www.facebook.com\/nettalicom","article_published_time":"2025-03-06T22:12:12+00:00","og_image":[{"width":768,"height":511,"url":"https:\/\/www.nettali.com\/wp-content\/uploads\/2025\/03\/ibou-Fall.jpg","type":"image\/jpeg"}],"twitter_card":"summary_large_image","twitter_misc":{"\u00c9crit par":"Daouda","Dur\u00e9e de lecture estim\u00e9e":"5 minutes"},"schema":{"@context":"https:\/\/schema.org","@graph":[{"@type":"WebSite","@id":"https:\/\/www.nettali.com\/#website","url":"https:\/\/www.nettali.com\/","name":"Nettali.com","description":"Le rendez-vous critique du Net","potentialAction":[{"@type":"SearchAction","target":{"@type":"EntryPoint","urlTemplate":"https:\/\/www.nettali.com\/?s={search_term_string}"},"query-input":"required name=search_term_string"}],"inLanguage":"fr-FR"},{"@type":"ImageObject","@id":"https:\/\/www.nettali.com\/2025\/03\/06\/labecedaire-du-catastrophisme\/#primaryimage","inLanguage":"fr-FR","url":"https:\/\/www.nettali.com\/wp-content\/uploads\/2025\/03\/ibou-Fall.jpg","contentUrl":"https:\/\/www.nettali.com\/wp-content\/uploads\/2025\/03\/ibou-Fall.jpg","width":768,"height":511},{"@type":"WebPage","@id":"https:\/\/www.nettali.com\/2025\/03\/06\/labecedaire-du-catastrophisme\/#webpage","url":"https:\/\/www.nettali.com\/2025\/03\/06\/labecedaire-du-catastrophisme\/","name":"L'ab\u00e9c\u00e9daire du catastrophisme | Nettali.com","isPartOf":{"@id":"https:\/\/www.nettali.com\/#website"},"primaryImageOfPage":{"@id":"https:\/\/www.nettali.com\/2025\/03\/06\/labecedaire-du-catastrophisme\/#primaryimage"},"datePublished":"2025-03-06T22:12:12+00:00","dateModified":"2025-03-06T22:12:12+00:00","author":{"@id":"https:\/\/www.nettali.com\/#\/schema\/person\/3317e0bb3aa1da309fbf7b2780901bf4"},"breadcrumb":{"@id":"https:\/\/www.nettali.com\/2025\/03\/06\/labecedaire-du-catastrophisme\/#breadcrumb"},"inLanguage":"fr-FR","potentialAction":[{"@type":"ReadAction","target":["https:\/\/www.nettali.com\/2025\/03\/06\/labecedaire-du-catastrophisme\/"]}]},{"@type":"BreadcrumbList","@id":"https:\/\/www.nettali.com\/2025\/03\/06\/labecedaire-du-catastrophisme\/#breadcrumb","itemListElement":[{"@type":"ListItem","position":1,"name":"Accueil","item":"https:\/\/www.nettali.com\/"},{"@type":"ListItem","position":2,"name":"L'ab\u00e9c\u00e9daire du catastrophisme"}]},{"@type":"Person","@id":"https:\/\/www.nettali.com\/#\/schema\/person\/3317e0bb3aa1da309fbf7b2780901bf4","name":"Daouda","image":{"@type":"ImageObject","@id":"https:\/\/www.nettali.com\/#personlogo","inLanguage":"fr-FR","url":"https:\/\/secure.gravatar.com\/avatar\/8d143b5a49345098ddcfee1c49c2f47c?s=96&d=mm&r=g","contentUrl":"https:\/\/secure.gravatar.com\/avatar\/8d143b5a49345098ddcfee1c49c2f47c?s=96&d=mm&r=g","caption":"Daouda"},"sameAs":["https:\/\/www.nettali.com"]}]}},"_links":{"self":[{"href":"https:\/\/www.nettali.com\/rest\/wp\/v2\/posts\/150270"}],"collection":[{"href":"https:\/\/www.nettali.com\/rest\/wp\/v2\/posts"}],"about":[{"href":"https:\/\/www.nettali.com\/rest\/wp\/v2\/types\/post"}],"author":[{"embeddable":true,"href":"https:\/\/www.nettali.com\/rest\/wp\/v2\/users\/4"}],"replies":[{"embeddable":true,"href":"https:\/\/www.nettali.com\/rest\/wp\/v2\/comments?post=150270"}],"version-history":[{"count":1,"href":"https:\/\/www.nettali.com\/rest\/wp\/v2\/posts\/150270\/revisions"}],"predecessor-version":[{"id":150275,"href":"https:\/\/www.nettali.com\/rest\/wp\/v2\/posts\/150270\/revisions\/150275"}],"wp:featuredmedia":[{"embeddable":true,"href":"https:\/\/www.nettali.com\/rest\/wp\/v2\/media\/150274"}],"wp:attachment":[{"href":"https:\/\/www.nettali.com\/rest\/wp\/v2\/media?parent=150270"}],"wp:term":[{"taxonomy":"category","embeddable":true,"href":"https:\/\/www.nettali.com\/rest\/wp\/v2\/categories?post=150270"},{"taxonomy":"post_tag","embeddable":true,"href":"https:\/\/www.nettali.com\/rest\/wp\/v2\/tags?post=150270"}],"curies":[{"name":"wp","href":"https:\/\/api.w.org\/{rel}","templated":true}]}}