{"id":150224,"date":"2025-03-05T21:38:18","date_gmt":"2025-03-05T21:38:18","guid":{"rendered":"https:\/\/www.nettali.com\/?p=150224"},"modified":"2025-03-06T01:00:57","modified_gmt":"2025-03-06T01:00:57","slug":"tchad-un-correspondant-de-rfi-place-en-garde-a-vue","status":"publish","type":"post","link":"https:\/\/www.nettali.com\/2025\/03\/05\/tchad-un-correspondant-de-rfi-place-en-garde-a-vue\/","title":{"rendered":"TCHAD - Un correspondant de RFI, plac\u00e9 en garde \u00e0 vue"},"content":{"rendered":"<p><strong>NETTALI.COM - L'un des correspondants de RFI au Tchad, Olivier Monodji, a \u00e9t\u00e9 plac\u00e9 en garde \u00e0 vue \u00e0 N'Djamena ce mercredi 5 mars. <\/strong><\/p>\n<p>Ce midi, alors qu'il se trouvait au bureau du journal Le Pays, dont il est directeur de la publication, il a d\u00fb suivre des policiers venus lui d\u00e9livrer un mandat d'amener sign\u00e9 par le procureur de la R\u00e9publique. Il se trouve depuis \u00e0 la direction de la police judiciaire. Il n'a pas jusque-l\u00e0 \u00e9t\u00e9 formellement entendu, selon ses avocats, avec lesquels RFI est en contact. Son ordinateur a \u00e9t\u00e9 saisi, mais aucun motif ne lui a \u00e9t\u00e9 pr\u00e9sent\u00e9 pour justifier cette situation.<\/p>\n<div class='share-to-whatsapp-wrapper'><div class='share-on-whsp'>PARTAGER SUR : <\/div><a data-text='TCHAD - Un correspondant de RFI, plac\u00e9 en garde \u00e0 vue' data-link='https:\/\/www.nettali.com\/2025\/03\/05\/tchad-un-correspondant-de-rfi-place-en-garde-a-vue\/' class='whatsapp-button whatsapp-share'>WhatsApp<\/a><div class='clear '><\/div><\/div>","protected":false},"excerpt":{"rendered":"<p>NETTALI.COM - L'un des correspondants de RFI au Tchad, Olivier Monodji, a \u00e9t\u00e9 plac\u00e9 en garde \u00e0 vue \u00e0 N'Djamena ce mercredi 5 mars. Ce midi, alors qu'il se trouvait au bureau du journal Le Pays, dont il est directeur de la publication, il a d\u00fb suivre des policiers venus lui d\u00e9livrer un mandat d'amener [&hellip;]<\/p>\n","protected":false},"author":4,"featured_media":150225,"comment_status":"open","ping_status":"open","sticky":false,"template":"","format":"standard","meta":{"_et_pb_use_builder":"","_et_pb_old_content":""},"categories":[3],"tags":[],"yoast_head":"<!-- This site is optimized with the Yoast SEO Premium plugin v17.8 (Yoast SEO v17.8) - https:\/\/yoast.com\/wordpress\/plugins\/seo\/ -->\n<title>TCHAD - Un correspondant de RFI, plac\u00e9 en garde \u00e0 vue | Nettali.com<\/title>\n<meta name=\"robots\" content=\"index, follow, max-snippet:-1, max-image-preview:large, max-video-preview:-1\" \/>\n<link rel=\"canonical\" href=\"https:\/\/www.nettali.com\/2025\/03\/05\/tchad-un-correspondant-de-rfi-place-en-garde-a-vue\/\" \/>\n<meta property=\"og:locale\" content=\"fr_FR\" \/>\n<meta property=\"og:type\" content=\"article\" \/>\n<meta property=\"og:title\" content=\"TCHAD - Un correspondant de RFI, plac\u00e9 en garde \u00e0 vue\" \/>\n<meta property=\"og:description\" content=\"NETTALI.COM - L&#039;un des correspondants de RFI au Tchad, Olivier Monodji, a \u00e9t\u00e9 plac\u00e9 en garde \u00e0 vue \u00e0 N&#039;Djamena ce mercredi 5 mars. Ce midi, alors qu&#039;il se trouvait au bureau du journal Le Pays, dont il est directeur de la publication, il a d\u00fb suivre des policiers venus lui d\u00e9livrer un mandat d&#039;amener [&hellip;]\" \/>\n<meta property=\"og:url\" content=\"https:\/\/www.nettali.com\/2025\/03\/05\/tchad-un-correspondant-de-rfi-place-en-garde-a-vue\/\" \/>\n<meta property=\"og:site_name\" content=\"Nettali.com\" \/>\n<meta property=\"article:publisher\" content=\"https:\/\/www.facebook.com\/nettalicom\" \/>\n<meta property=\"article:published_time\" content=\"2025-03-05T21:38:18+00:00\" \/>\n<meta property=\"article:modified_time\" content=\"2025-03-06T01:00:57+00:00\" \/>\n<meta property=\"og:image\" content=\"https:\/\/www.nettali.com\/wp-content\/uploads\/2025\/03\/Olivier-Monodji-RFI-Tchad-780x470-1.png\" \/>\n\t<meta property=\"og:image:width\" content=\"780\" \/>\n\t<meta property=\"og:image:height\" content=\"470\" \/>\n<meta name=\"twitter:card\" content=\"summary_large_image\" \/>\n<meta name=\"twitter:label1\" content=\"\u00c9crit par\" \/>\n\t<meta name=\"twitter:data1\" content=\"Daouda\" \/>\n\t<meta name=\"twitter:label2\" content=\"Dur\u00e9e de lecture estim\u00e9e\" \/>\n\t<meta name=\"twitter:data2\" content=\"1 minute\" \/>\n<script type=\"application\/ld+json\" class=\"yoast-schema-graph\">{\"@context\":\"https:\/\/schema.org\",\"@graph\":[{\"@type\":\"WebSite\",\"@id\":\"https:\/\/www.nettali.com\/#website\",\"url\":\"https:\/\/www.nettali.com\/\",\"name\":\"Nettali.com\",\"description\":\"Le rendez-vous critique du Net\",\"potentialAction\":[{\"@type\":\"SearchAction\",\"target\":{\"@type\":\"EntryPoint\",\"urlTemplate\":\"https:\/\/www.nettali.com\/?s={search_term_string}\"},\"query-input\":\"required name=search_term_string\"}],\"inLanguage\":\"fr-FR\"},{\"@type\":\"ImageObject\",\"@id\":\"https:\/\/www.nettali.com\/2025\/03\/05\/tchad-un-correspondant-de-rfi-place-en-garde-a-vue\/#primaryimage\",\"inLanguage\":\"fr-FR\",\"url\":\"https:\/\/www.nettali.com\/wp-content\/uploads\/2025\/03\/Olivier-Monodji-RFI-Tchad-780x470-1.png\",\"contentUrl\":\"https:\/\/www.nettali.com\/wp-content\/uploads\/2025\/03\/Olivier-Monodji-RFI-Tchad-780x470-1.png\",\"width\":780,\"height\":470},{\"@type\":\"WebPage\",\"@id\":\"https:\/\/www.nettali.com\/2025\/03\/05\/tchad-un-correspondant-de-rfi-place-en-garde-a-vue\/#webpage\",\"url\":\"https:\/\/www.nettali.com\/2025\/03\/05\/tchad-un-correspondant-de-rfi-place-en-garde-a-vue\/\",\"name\":\"TCHAD - Un correspondant de RFI, plac\\u00e9 en garde \\u00e0 vue | Nettali.com\",\"isPartOf\":{\"@id\":\"https:\/\/www.nettali.com\/#website\"},\"primaryImageOfPage\":{\"@id\":\"https:\/\/www.nettali.com\/2025\/03\/05\/tchad-un-correspondant-de-rfi-place-en-garde-a-vue\/#primaryimage\"},\"datePublished\":\"2025-03-05T21:38:18+00:00\",\"dateModified\":\"2025-03-06T01:00:57+00:00\",\"author\":{\"@id\":\"https:\/\/www.nettali.com\/#\/schema\/person\/3317e0bb3aa1da309fbf7b2780901bf4\"},\"breadcrumb\":{\"@id\":\"https:\/\/www.nettali.com\/2025\/03\/05\/tchad-un-correspondant-de-rfi-place-en-garde-a-vue\/#breadcrumb\"},\"inLanguage\":\"fr-FR\",\"potentialAction\":[{\"@type\":\"ReadAction\",\"target\":[\"https:\/\/www.nettali.com\/2025\/03\/05\/tchad-un-correspondant-de-rfi-place-en-garde-a-vue\/\"]}]},{\"@type\":\"BreadcrumbList\",\"@id\":\"https:\/\/www.nettali.com\/2025\/03\/05\/tchad-un-correspondant-de-rfi-place-en-garde-a-vue\/#breadcrumb\",\"itemListElement\":[{\"@type\":\"ListItem\",\"position\":1,\"name\":\"Accueil\",\"item\":\"https:\/\/www.nettali.com\/\"},{\"@type\":\"ListItem\",\"position\":2,\"name\":\"TCHAD - Un correspondant de RFI, plac\\u00e9 en garde \\u00e0 vue\"}]},{\"@type\":\"Person\",\"@id\":\"https:\/\/www.nettali.com\/#\/schema\/person\/3317e0bb3aa1da309fbf7b2780901bf4\",\"name\":\"Daouda\",\"image\":{\"@type\":\"ImageObject\",\"@id\":\"https:\/\/www.nettali.com\/#personlogo\",\"inLanguage\":\"fr-FR\",\"url\":\"https:\/\/secure.gravatar.com\/avatar\/8d143b5a49345098ddcfee1c49c2f47c?s=96&d=mm&r=g\",\"contentUrl\":\"https:\/\/secure.gravatar.com\/avatar\/8d143b5a49345098ddcfee1c49c2f47c?s=96&d=mm&r=g\",\"caption\":\"Daouda\"},\"sameAs\":[\"https:\/\/www.nettali.com\"]}]}<\/script>\n<!-- \/ Yoast SEO Premium plugin. -->","yoast_head_json":{"title":"TCHAD - Un correspondant de RFI, plac\u00e9 en garde \u00e0 vue | Nettali.com","robots":{"index":"index","follow":"follow","max-snippet":"max-snippet:-1","max-image-preview":"max-image-preview:large","max-video-preview":"max-video-preview:-1"},"canonical":"https:\/\/www.nettali.com\/2025\/03\/05\/tchad-un-correspondant-de-rfi-place-en-garde-a-vue\/","og_locale":"fr_FR","og_type":"article","og_title":"TCHAD - Un correspondant de RFI, plac\u00e9 en garde \u00e0 vue","og_description":"NETTALI.COM - L'un des correspondants de RFI au Tchad, Olivier Monodji, a \u00e9t\u00e9 plac\u00e9 en garde \u00e0 vue \u00e0 N'Djamena ce mercredi 5 mars. Ce midi, alors qu'il se trouvait au bureau du journal Le Pays, dont il est directeur de la publication, il a d\u00fb suivre des policiers venus lui d\u00e9livrer un mandat d'amener [&hellip;]","og_url":"https:\/\/www.nettali.com\/2025\/03\/05\/tchad-un-correspondant-de-rfi-place-en-garde-a-vue\/","og_site_name":"Nettali.com","article_publisher":"https:\/\/www.facebook.com\/nettalicom","article_published_time":"2025-03-05T21:38:18+00:00","article_modified_time":"2025-03-06T01:00:57+00:00","og_image":[{"width":780,"height":470,"url":"https:\/\/www.nettali.com\/wp-content\/uploads\/2025\/03\/Olivier-Monodji-RFI-Tchad-780x470-1.png","type":"image\/png"}],"twitter_card":"summary_large_image","twitter_misc":{"\u00c9crit par":"Daouda","Dur\u00e9e de lecture estim\u00e9e":"1 minute"},"schema":{"@context":"https:\/\/schema.org","@graph":[{"@type":"WebSite","@id":"https:\/\/www.nettali.com\/#website","url":"https:\/\/www.nettali.com\/","name":"Nettali.com","description":"Le rendez-vous critique du Net","potentialAction":[{"@type":"SearchAction","target":{"@type":"EntryPoint","urlTemplate":"https:\/\/www.nettali.com\/?s={search_term_string}"},"query-input":"required name=search_term_string"}],"inLanguage":"fr-FR"},{"@type":"ImageObject","@id":"https:\/\/www.nettali.com\/2025\/03\/05\/tchad-un-correspondant-de-rfi-place-en-garde-a-vue\/#primaryimage","inLanguage":"fr-FR","url":"https:\/\/www.nettali.com\/wp-content\/uploads\/2025\/03\/Olivier-Monodji-RFI-Tchad-780x470-1.png","contentUrl":"https:\/\/www.nettali.com\/wp-content\/uploads\/2025\/03\/Olivier-Monodji-RFI-Tchad-780x470-1.png","width":780,"height":470},{"@type":"WebPage","@id":"https:\/\/www.nettali.com\/2025\/03\/05\/tchad-un-correspondant-de-rfi-place-en-garde-a-vue\/#webpage","url":"https:\/\/www.nettali.com\/2025\/03\/05\/tchad-un-correspondant-de-rfi-place-en-garde-a-vue\/","name":"TCHAD - Un correspondant de RFI, plac\u00e9 en garde \u00e0 vue | Nettali.com","isPartOf":{"@id":"https:\/\/www.nettali.com\/#website"},"primaryImageOfPage":{"@id":"https:\/\/www.nettali.com\/2025\/03\/05\/tchad-un-correspondant-de-rfi-place-en-garde-a-vue\/#primaryimage"},"datePublished":"2025-03-05T21:38:18+00:00","dateModified":"2025-03-06T01:00:57+00:00","author":{"@id":"https:\/\/www.nettali.com\/#\/schema\/person\/3317e0bb3aa1da309fbf7b2780901bf4"},"breadcrumb":{"@id":"https:\/\/www.nettali.com\/2025\/03\/05\/tchad-un-correspondant-de-rfi-place-en-garde-a-vue\/#breadcrumb"},"inLanguage":"fr-FR","potentialAction":[{"@type":"ReadAction","target":["https:\/\/www.nettali.com\/2025\/03\/05\/tchad-un-correspondant-de-rfi-place-en-garde-a-vue\/"]}]},{"@type":"BreadcrumbList","@id":"https:\/\/www.nettali.com\/2025\/03\/05\/tchad-un-correspondant-de-rfi-place-en-garde-a-vue\/#breadcrumb","itemListElement":[{"@type":"ListItem","position":1,"name":"Accueil","item":"https:\/\/www.nettali.com\/"},{"@type":"ListItem","position":2,"name":"TCHAD - Un correspondant de RFI, plac\u00e9 en garde \u00e0 vue"}]},{"@type":"Person","@id":"https:\/\/www.nettali.com\/#\/schema\/person\/3317e0bb3aa1da309fbf7b2780901bf4","name":"Daouda","image":{"@type":"ImageObject","@id":"https:\/\/www.nettali.com\/#personlogo","inLanguage":"fr-FR","url":"https:\/\/secure.gravatar.com\/avatar\/8d143b5a49345098ddcfee1c49c2f47c?s=96&d=mm&r=g","contentUrl":"https:\/\/secure.gravatar.com\/avatar\/8d143b5a49345098ddcfee1c49c2f47c?s=96&d=mm&r=g","caption":"Daouda"},"sameAs":["https:\/\/www.nettali.com"]}]}},"_links":{"self":[{"href":"https:\/\/www.nettali.com\/rest\/wp\/v2\/posts\/150224"}],"collection":[{"href":"https:\/\/www.nettali.com\/rest\/wp\/v2\/posts"}],"about":[{"href":"https:\/\/www.nettali.com\/rest\/wp\/v2\/types\/post"}],"author":[{"embeddable":true,"href":"https:\/\/www.nettali.com\/rest\/wp\/v2\/users\/4"}],"replies":[{"embeddable":true,"href":"https:\/\/www.nettali.com\/rest\/wp\/v2\/comments?post=150224"}],"version-history":[{"count":2,"href":"https:\/\/www.nettali.com\/rest\/wp\/v2\/posts\/150224\/revisions"}],"predecessor-version":[{"id":150236,"href":"https:\/\/www.nettali.com\/rest\/wp\/v2\/posts\/150224\/revisions\/150236"}],"wp:featuredmedia":[{"embeddable":true,"href":"https:\/\/www.nettali.com\/rest\/wp\/v2\/media\/150225"}],"wp:attachment":[{"href":"https:\/\/www.nettali.com\/rest\/wp\/v2\/media?parent=150224"}],"wp:term":[{"taxonomy":"category","embeddable":true,"href":"https:\/\/www.nettali.com\/rest\/wp\/v2\/categories?post=150224"},{"taxonomy":"post_tag","embeddable":true,"href":"https:\/\/www.nettali.com\/rest\/wp\/v2\/tags?post=150224"}],"curies":[{"name":"wp","href":"https:\/\/api.w.org\/{rel}","templated":true}]}}