{"id":150191,"date":"2025-03-05T11:30:23","date_gmt":"2025-03-05T11:30:23","guid":{"rendered":"https:\/\/www.nettali.com\/?p=150191"},"modified":"2025-03-05T11:30:23","modified_gmt":"2025-03-05T11:30:23","slug":"poursuites-judiciaires-contre-macky-sall-ngagne-demba-toure-approuve-moustapha-sarre","status":"publish","type":"post","link":"https:\/\/www.nettali.com\/2025\/03\/05\/poursuites-judiciaires-contre-macky-sall-ngagne-demba-toure-approuve-moustapha-sarre\/","title":{"rendered":"POURSUITES JUDICIAIRES CONTRE MACKY SALL - Ngagne Demba Tour\u00e9 approuve Moustapha Sarr\u00e9"},"content":{"rendered":"<p><strong>NETTALI.COM - Invit\u00e9 mardi sur la TFM dans l\u2019\u00e9mission \"<em>Quartier G\u00e9n\u00e9ral<\/em>\", Me Ngagne Demba Tour\u00e9, Directeur G\u00e9n\u00e9ral de la SOMISEN S. A et Pr\u00e9sident de la Jeunesse Patriotique du S\u00e9n\u00e9gal (JPS), s\u2019est pench\u00e9 sur la question du rapatriement et du jugement de l\u2019ex-pr\u00e9sident Macky Sall.<\/strong><\/p>\n<p>Vers une poursuite judiciaire de Macky Sall ? Ngagne Demba Tour\u00e9 est en phase avec le ministre Moustapha Sarr\u00e9. Cependant, il pr\u00e9cise qu'il ne lui appartient pas de d\u00e9cider d\u2019une \u00e9ventuelle arrestation ou poursuite de l\u2019ancien chef de l\u2019\u00c9tat. Mais \"<em>les nouvelles autorit\u00e9s ont pr\u00eat\u00e9 serment pour r\u00e9tablir la justice et qu\u2019il est inacceptable qu\u2019un simple voleur de t\u00e9l\u00e9phone soit emprisonn\u00e9 pendant qu\u2019un ancien pr\u00e9sident reste impuni<\/em>\".<\/p>\n<p>Comparant la situation \u00e0 d\u2019autres d\u00e9mocraties, Me Tour\u00e9 cite l\u2019exemple de la France o\u00f9 des anciens chefs d\u2019\u00c9tat ont \u00e9t\u00e9 condamn\u00e9s, ou des \u00c9tats-Unis o\u00f9 certains ont \u00e9t\u00e9 poursuivis avant d\u2019\u00eatre blanchis et m\u00eame r\u00e9\u00e9lus. Il insiste sur la n\u00e9cessit\u00e9 de briser l\u2019impunit\u00e9 des dirigeants africains et de faire \u00e9voluer la justice dans ce sens.<\/p>\n<p>Concernant les obstacles juridiques, Me Tour\u00e9 rappelle que \"<em>Macky Sall b\u00e9n\u00e9ficiait d\u2019une immunit\u00e9 pr\u00e9sidentielle durant son mandat, mais que celle-ci n\u2019a plus lieu d\u2019\u00eatre depuis son d\u00e9part du pouvoir<\/em>\". Il reste toutefois \"<em>le privil\u00e8ge de juridiction, qui impose que toute poursuite se fasse devant la Haute Cour de Justice<\/em>\".<\/p>\n<p>Ainsi, \"<em>si des responsables judiciaires estiment que Macky Sall doit r\u00e9pondre des r\u00e9pressions violentes entre 2021 et 2024, la Haute Cour de Justice, d\u00e9sormais install\u00e9e, est comp\u00e9tente pour le juger<\/em>\"<\/p>\n<div class='share-to-whatsapp-wrapper'><div class='share-on-whsp'>PARTAGER SUR : <\/div><a data-text='POURSUITES JUDICIAIRES CONTRE MACKY SALL - Ngagne Demba Tour\u00e9 approuve Moustapha Sarr\u00e9' data-link='https:\/\/www.nettali.com\/2025\/03\/05\/poursuites-judiciaires-contre-macky-sall-ngagne-demba-toure-approuve-moustapha-sarre\/' class='whatsapp-button whatsapp-share'>WhatsApp<\/a><div class='clear '><\/div><\/div>","protected":false},"excerpt":{"rendered":"<p>NETTALI.COM - Invit\u00e9 mardi sur la TFM dans l\u2019\u00e9mission \"Quartier G\u00e9n\u00e9ral\", Me Ngagne Demba Tour\u00e9, Directeur G\u00e9n\u00e9ral de la SOMISEN S. A et Pr\u00e9sident de la Jeunesse Patriotique du S\u00e9n\u00e9gal (JPS), s\u2019est pench\u00e9 sur la question du rapatriement et du jugement de l\u2019ex-pr\u00e9sident Macky Sall. Vers une poursuite judiciaire de Macky Sall ? Ngagne Demba [&hellip;]<\/p>\n","protected":false},"author":5,"featured_media":150192,"comment_status":"open","ping_status":"open","sticky":false,"template":"","format":"standard","meta":{"_et_pb_use_builder":"","_et_pb_old_content":""},"categories":[2],"tags":[],"yoast_head":"<!-- This site is optimized with the Yoast SEO Premium plugin v17.8 (Yoast SEO v17.8) - https:\/\/yoast.com\/wordpress\/plugins\/seo\/ -->\n<title>POURSUITES JUDICIAIRES CONTRE MACKY SALL - Ngagne Demba Tour\u00e9 approuve Moustapha Sarr\u00e9 | Nettali.com<\/title>\n<meta name=\"robots\" content=\"index, follow, max-snippet:-1, max-image-preview:large, max-video-preview:-1\" \/>\n<link rel=\"canonical\" href=\"https:\/\/www.nettali.com\/2025\/03\/05\/poursuites-judiciaires-contre-macky-sall-ngagne-demba-toure-approuve-moustapha-sarre\/\" \/>\n<meta property=\"og:locale\" content=\"fr_FR\" \/>\n<meta property=\"og:type\" content=\"article\" \/>\n<meta property=\"og:title\" content=\"POURSUITES JUDICIAIRES CONTRE MACKY SALL - Ngagne Demba Tour\u00e9 approuve Moustapha Sarr\u00e9\" \/>\n<meta property=\"og:description\" content=\"NETTALI.COM - Invit\u00e9 mardi sur la TFM dans l\u2019\u00e9mission &quot;Quartier G\u00e9n\u00e9ral&quot;, Me Ngagne Demba Tour\u00e9, Directeur G\u00e9n\u00e9ral de la SOMISEN S. A et Pr\u00e9sident de la Jeunesse Patriotique du S\u00e9n\u00e9gal (JPS), s\u2019est pench\u00e9 sur la question du rapatriement et du jugement de l\u2019ex-pr\u00e9sident Macky Sall. Vers une poursuite judiciaire de Macky Sall ? Ngagne Demba [&hellip;]\" \/>\n<meta property=\"og:url\" content=\"https:\/\/www.nettali.com\/2025\/03\/05\/poursuites-judiciaires-contre-macky-sall-ngagne-demba-toure-approuve-moustapha-sarre\/\" \/>\n<meta property=\"og:site_name\" content=\"Nettali.com\" \/>\n<meta property=\"article:publisher\" content=\"https:\/\/www.facebook.com\/nettalicom\" \/>\n<meta property=\"article:published_time\" content=\"2025-03-05T11:30:23+00:00\" \/>\n<meta property=\"og:image\" content=\"https:\/\/www.nettali.com\/wp-content\/uploads\/2025\/03\/Ngagne-Demba-Toure.jpg\" \/>\n\t<meta property=\"og:image:width\" content=\"600\" \/>\n\t<meta property=\"og:image:height\" content=\"427\" \/>\n<meta name=\"twitter:card\" content=\"summary_large_image\" \/>\n<meta name=\"twitter:label1\" content=\"\u00c9crit par\" \/>\n\t<meta name=\"twitter:data1\" content=\"Ibrahima\" \/>\n\t<meta name=\"twitter:label2\" content=\"Dur\u00e9e de lecture estim\u00e9e\" \/>\n\t<meta name=\"twitter:data2\" content=\"2 minutes\" \/>\n<script type=\"application\/ld+json\" class=\"yoast-schema-graph\">{\"@context\":\"https:\/\/schema.org\",\"@graph\":[{\"@type\":\"WebSite\",\"@id\":\"https:\/\/www.nettali.com\/#website\",\"url\":\"https:\/\/www.nettali.com\/\",\"name\":\"Nettali.com\",\"description\":\"Le rendez-vous critique du Net\",\"potentialAction\":[{\"@type\":\"SearchAction\",\"target\":{\"@type\":\"EntryPoint\",\"urlTemplate\":\"https:\/\/www.nettali.com\/?s={search_term_string}\"},\"query-input\":\"required name=search_term_string\"}],\"inLanguage\":\"fr-FR\"},{\"@type\":\"ImageObject\",\"@id\":\"https:\/\/www.nettali.com\/2025\/03\/05\/poursuites-judiciaires-contre-macky-sall-ngagne-demba-toure-approuve-moustapha-sarre\/#primaryimage\",\"inLanguage\":\"fr-FR\",\"url\":\"https:\/\/www.nettali.com\/wp-content\/uploads\/2025\/03\/Ngagne-Demba-Toure.jpg\",\"contentUrl\":\"https:\/\/www.nettali.com\/wp-content\/uploads\/2025\/03\/Ngagne-Demba-Toure.jpg\",\"width\":600,\"height\":427},{\"@type\":\"WebPage\",\"@id\":\"https:\/\/www.nettali.com\/2025\/03\/05\/poursuites-judiciaires-contre-macky-sall-ngagne-demba-toure-approuve-moustapha-sarre\/#webpage\",\"url\":\"https:\/\/www.nettali.com\/2025\/03\/05\/poursuites-judiciaires-contre-macky-sall-ngagne-demba-toure-approuve-moustapha-sarre\/\",\"name\":\"POURSUITES JUDICIAIRES CONTRE MACKY SALL - Ngagne Demba Tour\\u00e9 approuve Moustapha Sarr\\u00e9 | Nettali.com\",\"isPartOf\":{\"@id\":\"https:\/\/www.nettali.com\/#website\"},\"primaryImageOfPage\":{\"@id\":\"https:\/\/www.nettali.com\/2025\/03\/05\/poursuites-judiciaires-contre-macky-sall-ngagne-demba-toure-approuve-moustapha-sarre\/#primaryimage\"},\"datePublished\":\"2025-03-05T11:30:23+00:00\",\"dateModified\":\"2025-03-05T11:30:23+00:00\",\"author\":{\"@id\":\"https:\/\/www.nettali.com\/#\/schema\/person\/bb147657c2986240405a608162b9bb23\"},\"breadcrumb\":{\"@id\":\"https:\/\/www.nettali.com\/2025\/03\/05\/poursuites-judiciaires-contre-macky-sall-ngagne-demba-toure-approuve-moustapha-sarre\/#breadcrumb\"},\"inLanguage\":\"fr-FR\",\"potentialAction\":[{\"@type\":\"ReadAction\",\"target\":[\"https:\/\/www.nettali.com\/2025\/03\/05\/poursuites-judiciaires-contre-macky-sall-ngagne-demba-toure-approuve-moustapha-sarre\/\"]}]},{\"@type\":\"BreadcrumbList\",\"@id\":\"https:\/\/www.nettali.com\/2025\/03\/05\/poursuites-judiciaires-contre-macky-sall-ngagne-demba-toure-approuve-moustapha-sarre\/#breadcrumb\",\"itemListElement\":[{\"@type\":\"ListItem\",\"position\":1,\"name\":\"Accueil\",\"item\":\"https:\/\/www.nettali.com\/\"},{\"@type\":\"ListItem\",\"position\":2,\"name\":\"POURSUITES JUDICIAIRES CONTRE MACKY SALL - Ngagne Demba Tour\\u00e9 approuve Moustapha Sarr\\u00e9\"}]},{\"@type\":\"Person\",\"@id\":\"https:\/\/www.nettali.com\/#\/schema\/person\/bb147657c2986240405a608162b9bb23\",\"name\":\"Ibrahima\",\"image\":{\"@type\":\"ImageObject\",\"@id\":\"https:\/\/www.nettali.com\/#personlogo\",\"inLanguage\":\"fr-FR\",\"url\":\"https:\/\/secure.gravatar.com\/avatar\/26a8a81f09f0dd7624c9d5c36c9ba3a2?s=96&d=mm&r=g\",\"contentUrl\":\"https:\/\/secure.gravatar.com\/avatar\/26a8a81f09f0dd7624c9d5c36c9ba3a2?s=96&d=mm&r=g\",\"caption\":\"Ibrahima\"},\"sameAs\":[\"https:\/\/www.nettali.com\"]}]}<\/script>\n<!-- \/ Yoast SEO Premium plugin. -->","yoast_head_json":{"title":"POURSUITES JUDICIAIRES CONTRE MACKY SALL - Ngagne Demba Tour\u00e9 approuve Moustapha Sarr\u00e9 | Nettali.com","robots":{"index":"index","follow":"follow","max-snippet":"max-snippet:-1","max-image-preview":"max-image-preview:large","max-video-preview":"max-video-preview:-1"},"canonical":"https:\/\/www.nettali.com\/2025\/03\/05\/poursuites-judiciaires-contre-macky-sall-ngagne-demba-toure-approuve-moustapha-sarre\/","og_locale":"fr_FR","og_type":"article","og_title":"POURSUITES JUDICIAIRES CONTRE MACKY SALL - Ngagne Demba Tour\u00e9 approuve Moustapha Sarr\u00e9","og_description":"NETTALI.COM - Invit\u00e9 mardi sur la TFM dans l\u2019\u00e9mission \"Quartier G\u00e9n\u00e9ral\", Me Ngagne Demba Tour\u00e9, Directeur G\u00e9n\u00e9ral de la SOMISEN S. A et Pr\u00e9sident de la Jeunesse Patriotique du S\u00e9n\u00e9gal (JPS), s\u2019est pench\u00e9 sur la question du rapatriement et du jugement de l\u2019ex-pr\u00e9sident Macky Sall. Vers une poursuite judiciaire de Macky Sall ? Ngagne Demba [&hellip;]","og_url":"https:\/\/www.nettali.com\/2025\/03\/05\/poursuites-judiciaires-contre-macky-sall-ngagne-demba-toure-approuve-moustapha-sarre\/","og_site_name":"Nettali.com","article_publisher":"https:\/\/www.facebook.com\/nettalicom","article_published_time":"2025-03-05T11:30:23+00:00","og_image":[{"width":600,"height":427,"url":"https:\/\/www.nettali.com\/wp-content\/uploads\/2025\/03\/Ngagne-Demba-Toure.jpg","type":"image\/jpeg"}],"twitter_card":"summary_large_image","twitter_misc":{"\u00c9crit par":"Ibrahima","Dur\u00e9e de lecture estim\u00e9e":"2 minutes"},"schema":{"@context":"https:\/\/schema.org","@graph":[{"@type":"WebSite","@id":"https:\/\/www.nettali.com\/#website","url":"https:\/\/www.nettali.com\/","name":"Nettali.com","description":"Le rendez-vous critique du Net","potentialAction":[{"@type":"SearchAction","target":{"@type":"EntryPoint","urlTemplate":"https:\/\/www.nettali.com\/?s={search_term_string}"},"query-input":"required name=search_term_string"}],"inLanguage":"fr-FR"},{"@type":"ImageObject","@id":"https:\/\/www.nettali.com\/2025\/03\/05\/poursuites-judiciaires-contre-macky-sall-ngagne-demba-toure-approuve-moustapha-sarre\/#primaryimage","inLanguage":"fr-FR","url":"https:\/\/www.nettali.com\/wp-content\/uploads\/2025\/03\/Ngagne-Demba-Toure.jpg","contentUrl":"https:\/\/www.nettali.com\/wp-content\/uploads\/2025\/03\/Ngagne-Demba-Toure.jpg","width":600,"height":427},{"@type":"WebPage","@id":"https:\/\/www.nettali.com\/2025\/03\/05\/poursuites-judiciaires-contre-macky-sall-ngagne-demba-toure-approuve-moustapha-sarre\/#webpage","url":"https:\/\/www.nettali.com\/2025\/03\/05\/poursuites-judiciaires-contre-macky-sall-ngagne-demba-toure-approuve-moustapha-sarre\/","name":"POURSUITES JUDICIAIRES CONTRE MACKY SALL - Ngagne Demba Tour\u00e9 approuve Moustapha Sarr\u00e9 | Nettali.com","isPartOf":{"@id":"https:\/\/www.nettali.com\/#website"},"primaryImageOfPage":{"@id":"https:\/\/www.nettali.com\/2025\/03\/05\/poursuites-judiciaires-contre-macky-sall-ngagne-demba-toure-approuve-moustapha-sarre\/#primaryimage"},"datePublished":"2025-03-05T11:30:23+00:00","dateModified":"2025-03-05T11:30:23+00:00","author":{"@id":"https:\/\/www.nettali.com\/#\/schema\/person\/bb147657c2986240405a608162b9bb23"},"breadcrumb":{"@id":"https:\/\/www.nettali.com\/2025\/03\/05\/poursuites-judiciaires-contre-macky-sall-ngagne-demba-toure-approuve-moustapha-sarre\/#breadcrumb"},"inLanguage":"fr-FR","potentialAction":[{"@type":"ReadAction","target":["https:\/\/www.nettali.com\/2025\/03\/05\/poursuites-judiciaires-contre-macky-sall-ngagne-demba-toure-approuve-moustapha-sarre\/"]}]},{"@type":"BreadcrumbList","@id":"https:\/\/www.nettali.com\/2025\/03\/05\/poursuites-judiciaires-contre-macky-sall-ngagne-demba-toure-approuve-moustapha-sarre\/#breadcrumb","itemListElement":[{"@type":"ListItem","position":1,"name":"Accueil","item":"https:\/\/www.nettali.com\/"},{"@type":"ListItem","position":2,"name":"POURSUITES JUDICIAIRES CONTRE MACKY SALL - Ngagne Demba Tour\u00e9 approuve Moustapha Sarr\u00e9"}]},{"@type":"Person","@id":"https:\/\/www.nettali.com\/#\/schema\/person\/bb147657c2986240405a608162b9bb23","name":"Ibrahima","image":{"@type":"ImageObject","@id":"https:\/\/www.nettali.com\/#personlogo","inLanguage":"fr-FR","url":"https:\/\/secure.gravatar.com\/avatar\/26a8a81f09f0dd7624c9d5c36c9ba3a2?s=96&d=mm&r=g","contentUrl":"https:\/\/secure.gravatar.com\/avatar\/26a8a81f09f0dd7624c9d5c36c9ba3a2?s=96&d=mm&r=g","caption":"Ibrahima"},"sameAs":["https:\/\/www.nettali.com"]}]}},"_links":{"self":[{"href":"https:\/\/www.nettali.com\/rest\/wp\/v2\/posts\/150191"}],"collection":[{"href":"https:\/\/www.nettali.com\/rest\/wp\/v2\/posts"}],"about":[{"href":"https:\/\/www.nettali.com\/rest\/wp\/v2\/types\/post"}],"author":[{"embeddable":true,"href":"https:\/\/www.nettali.com\/rest\/wp\/v2\/users\/5"}],"replies":[{"embeddable":true,"href":"https:\/\/www.nettali.com\/rest\/wp\/v2\/comments?post=150191"}],"version-history":[{"count":3,"href":"https:\/\/www.nettali.com\/rest\/wp\/v2\/posts\/150191\/revisions"}],"predecessor-version":[{"id":150197,"href":"https:\/\/www.nettali.com\/rest\/wp\/v2\/posts\/150191\/revisions\/150197"}],"wp:featuredmedia":[{"embeddable":true,"href":"https:\/\/www.nettali.com\/rest\/wp\/v2\/media\/150192"}],"wp:attachment":[{"href":"https:\/\/www.nettali.com\/rest\/wp\/v2\/media?parent=150191"}],"wp:term":[{"taxonomy":"category","embeddable":true,"href":"https:\/\/www.nettali.com\/rest\/wp\/v2\/categories?post=150191"},{"taxonomy":"post_tag","embeddable":true,"href":"https:\/\/www.nettali.com\/rest\/wp\/v2\/tags?post=150191"}],"curies":[{"name":"wp","href":"https:\/\/api.w.org\/{rel}","templated":true}]}}