{"id":150175,"date":"2025-03-05T11:28:09","date_gmt":"2025-03-05T11:28:09","guid":{"rendered":"https:\/\/www.nettali.com\/?p=150175"},"modified":"2025-03-05T18:09:26","modified_gmt":"2025-03-05T18:09:26","slug":"chambre-criminelle-de-dakar-un-homme-accuse-davoir-viole-la-femme-de-son-pere","status":"publish","type":"post","link":"https:\/\/www.nettali.com\/2025\/03\/05\/chambre-criminelle-de-dakar-un-homme-accuse-davoir-viole-la-femme-de-son-pere\/","title":{"rendered":"CHAMBRE CRIMINELLE DE DAKAR - Une curieuse affaire de viol jug\u00e9e"},"content":{"rendered":"<p><strong>NETTALI.COM- Accus\u00e9 d\u2019avoir viol\u00e9 la\u00a0 femme de son p\u00e8re, Ch. Fall \u00e0 \u00e9t\u00e9 attrait ce mardi devant la chambre criminelle. Face aux juges, la victime s'est r\u00e9tract\u00e9e en l'accusant de tentative de viol, mais le gar\u00e7on a lui parl\u00e9 de rapport consentant. <\/strong><\/p>\n<p>Une victime qui parle de tentative de viol et un accus\u00e9 qui avoue des relations sexuelles consentantes ! C'est le spectacle renversant auquel l'on a assist\u00e9 le mardi 4 mars 2025, au cours d'un proc\u00e8s opposant une dame et son beau-fils.<\/p>\n<p>Devant la chambre criminelle de Dakar, Mme Diouf a rapport\u00e9 qu\u2019apr\u00e8s sept ans de mariage avec M. Fall, le fils de celui-ci les a rejoints.\u00a0 Apr\u00e8s les regards et remarques d\u00e9plac\u00e9s \u00e0 son endroit, Ch. Fall a voulu abuser d\u2019elle, un jour de f\u00e9vrier 2022.<\/p>\n<p>Ce jour-l\u00e0, elle est sortie de la douche et a trouv\u00e9 le gar\u00e7on dans l\u2019unique pi\u00e8ce partag\u00e9e par toute la famille.\u00a0\u00ab<em> Il m\u2019a surprise par derri\u00e8re, m\u2019a empoign\u00e9e. En me d\u00e9battant, je suis tomb\u00e9e sur le lit. Il a voulu me p\u00e9n\u00e9trer et je l\u2019ai r\u00e9primand\u00e9 en lui disant que j\u2019\u00e9tais sa m\u00e8re. Ainsi, il est parti et a fui la maison avant l'arriv\u00e9e de son p\u00e8re <\/em>\u00bb, a racont\u00e9\u00a0 la dame.<\/p>\n<p><em>\u00ab C\u2019est elle qui a envoy\u00e9 les enfants pour qu\u2019on puisse rester seuls. C'est ainsi qu'elle s\u2019est couch\u00e9e et m\u2019a invit\u00e9e \u00e0 la rejoindre. J\u2019ai h\u00e9sit\u00e9 car j\u2019\u00e9tais encore puceau, mais elle a pris mon sexe pour l\u2019introduire dans le sien \u00bb<\/em>, a confi\u00e9 l\u2019accus\u00e9.<\/p>\n<p>Entendu, le\u00a0 p\u00e8re a confirm\u00e9 que son fils avait fui la maison familiale. Il n\u2019a \u00e9t\u00e9 interpell\u00e9 qu\u2019au mois de d\u00e9cembre.<\/p>\n<p>Interloqu\u00e9 par ces deux versions contradictoires, le repr\u00e9sentant du parquet n\u2019a pas requis de peine. \u00ab <em>On \u00e9tait cens\u00e9 juger une affaire de viol, mais je ne sais pas par quel bout prendre cette affaire et quel r\u00e9cit croire ! Donc je m\u2019en m\u00e9fie et je pr\u00e9f\u00e8re m\u2019en rapporter<\/em>\u00a0 \u00e0 la d\u00e9cision du tribunal\u00bb, a- a-t-il d\u00e9clar\u00e9.<\/p>\n<p>Le conseil de la d\u00e9fense a lui plaid\u00e9 l\u2019acquittement pur et simple, tout en accusant la dame d\u2019avoir provoqu\u00e9 son client et veut prot\u00e9ger son m\u00e9nage.<\/p>\n<p>La Chambre criminelle rendra son verdict le 15 avril prochain.<\/p>\n<div class='share-to-whatsapp-wrapper'><div class='share-on-whsp'>PARTAGER SUR : <\/div><a data-text='CHAMBRE CRIMINELLE DE DAKAR - Une curieuse affaire de viol jug\u00e9e' data-link='https:\/\/www.nettali.com\/2025\/03\/05\/chambre-criminelle-de-dakar-un-homme-accuse-davoir-viole-la-femme-de-son-pere\/' class='whatsapp-button whatsapp-share'>WhatsApp<\/a><div class='clear '><\/div><\/div>","protected":false},"excerpt":{"rendered":"<p>NETTALI.COM- Accus\u00e9 d\u2019avoir viol\u00e9 la\u00a0 femme de son p\u00e8re, Ch. Fall \u00e0 \u00e9t\u00e9 attrait ce mardi devant la chambre criminelle. Face aux juges, la victime s'est r\u00e9tract\u00e9e en l'accusant de tentative de viol, mais le gar\u00e7on a lui parl\u00e9 de rapport consentant. Une victime qui parle de tentative de viol et un accus\u00e9 qui avoue [&hellip;]<\/p>\n","protected":false},"author":6,"featured_media":142213,"comment_status":"open","ping_status":"open","sticky":false,"template":"","format":"standard","meta":{"_et_pb_use_builder":"","_et_pb_old_content":""},"categories":[3],"tags":[],"yoast_head":"<!-- This site is optimized with the Yoast SEO Premium plugin v17.8 (Yoast SEO v17.8) - https:\/\/yoast.com\/wordpress\/plugins\/seo\/ -->\n<title>CHAMBRE CRIMINELLE DE DAKAR - Une curieuse affaire de viol jug\u00e9e | Nettali.com<\/title>\n<meta name=\"robots\" content=\"index, follow, max-snippet:-1, max-image-preview:large, max-video-preview:-1\" \/>\n<link rel=\"canonical\" href=\"https:\/\/www.nettali.com\/2025\/03\/05\/chambre-criminelle-de-dakar-un-homme-accuse-davoir-viole-la-femme-de-son-pere\/\" \/>\n<meta property=\"og:locale\" content=\"fr_FR\" \/>\n<meta property=\"og:type\" content=\"article\" \/>\n<meta property=\"og:title\" content=\"CHAMBRE CRIMINELLE DE DAKAR - Une curieuse affaire de viol jug\u00e9e\" \/>\n<meta property=\"og:description\" content=\"NETTALI.COM- Accus\u00e9 d\u2019avoir viol\u00e9 la\u00a0 femme de son p\u00e8re, Ch. Fall \u00e0 \u00e9t\u00e9 attrait ce mardi devant la chambre criminelle. Face aux juges, la victime s&#039;est r\u00e9tract\u00e9e en l&#039;accusant de tentative de viol, mais le gar\u00e7on a lui parl\u00e9 de rapport consentant. Une victime qui parle de tentative de viol et un accus\u00e9 qui avoue [&hellip;]\" \/>\n<meta property=\"og:url\" content=\"https:\/\/www.nettali.com\/2025\/03\/05\/chambre-criminelle-de-dakar-un-homme-accuse-davoir-viole-la-femme-de-son-pere\/\" \/>\n<meta property=\"og:site_name\" content=\"Nettali.com\" \/>\n<meta property=\"article:publisher\" content=\"https:\/\/www.facebook.com\/nettalicom\" \/>\n<meta property=\"article:published_time\" content=\"2025-03-05T11:28:09+00:00\" \/>\n<meta property=\"article:modified_time\" content=\"2025-03-05T18:09:26+00:00\" \/>\n<meta property=\"og:image\" content=\"https:\/\/www.nettali.com\/wp-content\/uploads\/2024\/10\/Tribunal-de-Dakar-Senega.jpg\" \/>\n\t<meta property=\"og:image:width\" content=\"700\" \/>\n\t<meta property=\"og:image:height\" content=\"467\" \/>\n<meta name=\"twitter:card\" content=\"summary_large_image\" \/>\n<meta name=\"twitter:label1\" content=\"\u00c9crit par\" \/>\n\t<meta name=\"twitter:data1\" content=\"Fatou\" \/>\n\t<meta name=\"twitter:label2\" content=\"Dur\u00e9e de lecture estim\u00e9e\" \/>\n\t<meta name=\"twitter:data2\" content=\"2 minutes\" \/>\n<script type=\"application\/ld+json\" class=\"yoast-schema-graph\">{\"@context\":\"https:\/\/schema.org\",\"@graph\":[{\"@type\":\"WebSite\",\"@id\":\"https:\/\/www.nettali.com\/#website\",\"url\":\"https:\/\/www.nettali.com\/\",\"name\":\"Nettali.com\",\"description\":\"Le rendez-vous critique du Net\",\"potentialAction\":[{\"@type\":\"SearchAction\",\"target\":{\"@type\":\"EntryPoint\",\"urlTemplate\":\"https:\/\/www.nettali.com\/?s={search_term_string}\"},\"query-input\":\"required name=search_term_string\"}],\"inLanguage\":\"fr-FR\"},{\"@type\":\"ImageObject\",\"@id\":\"https:\/\/www.nettali.com\/2025\/03\/05\/chambre-criminelle-de-dakar-un-homme-accuse-davoir-viole-la-femme-de-son-pere\/#primaryimage\",\"inLanguage\":\"fr-FR\",\"url\":\"https:\/\/www.nettali.com\/wp-content\/uploads\/2024\/10\/Tribunal-de-Dakar-Senega.jpg\",\"contentUrl\":\"https:\/\/www.nettali.com\/wp-content\/uploads\/2024\/10\/Tribunal-de-Dakar-Senega.jpg\",\"width\":700,\"height\":467},{\"@type\":\"WebPage\",\"@id\":\"https:\/\/www.nettali.com\/2025\/03\/05\/chambre-criminelle-de-dakar-un-homme-accuse-davoir-viole-la-femme-de-son-pere\/#webpage\",\"url\":\"https:\/\/www.nettali.com\/2025\/03\/05\/chambre-criminelle-de-dakar-un-homme-accuse-davoir-viole-la-femme-de-son-pere\/\",\"name\":\"CHAMBRE CRIMINELLE DE DAKAR - Une curieuse affaire de viol jug\\u00e9e | Nettali.com\",\"isPartOf\":{\"@id\":\"https:\/\/www.nettali.com\/#website\"},\"primaryImageOfPage\":{\"@id\":\"https:\/\/www.nettali.com\/2025\/03\/05\/chambre-criminelle-de-dakar-un-homme-accuse-davoir-viole-la-femme-de-son-pere\/#primaryimage\"},\"datePublished\":\"2025-03-05T11:28:09+00:00\",\"dateModified\":\"2025-03-05T18:09:26+00:00\",\"author\":{\"@id\":\"https:\/\/www.nettali.com\/#\/schema\/person\/418274a86bdf87caff7a3ef476bd0bbf\"},\"breadcrumb\":{\"@id\":\"https:\/\/www.nettali.com\/2025\/03\/05\/chambre-criminelle-de-dakar-un-homme-accuse-davoir-viole-la-femme-de-son-pere\/#breadcrumb\"},\"inLanguage\":\"fr-FR\",\"potentialAction\":[{\"@type\":\"ReadAction\",\"target\":[\"https:\/\/www.nettali.com\/2025\/03\/05\/chambre-criminelle-de-dakar-un-homme-accuse-davoir-viole-la-femme-de-son-pere\/\"]}]},{\"@type\":\"BreadcrumbList\",\"@id\":\"https:\/\/www.nettali.com\/2025\/03\/05\/chambre-criminelle-de-dakar-un-homme-accuse-davoir-viole-la-femme-de-son-pere\/#breadcrumb\",\"itemListElement\":[{\"@type\":\"ListItem\",\"position\":1,\"name\":\"Accueil\",\"item\":\"https:\/\/www.nettali.com\/\"},{\"@type\":\"ListItem\",\"position\":2,\"name\":\"CHAMBRE CRIMINELLE DE DAKAR - Une curieuse affaire de viol jug\\u00e9e\"}]},{\"@type\":\"Person\",\"@id\":\"https:\/\/www.nettali.com\/#\/schema\/person\/418274a86bdf87caff7a3ef476bd0bbf\",\"name\":\"Fatou\",\"image\":{\"@type\":\"ImageObject\",\"@id\":\"https:\/\/www.nettali.com\/#personlogo\",\"inLanguage\":\"fr-FR\",\"url\":\"https:\/\/secure.gravatar.com\/avatar\/5a9442a2bee7b4dcf167cab035858e9a?s=96&d=mm&r=g\",\"contentUrl\":\"https:\/\/secure.gravatar.com\/avatar\/5a9442a2bee7b4dcf167cab035858e9a?s=96&d=mm&r=g\",\"caption\":\"Fatou\"},\"sameAs\":[\"https:\/\/www.nettali.com\"]}]}<\/script>\n<!-- \/ Yoast SEO Premium plugin. -->","yoast_head_json":{"title":"CHAMBRE CRIMINELLE DE DAKAR - Une curieuse affaire de viol jug\u00e9e | Nettali.com","robots":{"index":"index","follow":"follow","max-snippet":"max-snippet:-1","max-image-preview":"max-image-preview:large","max-video-preview":"max-video-preview:-1"},"canonical":"https:\/\/www.nettali.com\/2025\/03\/05\/chambre-criminelle-de-dakar-un-homme-accuse-davoir-viole-la-femme-de-son-pere\/","og_locale":"fr_FR","og_type":"article","og_title":"CHAMBRE CRIMINELLE DE DAKAR - Une curieuse affaire de viol jug\u00e9e","og_description":"NETTALI.COM- Accus\u00e9 d\u2019avoir viol\u00e9 la\u00a0 femme de son p\u00e8re, Ch. Fall \u00e0 \u00e9t\u00e9 attrait ce mardi devant la chambre criminelle. Face aux juges, la victime s'est r\u00e9tract\u00e9e en l'accusant de tentative de viol, mais le gar\u00e7on a lui parl\u00e9 de rapport consentant. Une victime qui parle de tentative de viol et un accus\u00e9 qui avoue [&hellip;]","og_url":"https:\/\/www.nettali.com\/2025\/03\/05\/chambre-criminelle-de-dakar-un-homme-accuse-davoir-viole-la-femme-de-son-pere\/","og_site_name":"Nettali.com","article_publisher":"https:\/\/www.facebook.com\/nettalicom","article_published_time":"2025-03-05T11:28:09+00:00","article_modified_time":"2025-03-05T18:09:26+00:00","og_image":[{"width":700,"height":467,"url":"https:\/\/www.nettali.com\/wp-content\/uploads\/2024\/10\/Tribunal-de-Dakar-Senega.jpg","type":"image\/jpeg"}],"twitter_card":"summary_large_image","twitter_misc":{"\u00c9crit par":"Fatou","Dur\u00e9e de lecture estim\u00e9e":"2 minutes"},"schema":{"@context":"https:\/\/schema.org","@graph":[{"@type":"WebSite","@id":"https:\/\/www.nettali.com\/#website","url":"https:\/\/www.nettali.com\/","name":"Nettali.com","description":"Le rendez-vous critique du Net","potentialAction":[{"@type":"SearchAction","target":{"@type":"EntryPoint","urlTemplate":"https:\/\/www.nettali.com\/?s={search_term_string}"},"query-input":"required name=search_term_string"}],"inLanguage":"fr-FR"},{"@type":"ImageObject","@id":"https:\/\/www.nettali.com\/2025\/03\/05\/chambre-criminelle-de-dakar-un-homme-accuse-davoir-viole-la-femme-de-son-pere\/#primaryimage","inLanguage":"fr-FR","url":"https:\/\/www.nettali.com\/wp-content\/uploads\/2024\/10\/Tribunal-de-Dakar-Senega.jpg","contentUrl":"https:\/\/www.nettali.com\/wp-content\/uploads\/2024\/10\/Tribunal-de-Dakar-Senega.jpg","width":700,"height":467},{"@type":"WebPage","@id":"https:\/\/www.nettali.com\/2025\/03\/05\/chambre-criminelle-de-dakar-un-homme-accuse-davoir-viole-la-femme-de-son-pere\/#webpage","url":"https:\/\/www.nettali.com\/2025\/03\/05\/chambre-criminelle-de-dakar-un-homme-accuse-davoir-viole-la-femme-de-son-pere\/","name":"CHAMBRE CRIMINELLE DE DAKAR - Une curieuse affaire de viol jug\u00e9e | Nettali.com","isPartOf":{"@id":"https:\/\/www.nettali.com\/#website"},"primaryImageOfPage":{"@id":"https:\/\/www.nettali.com\/2025\/03\/05\/chambre-criminelle-de-dakar-un-homme-accuse-davoir-viole-la-femme-de-son-pere\/#primaryimage"},"datePublished":"2025-03-05T11:28:09+00:00","dateModified":"2025-03-05T18:09:26+00:00","author":{"@id":"https:\/\/www.nettali.com\/#\/schema\/person\/418274a86bdf87caff7a3ef476bd0bbf"},"breadcrumb":{"@id":"https:\/\/www.nettali.com\/2025\/03\/05\/chambre-criminelle-de-dakar-un-homme-accuse-davoir-viole-la-femme-de-son-pere\/#breadcrumb"},"inLanguage":"fr-FR","potentialAction":[{"@type":"ReadAction","target":["https:\/\/www.nettali.com\/2025\/03\/05\/chambre-criminelle-de-dakar-un-homme-accuse-davoir-viole-la-femme-de-son-pere\/"]}]},{"@type":"BreadcrumbList","@id":"https:\/\/www.nettali.com\/2025\/03\/05\/chambre-criminelle-de-dakar-un-homme-accuse-davoir-viole-la-femme-de-son-pere\/#breadcrumb","itemListElement":[{"@type":"ListItem","position":1,"name":"Accueil","item":"https:\/\/www.nettali.com\/"},{"@type":"ListItem","position":2,"name":"CHAMBRE CRIMINELLE DE DAKAR - Une curieuse affaire de viol jug\u00e9e"}]},{"@type":"Person","@id":"https:\/\/www.nettali.com\/#\/schema\/person\/418274a86bdf87caff7a3ef476bd0bbf","name":"Fatou","image":{"@type":"ImageObject","@id":"https:\/\/www.nettali.com\/#personlogo","inLanguage":"fr-FR","url":"https:\/\/secure.gravatar.com\/avatar\/5a9442a2bee7b4dcf167cab035858e9a?s=96&d=mm&r=g","contentUrl":"https:\/\/secure.gravatar.com\/avatar\/5a9442a2bee7b4dcf167cab035858e9a?s=96&d=mm&r=g","caption":"Fatou"},"sameAs":["https:\/\/www.nettali.com"]}]}},"_links":{"self":[{"href":"https:\/\/www.nettali.com\/rest\/wp\/v2\/posts\/150175"}],"collection":[{"href":"https:\/\/www.nettali.com\/rest\/wp\/v2\/posts"}],"about":[{"href":"https:\/\/www.nettali.com\/rest\/wp\/v2\/types\/post"}],"author":[{"embeddable":true,"href":"https:\/\/www.nettali.com\/rest\/wp\/v2\/users\/6"}],"replies":[{"embeddable":true,"href":"https:\/\/www.nettali.com\/rest\/wp\/v2\/comments?post=150175"}],"version-history":[{"count":5,"href":"https:\/\/www.nettali.com\/rest\/wp\/v2\/posts\/150175\/revisions"}],"predecessor-version":[{"id":150220,"href":"https:\/\/www.nettali.com\/rest\/wp\/v2\/posts\/150175\/revisions\/150220"}],"wp:featuredmedia":[{"embeddable":true,"href":"https:\/\/www.nettali.com\/rest\/wp\/v2\/media\/142213"}],"wp:attachment":[{"href":"https:\/\/www.nettali.com\/rest\/wp\/v2\/media?parent=150175"}],"wp:term":[{"taxonomy":"category","embeddable":true,"href":"https:\/\/www.nettali.com\/rest\/wp\/v2\/categories?post=150175"},{"taxonomy":"post_tag","embeddable":true,"href":"https:\/\/www.nettali.com\/rest\/wp\/v2\/tags?post=150175"}],"curies":[{"name":"wp","href":"https:\/\/api.w.org\/{rel}","templated":true}]}}