{"id":150106,"date":"2025-03-04T16:58:31","date_gmt":"2025-03-04T16:58:31","guid":{"rendered":"https:\/\/www.nettali.com\/?p=150106"},"modified":"2025-03-04T14:59:11","modified_gmt":"2025-03-04T14:59:11","slug":"nouakchott-plusieurs-pecheurs-senegalais-captures-et-detenus-dans-un-camp","status":"publish","type":"post","link":"https:\/\/www.nettali.com\/2025\/03\/04\/nouakchott-plusieurs-pecheurs-senegalais-captures-et-detenus-dans-un-camp\/","title":{"rendered":"NOUAKCHOTT- Plusieurs p\u00eacheurs s\u00e9n\u00e9galais captur\u00e9s et d\u00e9tenus dans un camp"},"content":{"rendered":"<p><strong>NETTALI.COM- Plusieurs p\u00eacheurs s\u00e9n\u00e9galais sont d\u00e9tenus dans un camp \u00e0 Nouakchott. Le secr\u00e9taire g\u00e9n\u00e9ral du syndicat autonome des p\u00eacheurs du S\u00e9n\u00e9gal, Moustapha Dieng, qui sonne l\u2019alerte appelle les autorit\u00e9s \u00e0 prendre les mesures n\u00e9cessaires pour leur lib\u00e9ration dans les meilleurs d\u00e9lais.<\/strong><\/p>\n<p>Alors qu\u2019ils \u00e9taient partis faire campagne en mer, des S\u00e9n\u00e9galais notamment des p\u00eacheurs sont d\u00e9tenus dans un camp au niveau du quartier cinqui\u00e8me \u00e0 Nouakchott \u00e0 la suite de rafles op\u00e9r\u00e9es au bord de la mer. C\u2019est du moins ce qu\u2019a inform\u00e9 le secr\u00e9taire g\u00e9n\u00e9ral du syndicat autonome des p\u00eacheurs du S\u00e9n\u00e9gal , Moustapha Dieng.<\/p>\n<p>\u00ab<em> Ils sont d\u00e9tenus au niveau du quartier cinqui\u00e8me \u00e0 Nouakchott dans des conditions inhumaines, dans des chambres o\u00f9 il n'y a pas de toilettes, il n'y a pas de conditions d'hygi\u00e8ne. Ils n'ont rien \u00e0 manger, on ne leur donne pas \u00e0 manger. On demande \u00e0 ces jeunes gens de fournir leurs cartes de s\u00e9jour, alors qu'ils n'en ont pas. On leur demande de fournir des contrats de travail, alors que dans le secteur de la p\u00eache artisanale, il n'y a pas de contrat de travail. On leur demande de fournir des comptes bancaires. Tout ce qu'on leur demande, ils ne sont pas en mesure de le fournir<\/em> \u00bb, renseigne-t-il.<\/p>\n<p>Face \u00e0 cette situation, le syndicaliste lance un appel aux autorit\u00e9s s\u00e9n\u00e9galais.<br \/>\n\u00ab<em>Nous alertons, nous appelons les autorit\u00e9s par rapport \u00e0 cette situation. Nous appelons l'Ambassadeur du S\u00e9n\u00e9gal \u00e0 Nouakchott par rapport \u00e0 cette situation. Nous demandons rapidement et dans l'urgence qu'il y ait une intervention de nos autorit\u00e9s pour les faire lib\u00e9rer ces jeunes, quitte \u00e0 les faire revenir au S\u00e9n\u00e9gal, mais qu'ils soient lib\u00e9r\u00e9s<\/em>\u00bb a lanc\u00e9 M. Dieng.<\/p>\n<div class='share-to-whatsapp-wrapper'><div class='share-on-whsp'>PARTAGER SUR : <\/div><a data-text='NOUAKCHOTT- Plusieurs p\u00eacheurs s\u00e9n\u00e9galais captur\u00e9s et d\u00e9tenus dans un camp' data-link='https:\/\/www.nettali.com\/2025\/03\/04\/nouakchott-plusieurs-pecheurs-senegalais-captures-et-detenus-dans-un-camp\/' class='whatsapp-button whatsapp-share'>WhatsApp<\/a><div class='clear '><\/div><\/div>","protected":false},"excerpt":{"rendered":"<p>NETTALI.COM- Plusieurs p\u00eacheurs s\u00e9n\u00e9galais sont d\u00e9tenus dans un camp \u00e0 Nouakchott. Le secr\u00e9taire g\u00e9n\u00e9ral du syndicat autonome des p\u00eacheurs du S\u00e9n\u00e9gal, Moustapha Dieng, qui sonne l\u2019alerte appelle les autorit\u00e9s \u00e0 prendre les mesures n\u00e9cessaires pour leur lib\u00e9ration dans les meilleurs d\u00e9lais. Alors qu\u2019ils \u00e9taient partis faire campagne en mer, des S\u00e9n\u00e9galais notamment des p\u00eacheurs sont [&hellip;]<\/p>\n","protected":false},"author":6,"featured_media":33639,"comment_status":"open","ping_status":"open","sticky":false,"template":"","format":"standard","meta":{"_et_pb_use_builder":"","_et_pb_old_content":""},"categories":[3],"tags":[],"yoast_head":"<!-- This site is optimized with the Yoast SEO Premium plugin v17.8 (Yoast SEO v17.8) - https:\/\/yoast.com\/wordpress\/plugins\/seo\/ -->\n<title>NOUAKCHOTT- Plusieurs p\u00eacheurs s\u00e9n\u00e9galais captur\u00e9s et d\u00e9tenus dans un camp | Nettali.com<\/title>\n<meta name=\"robots\" content=\"index, follow, max-snippet:-1, max-image-preview:large, max-video-preview:-1\" \/>\n<link rel=\"canonical\" href=\"https:\/\/www.nettali.com\/2025\/03\/04\/nouakchott-plusieurs-pecheurs-senegalais-captures-et-detenus-dans-un-camp\/\" \/>\n<meta property=\"og:locale\" content=\"fr_FR\" \/>\n<meta property=\"og:type\" content=\"article\" \/>\n<meta property=\"og:title\" content=\"NOUAKCHOTT- Plusieurs p\u00eacheurs s\u00e9n\u00e9galais captur\u00e9s et d\u00e9tenus dans un camp\" \/>\n<meta property=\"og:description\" content=\"NETTALI.COM- Plusieurs p\u00eacheurs s\u00e9n\u00e9galais sont d\u00e9tenus dans un camp \u00e0 Nouakchott. Le secr\u00e9taire g\u00e9n\u00e9ral du syndicat autonome des p\u00eacheurs du S\u00e9n\u00e9gal, Moustapha Dieng, qui sonne l\u2019alerte appelle les autorit\u00e9s \u00e0 prendre les mesures n\u00e9cessaires pour leur lib\u00e9ration dans les meilleurs d\u00e9lais. Alors qu\u2019ils \u00e9taient partis faire campagne en mer, des S\u00e9n\u00e9galais notamment des p\u00eacheurs sont [&hellip;]\" \/>\n<meta property=\"og:url\" content=\"https:\/\/www.nettali.com\/2025\/03\/04\/nouakchott-plusieurs-pecheurs-senegalais-captures-et-detenus-dans-un-camp\/\" \/>\n<meta property=\"og:site_name\" content=\"Nettali.com\" \/>\n<meta property=\"article:publisher\" content=\"https:\/\/www.facebook.com\/nettalicom\" \/>\n<meta property=\"article:published_time\" content=\"2025-03-04T16:58:31+00:00\" \/>\n<meta property=\"article:modified_time\" content=\"2025-03-04T14:59:11+00:00\" \/>\n<meta property=\"og:image\" content=\"https:\/\/www.nettali.com\/wp-content\/uploads\/2020\/04\/depart-en-mer-des-pecheurs.jpg\" \/>\n\t<meta property=\"og:image:width\" content=\"2300\" \/>\n\t<meta property=\"og:image:height\" content=\"1725\" \/>\n<meta name=\"twitter:card\" content=\"summary_large_image\" \/>\n<meta name=\"twitter:label1\" content=\"\u00c9crit par\" \/>\n\t<meta name=\"twitter:data1\" content=\"Fatou\" \/>\n\t<meta name=\"twitter:label2\" content=\"Dur\u00e9e de lecture estim\u00e9e\" \/>\n\t<meta name=\"twitter:data2\" content=\"2 minutes\" \/>\n<script type=\"application\/ld+json\" class=\"yoast-schema-graph\">{\"@context\":\"https:\/\/schema.org\",\"@graph\":[{\"@type\":\"WebSite\",\"@id\":\"https:\/\/www.nettali.com\/#website\",\"url\":\"https:\/\/www.nettali.com\/\",\"name\":\"Nettali.com\",\"description\":\"Le rendez-vous critique du Net\",\"potentialAction\":[{\"@type\":\"SearchAction\",\"target\":{\"@type\":\"EntryPoint\",\"urlTemplate\":\"https:\/\/www.nettali.com\/?s={search_term_string}\"},\"query-input\":\"required name=search_term_string\"}],\"inLanguage\":\"fr-FR\"},{\"@type\":\"ImageObject\",\"@id\":\"https:\/\/www.nettali.com\/2025\/03\/04\/nouakchott-plusieurs-pecheurs-senegalais-captures-et-detenus-dans-un-camp\/#primaryimage\",\"inLanguage\":\"fr-FR\",\"url\":\"https:\/\/www.nettali.com\/wp-content\/uploads\/2020\/04\/depart-en-mer-des-pecheurs.jpg\",\"contentUrl\":\"https:\/\/www.nettali.com\/wp-content\/uploads\/2020\/04\/depart-en-mer-des-pecheurs.jpg\",\"width\":2300,\"height\":1725,\"caption\":\"D\\u00e9part en mer des p\\u00eacheurs, Palmarin Nguethe, S\\u00e9n\\u00e9gal.\"},{\"@type\":\"WebPage\",\"@id\":\"https:\/\/www.nettali.com\/2025\/03\/04\/nouakchott-plusieurs-pecheurs-senegalais-captures-et-detenus-dans-un-camp\/#webpage\",\"url\":\"https:\/\/www.nettali.com\/2025\/03\/04\/nouakchott-plusieurs-pecheurs-senegalais-captures-et-detenus-dans-un-camp\/\",\"name\":\"NOUAKCHOTT- Plusieurs p\\u00eacheurs s\\u00e9n\\u00e9galais captur\\u00e9s et d\\u00e9tenus dans un camp | Nettali.com\",\"isPartOf\":{\"@id\":\"https:\/\/www.nettali.com\/#website\"},\"primaryImageOfPage\":{\"@id\":\"https:\/\/www.nettali.com\/2025\/03\/04\/nouakchott-plusieurs-pecheurs-senegalais-captures-et-detenus-dans-un-camp\/#primaryimage\"},\"datePublished\":\"2025-03-04T16:58:31+00:00\",\"dateModified\":\"2025-03-04T14:59:11+00:00\",\"author\":{\"@id\":\"https:\/\/www.nettali.com\/#\/schema\/person\/418274a86bdf87caff7a3ef476bd0bbf\"},\"breadcrumb\":{\"@id\":\"https:\/\/www.nettali.com\/2025\/03\/04\/nouakchott-plusieurs-pecheurs-senegalais-captures-et-detenus-dans-un-camp\/#breadcrumb\"},\"inLanguage\":\"fr-FR\",\"potentialAction\":[{\"@type\":\"ReadAction\",\"target\":[\"https:\/\/www.nettali.com\/2025\/03\/04\/nouakchott-plusieurs-pecheurs-senegalais-captures-et-detenus-dans-un-camp\/\"]}]},{\"@type\":\"BreadcrumbList\",\"@id\":\"https:\/\/www.nettali.com\/2025\/03\/04\/nouakchott-plusieurs-pecheurs-senegalais-captures-et-detenus-dans-un-camp\/#breadcrumb\",\"itemListElement\":[{\"@type\":\"ListItem\",\"position\":1,\"name\":\"Accueil\",\"item\":\"https:\/\/www.nettali.com\/\"},{\"@type\":\"ListItem\",\"position\":2,\"name\":\"NOUAKCHOTT- Plusieurs p\\u00eacheurs s\\u00e9n\\u00e9galais captur\\u00e9s et d\\u00e9tenus dans un camp\"}]},{\"@type\":\"Person\",\"@id\":\"https:\/\/www.nettali.com\/#\/schema\/person\/418274a86bdf87caff7a3ef476bd0bbf\",\"name\":\"Fatou\",\"image\":{\"@type\":\"ImageObject\",\"@id\":\"https:\/\/www.nettali.com\/#personlogo\",\"inLanguage\":\"fr-FR\",\"url\":\"https:\/\/secure.gravatar.com\/avatar\/5a9442a2bee7b4dcf167cab035858e9a?s=96&d=mm&r=g\",\"contentUrl\":\"https:\/\/secure.gravatar.com\/avatar\/5a9442a2bee7b4dcf167cab035858e9a?s=96&d=mm&r=g\",\"caption\":\"Fatou\"},\"sameAs\":[\"https:\/\/www.nettali.com\"]}]}<\/script>\n<!-- \/ Yoast SEO Premium plugin. -->","yoast_head_json":{"title":"NOUAKCHOTT- Plusieurs p\u00eacheurs s\u00e9n\u00e9galais captur\u00e9s et d\u00e9tenus dans un camp | Nettali.com","robots":{"index":"index","follow":"follow","max-snippet":"max-snippet:-1","max-image-preview":"max-image-preview:large","max-video-preview":"max-video-preview:-1"},"canonical":"https:\/\/www.nettali.com\/2025\/03\/04\/nouakchott-plusieurs-pecheurs-senegalais-captures-et-detenus-dans-un-camp\/","og_locale":"fr_FR","og_type":"article","og_title":"NOUAKCHOTT- Plusieurs p\u00eacheurs s\u00e9n\u00e9galais captur\u00e9s et d\u00e9tenus dans un camp","og_description":"NETTALI.COM- Plusieurs p\u00eacheurs s\u00e9n\u00e9galais sont d\u00e9tenus dans un camp \u00e0 Nouakchott. Le secr\u00e9taire g\u00e9n\u00e9ral du syndicat autonome des p\u00eacheurs du S\u00e9n\u00e9gal, Moustapha Dieng, qui sonne l\u2019alerte appelle les autorit\u00e9s \u00e0 prendre les mesures n\u00e9cessaires pour leur lib\u00e9ration dans les meilleurs d\u00e9lais. Alors qu\u2019ils \u00e9taient partis faire campagne en mer, des S\u00e9n\u00e9galais notamment des p\u00eacheurs sont [&hellip;]","og_url":"https:\/\/www.nettali.com\/2025\/03\/04\/nouakchott-plusieurs-pecheurs-senegalais-captures-et-detenus-dans-un-camp\/","og_site_name":"Nettali.com","article_publisher":"https:\/\/www.facebook.com\/nettalicom","article_published_time":"2025-03-04T16:58:31+00:00","article_modified_time":"2025-03-04T14:59:11+00:00","og_image":[{"width":2300,"height":1725,"url":"https:\/\/www.nettali.com\/wp-content\/uploads\/2020\/04\/depart-en-mer-des-pecheurs.jpg","type":"image\/jpeg"}],"twitter_card":"summary_large_image","twitter_misc":{"\u00c9crit par":"Fatou","Dur\u00e9e de lecture estim\u00e9e":"2 minutes"},"schema":{"@context":"https:\/\/schema.org","@graph":[{"@type":"WebSite","@id":"https:\/\/www.nettali.com\/#website","url":"https:\/\/www.nettali.com\/","name":"Nettali.com","description":"Le rendez-vous critique du Net","potentialAction":[{"@type":"SearchAction","target":{"@type":"EntryPoint","urlTemplate":"https:\/\/www.nettali.com\/?s={search_term_string}"},"query-input":"required name=search_term_string"}],"inLanguage":"fr-FR"},{"@type":"ImageObject","@id":"https:\/\/www.nettali.com\/2025\/03\/04\/nouakchott-plusieurs-pecheurs-senegalais-captures-et-detenus-dans-un-camp\/#primaryimage","inLanguage":"fr-FR","url":"https:\/\/www.nettali.com\/wp-content\/uploads\/2020\/04\/depart-en-mer-des-pecheurs.jpg","contentUrl":"https:\/\/www.nettali.com\/wp-content\/uploads\/2020\/04\/depart-en-mer-des-pecheurs.jpg","width":2300,"height":1725,"caption":"D\u00e9part en mer des p\u00eacheurs, Palmarin Nguethe, S\u00e9n\u00e9gal."},{"@type":"WebPage","@id":"https:\/\/www.nettali.com\/2025\/03\/04\/nouakchott-plusieurs-pecheurs-senegalais-captures-et-detenus-dans-un-camp\/#webpage","url":"https:\/\/www.nettali.com\/2025\/03\/04\/nouakchott-plusieurs-pecheurs-senegalais-captures-et-detenus-dans-un-camp\/","name":"NOUAKCHOTT- Plusieurs p\u00eacheurs s\u00e9n\u00e9galais captur\u00e9s et d\u00e9tenus dans un camp | Nettali.com","isPartOf":{"@id":"https:\/\/www.nettali.com\/#website"},"primaryImageOfPage":{"@id":"https:\/\/www.nettali.com\/2025\/03\/04\/nouakchott-plusieurs-pecheurs-senegalais-captures-et-detenus-dans-un-camp\/#primaryimage"},"datePublished":"2025-03-04T16:58:31+00:00","dateModified":"2025-03-04T14:59:11+00:00","author":{"@id":"https:\/\/www.nettali.com\/#\/schema\/person\/418274a86bdf87caff7a3ef476bd0bbf"},"breadcrumb":{"@id":"https:\/\/www.nettali.com\/2025\/03\/04\/nouakchott-plusieurs-pecheurs-senegalais-captures-et-detenus-dans-un-camp\/#breadcrumb"},"inLanguage":"fr-FR","potentialAction":[{"@type":"ReadAction","target":["https:\/\/www.nettali.com\/2025\/03\/04\/nouakchott-plusieurs-pecheurs-senegalais-captures-et-detenus-dans-un-camp\/"]}]},{"@type":"BreadcrumbList","@id":"https:\/\/www.nettali.com\/2025\/03\/04\/nouakchott-plusieurs-pecheurs-senegalais-captures-et-detenus-dans-un-camp\/#breadcrumb","itemListElement":[{"@type":"ListItem","position":1,"name":"Accueil","item":"https:\/\/www.nettali.com\/"},{"@type":"ListItem","position":2,"name":"NOUAKCHOTT- Plusieurs p\u00eacheurs s\u00e9n\u00e9galais captur\u00e9s et d\u00e9tenus dans un camp"}]},{"@type":"Person","@id":"https:\/\/www.nettali.com\/#\/schema\/person\/418274a86bdf87caff7a3ef476bd0bbf","name":"Fatou","image":{"@type":"ImageObject","@id":"https:\/\/www.nettali.com\/#personlogo","inLanguage":"fr-FR","url":"https:\/\/secure.gravatar.com\/avatar\/5a9442a2bee7b4dcf167cab035858e9a?s=96&d=mm&r=g","contentUrl":"https:\/\/secure.gravatar.com\/avatar\/5a9442a2bee7b4dcf167cab035858e9a?s=96&d=mm&r=g","caption":"Fatou"},"sameAs":["https:\/\/www.nettali.com"]}]}},"_links":{"self":[{"href":"https:\/\/www.nettali.com\/rest\/wp\/v2\/posts\/150106"}],"collection":[{"href":"https:\/\/www.nettali.com\/rest\/wp\/v2\/posts"}],"about":[{"href":"https:\/\/www.nettali.com\/rest\/wp\/v2\/types\/post"}],"author":[{"embeddable":true,"href":"https:\/\/www.nettali.com\/rest\/wp\/v2\/users\/6"}],"replies":[{"embeddable":true,"href":"https:\/\/www.nettali.com\/rest\/wp\/v2\/comments?post=150106"}],"version-history":[{"count":2,"href":"https:\/\/www.nettali.com\/rest\/wp\/v2\/posts\/150106\/revisions"}],"predecessor-version":[{"id":150108,"href":"https:\/\/www.nettali.com\/rest\/wp\/v2\/posts\/150106\/revisions\/150108"}],"wp:featuredmedia":[{"embeddable":true,"href":"https:\/\/www.nettali.com\/rest\/wp\/v2\/media\/33639"}],"wp:attachment":[{"href":"https:\/\/www.nettali.com\/rest\/wp\/v2\/media?parent=150106"}],"wp:term":[{"taxonomy":"category","embeddable":true,"href":"https:\/\/www.nettali.com\/rest\/wp\/v2\/categories?post=150106"},{"taxonomy":"post_tag","embeddable":true,"href":"https:\/\/www.nettali.com\/rest\/wp\/v2\/tags?post=150106"}],"curies":[{"name":"wp","href":"https:\/\/api.w.org\/{rel}","templated":true}]}}