{"id":150001,"date":"2025-03-02T18:18:39","date_gmt":"2025-03-02T18:18:39","guid":{"rendered":"https:\/\/www.nettali.com\/?p=150001"},"modified":"2025-03-04T06:32:09","modified_gmt":"2025-03-04T06:32:09","slug":"el-hadji-amadou-sall-cest-indigne-les-hommes-detat-ne-parlent-pas-ainsi","status":"publish","type":"post","link":"https:\/\/www.nettali.com\/2025\/03\/02\/el-hadji-amadou-sall-cest-indigne-les-hommes-detat-ne-parlent-pas-ainsi\/","title":{"rendered":"EL HADJI AMADOU SALL - \"C\u2019est indigne... les hommes d\u2019\u00c9tat ne parlent pas ainsi\""},"content":{"rendered":"<p><strong>NETTALI.COM - Invit\u00e9 de l'\u00e9mission \"Grand Jury\" du dimanche 2 mars, El Hadji Amadou Sall a r\u00e9pondu \u00e0 Moustapha Sarr\u00e9, le porte-parole du gouvernement, qui qualifie l\u2019ancien Chef de l\u2019\u00c9tat, Macky Sall, de chef de gang. Selon l\u2019ancien ministre de la Justice entre 2009 et 2010, le S\u00e9n\u00e9gal n\u2019est pas gouvern\u00e9 par des hommes d\u2019Etat.<\/strong><\/p>\n<p>\"<em>C\u2019est indigne, ce n\u2019est pas l\u2019\u00c9tat. Les hommes d\u2019\u00c9tat ne parlent pas ainsi, ne se comportent pas de cette fa\u00e7on et \u00e0 priori, tout indique qu\u2019il y a une entreprise pour discr\u00e9diter ceux qui \u00e9taient l\u00e0. Mais ce n\u2019est pas de cette fa\u00e7on l\u00e0 qu\u2019on g\u00e8re un pays. Comme je dis, mentez, mentez, mentez, il en restera toujours quelque chose<\/em>\", a-t-il d\u00e9clar\u00e9 dans l'\u00e9mission \"Grand Jury\".<\/p>\n<p>L'ex-ministre sous Macky Sall dit avoir piti\u00e9 pour son pays qui, selon lui, est gouvern\u00e9 par des incomp\u00e9tents. \"<em>Quand on dit qu\u2019il n\u2019y a plus de marges, il n\u2019y a plus rien ! Qu\u2019est-ce qu\u2019ils font l\u00e0 ? Ils n\u2019ont plus aucune marge. Ils se sont battus avec tout le monde. Ils ne s\u2019entendent avec personne, avec aucun de nos partenaires. Ils ont f\u00e2ch\u00e9 tous nos partenaires. Il ne leur reste qu\u2019une seule chose : augmenter la pression fiscale parce qu\u2019on gouverne dans le vacarme, dans le brouhaha. Arr\u00eatons \u00e7a<\/em> !\", a pest\u00e9 l\u2019ancien ministre sous Abdoulaye Wade.<\/p>\n<p>\"<em>On est en train, au moment o\u00f9 je vous parle, de faire les inscriptions sur les listes \u00e9lectorales. C\u2019est la premi\u00e8re fois dans l\u2019histoire du S\u00e9n\u00e9gal depuis 1992, qu\u2019on y va sans qu\u2019il y ait une concertation entre le ministre de l\u2019int\u00e9rieur et les partis politiques, la soci\u00e9t\u00e9 civile et nos partenaires. C\u2019est une d\u00e9marche unilat\u00e9rale, une \u00e9chapp\u00e9e solitaire. Un Gouvernement qui ne connait que deux choses : l\u2019\u00e9chapp\u00e9e solitaire et le combat. Ce gouvernement l\u00e0 ne rassure pas<\/em>\", a-t-il d\u00e9plor\u00e9.<\/p>\n<div class='share-to-whatsapp-wrapper'><div class='share-on-whsp'>PARTAGER SUR : <\/div><a data-text='EL HADJI AMADOU SALL - \"C\u2019est indigne... les hommes d\u2019\u00c9tat ne parlent pas ainsi\"' data-link='https:\/\/www.nettali.com\/2025\/03\/02\/el-hadji-amadou-sall-cest-indigne-les-hommes-detat-ne-parlent-pas-ainsi\/' class='whatsapp-button whatsapp-share'>WhatsApp<\/a><div class='clear '><\/div><\/div>","protected":false},"excerpt":{"rendered":"<p>NETTALI.COM - Invit\u00e9 de l'\u00e9mission \"Grand Jury\" du dimanche 2 mars, El Hadji Amadou Sall a r\u00e9pondu \u00e0 Moustapha Sarr\u00e9, le porte-parole du gouvernement, qui qualifie l\u2019ancien Chef de l\u2019\u00c9tat, Macky Sall, de chef de gang. Selon l\u2019ancien ministre de la Justice entre 2009 et 2010, le S\u00e9n\u00e9gal n\u2019est pas gouvern\u00e9 par des hommes d\u2019Etat. [&hellip;]<\/p>\n","protected":false},"author":5,"featured_media":150002,"comment_status":"open","ping_status":"open","sticky":false,"template":"","format":"standard","meta":{"_et_pb_use_builder":"","_et_pb_old_content":""},"categories":[2],"tags":[],"yoast_head":"<!-- This site is optimized with the Yoast SEO Premium plugin v17.8 (Yoast SEO v17.8) - https:\/\/yoast.com\/wordpress\/plugins\/seo\/ -->\n<title>EL HADJI AMADOU SALL - &quot;C\u2019est indigne... les hommes d\u2019\u00c9tat ne parlent pas ainsi&quot; | Nettali.com<\/title>\n<meta name=\"robots\" content=\"index, follow, max-snippet:-1, max-image-preview:large, max-video-preview:-1\" \/>\n<link rel=\"canonical\" href=\"https:\/\/www.nettali.com\/2025\/03\/02\/el-hadji-amadou-sall-cest-indigne-les-hommes-detat-ne-parlent-pas-ainsi\/\" \/>\n<meta property=\"og:locale\" content=\"fr_FR\" \/>\n<meta property=\"og:type\" content=\"article\" \/>\n<meta property=\"og:title\" content=\"EL HADJI AMADOU SALL - &quot;C\u2019est indigne... les hommes d\u2019\u00c9tat ne parlent pas ainsi&quot;\" \/>\n<meta property=\"og:description\" content=\"NETTALI.COM - Invit\u00e9 de l&#039;\u00e9mission &quot;Grand Jury&quot; du dimanche 2 mars, El Hadji Amadou Sall a r\u00e9pondu \u00e0 Moustapha Sarr\u00e9, le porte-parole du gouvernement, qui qualifie l\u2019ancien Chef de l\u2019\u00c9tat, Macky Sall, de chef de gang. Selon l\u2019ancien ministre de la Justice entre 2009 et 2010, le S\u00e9n\u00e9gal n\u2019est pas gouvern\u00e9 par des hommes d\u2019Etat. [&hellip;]\" \/>\n<meta property=\"og:url\" content=\"https:\/\/www.nettali.com\/2025\/03\/02\/el-hadji-amadou-sall-cest-indigne-les-hommes-detat-ne-parlent-pas-ainsi\/\" \/>\n<meta property=\"og:site_name\" content=\"Nettali.com\" \/>\n<meta property=\"article:publisher\" content=\"https:\/\/www.facebook.com\/nettalicom\" \/>\n<meta property=\"article:published_time\" content=\"2025-03-02T18:18:39+00:00\" \/>\n<meta property=\"article:modified_time\" content=\"2025-03-04T06:32:09+00:00\" \/>\n<meta property=\"og:image\" content=\"https:\/\/www.nettali.com\/wp-content\/uploads\/2025\/03\/el-hadj-amadou-sall.jpg\" \/>\n\t<meta property=\"og:image:width\" content=\"600\" \/>\n\t<meta property=\"og:image:height\" content=\"413\" \/>\n<meta name=\"twitter:card\" content=\"summary_large_image\" \/>\n<meta name=\"twitter:label1\" content=\"\u00c9crit par\" \/>\n\t<meta name=\"twitter:data1\" content=\"Ibrahima\" \/>\n\t<meta name=\"twitter:label2\" content=\"Dur\u00e9e de lecture estim\u00e9e\" \/>\n\t<meta name=\"twitter:data2\" content=\"2 minutes\" \/>\n<script type=\"application\/ld+json\" class=\"yoast-schema-graph\">{\"@context\":\"https:\/\/schema.org\",\"@graph\":[{\"@type\":\"WebSite\",\"@id\":\"https:\/\/www.nettali.com\/#website\",\"url\":\"https:\/\/www.nettali.com\/\",\"name\":\"Nettali.com\",\"description\":\"Le rendez-vous critique du Net\",\"potentialAction\":[{\"@type\":\"SearchAction\",\"target\":{\"@type\":\"EntryPoint\",\"urlTemplate\":\"https:\/\/www.nettali.com\/?s={search_term_string}\"},\"query-input\":\"required name=search_term_string\"}],\"inLanguage\":\"fr-FR\"},{\"@type\":\"ImageObject\",\"@id\":\"https:\/\/www.nettali.com\/2025\/03\/02\/el-hadji-amadou-sall-cest-indigne-les-hommes-detat-ne-parlent-pas-ainsi\/#primaryimage\",\"inLanguage\":\"fr-FR\",\"url\":\"https:\/\/www.nettali.com\/wp-content\/uploads\/2025\/03\/el-hadj-amadou-sall.jpg\",\"contentUrl\":\"https:\/\/www.nettali.com\/wp-content\/uploads\/2025\/03\/el-hadj-amadou-sall.jpg\",\"width\":600,\"height\":413},{\"@type\":\"WebPage\",\"@id\":\"https:\/\/www.nettali.com\/2025\/03\/02\/el-hadji-amadou-sall-cest-indigne-les-hommes-detat-ne-parlent-pas-ainsi\/#webpage\",\"url\":\"https:\/\/www.nettali.com\/2025\/03\/02\/el-hadji-amadou-sall-cest-indigne-les-hommes-detat-ne-parlent-pas-ainsi\/\",\"name\":\"EL HADJI AMADOU SALL - \\\"C\\u2019est indigne... les hommes d\\u2019\\u00c9tat ne parlent pas ainsi\\\" | Nettali.com\",\"isPartOf\":{\"@id\":\"https:\/\/www.nettali.com\/#website\"},\"primaryImageOfPage\":{\"@id\":\"https:\/\/www.nettali.com\/2025\/03\/02\/el-hadji-amadou-sall-cest-indigne-les-hommes-detat-ne-parlent-pas-ainsi\/#primaryimage\"},\"datePublished\":\"2025-03-02T18:18:39+00:00\",\"dateModified\":\"2025-03-04T06:32:09+00:00\",\"author\":{\"@id\":\"https:\/\/www.nettali.com\/#\/schema\/person\/bb147657c2986240405a608162b9bb23\"},\"breadcrumb\":{\"@id\":\"https:\/\/www.nettali.com\/2025\/03\/02\/el-hadji-amadou-sall-cest-indigne-les-hommes-detat-ne-parlent-pas-ainsi\/#breadcrumb\"},\"inLanguage\":\"fr-FR\",\"potentialAction\":[{\"@type\":\"ReadAction\",\"target\":[\"https:\/\/www.nettali.com\/2025\/03\/02\/el-hadji-amadou-sall-cest-indigne-les-hommes-detat-ne-parlent-pas-ainsi\/\"]}]},{\"@type\":\"BreadcrumbList\",\"@id\":\"https:\/\/www.nettali.com\/2025\/03\/02\/el-hadji-amadou-sall-cest-indigne-les-hommes-detat-ne-parlent-pas-ainsi\/#breadcrumb\",\"itemListElement\":[{\"@type\":\"ListItem\",\"position\":1,\"name\":\"Accueil\",\"item\":\"https:\/\/www.nettali.com\/\"},{\"@type\":\"ListItem\",\"position\":2,\"name\":\"EL HADJI AMADOU SALL - \\\"C\\u2019est indigne... les hommes d\\u2019\\u00c9tat ne parlent pas ainsi\\\"\"}]},{\"@type\":\"Person\",\"@id\":\"https:\/\/www.nettali.com\/#\/schema\/person\/bb147657c2986240405a608162b9bb23\",\"name\":\"Ibrahima\",\"image\":{\"@type\":\"ImageObject\",\"@id\":\"https:\/\/www.nettali.com\/#personlogo\",\"inLanguage\":\"fr-FR\",\"url\":\"https:\/\/secure.gravatar.com\/avatar\/26a8a81f09f0dd7624c9d5c36c9ba3a2?s=96&d=mm&r=g\",\"contentUrl\":\"https:\/\/secure.gravatar.com\/avatar\/26a8a81f09f0dd7624c9d5c36c9ba3a2?s=96&d=mm&r=g\",\"caption\":\"Ibrahima\"},\"sameAs\":[\"https:\/\/www.nettali.com\"]}]}<\/script>\n<!-- \/ Yoast SEO Premium plugin. -->","yoast_head_json":{"title":"EL HADJI AMADOU SALL - \"C\u2019est indigne... les hommes d\u2019\u00c9tat ne parlent pas ainsi\" | Nettali.com","robots":{"index":"index","follow":"follow","max-snippet":"max-snippet:-1","max-image-preview":"max-image-preview:large","max-video-preview":"max-video-preview:-1"},"canonical":"https:\/\/www.nettali.com\/2025\/03\/02\/el-hadji-amadou-sall-cest-indigne-les-hommes-detat-ne-parlent-pas-ainsi\/","og_locale":"fr_FR","og_type":"article","og_title":"EL HADJI AMADOU SALL - \"C\u2019est indigne... les hommes d\u2019\u00c9tat ne parlent pas ainsi\"","og_description":"NETTALI.COM - Invit\u00e9 de l'\u00e9mission \"Grand Jury\" du dimanche 2 mars, El Hadji Amadou Sall a r\u00e9pondu \u00e0 Moustapha Sarr\u00e9, le porte-parole du gouvernement, qui qualifie l\u2019ancien Chef de l\u2019\u00c9tat, Macky Sall, de chef de gang. Selon l\u2019ancien ministre de la Justice entre 2009 et 2010, le S\u00e9n\u00e9gal n\u2019est pas gouvern\u00e9 par des hommes d\u2019Etat. [&hellip;]","og_url":"https:\/\/www.nettali.com\/2025\/03\/02\/el-hadji-amadou-sall-cest-indigne-les-hommes-detat-ne-parlent-pas-ainsi\/","og_site_name":"Nettali.com","article_publisher":"https:\/\/www.facebook.com\/nettalicom","article_published_time":"2025-03-02T18:18:39+00:00","article_modified_time":"2025-03-04T06:32:09+00:00","og_image":[{"width":600,"height":413,"url":"https:\/\/www.nettali.com\/wp-content\/uploads\/2025\/03\/el-hadj-amadou-sall.jpg","type":"image\/jpeg"}],"twitter_card":"summary_large_image","twitter_misc":{"\u00c9crit par":"Ibrahima","Dur\u00e9e de lecture estim\u00e9e":"2 minutes"},"schema":{"@context":"https:\/\/schema.org","@graph":[{"@type":"WebSite","@id":"https:\/\/www.nettali.com\/#website","url":"https:\/\/www.nettali.com\/","name":"Nettali.com","description":"Le rendez-vous critique du Net","potentialAction":[{"@type":"SearchAction","target":{"@type":"EntryPoint","urlTemplate":"https:\/\/www.nettali.com\/?s={search_term_string}"},"query-input":"required name=search_term_string"}],"inLanguage":"fr-FR"},{"@type":"ImageObject","@id":"https:\/\/www.nettali.com\/2025\/03\/02\/el-hadji-amadou-sall-cest-indigne-les-hommes-detat-ne-parlent-pas-ainsi\/#primaryimage","inLanguage":"fr-FR","url":"https:\/\/www.nettali.com\/wp-content\/uploads\/2025\/03\/el-hadj-amadou-sall.jpg","contentUrl":"https:\/\/www.nettali.com\/wp-content\/uploads\/2025\/03\/el-hadj-amadou-sall.jpg","width":600,"height":413},{"@type":"WebPage","@id":"https:\/\/www.nettali.com\/2025\/03\/02\/el-hadji-amadou-sall-cest-indigne-les-hommes-detat-ne-parlent-pas-ainsi\/#webpage","url":"https:\/\/www.nettali.com\/2025\/03\/02\/el-hadji-amadou-sall-cest-indigne-les-hommes-detat-ne-parlent-pas-ainsi\/","name":"EL HADJI AMADOU SALL - \"C\u2019est indigne... les hommes d\u2019\u00c9tat ne parlent pas ainsi\" | Nettali.com","isPartOf":{"@id":"https:\/\/www.nettali.com\/#website"},"primaryImageOfPage":{"@id":"https:\/\/www.nettali.com\/2025\/03\/02\/el-hadji-amadou-sall-cest-indigne-les-hommes-detat-ne-parlent-pas-ainsi\/#primaryimage"},"datePublished":"2025-03-02T18:18:39+00:00","dateModified":"2025-03-04T06:32:09+00:00","author":{"@id":"https:\/\/www.nettali.com\/#\/schema\/person\/bb147657c2986240405a608162b9bb23"},"breadcrumb":{"@id":"https:\/\/www.nettali.com\/2025\/03\/02\/el-hadji-amadou-sall-cest-indigne-les-hommes-detat-ne-parlent-pas-ainsi\/#breadcrumb"},"inLanguage":"fr-FR","potentialAction":[{"@type":"ReadAction","target":["https:\/\/www.nettali.com\/2025\/03\/02\/el-hadji-amadou-sall-cest-indigne-les-hommes-detat-ne-parlent-pas-ainsi\/"]}]},{"@type":"BreadcrumbList","@id":"https:\/\/www.nettali.com\/2025\/03\/02\/el-hadji-amadou-sall-cest-indigne-les-hommes-detat-ne-parlent-pas-ainsi\/#breadcrumb","itemListElement":[{"@type":"ListItem","position":1,"name":"Accueil","item":"https:\/\/www.nettali.com\/"},{"@type":"ListItem","position":2,"name":"EL HADJI AMADOU SALL - \"C\u2019est indigne... les hommes d\u2019\u00c9tat ne parlent pas ainsi\""}]},{"@type":"Person","@id":"https:\/\/www.nettali.com\/#\/schema\/person\/bb147657c2986240405a608162b9bb23","name":"Ibrahima","image":{"@type":"ImageObject","@id":"https:\/\/www.nettali.com\/#personlogo","inLanguage":"fr-FR","url":"https:\/\/secure.gravatar.com\/avatar\/26a8a81f09f0dd7624c9d5c36c9ba3a2?s=96&d=mm&r=g","contentUrl":"https:\/\/secure.gravatar.com\/avatar\/26a8a81f09f0dd7624c9d5c36c9ba3a2?s=96&d=mm&r=g","caption":"Ibrahima"},"sameAs":["https:\/\/www.nettali.com"]}]}},"_links":{"self":[{"href":"https:\/\/www.nettali.com\/rest\/wp\/v2\/posts\/150001"}],"collection":[{"href":"https:\/\/www.nettali.com\/rest\/wp\/v2\/posts"}],"about":[{"href":"https:\/\/www.nettali.com\/rest\/wp\/v2\/types\/post"}],"author":[{"embeddable":true,"href":"https:\/\/www.nettali.com\/rest\/wp\/v2\/users\/5"}],"replies":[{"embeddable":true,"href":"https:\/\/www.nettali.com\/rest\/wp\/v2\/comments?post=150001"}],"version-history":[{"count":5,"href":"https:\/\/www.nettali.com\/rest\/wp\/v2\/posts\/150001\/revisions"}],"predecessor-version":[{"id":150021,"href":"https:\/\/www.nettali.com\/rest\/wp\/v2\/posts\/150001\/revisions\/150021"}],"wp:featuredmedia":[{"embeddable":true,"href":"https:\/\/www.nettali.com\/rest\/wp\/v2\/media\/150002"}],"wp:attachment":[{"href":"https:\/\/www.nettali.com\/rest\/wp\/v2\/media?parent=150001"}],"wp:term":[{"taxonomy":"category","embeddable":true,"href":"https:\/\/www.nettali.com\/rest\/wp\/v2\/categories?post=150001"},{"taxonomy":"post_tag","embeddable":true,"href":"https:\/\/www.nettali.com\/rest\/wp\/v2\/tags?post=150001"}],"curies":[{"name":"wp","href":"https:\/\/api.w.org\/{rel}","templated":true}]}}