{"id":149937,"date":"2025-03-01T07:40:05","date_gmt":"2025-03-01T07:40:05","guid":{"rendered":"https:\/\/www.nettali.com\/?p=149937"},"modified":"2025-03-01T07:40:54","modified_gmt":"2025-03-01T07:40:54","slug":"incarceration-de-farba-lapr-juge-la-decision-cruelle-et-accuse-sonko","status":"publish","type":"post","link":"https:\/\/www.nettali.com\/2025\/03\/01\/incarceration-de-farba-lapr-juge-la-decision-cruelle-et-accuse-sonko\/","title":{"rendered":"INCARCERATION DE FARBA - L'Apr juge la d\u00e9cision \"cruelle\" et pointe \"une commande politique\""},"content":{"rendered":"<p><strong>NETTALI.COM -<\/strong> Le Secr\u00e9tariat ex\u00e9cutif national (Sen) de l\u2019APR s'est prononc\u00e9, ce vendredi 28 f\u00e9vrier, sur l\u2019affaire Farba Ngom. Selon un communiqu\u00e9, le Sen s'\u00e9tonne que, malgr\u00e9 les contestations et les garanties propos\u00e9es pour d\u00e9montrer sa volont\u00e9 de ne pas se soustraire \u00e0 la justice, Farba a \u00e9t\u00e9 \u201c<em>injustement<\/em>\u201d priv\u00e9 de libert\u00e9.<\/p>\n<p>Cette d\u00e9cision, qu\u2019il juge \u201c<em>cruelle<\/em>\u201d, est encore la preuve \u00e9clatante d\u2019une justice malade, qui manifestement est devenue une machine d\u2019ex\u00e9cution des directives et d\u00e9sirs d'Ousmane Sonko, Premier ministre du S\u00e9n\u00e9gal. C\u2019est lui qui a donn\u00e9 les instructions fermes de proc\u00e9der \u00e0 l\u2019arrestation de Farba apr\u00e8s l\u2019avoir menac\u00e9 ouvertement et publiquement \u00e0 Matam. C\u2019est pourquoi, contre toute normalit\u00e9, cette justice critiqu\u00e9e vertement par Sonko, devenu Premier ministre et chef de parti, oriente son horloge \u00e0 l\u2019heure de la primature.<\/p>\n<p>En d\u00e9cidant de l\u2019emprisonnement du d\u00e9put\u00e9 Mouhamadou Ngom, dit Farba, le juge d\u2019instruction n\u2019a fait que suivre et signer l\u2019ex\u00e9cution d\u2019une commande politique du responsable politique de Pastef et Premier ministre, lit-on dans la note.<\/p>\n<p>Par cons\u00e9quent, il \u201c<em>d\u00e9nonce avec la derni\u00e8re \u00e9nergie cette arrestation plus qu'arbitraire<\/em>\u201d. M. Ngom est, selon ses camarades, \u201c<em>l\u2019otage politique d\u2019un r\u00e9gime aux abois qui n\u2019a aucune solution face aux pr\u00e9occupations des S\u00e9n\u00e9galais<\/em>\u201d.<\/p>\n<p>En outre, le Sen de l\u2019APR appelle toutes les forces politiques et citoyennes, d\u2019ici et de la diaspora, \u00e0 se mobiliser pour faire face \u00e0 l\u2019injustice qui menace notre d\u00e9mocratie et hypoth\u00e8que le futur du S\u00e9n\u00e9gal.<\/p>\n<p>De m\u00eame, il exhorte la magistrature, pilier central de la justice, \u00e0 \u00e9viter de transformer notre justice en un appareil politique, au service d\u2019un r\u00e8glement de comptes politiques.<\/p>\n<p>Dans cette p\u00e9riode de crise, o\u00f9 les S\u00e9n\u00e9galais sont en proie \u00e0 des difficult\u00e9s de toutes sortes, le Secr\u00e9tariat ex\u00e9cutif de l\u2019APR, plus que jamais aux c\u00f4t\u00e9s d\u2019un peuple tromp\u00e9, abus\u00e9 et d\u00e9sesp\u00e9r\u00e9, demande aux organes d\u00e9concentr\u00e9s et d\u00e9centralis\u00e9s du parti, de ses alli\u00e9s et \u00e0 toutes les forces politiques de l\u2019opposition de se mobiliser pour faire face \u00e0 cette forfaiture.<\/p>\n<p>Face \u00e0 cette volont\u00e9 manifeste et implacable de casser notre parti en s\u2019attaquant \u00e0 ses principaux responsables, le Sen prend \u00e0 t\u00e9moin l\u2019opinion publique nationale et internationale des d\u00e9rives des dossiers judiciaires, fruit d\u2019un complot et de machinations abjectes dont le seul but est de museler le principal parti d\u2019opposition du S\u00e9n\u00e9gal par l\u2019embrigadement de ses leaders ainsi que de toutes voix discordantes pour masquer leur incomp\u00e9tence chronique, ajoute-t-on dans la note.<\/p>\n<div class='share-to-whatsapp-wrapper'><div class='share-on-whsp'>PARTAGER SUR : <\/div><a data-text='INCARCERATION DE FARBA - L'Apr juge la d\u00e9cision \"cruelle\" et pointe \"une commande politique\"' data-link='https:\/\/www.nettali.com\/2025\/03\/01\/incarceration-de-farba-lapr-juge-la-decision-cruelle-et-accuse-sonko\/' class='whatsapp-button whatsapp-share'>WhatsApp<\/a><div class='clear '><\/div><\/div>","protected":false},"excerpt":{"rendered":"<p>NETTALI.COM - Le Secr\u00e9tariat ex\u00e9cutif national (Sen) de l\u2019APR s'est prononc\u00e9, ce vendredi 28 f\u00e9vrier, sur l\u2019affaire Farba Ngom. Selon un communiqu\u00e9, le Sen s'\u00e9tonne que, malgr\u00e9 les contestations et les garanties propos\u00e9es pour d\u00e9montrer sa volont\u00e9 de ne pas se soustraire \u00e0 la justice, Farba a \u00e9t\u00e9 \u201cinjustement\u201d priv\u00e9 de libert\u00e9. Cette d\u00e9cision, qu\u2019il [&hellip;]<\/p>\n","protected":false},"author":2,"featured_media":149938,"comment_status":"open","ping_status":"open","sticky":false,"template":"","format":"standard","meta":{"_et_pb_use_builder":"","_et_pb_old_content":""},"categories":[34945],"tags":[],"yoast_head":"<!-- This site is optimized with the Yoast SEO Premium plugin v17.8 (Yoast SEO v17.8) - https:\/\/yoast.com\/wordpress\/plugins\/seo\/ -->\n<title>INCARCERATION DE FARBA - L&#039;Apr juge la d\u00e9cision &quot;cruelle&quot; et pointe &quot;une commande politique&quot; | Nettali.com<\/title>\n<meta name=\"robots\" content=\"index, follow, max-snippet:-1, max-image-preview:large, max-video-preview:-1\" \/>\n<link rel=\"canonical\" href=\"https:\/\/www.nettali.com\/2025\/03\/01\/incarceration-de-farba-lapr-juge-la-decision-cruelle-et-accuse-sonko\/\" \/>\n<meta property=\"og:locale\" content=\"fr_FR\" \/>\n<meta property=\"og:type\" content=\"article\" \/>\n<meta property=\"og:title\" content=\"INCARCERATION DE FARBA - L&#039;Apr juge la d\u00e9cision &quot;cruelle&quot; et pointe &quot;une commande politique&quot;\" \/>\n<meta property=\"og:description\" content=\"NETTALI.COM - Le Secr\u00e9tariat ex\u00e9cutif national (Sen) de l\u2019APR s&#039;est prononc\u00e9, ce vendredi 28 f\u00e9vrier, sur l\u2019affaire Farba Ngom. Selon un communiqu\u00e9, le Sen s&#039;\u00e9tonne que, malgr\u00e9 les contestations et les garanties propos\u00e9es pour d\u00e9montrer sa volont\u00e9 de ne pas se soustraire \u00e0 la justice, Farba a \u00e9t\u00e9 \u201cinjustement\u201d priv\u00e9 de libert\u00e9. Cette d\u00e9cision, qu\u2019il [&hellip;]\" \/>\n<meta property=\"og:url\" content=\"https:\/\/www.nettali.com\/2025\/03\/01\/incarceration-de-farba-lapr-juge-la-decision-cruelle-et-accuse-sonko\/\" \/>\n<meta property=\"og:site_name\" content=\"Nettali.com\" \/>\n<meta property=\"article:publisher\" content=\"https:\/\/www.facebook.com\/nettalicom\" \/>\n<meta property=\"article:published_time\" content=\"2025-03-01T07:40:05+00:00\" \/>\n<meta property=\"article:modified_time\" content=\"2025-03-01T07:40:54+00:00\" \/>\n<meta property=\"og:image\" content=\"https:\/\/www.nettali.com\/wp-content\/uploads\/2025\/03\/86857751-61716534.jpg\" \/>\n\t<meta property=\"og:image:width\" content=\"800\" \/>\n\t<meta property=\"og:image:height\" content=\"600\" \/>\n<meta name=\"twitter:card\" content=\"summary_large_image\" \/>\n<meta name=\"twitter:label1\" content=\"\u00c9crit par\" \/>\n\t<meta name=\"twitter:data1\" content=\"CK\" \/>\n\t<meta name=\"twitter:label2\" content=\"Dur\u00e9e de lecture estim\u00e9e\" \/>\n\t<meta name=\"twitter:data2\" content=\"2 minutes\" \/>\n<script type=\"application\/ld+json\" class=\"yoast-schema-graph\">{\"@context\":\"https:\/\/schema.org\",\"@graph\":[{\"@type\":\"WebSite\",\"@id\":\"https:\/\/www.nettali.com\/#website\",\"url\":\"https:\/\/www.nettali.com\/\",\"name\":\"Nettali.com\",\"description\":\"Le rendez-vous critique du Net\",\"potentialAction\":[{\"@type\":\"SearchAction\",\"target\":{\"@type\":\"EntryPoint\",\"urlTemplate\":\"https:\/\/www.nettali.com\/?s={search_term_string}\"},\"query-input\":\"required name=search_term_string\"}],\"inLanguage\":\"fr-FR\"},{\"@type\":\"ImageObject\",\"@id\":\"https:\/\/www.nettali.com\/2025\/03\/01\/incarceration-de-farba-lapr-juge-la-decision-cruelle-et-accuse-sonko\/#primaryimage\",\"inLanguage\":\"fr-FR\",\"url\":\"https:\/\/www.nettali.com\/wp-content\/uploads\/2025\/03\/86857751-61716534.jpg\",\"contentUrl\":\"https:\/\/www.nettali.com\/wp-content\/uploads\/2025\/03\/86857751-61716534.jpg\",\"width\":800,\"height\":600},{\"@type\":\"WebPage\",\"@id\":\"https:\/\/www.nettali.com\/2025\/03\/01\/incarceration-de-farba-lapr-juge-la-decision-cruelle-et-accuse-sonko\/#webpage\",\"url\":\"https:\/\/www.nettali.com\/2025\/03\/01\/incarceration-de-farba-lapr-juge-la-decision-cruelle-et-accuse-sonko\/\",\"name\":\"INCARCERATION DE FARBA - L'Apr juge la d\\u00e9cision \\\"cruelle\\\" et pointe \\\"une commande politique\\\" | Nettali.com\",\"isPartOf\":{\"@id\":\"https:\/\/www.nettali.com\/#website\"},\"primaryImageOfPage\":{\"@id\":\"https:\/\/www.nettali.com\/2025\/03\/01\/incarceration-de-farba-lapr-juge-la-decision-cruelle-et-accuse-sonko\/#primaryimage\"},\"datePublished\":\"2025-03-01T07:40:05+00:00\",\"dateModified\":\"2025-03-01T07:40:54+00:00\",\"author\":{\"@id\":\"https:\/\/www.nettali.com\/#\/schema\/person\/d8ac7b7e27ddad43f1c0d2ef090d7f71\"},\"breadcrumb\":{\"@id\":\"https:\/\/www.nettali.com\/2025\/03\/01\/incarceration-de-farba-lapr-juge-la-decision-cruelle-et-accuse-sonko\/#breadcrumb\"},\"inLanguage\":\"fr-FR\",\"potentialAction\":[{\"@type\":\"ReadAction\",\"target\":[\"https:\/\/www.nettali.com\/2025\/03\/01\/incarceration-de-farba-lapr-juge-la-decision-cruelle-et-accuse-sonko\/\"]}]},{\"@type\":\"BreadcrumbList\",\"@id\":\"https:\/\/www.nettali.com\/2025\/03\/01\/incarceration-de-farba-lapr-juge-la-decision-cruelle-et-accuse-sonko\/#breadcrumb\",\"itemListElement\":[{\"@type\":\"ListItem\",\"position\":1,\"name\":\"Accueil\",\"item\":\"https:\/\/www.nettali.com\/\"},{\"@type\":\"ListItem\",\"position\":2,\"name\":\"INCARCERATION DE FARBA - L'Apr juge la d\\u00e9cision \\\"cruelle\\\" et pointe \\\"une commande politique\\\"\"}]},{\"@type\":\"Person\",\"@id\":\"https:\/\/www.nettali.com\/#\/schema\/person\/d8ac7b7e27ddad43f1c0d2ef090d7f71\",\"name\":\"CK\",\"image\":{\"@type\":\"ImageObject\",\"@id\":\"https:\/\/www.nettali.com\/#personlogo\",\"inLanguage\":\"fr-FR\",\"url\":\"https:\/\/secure.gravatar.com\/avatar\/1d8d5118b9327d94da7cd4ce7f17fec2?s=96&d=mm&r=g\",\"contentUrl\":\"https:\/\/secure.gravatar.com\/avatar\/1d8d5118b9327d94da7cd4ce7f17fec2?s=96&d=mm&r=g\",\"caption\":\"CK\"},\"sameAs\":[\"https:\/\/www.nettali.com\"]}]}<\/script>\n<!-- \/ Yoast SEO Premium plugin. -->","yoast_head_json":{"title":"INCARCERATION DE FARBA - L'Apr juge la d\u00e9cision \"cruelle\" et pointe \"une commande politique\" | Nettali.com","robots":{"index":"index","follow":"follow","max-snippet":"max-snippet:-1","max-image-preview":"max-image-preview:large","max-video-preview":"max-video-preview:-1"},"canonical":"https:\/\/www.nettali.com\/2025\/03\/01\/incarceration-de-farba-lapr-juge-la-decision-cruelle-et-accuse-sonko\/","og_locale":"fr_FR","og_type":"article","og_title":"INCARCERATION DE FARBA - L'Apr juge la d\u00e9cision \"cruelle\" et pointe \"une commande politique\"","og_description":"NETTALI.COM - Le Secr\u00e9tariat ex\u00e9cutif national (Sen) de l\u2019APR s'est prononc\u00e9, ce vendredi 28 f\u00e9vrier, sur l\u2019affaire Farba Ngom. Selon un communiqu\u00e9, le Sen s'\u00e9tonne que, malgr\u00e9 les contestations et les garanties propos\u00e9es pour d\u00e9montrer sa volont\u00e9 de ne pas se soustraire \u00e0 la justice, Farba a \u00e9t\u00e9 \u201cinjustement\u201d priv\u00e9 de libert\u00e9. Cette d\u00e9cision, qu\u2019il [&hellip;]","og_url":"https:\/\/www.nettali.com\/2025\/03\/01\/incarceration-de-farba-lapr-juge-la-decision-cruelle-et-accuse-sonko\/","og_site_name":"Nettali.com","article_publisher":"https:\/\/www.facebook.com\/nettalicom","article_published_time":"2025-03-01T07:40:05+00:00","article_modified_time":"2025-03-01T07:40:54+00:00","og_image":[{"width":800,"height":600,"url":"https:\/\/www.nettali.com\/wp-content\/uploads\/2025\/03\/86857751-61716534.jpg","type":"image\/jpeg"}],"twitter_card":"summary_large_image","twitter_misc":{"\u00c9crit par":"CK","Dur\u00e9e de lecture estim\u00e9e":"2 minutes"},"schema":{"@context":"https:\/\/schema.org","@graph":[{"@type":"WebSite","@id":"https:\/\/www.nettali.com\/#website","url":"https:\/\/www.nettali.com\/","name":"Nettali.com","description":"Le rendez-vous critique du Net","potentialAction":[{"@type":"SearchAction","target":{"@type":"EntryPoint","urlTemplate":"https:\/\/www.nettali.com\/?s={search_term_string}"},"query-input":"required name=search_term_string"}],"inLanguage":"fr-FR"},{"@type":"ImageObject","@id":"https:\/\/www.nettali.com\/2025\/03\/01\/incarceration-de-farba-lapr-juge-la-decision-cruelle-et-accuse-sonko\/#primaryimage","inLanguage":"fr-FR","url":"https:\/\/www.nettali.com\/wp-content\/uploads\/2025\/03\/86857751-61716534.jpg","contentUrl":"https:\/\/www.nettali.com\/wp-content\/uploads\/2025\/03\/86857751-61716534.jpg","width":800,"height":600},{"@type":"WebPage","@id":"https:\/\/www.nettali.com\/2025\/03\/01\/incarceration-de-farba-lapr-juge-la-decision-cruelle-et-accuse-sonko\/#webpage","url":"https:\/\/www.nettali.com\/2025\/03\/01\/incarceration-de-farba-lapr-juge-la-decision-cruelle-et-accuse-sonko\/","name":"INCARCERATION DE FARBA - L'Apr juge la d\u00e9cision \"cruelle\" et pointe \"une commande politique\" | Nettali.com","isPartOf":{"@id":"https:\/\/www.nettali.com\/#website"},"primaryImageOfPage":{"@id":"https:\/\/www.nettali.com\/2025\/03\/01\/incarceration-de-farba-lapr-juge-la-decision-cruelle-et-accuse-sonko\/#primaryimage"},"datePublished":"2025-03-01T07:40:05+00:00","dateModified":"2025-03-01T07:40:54+00:00","author":{"@id":"https:\/\/www.nettali.com\/#\/schema\/person\/d8ac7b7e27ddad43f1c0d2ef090d7f71"},"breadcrumb":{"@id":"https:\/\/www.nettali.com\/2025\/03\/01\/incarceration-de-farba-lapr-juge-la-decision-cruelle-et-accuse-sonko\/#breadcrumb"},"inLanguage":"fr-FR","potentialAction":[{"@type":"ReadAction","target":["https:\/\/www.nettali.com\/2025\/03\/01\/incarceration-de-farba-lapr-juge-la-decision-cruelle-et-accuse-sonko\/"]}]},{"@type":"BreadcrumbList","@id":"https:\/\/www.nettali.com\/2025\/03\/01\/incarceration-de-farba-lapr-juge-la-decision-cruelle-et-accuse-sonko\/#breadcrumb","itemListElement":[{"@type":"ListItem","position":1,"name":"Accueil","item":"https:\/\/www.nettali.com\/"},{"@type":"ListItem","position":2,"name":"INCARCERATION DE FARBA - L'Apr juge la d\u00e9cision \"cruelle\" et pointe \"une commande politique\""}]},{"@type":"Person","@id":"https:\/\/www.nettali.com\/#\/schema\/person\/d8ac7b7e27ddad43f1c0d2ef090d7f71","name":"CK","image":{"@type":"ImageObject","@id":"https:\/\/www.nettali.com\/#personlogo","inLanguage":"fr-FR","url":"https:\/\/secure.gravatar.com\/avatar\/1d8d5118b9327d94da7cd4ce7f17fec2?s=96&d=mm&r=g","contentUrl":"https:\/\/secure.gravatar.com\/avatar\/1d8d5118b9327d94da7cd4ce7f17fec2?s=96&d=mm&r=g","caption":"CK"},"sameAs":["https:\/\/www.nettali.com"]}]}},"_links":{"self":[{"href":"https:\/\/www.nettali.com\/rest\/wp\/v2\/posts\/149937"}],"collection":[{"href":"https:\/\/www.nettali.com\/rest\/wp\/v2\/posts"}],"about":[{"href":"https:\/\/www.nettali.com\/rest\/wp\/v2\/types\/post"}],"author":[{"embeddable":true,"href":"https:\/\/www.nettali.com\/rest\/wp\/v2\/users\/2"}],"replies":[{"embeddable":true,"href":"https:\/\/www.nettali.com\/rest\/wp\/v2\/comments?post=149937"}],"version-history":[{"count":2,"href":"https:\/\/www.nettali.com\/rest\/wp\/v2\/posts\/149937\/revisions"}],"predecessor-version":[{"id":149940,"href":"https:\/\/www.nettali.com\/rest\/wp\/v2\/posts\/149937\/revisions\/149940"}],"wp:featuredmedia":[{"embeddable":true,"href":"https:\/\/www.nettali.com\/rest\/wp\/v2\/media\/149938"}],"wp:attachment":[{"href":"https:\/\/www.nettali.com\/rest\/wp\/v2\/media?parent=149937"}],"wp:term":[{"taxonomy":"category","embeddable":true,"href":"https:\/\/www.nettali.com\/rest\/wp\/v2\/categories?post=149937"},{"taxonomy":"post_tag","embeddable":true,"href":"https:\/\/www.nettali.com\/rest\/wp\/v2\/tags?post=149937"}],"curies":[{"name":"wp","href":"https:\/\/api.w.org\/{rel}","templated":true}]}}