{"id":149851,"date":"2025-02-27T20:54:13","date_gmt":"2025-02-27T20:54:13","guid":{"rendered":"https:\/\/www.nettali.com\/?p=149851"},"modified":"2025-02-27T20:54:13","modified_gmt":"2025-02-27T20:54:13","slug":"turquie-mourinho-suspendu-4-matchs","status":"publish","type":"post","link":"https:\/\/www.nettali.com\/2025\/02\/27\/turquie-mourinho-suspendu-4-matchs\/","title":{"rendered":"TURQUIE - Mourinho suspendu 4 matchs"},"content":{"rendered":"<p><strong>NETTALI.COM - En attendant le r\u00e9sultat de la plainte d\u00e9pos\u00e9e par Galatasaray pour des propos jug\u00e9s \"<em>racistes et immoraux<\/em>\" apr\u00e8s le derby face \u00e0 Fenerbah\u00e7e (0-0) lundi, Jos\u00e9 Mourinho a \u00e9t\u00e9 sanctionn\u00e9 par le conseil de discipline du football professionnel turc.<\/strong><\/p>\n<p>Selon \"Sky Sport\", Mourinho a \u00e9t\u00e9 suspendu pour deux matchs en raison de ses d\u00e9clarations. Il a \u00e9galement \u00e9t\u00e9 suspendu pour deux autres matchs apr\u00e8s avoir insult\u00e9 le quatri\u00e8me arbitre.<\/p>\n<p>Le Portugais de 62 ans sera ainsi priv\u00e9 de banc pour les matchs face \u00e0 Antalyaspor, Samsunspor, Bodrum et Trabzonspor.<\/p>\n<p>Rappelons que Galatasaray est le leader de la Super Ligue turque avec 64 points, alors que Fenerbah\u00e7e de Mourinho est \u00e0 la deuxi\u00e8me place avec 58 points.<\/p>\n<div class='share-to-whatsapp-wrapper'><div class='share-on-whsp'>PARTAGER SUR : <\/div><a data-text='TURQUIE - Mourinho suspendu 4 matchs' data-link='https:\/\/www.nettali.com\/2025\/02\/27\/turquie-mourinho-suspendu-4-matchs\/' class='whatsapp-button whatsapp-share'>WhatsApp<\/a><div class='clear '><\/div><\/div>","protected":false},"excerpt":{"rendered":"<p>NETTALI.COM - En attendant le r\u00e9sultat de la plainte d\u00e9pos\u00e9e par Galatasaray pour des propos jug\u00e9s \"racistes et immoraux\" apr\u00e8s le derby face \u00e0 Fenerbah\u00e7e (0-0) lundi, Jos\u00e9 Mourinho a \u00e9t\u00e9 sanctionn\u00e9 par le conseil de discipline du football professionnel turc. Selon \"Sky Sport\", Mourinho a \u00e9t\u00e9 suspendu pour deux matchs en raison de ses [&hellip;]<\/p>\n","protected":false},"author":5,"featured_media":149852,"comment_status":"open","ping_status":"open","sticky":false,"template":"","format":"standard","meta":{"_et_pb_use_builder":"","_et_pb_old_content":""},"categories":[6],"tags":[],"yoast_head":"<!-- This site is optimized with the Yoast SEO Premium plugin v17.8 (Yoast SEO v17.8) - https:\/\/yoast.com\/wordpress\/plugins\/seo\/ -->\n<title>TURQUIE - Mourinho suspendu 4 matchs | Nettali.com<\/title>\n<meta name=\"robots\" content=\"index, follow, max-snippet:-1, max-image-preview:large, max-video-preview:-1\" \/>\n<link rel=\"canonical\" href=\"https:\/\/www.nettali.com\/2025\/02\/27\/turquie-mourinho-suspendu-4-matchs\/\" \/>\n<meta property=\"og:locale\" content=\"fr_FR\" \/>\n<meta property=\"og:type\" content=\"article\" \/>\n<meta property=\"og:title\" content=\"TURQUIE - Mourinho suspendu 4 matchs\" \/>\n<meta property=\"og:description\" content=\"NETTALI.COM - En attendant le r\u00e9sultat de la plainte d\u00e9pos\u00e9e par Galatasaray pour des propos jug\u00e9s &quot;racistes et immoraux&quot; apr\u00e8s le derby face \u00e0 Fenerbah\u00e7e (0-0) lundi, Jos\u00e9 Mourinho a \u00e9t\u00e9 sanctionn\u00e9 par le conseil de discipline du football professionnel turc. Selon &quot;Sky Sport&quot;, Mourinho a \u00e9t\u00e9 suspendu pour deux matchs en raison de ses [&hellip;]\" \/>\n<meta property=\"og:url\" content=\"https:\/\/www.nettali.com\/2025\/02\/27\/turquie-mourinho-suspendu-4-matchs\/\" \/>\n<meta property=\"og:site_name\" content=\"Nettali.com\" \/>\n<meta property=\"article:publisher\" content=\"https:\/\/www.facebook.com\/nettalicom\" \/>\n<meta property=\"article:published_time\" content=\"2025-02-27T20:54:13+00:00\" \/>\n<meta property=\"og:image\" content=\"https:\/\/www.nettali.com\/wp-content\/uploads\/2025\/02\/AFP__20250220__36YB4RG__v1__HighRes__FblEurC3AnderlechtFenerbahce-1740461127.jpg\" \/>\n\t<meta property=\"og:image:width\" content=\"770\" \/>\n\t<meta property=\"og:image:height\" content=\"513\" \/>\n<meta name=\"twitter:card\" content=\"summary_large_image\" \/>\n<meta name=\"twitter:label1\" content=\"\u00c9crit par\" \/>\n\t<meta name=\"twitter:data1\" content=\"Ibrahima\" \/>\n\t<meta name=\"twitter:label2\" content=\"Dur\u00e9e de lecture estim\u00e9e\" \/>\n\t<meta name=\"twitter:data2\" content=\"1 minute\" \/>\n<script type=\"application\/ld+json\" class=\"yoast-schema-graph\">{\"@context\":\"https:\/\/schema.org\",\"@graph\":[{\"@type\":\"WebSite\",\"@id\":\"https:\/\/www.nettali.com\/#website\",\"url\":\"https:\/\/www.nettali.com\/\",\"name\":\"Nettali.com\",\"description\":\"Le rendez-vous critique du Net\",\"potentialAction\":[{\"@type\":\"SearchAction\",\"target\":{\"@type\":\"EntryPoint\",\"urlTemplate\":\"https:\/\/www.nettali.com\/?s={search_term_string}\"},\"query-input\":\"required name=search_term_string\"}],\"inLanguage\":\"fr-FR\"},{\"@type\":\"ImageObject\",\"@id\":\"https:\/\/www.nettali.com\/2025\/02\/27\/turquie-mourinho-suspendu-4-matchs\/#primaryimage\",\"inLanguage\":\"fr-FR\",\"url\":\"https:\/\/www.nettali.com\/wp-content\/uploads\/2025\/02\/AFP__20250220__36YB4RG__v1__HighRes__FblEurC3AnderlechtFenerbahce-1740461127.jpg\",\"contentUrl\":\"https:\/\/www.nettali.com\/wp-content\/uploads\/2025\/02\/AFP__20250220__36YB4RG__v1__HighRes__FblEurC3AnderlechtFenerbahce-1740461127.jpg\",\"width\":770,\"height\":513},{\"@type\":\"WebPage\",\"@id\":\"https:\/\/www.nettali.com\/2025\/02\/27\/turquie-mourinho-suspendu-4-matchs\/#webpage\",\"url\":\"https:\/\/www.nettali.com\/2025\/02\/27\/turquie-mourinho-suspendu-4-matchs\/\",\"name\":\"TURQUIE - Mourinho suspendu 4 matchs | Nettali.com\",\"isPartOf\":{\"@id\":\"https:\/\/www.nettali.com\/#website\"},\"primaryImageOfPage\":{\"@id\":\"https:\/\/www.nettali.com\/2025\/02\/27\/turquie-mourinho-suspendu-4-matchs\/#primaryimage\"},\"datePublished\":\"2025-02-27T20:54:13+00:00\",\"dateModified\":\"2025-02-27T20:54:13+00:00\",\"author\":{\"@id\":\"https:\/\/www.nettali.com\/#\/schema\/person\/bb147657c2986240405a608162b9bb23\"},\"breadcrumb\":{\"@id\":\"https:\/\/www.nettali.com\/2025\/02\/27\/turquie-mourinho-suspendu-4-matchs\/#breadcrumb\"},\"inLanguage\":\"fr-FR\",\"potentialAction\":[{\"@type\":\"ReadAction\",\"target\":[\"https:\/\/www.nettali.com\/2025\/02\/27\/turquie-mourinho-suspendu-4-matchs\/\"]}]},{\"@type\":\"BreadcrumbList\",\"@id\":\"https:\/\/www.nettali.com\/2025\/02\/27\/turquie-mourinho-suspendu-4-matchs\/#breadcrumb\",\"itemListElement\":[{\"@type\":\"ListItem\",\"position\":1,\"name\":\"Accueil\",\"item\":\"https:\/\/www.nettali.com\/\"},{\"@type\":\"ListItem\",\"position\":2,\"name\":\"TURQUIE - Mourinho suspendu 4 matchs\"}]},{\"@type\":\"Person\",\"@id\":\"https:\/\/www.nettali.com\/#\/schema\/person\/bb147657c2986240405a608162b9bb23\",\"name\":\"Ibrahima\",\"image\":{\"@type\":\"ImageObject\",\"@id\":\"https:\/\/www.nettali.com\/#personlogo\",\"inLanguage\":\"fr-FR\",\"url\":\"https:\/\/secure.gravatar.com\/avatar\/26a8a81f09f0dd7624c9d5c36c9ba3a2?s=96&d=mm&r=g\",\"contentUrl\":\"https:\/\/secure.gravatar.com\/avatar\/26a8a81f09f0dd7624c9d5c36c9ba3a2?s=96&d=mm&r=g\",\"caption\":\"Ibrahima\"},\"sameAs\":[\"https:\/\/www.nettali.com\"]}]}<\/script>\n<!-- \/ Yoast SEO Premium plugin. -->","yoast_head_json":{"title":"TURQUIE - Mourinho suspendu 4 matchs | Nettali.com","robots":{"index":"index","follow":"follow","max-snippet":"max-snippet:-1","max-image-preview":"max-image-preview:large","max-video-preview":"max-video-preview:-1"},"canonical":"https:\/\/www.nettali.com\/2025\/02\/27\/turquie-mourinho-suspendu-4-matchs\/","og_locale":"fr_FR","og_type":"article","og_title":"TURQUIE - Mourinho suspendu 4 matchs","og_description":"NETTALI.COM - En attendant le r\u00e9sultat de la plainte d\u00e9pos\u00e9e par Galatasaray pour des propos jug\u00e9s \"racistes et immoraux\" apr\u00e8s le derby face \u00e0 Fenerbah\u00e7e (0-0) lundi, Jos\u00e9 Mourinho a \u00e9t\u00e9 sanctionn\u00e9 par le conseil de discipline du football professionnel turc. Selon \"Sky Sport\", Mourinho a \u00e9t\u00e9 suspendu pour deux matchs en raison de ses [&hellip;]","og_url":"https:\/\/www.nettali.com\/2025\/02\/27\/turquie-mourinho-suspendu-4-matchs\/","og_site_name":"Nettali.com","article_publisher":"https:\/\/www.facebook.com\/nettalicom","article_published_time":"2025-02-27T20:54:13+00:00","og_image":[{"width":770,"height":513,"url":"https:\/\/www.nettali.com\/wp-content\/uploads\/2025\/02\/AFP__20250220__36YB4RG__v1__HighRes__FblEurC3AnderlechtFenerbahce-1740461127.jpg","type":"image\/jpeg"}],"twitter_card":"summary_large_image","twitter_misc":{"\u00c9crit par":"Ibrahima","Dur\u00e9e de lecture estim\u00e9e":"1 minute"},"schema":{"@context":"https:\/\/schema.org","@graph":[{"@type":"WebSite","@id":"https:\/\/www.nettali.com\/#website","url":"https:\/\/www.nettali.com\/","name":"Nettali.com","description":"Le rendez-vous critique du Net","potentialAction":[{"@type":"SearchAction","target":{"@type":"EntryPoint","urlTemplate":"https:\/\/www.nettali.com\/?s={search_term_string}"},"query-input":"required name=search_term_string"}],"inLanguage":"fr-FR"},{"@type":"ImageObject","@id":"https:\/\/www.nettali.com\/2025\/02\/27\/turquie-mourinho-suspendu-4-matchs\/#primaryimage","inLanguage":"fr-FR","url":"https:\/\/www.nettali.com\/wp-content\/uploads\/2025\/02\/AFP__20250220__36YB4RG__v1__HighRes__FblEurC3AnderlechtFenerbahce-1740461127.jpg","contentUrl":"https:\/\/www.nettali.com\/wp-content\/uploads\/2025\/02\/AFP__20250220__36YB4RG__v1__HighRes__FblEurC3AnderlechtFenerbahce-1740461127.jpg","width":770,"height":513},{"@type":"WebPage","@id":"https:\/\/www.nettali.com\/2025\/02\/27\/turquie-mourinho-suspendu-4-matchs\/#webpage","url":"https:\/\/www.nettali.com\/2025\/02\/27\/turquie-mourinho-suspendu-4-matchs\/","name":"TURQUIE - Mourinho suspendu 4 matchs | Nettali.com","isPartOf":{"@id":"https:\/\/www.nettali.com\/#website"},"primaryImageOfPage":{"@id":"https:\/\/www.nettali.com\/2025\/02\/27\/turquie-mourinho-suspendu-4-matchs\/#primaryimage"},"datePublished":"2025-02-27T20:54:13+00:00","dateModified":"2025-02-27T20:54:13+00:00","author":{"@id":"https:\/\/www.nettali.com\/#\/schema\/person\/bb147657c2986240405a608162b9bb23"},"breadcrumb":{"@id":"https:\/\/www.nettali.com\/2025\/02\/27\/turquie-mourinho-suspendu-4-matchs\/#breadcrumb"},"inLanguage":"fr-FR","potentialAction":[{"@type":"ReadAction","target":["https:\/\/www.nettali.com\/2025\/02\/27\/turquie-mourinho-suspendu-4-matchs\/"]}]},{"@type":"BreadcrumbList","@id":"https:\/\/www.nettali.com\/2025\/02\/27\/turquie-mourinho-suspendu-4-matchs\/#breadcrumb","itemListElement":[{"@type":"ListItem","position":1,"name":"Accueil","item":"https:\/\/www.nettali.com\/"},{"@type":"ListItem","position":2,"name":"TURQUIE - Mourinho suspendu 4 matchs"}]},{"@type":"Person","@id":"https:\/\/www.nettali.com\/#\/schema\/person\/bb147657c2986240405a608162b9bb23","name":"Ibrahima","image":{"@type":"ImageObject","@id":"https:\/\/www.nettali.com\/#personlogo","inLanguage":"fr-FR","url":"https:\/\/secure.gravatar.com\/avatar\/26a8a81f09f0dd7624c9d5c36c9ba3a2?s=96&d=mm&r=g","contentUrl":"https:\/\/secure.gravatar.com\/avatar\/26a8a81f09f0dd7624c9d5c36c9ba3a2?s=96&d=mm&r=g","caption":"Ibrahima"},"sameAs":["https:\/\/www.nettali.com"]}]}},"_links":{"self":[{"href":"https:\/\/www.nettali.com\/rest\/wp\/v2\/posts\/149851"}],"collection":[{"href":"https:\/\/www.nettali.com\/rest\/wp\/v2\/posts"}],"about":[{"href":"https:\/\/www.nettali.com\/rest\/wp\/v2\/types\/post"}],"author":[{"embeddable":true,"href":"https:\/\/www.nettali.com\/rest\/wp\/v2\/users\/5"}],"replies":[{"embeddable":true,"href":"https:\/\/www.nettali.com\/rest\/wp\/v2\/comments?post=149851"}],"version-history":[{"count":3,"href":"https:\/\/www.nettali.com\/rest\/wp\/v2\/posts\/149851\/revisions"}],"predecessor-version":[{"id":149858,"href":"https:\/\/www.nettali.com\/rest\/wp\/v2\/posts\/149851\/revisions\/149858"}],"wp:featuredmedia":[{"embeddable":true,"href":"https:\/\/www.nettali.com\/rest\/wp\/v2\/media\/149852"}],"wp:attachment":[{"href":"https:\/\/www.nettali.com\/rest\/wp\/v2\/media?parent=149851"}],"wp:term":[{"taxonomy":"category","embeddable":true,"href":"https:\/\/www.nettali.com\/rest\/wp\/v2\/categories?post=149851"},{"taxonomy":"post_tag","embeddable":true,"href":"https:\/\/www.nettali.com\/rest\/wp\/v2\/tags?post=149851"}],"curies":[{"name":"wp","href":"https:\/\/api.w.org\/{rel}","templated":true}]}}