{"id":149729,"date":"2025-02-26T08:36:11","date_gmt":"2025-02-26T08:36:11","guid":{"rendered":"https:\/\/www.nettali.com\/?p=149729"},"modified":"2025-02-26T08:36:11","modified_gmt":"2025-02-26T08:36:11","slug":"affaire-farba-ngom-10-personnes-et-x-vises-par-le-requisitoire-du-procureur","status":"publish","type":"post","link":"https:\/\/www.nettali.com\/2025\/02\/26\/affaire-farba-ngom-10-personnes-et-x-vises-par-le-requisitoire-du-procureur\/","title":{"rendered":"AFFAIRE FARBA NGOM \u2013 10 personnes et X vis\u00e9s par le r\u00e9quisitoire du Procureur"},"content":{"rendered":"<p><strong>NETTALI.COM - C\u2019est le rapport de la Centif qui a install\u00e9 Amadou Sall , le fils de l\u2019ex-pr\u00e9sident Macky Sall dans l\u2019affaire des 125 milliards de francs CFA. Neuf autres personnes dont Farba Ngom et X sont vis\u00e9s dans ce dossier en m\u00eame temps que le fils de l\u2019ancien Pr\u00e9sident Macky Sall.<\/strong><\/p>\n<p>Dans son r\u00e9quisitoire introductif, le procureur du Pool judiciaire financier (PJF) a demand\u00e9 le placement sous mandat de d\u00e9p\u00f4t de tous les suspects identifi\u00e9s, sauf Mamadou Daff, ancien directeur g\u00e9n\u00e9ral de la Couverture maladie universelle (CMU), cit\u00e9 pour un virement douteux d\u2019un montant de 35 millions de francs CFA.<\/p>\n<p>Si Amadou Sall est \u00e9clabouss\u00e9, risquant d\u2019\u00eatre envoy\u00e9 en d\u00e9tention pr\u00e9ventive, c\u2019est \u00e0 cause de bons de caisse d\u2019un montant de 10 milliards de francs CFA <em>\u00abdont une partie a \u00e9t\u00e9 vir\u00e9e dans le compte de la soci\u00e9t\u00e9 Woodrose Investment Ltd log\u00e9 \u00e0 la NSIA\u00bb<\/em>.<\/p>\n<p><em>\u00abD\u2019apr\u00e8s la Centif, bien que cette entit\u00e9 soit d\u00e9tenue par Nd\u00e8ye Seynabou Ndiaye, cette derni\u00e8re avait fait une procuration \u00e0 Amadou Sall pour g\u00e9rer le compte, ce qui laisse croire qu\u2019il en serait le b\u00e9n\u00e9ficiaire \u00e9conomique\u00bb,<\/em> r\u00e9v\u00e8le le journal.<\/p>\n<p>Selon des informations, des proches de Amadou Sall- \u00e9tabli au Maroc depuis la fin de la pr\u00e9sidence de son p\u00e8re- affirment que les bons de caisse en question portent sur la vente d\u2019une parcelle que Macky Sall avait offert \u00e0 son fils a\u00een\u00e9 en 2014. Et que c\u2019est Farba Ngom-\u00e9galement vis\u00e9 par le procureur du PJF- qui s\u2019\u00e9tait charg\u00e9 de la cession, <em>\u00abd\u2019o\u00f9 les mouvements de fonds entre lui et Woodrose Investment LTD\u00bb<\/em>.<\/p>\n<div class='share-to-whatsapp-wrapper'><div class='share-on-whsp'>PARTAGER SUR : <\/div><a data-text='AFFAIRE FARBA NGOM \u2013 10 personnes et X vis\u00e9s par le r\u00e9quisitoire du Procureur' data-link='https:\/\/www.nettali.com\/2025\/02\/26\/affaire-farba-ngom-10-personnes-et-x-vises-par-le-requisitoire-du-procureur\/' class='whatsapp-button whatsapp-share'>WhatsApp<\/a><div class='clear '><\/div><\/div>","protected":false},"excerpt":{"rendered":"<p>NETTALI.COM - C\u2019est le rapport de la Centif qui a install\u00e9 Amadou Sall , le fils de l\u2019ex-pr\u00e9sident Macky Sall dans l\u2019affaire des 125 milliards de francs CFA. Neuf autres personnes dont Farba Ngom et X sont vis\u00e9s dans ce dossier en m\u00eame temps que le fils de l\u2019ancien Pr\u00e9sident Macky Sall. Dans son r\u00e9quisitoire [&hellip;]<\/p>\n","protected":false},"author":4,"featured_media":18978,"comment_status":"open","ping_status":"open","sticky":false,"template":"","format":"standard","meta":{"_et_pb_use_builder":"","_et_pb_old_content":""},"categories":[3],"tags":[],"yoast_head":"<!-- This site is optimized with the Yoast SEO Premium plugin v17.8 (Yoast SEO v17.8) - https:\/\/yoast.com\/wordpress\/plugins\/seo\/ -->\n<title>AFFAIRE FARBA NGOM \u2013 10 personnes et X vis\u00e9s par le r\u00e9quisitoire du Procureur | Nettali.com<\/title>\n<meta name=\"robots\" content=\"index, follow, max-snippet:-1, max-image-preview:large, max-video-preview:-1\" \/>\n<link rel=\"canonical\" href=\"https:\/\/www.nettali.com\/2025\/02\/26\/affaire-farba-ngom-10-personnes-et-x-vises-par-le-requisitoire-du-procureur\/\" \/>\n<meta property=\"og:locale\" content=\"fr_FR\" \/>\n<meta property=\"og:type\" content=\"article\" \/>\n<meta property=\"og:title\" content=\"AFFAIRE FARBA NGOM \u2013 10 personnes et X vis\u00e9s par le r\u00e9quisitoire du Procureur\" \/>\n<meta property=\"og:description\" content=\"NETTALI.COM - C\u2019est le rapport de la Centif qui a install\u00e9 Amadou Sall , le fils de l\u2019ex-pr\u00e9sident Macky Sall dans l\u2019affaire des 125 milliards de francs CFA. Neuf autres personnes dont Farba Ngom et X sont vis\u00e9s dans ce dossier en m\u00eame temps que le fils de l\u2019ancien Pr\u00e9sident Macky Sall. Dans son r\u00e9quisitoire [&hellip;]\" \/>\n<meta property=\"og:url\" content=\"https:\/\/www.nettali.com\/2025\/02\/26\/affaire-farba-ngom-10-personnes-et-x-vises-par-le-requisitoire-du-procureur\/\" \/>\n<meta property=\"og:site_name\" content=\"Nettali.com\" \/>\n<meta property=\"article:publisher\" content=\"https:\/\/www.facebook.com\/nettalicom\" \/>\n<meta property=\"article:published_time\" content=\"2025-02-26T08:36:11+00:00\" \/>\n<meta property=\"og:image\" content=\"https:\/\/www.nettali.com\/wp-content\/uploads\/2019\/09\/Amadou-Sall-1.jpg\" \/>\n\t<meta property=\"og:image:width\" content=\"756\" \/>\n\t<meta property=\"og:image:height\" content=\"494\" \/>\n<meta name=\"twitter:card\" content=\"summary_large_image\" \/>\n<meta name=\"twitter:label1\" content=\"\u00c9crit par\" \/>\n\t<meta name=\"twitter:data1\" content=\"Daouda\" \/>\n\t<meta name=\"twitter:label2\" content=\"Dur\u00e9e de lecture estim\u00e9e\" \/>\n\t<meta name=\"twitter:data2\" content=\"2 minutes\" \/>\n<script type=\"application\/ld+json\" class=\"yoast-schema-graph\">{\"@context\":\"https:\/\/schema.org\",\"@graph\":[{\"@type\":\"WebSite\",\"@id\":\"https:\/\/www.nettali.com\/#website\",\"url\":\"https:\/\/www.nettali.com\/\",\"name\":\"Nettali.com\",\"description\":\"Le rendez-vous critique du Net\",\"potentialAction\":[{\"@type\":\"SearchAction\",\"target\":{\"@type\":\"EntryPoint\",\"urlTemplate\":\"https:\/\/www.nettali.com\/?s={search_term_string}\"},\"query-input\":\"required name=search_term_string\"}],\"inLanguage\":\"fr-FR\"},{\"@type\":\"ImageObject\",\"@id\":\"https:\/\/www.nettali.com\/2025\/02\/26\/affaire-farba-ngom-10-personnes-et-x-vises-par-le-requisitoire-du-procureur\/#primaryimage\",\"inLanguage\":\"fr-FR\",\"url\":\"https:\/\/www.nettali.com\/wp-content\/uploads\/2019\/09\/Amadou-Sall-1.jpg\",\"contentUrl\":\"https:\/\/www.nettali.com\/wp-content\/uploads\/2019\/09\/Amadou-Sall-1.jpg\",\"width\":756,\"height\":494},{\"@type\":\"WebPage\",\"@id\":\"https:\/\/www.nettali.com\/2025\/02\/26\/affaire-farba-ngom-10-personnes-et-x-vises-par-le-requisitoire-du-procureur\/#webpage\",\"url\":\"https:\/\/www.nettali.com\/2025\/02\/26\/affaire-farba-ngom-10-personnes-et-x-vises-par-le-requisitoire-du-procureur\/\",\"name\":\"AFFAIRE FARBA NGOM \\u2013 10 personnes et X vis\\u00e9s par le r\\u00e9quisitoire du Procureur | Nettali.com\",\"isPartOf\":{\"@id\":\"https:\/\/www.nettali.com\/#website\"},\"primaryImageOfPage\":{\"@id\":\"https:\/\/www.nettali.com\/2025\/02\/26\/affaire-farba-ngom-10-personnes-et-x-vises-par-le-requisitoire-du-procureur\/#primaryimage\"},\"datePublished\":\"2025-02-26T08:36:11+00:00\",\"dateModified\":\"2025-02-26T08:36:11+00:00\",\"author\":{\"@id\":\"https:\/\/www.nettali.com\/#\/schema\/person\/3317e0bb3aa1da309fbf7b2780901bf4\"},\"breadcrumb\":{\"@id\":\"https:\/\/www.nettali.com\/2025\/02\/26\/affaire-farba-ngom-10-personnes-et-x-vises-par-le-requisitoire-du-procureur\/#breadcrumb\"},\"inLanguage\":\"fr-FR\",\"potentialAction\":[{\"@type\":\"ReadAction\",\"target\":[\"https:\/\/www.nettali.com\/2025\/02\/26\/affaire-farba-ngom-10-personnes-et-x-vises-par-le-requisitoire-du-procureur\/\"]}]},{\"@type\":\"BreadcrumbList\",\"@id\":\"https:\/\/www.nettali.com\/2025\/02\/26\/affaire-farba-ngom-10-personnes-et-x-vises-par-le-requisitoire-du-procureur\/#breadcrumb\",\"itemListElement\":[{\"@type\":\"ListItem\",\"position\":1,\"name\":\"Accueil\",\"item\":\"https:\/\/www.nettali.com\/\"},{\"@type\":\"ListItem\",\"position\":2,\"name\":\"AFFAIRE FARBA NGOM \\u2013 10 personnes et X vis\\u00e9s par le r\\u00e9quisitoire du Procureur\"}]},{\"@type\":\"Person\",\"@id\":\"https:\/\/www.nettali.com\/#\/schema\/person\/3317e0bb3aa1da309fbf7b2780901bf4\",\"name\":\"Daouda\",\"image\":{\"@type\":\"ImageObject\",\"@id\":\"https:\/\/www.nettali.com\/#personlogo\",\"inLanguage\":\"fr-FR\",\"url\":\"https:\/\/secure.gravatar.com\/avatar\/8d143b5a49345098ddcfee1c49c2f47c?s=96&d=mm&r=g\",\"contentUrl\":\"https:\/\/secure.gravatar.com\/avatar\/8d143b5a49345098ddcfee1c49c2f47c?s=96&d=mm&r=g\",\"caption\":\"Daouda\"},\"sameAs\":[\"https:\/\/www.nettali.com\"]}]}<\/script>\n<!-- \/ Yoast SEO Premium plugin. -->","yoast_head_json":{"title":"AFFAIRE FARBA NGOM \u2013 10 personnes et X vis\u00e9s par le r\u00e9quisitoire du Procureur | Nettali.com","robots":{"index":"index","follow":"follow","max-snippet":"max-snippet:-1","max-image-preview":"max-image-preview:large","max-video-preview":"max-video-preview:-1"},"canonical":"https:\/\/www.nettali.com\/2025\/02\/26\/affaire-farba-ngom-10-personnes-et-x-vises-par-le-requisitoire-du-procureur\/","og_locale":"fr_FR","og_type":"article","og_title":"AFFAIRE FARBA NGOM \u2013 10 personnes et X vis\u00e9s par le r\u00e9quisitoire du Procureur","og_description":"NETTALI.COM - C\u2019est le rapport de la Centif qui a install\u00e9 Amadou Sall , le fils de l\u2019ex-pr\u00e9sident Macky Sall dans l\u2019affaire des 125 milliards de francs CFA. Neuf autres personnes dont Farba Ngom et X sont vis\u00e9s dans ce dossier en m\u00eame temps que le fils de l\u2019ancien Pr\u00e9sident Macky Sall. Dans son r\u00e9quisitoire [&hellip;]","og_url":"https:\/\/www.nettali.com\/2025\/02\/26\/affaire-farba-ngom-10-personnes-et-x-vises-par-le-requisitoire-du-procureur\/","og_site_name":"Nettali.com","article_publisher":"https:\/\/www.facebook.com\/nettalicom","article_published_time":"2025-02-26T08:36:11+00:00","og_image":[{"width":756,"height":494,"url":"https:\/\/www.nettali.com\/wp-content\/uploads\/2019\/09\/Amadou-Sall-1.jpg","type":"image\/jpeg"}],"twitter_card":"summary_large_image","twitter_misc":{"\u00c9crit par":"Daouda","Dur\u00e9e de lecture estim\u00e9e":"2 minutes"},"schema":{"@context":"https:\/\/schema.org","@graph":[{"@type":"WebSite","@id":"https:\/\/www.nettali.com\/#website","url":"https:\/\/www.nettali.com\/","name":"Nettali.com","description":"Le rendez-vous critique du Net","potentialAction":[{"@type":"SearchAction","target":{"@type":"EntryPoint","urlTemplate":"https:\/\/www.nettali.com\/?s={search_term_string}"},"query-input":"required name=search_term_string"}],"inLanguage":"fr-FR"},{"@type":"ImageObject","@id":"https:\/\/www.nettali.com\/2025\/02\/26\/affaire-farba-ngom-10-personnes-et-x-vises-par-le-requisitoire-du-procureur\/#primaryimage","inLanguage":"fr-FR","url":"https:\/\/www.nettali.com\/wp-content\/uploads\/2019\/09\/Amadou-Sall-1.jpg","contentUrl":"https:\/\/www.nettali.com\/wp-content\/uploads\/2019\/09\/Amadou-Sall-1.jpg","width":756,"height":494},{"@type":"WebPage","@id":"https:\/\/www.nettali.com\/2025\/02\/26\/affaire-farba-ngom-10-personnes-et-x-vises-par-le-requisitoire-du-procureur\/#webpage","url":"https:\/\/www.nettali.com\/2025\/02\/26\/affaire-farba-ngom-10-personnes-et-x-vises-par-le-requisitoire-du-procureur\/","name":"AFFAIRE FARBA NGOM \u2013 10 personnes et X vis\u00e9s par le r\u00e9quisitoire du Procureur | Nettali.com","isPartOf":{"@id":"https:\/\/www.nettali.com\/#website"},"primaryImageOfPage":{"@id":"https:\/\/www.nettali.com\/2025\/02\/26\/affaire-farba-ngom-10-personnes-et-x-vises-par-le-requisitoire-du-procureur\/#primaryimage"},"datePublished":"2025-02-26T08:36:11+00:00","dateModified":"2025-02-26T08:36:11+00:00","author":{"@id":"https:\/\/www.nettali.com\/#\/schema\/person\/3317e0bb3aa1da309fbf7b2780901bf4"},"breadcrumb":{"@id":"https:\/\/www.nettali.com\/2025\/02\/26\/affaire-farba-ngom-10-personnes-et-x-vises-par-le-requisitoire-du-procureur\/#breadcrumb"},"inLanguage":"fr-FR","potentialAction":[{"@type":"ReadAction","target":["https:\/\/www.nettali.com\/2025\/02\/26\/affaire-farba-ngom-10-personnes-et-x-vises-par-le-requisitoire-du-procureur\/"]}]},{"@type":"BreadcrumbList","@id":"https:\/\/www.nettali.com\/2025\/02\/26\/affaire-farba-ngom-10-personnes-et-x-vises-par-le-requisitoire-du-procureur\/#breadcrumb","itemListElement":[{"@type":"ListItem","position":1,"name":"Accueil","item":"https:\/\/www.nettali.com\/"},{"@type":"ListItem","position":2,"name":"AFFAIRE FARBA NGOM \u2013 10 personnes et X vis\u00e9s par le r\u00e9quisitoire du Procureur"}]},{"@type":"Person","@id":"https:\/\/www.nettali.com\/#\/schema\/person\/3317e0bb3aa1da309fbf7b2780901bf4","name":"Daouda","image":{"@type":"ImageObject","@id":"https:\/\/www.nettali.com\/#personlogo","inLanguage":"fr-FR","url":"https:\/\/secure.gravatar.com\/avatar\/8d143b5a49345098ddcfee1c49c2f47c?s=96&d=mm&r=g","contentUrl":"https:\/\/secure.gravatar.com\/avatar\/8d143b5a49345098ddcfee1c49c2f47c?s=96&d=mm&r=g","caption":"Daouda"},"sameAs":["https:\/\/www.nettali.com"]}]}},"_links":{"self":[{"href":"https:\/\/www.nettali.com\/rest\/wp\/v2\/posts\/149729"}],"collection":[{"href":"https:\/\/www.nettali.com\/rest\/wp\/v2\/posts"}],"about":[{"href":"https:\/\/www.nettali.com\/rest\/wp\/v2\/types\/post"}],"author":[{"embeddable":true,"href":"https:\/\/www.nettali.com\/rest\/wp\/v2\/users\/4"}],"replies":[{"embeddable":true,"href":"https:\/\/www.nettali.com\/rest\/wp\/v2\/comments?post=149729"}],"version-history":[{"count":1,"href":"https:\/\/www.nettali.com\/rest\/wp\/v2\/posts\/149729\/revisions"}],"predecessor-version":[{"id":149730,"href":"https:\/\/www.nettali.com\/rest\/wp\/v2\/posts\/149729\/revisions\/149730"}],"wp:featuredmedia":[{"embeddable":true,"href":"https:\/\/www.nettali.com\/rest\/wp\/v2\/media\/18978"}],"wp:attachment":[{"href":"https:\/\/www.nettali.com\/rest\/wp\/v2\/media?parent=149729"}],"wp:term":[{"taxonomy":"category","embeddable":true,"href":"https:\/\/www.nettali.com\/rest\/wp\/v2\/categories?post=149729"},{"taxonomy":"post_tag","embeddable":true,"href":"https:\/\/www.nettali.com\/rest\/wp\/v2\/tags?post=149729"}],"curies":[{"name":"wp","href":"https:\/\/api.w.org\/{rel}","templated":true}]}}