{"id":149697,"date":"2025-02-26T07:26:23","date_gmt":"2025-02-26T07:26:23","guid":{"rendered":"https:\/\/www.nettali.com\/?p=149697"},"modified":"2025-02-26T07:26:23","modified_gmt":"2025-02-26T07:26:23","slug":"excision-de-11-filles-a-sedhioou-unicef-unfpa-et-onu-femmes-condamnent-et-appellent-a-intensifier-la-lutte-contre-ces-pratiques","status":"publish","type":"post","link":"https:\/\/www.nettali.com\/2025\/02\/26\/excision-de-11-filles-a-sedhioou-unicef-unfpa-et-onu-femmes-condamnent-et-appellent-a-intensifier-la-lutte-contre-ces-pratiques\/","title":{"rendered":"EXCISION DE 11 FILLES \u00c0 SEDHIOOU -\u00a0 Unicef, Unfpa et Onu Femmes condamnent et appellent \u00e0 intensifier la lutte contre ces pratiques"},"content":{"rendered":"<p><strong>NETTALI.COM - L'excision de 11 filles \u00e0 Sedhiou met l\u2019Unicef, l\u2019Unfpa et \"Onu Femmes\" dans tous leurs \u00e9tats. Ces organisations ont dans un communiqu\u00e9 conjoint, d\u00e9nonc\u00e9 cette pratique. Elles appellent \u00e0 une application stricte des lois en vigueur. <\/strong><\/p>\n<p>11 fillettes \u00e2g\u00e9es de cinq mois \u00e0 cinq ans ont \u00e9t\u00e9 collectivement excis\u00e9es le samedi 15 f\u00e9vrier 2025 dans le d\u00e9partement de Goudomp, dans la r\u00e9gion de S\u00e9dhiou. Un fait que condamnent l\u2019Unicef, Unfpa et \"Onu Femmes\". Surtout que ces interviennent quelques jours apr\u00e8s la comm\u00e9moration nationale de la Journ\u00e9e internationale de tol\u00e9rance z\u00e9ro contre les Mutilations G\u00e9nitales F\u00e9minines (Mgf).<\/p>\n<p>\" <em>Les trois agences du Syst\u00e8me des Nations Unies saluent le travail des forces de l\u2019ordre et des services de protection de l\u2019enfant et de la sant\u00e9, ainsi que l\u2019engagement des personnes qui ont d\u00e9nonc\u00e9 ces crimes et permis d\u2019identifier les victimes<\/em>\" a not\u00e9 le communiqu\u00e9.<\/p>\n<p>Au S\u00e9n\u00e9gal, indique le texte :\"<em>pr\u00e8s de deux millions de filles et de femmes ont subi des Mgf. 12.9% des filles \u00e2g\u00e9es de moins de 15 ans sont excis\u00e9es, 8 sur 10 avant leur cinqui\u00e8me anniversaire et rarement apr\u00e8s 10 ans<\/em>\".<\/p>\n<p>L\u2019Unicef, Unfpa et \"Onu Femmes\" appellent ainsi \u00e0 un \" <em>sursaut collectif pour que plus aucune fille n\u2019ait \u00e0 subir de Mgf au S\u00e9n\u00e9gal. Ils comptent ainsi sur l\u2019engagement du Gouvernement pour poursuivre les auteurs et complices et faire appliquer la loi<\/em>\".<\/p>\n<p>Les Mutilations g\u00e9nitales f\u00e9minine ( Mgf) infligent de\" <em>graves blessures physiques et psychologiques, profondes et irr\u00e9versibles, engendrant des douleurs, des traumatismes et des risques mortels pour la sant\u00e9. De m\u00eame, elles portent atteinte aux droits fondamentaux des femmes et des filles de disposer de leur corps et de vivre en toute s\u00e9curit\u00e9 et dans la dignit\u00e9<\/em>\", note le document .<\/p>\n<p>Lequel d'ajouter :\"<em>Unicef, Unfpa et Onu Femmes s\u2019alarment que ces pratiquent n\u00e9fastes continuent d\u2019\u00eatre perp\u00e9tr\u00e9es avec la complicit\u00e9 de certains membres de la communaut\u00e9, malgr\u00e9 les efforts men\u00e9s par le Gouvernement. Le S\u00e9n\u00e9gal a jou\u00e9 un r\u00f4le pr\u00e9curseur dans la r\u00e9gion en adoptant d\u00e8s 1999 la loi 99-05, qui incrimine non seulement la perp\u00e9tration, l\u2019instigation, la pr\u00e9paration et\/ou l\u2019assistance \u00e0 un acte de MGF mais aussi le non-signalement d\u2019incident li\u00e9 \u00e0 une MGF ainsi que la pratique transfrontali\u00e8re de MGF<\/em>\".<\/p>\n<p>Ainsi, les trois entit\u00e9s \"<em>rappellent \u00e9galement que l\u2019article 7 de la Constitution du S\u00e9n\u00e9gal pr\u00e9voit la protection de toutes les personnes contre toutes les mutilations physiques en ces termes : \u00ab Tout individu a droit \u00e0 la vie, \u00e0 la libert\u00e9, \u00e0 la s\u00e9curit\u00e9, au libre d\u00e9veloppement de sa personnalit\u00e9, \u00e0 l\u2019int\u00e9grit\u00e9 corporelle notamment \u00e0 la protection contre toutes mutilations physiques<\/em> \u00bb\".<\/p>\n<p>&nbsp;<\/p>\n<p>&nbsp;<\/p>\n<p>&nbsp;<\/p>\n<p>&nbsp;<\/p>\n<p>&nbsp;<\/p>\n<p>&nbsp;<\/p>\n<p>&nbsp;<\/p>\n<p>&nbsp;<\/p>\n<p>&nbsp;<\/p>\n<p>&nbsp;<\/p>\n<p>&nbsp;<\/p>\n<p>&nbsp;<\/p>\n<p>&nbsp;<\/p>\n<p>&nbsp;<\/p>\n<p>&nbsp;<\/p>\n<div class='share-to-whatsapp-wrapper'><div class='share-on-whsp'>PARTAGER SUR : <\/div><a data-text='EXCISION DE 11 FILLES \u00c0 SEDHIOOU -\u00a0 Unicef, Unfpa et Onu Femmes condamnent et appellent \u00e0 intensifier la lutte contre ces pratiques' data-link='https:\/\/www.nettali.com\/2025\/02\/26\/excision-de-11-filles-a-sedhioou-unicef-unfpa-et-onu-femmes-condamnent-et-appellent-a-intensifier-la-lutte-contre-ces-pratiques\/' class='whatsapp-button whatsapp-share'>WhatsApp<\/a><div class='clear '><\/div><\/div>","protected":false},"excerpt":{"rendered":"<p>NETTALI.COM - L'excision de 11 filles \u00e0 Sedhiou met l\u2019Unicef, l\u2019Unfpa et \"Onu Femmes\" dans tous leurs \u00e9tats. Ces organisations ont dans un communiqu\u00e9 conjoint, d\u00e9nonc\u00e9 cette pratique. Elles appellent \u00e0 une application stricte des lois en vigueur. 11 fillettes \u00e2g\u00e9es de cinq mois \u00e0 cinq ans ont \u00e9t\u00e9 collectivement excis\u00e9es le samedi 15 f\u00e9vrier [&hellip;]<\/p>\n","protected":false},"author":6,"featured_media":149700,"comment_status":"open","ping_status":"open","sticky":false,"template":"","format":"standard","meta":{"_et_pb_use_builder":"","_et_pb_old_content":""},"categories":[3],"tags":[],"yoast_head":"<!-- This site is optimized with the Yoast SEO Premium plugin v17.8 (Yoast SEO v17.8) - https:\/\/yoast.com\/wordpress\/plugins\/seo\/ -->\n<title>EXCISION DE 11 FILLES \u00c0 SEDHIOOU -\u00a0 Unicef, Unfpa et Onu Femmes condamnent et appellent \u00e0 intensifier la lutte contre ces pratiques | Nettali.com<\/title>\n<meta name=\"robots\" content=\"index, follow, max-snippet:-1, max-image-preview:large, max-video-preview:-1\" \/>\n<link rel=\"canonical\" href=\"https:\/\/www.nettali.com\/2025\/02\/26\/excision-de-11-filles-a-sedhioou-unicef-unfpa-et-onu-femmes-condamnent-et-appellent-a-intensifier-la-lutte-contre-ces-pratiques\/\" \/>\n<meta property=\"og:locale\" content=\"fr_FR\" \/>\n<meta property=\"og:type\" content=\"article\" \/>\n<meta property=\"og:title\" content=\"EXCISION DE 11 FILLES \u00c0 SEDHIOOU -\u00a0 Unicef, Unfpa et Onu Femmes condamnent et appellent \u00e0 intensifier la lutte contre ces pratiques\" \/>\n<meta property=\"og:description\" content=\"NETTALI.COM - L&#039;excision de 11 filles \u00e0 Sedhiou met l\u2019Unicef, l\u2019Unfpa et &quot;Onu Femmes&quot; dans tous leurs \u00e9tats. Ces organisations ont dans un communiqu\u00e9 conjoint, d\u00e9nonc\u00e9 cette pratique. Elles appellent \u00e0 une application stricte des lois en vigueur. 11 fillettes \u00e2g\u00e9es de cinq mois \u00e0 cinq ans ont \u00e9t\u00e9 collectivement excis\u00e9es le samedi 15 f\u00e9vrier [&hellip;]\" \/>\n<meta property=\"og:url\" content=\"https:\/\/www.nettali.com\/2025\/02\/26\/excision-de-11-filles-a-sedhioou-unicef-unfpa-et-onu-femmes-condamnent-et-appellent-a-intensifier-la-lutte-contre-ces-pratiques\/\" \/>\n<meta property=\"og:site_name\" content=\"Nettali.com\" \/>\n<meta property=\"article:publisher\" content=\"https:\/\/www.facebook.com\/nettalicom\" \/>\n<meta property=\"article:published_time\" content=\"2025-02-26T07:26:23+00:00\" \/>\n<meta property=\"og:image\" content=\"https:\/\/www.nettali.com\/wp-content\/uploads\/2025\/02\/lesafricaines-640x480-1.jpg\" \/>\n\t<meta property=\"og:image:width\" content=\"640\" \/>\n\t<meta property=\"og:image:height\" content=\"462\" \/>\n<meta name=\"twitter:card\" content=\"summary_large_image\" \/>\n<meta name=\"twitter:label1\" content=\"\u00c9crit par\" \/>\n\t<meta name=\"twitter:data1\" content=\"Fatou\" \/>\n\t<meta name=\"twitter:label2\" content=\"Dur\u00e9e de lecture estim\u00e9e\" \/>\n\t<meta name=\"twitter:data2\" content=\"3 minutes\" \/>\n<script type=\"application\/ld+json\" class=\"yoast-schema-graph\">{\"@context\":\"https:\/\/schema.org\",\"@graph\":[{\"@type\":\"WebSite\",\"@id\":\"https:\/\/www.nettali.com\/#website\",\"url\":\"https:\/\/www.nettali.com\/\",\"name\":\"Nettali.com\",\"description\":\"Le rendez-vous critique du Net\",\"potentialAction\":[{\"@type\":\"SearchAction\",\"target\":{\"@type\":\"EntryPoint\",\"urlTemplate\":\"https:\/\/www.nettali.com\/?s={search_term_string}\"},\"query-input\":\"required name=search_term_string\"}],\"inLanguage\":\"fr-FR\"},{\"@type\":\"ImageObject\",\"@id\":\"https:\/\/www.nettali.com\/2025\/02\/26\/excision-de-11-filles-a-sedhioou-unicef-unfpa-et-onu-femmes-condamnent-et-appellent-a-intensifier-la-lutte-contre-ces-pratiques\/#primaryimage\",\"inLanguage\":\"fr-FR\",\"url\":\"https:\/\/www.nettali.com\/wp-content\/uploads\/2025\/02\/lesafricaines-640x480-1.jpg\",\"contentUrl\":\"https:\/\/www.nettali.com\/wp-content\/uploads\/2025\/02\/lesafricaines-640x480-1.jpg\",\"width\":640,\"height\":462},{\"@type\":\"WebPage\",\"@id\":\"https:\/\/www.nettali.com\/2025\/02\/26\/excision-de-11-filles-a-sedhioou-unicef-unfpa-et-onu-femmes-condamnent-et-appellent-a-intensifier-la-lutte-contre-ces-pratiques\/#webpage\",\"url\":\"https:\/\/www.nettali.com\/2025\/02\/26\/excision-de-11-filles-a-sedhioou-unicef-unfpa-et-onu-femmes-condamnent-et-appellent-a-intensifier-la-lutte-contre-ces-pratiques\/\",\"name\":\"EXCISION DE 11 FILLES \\u00c0 SEDHIOOU -\\u00a0 Unicef, Unfpa et Onu Femmes condamnent et appellent \\u00e0 intensifier la lutte contre ces pratiques | Nettali.com\",\"isPartOf\":{\"@id\":\"https:\/\/www.nettali.com\/#website\"},\"primaryImageOfPage\":{\"@id\":\"https:\/\/www.nettali.com\/2025\/02\/26\/excision-de-11-filles-a-sedhioou-unicef-unfpa-et-onu-femmes-condamnent-et-appellent-a-intensifier-la-lutte-contre-ces-pratiques\/#primaryimage\"},\"datePublished\":\"2025-02-26T07:26:23+00:00\",\"dateModified\":\"2025-02-26T07:26:23+00:00\",\"author\":{\"@id\":\"https:\/\/www.nettali.com\/#\/schema\/person\/418274a86bdf87caff7a3ef476bd0bbf\"},\"breadcrumb\":{\"@id\":\"https:\/\/www.nettali.com\/2025\/02\/26\/excision-de-11-filles-a-sedhioou-unicef-unfpa-et-onu-femmes-condamnent-et-appellent-a-intensifier-la-lutte-contre-ces-pratiques\/#breadcrumb\"},\"inLanguage\":\"fr-FR\",\"potentialAction\":[{\"@type\":\"ReadAction\",\"target\":[\"https:\/\/www.nettali.com\/2025\/02\/26\/excision-de-11-filles-a-sedhioou-unicef-unfpa-et-onu-femmes-condamnent-et-appellent-a-intensifier-la-lutte-contre-ces-pratiques\/\"]}]},{\"@type\":\"BreadcrumbList\",\"@id\":\"https:\/\/www.nettali.com\/2025\/02\/26\/excision-de-11-filles-a-sedhioou-unicef-unfpa-et-onu-femmes-condamnent-et-appellent-a-intensifier-la-lutte-contre-ces-pratiques\/#breadcrumb\",\"itemListElement\":[{\"@type\":\"ListItem\",\"position\":1,\"name\":\"Accueil\",\"item\":\"https:\/\/www.nettali.com\/\"},{\"@type\":\"ListItem\",\"position\":2,\"name\":\"EXCISION DE 11 FILLES \\u00c0 SEDHIOOU -\\u00a0 Unicef, Unfpa et Onu Femmes condamnent et appellent \\u00e0 intensifier la lutte contre ces pratiques\"}]},{\"@type\":\"Person\",\"@id\":\"https:\/\/www.nettali.com\/#\/schema\/person\/418274a86bdf87caff7a3ef476bd0bbf\",\"name\":\"Fatou\",\"image\":{\"@type\":\"ImageObject\",\"@id\":\"https:\/\/www.nettali.com\/#personlogo\",\"inLanguage\":\"fr-FR\",\"url\":\"https:\/\/secure.gravatar.com\/avatar\/5a9442a2bee7b4dcf167cab035858e9a?s=96&d=mm&r=g\",\"contentUrl\":\"https:\/\/secure.gravatar.com\/avatar\/5a9442a2bee7b4dcf167cab035858e9a?s=96&d=mm&r=g\",\"caption\":\"Fatou\"},\"sameAs\":[\"https:\/\/www.nettali.com\"]}]}<\/script>\n<!-- \/ Yoast SEO Premium plugin. -->","yoast_head_json":{"title":"EXCISION DE 11 FILLES \u00c0 SEDHIOOU -\u00a0 Unicef, Unfpa et Onu Femmes condamnent et appellent \u00e0 intensifier la lutte contre ces pratiques | Nettali.com","robots":{"index":"index","follow":"follow","max-snippet":"max-snippet:-1","max-image-preview":"max-image-preview:large","max-video-preview":"max-video-preview:-1"},"canonical":"https:\/\/www.nettali.com\/2025\/02\/26\/excision-de-11-filles-a-sedhioou-unicef-unfpa-et-onu-femmes-condamnent-et-appellent-a-intensifier-la-lutte-contre-ces-pratiques\/","og_locale":"fr_FR","og_type":"article","og_title":"EXCISION DE 11 FILLES \u00c0 SEDHIOOU -\u00a0 Unicef, Unfpa et Onu Femmes condamnent et appellent \u00e0 intensifier la lutte contre ces pratiques","og_description":"NETTALI.COM - L'excision de 11 filles \u00e0 Sedhiou met l\u2019Unicef, l\u2019Unfpa et \"Onu Femmes\" dans tous leurs \u00e9tats. Ces organisations ont dans un communiqu\u00e9 conjoint, d\u00e9nonc\u00e9 cette pratique. Elles appellent \u00e0 une application stricte des lois en vigueur. 11 fillettes \u00e2g\u00e9es de cinq mois \u00e0 cinq ans ont \u00e9t\u00e9 collectivement excis\u00e9es le samedi 15 f\u00e9vrier [&hellip;]","og_url":"https:\/\/www.nettali.com\/2025\/02\/26\/excision-de-11-filles-a-sedhioou-unicef-unfpa-et-onu-femmes-condamnent-et-appellent-a-intensifier-la-lutte-contre-ces-pratiques\/","og_site_name":"Nettali.com","article_publisher":"https:\/\/www.facebook.com\/nettalicom","article_published_time":"2025-02-26T07:26:23+00:00","og_image":[{"width":640,"height":462,"url":"https:\/\/www.nettali.com\/wp-content\/uploads\/2025\/02\/lesafricaines-640x480-1.jpg","type":"image\/jpeg"}],"twitter_card":"summary_large_image","twitter_misc":{"\u00c9crit par":"Fatou","Dur\u00e9e de lecture estim\u00e9e":"3 minutes"},"schema":{"@context":"https:\/\/schema.org","@graph":[{"@type":"WebSite","@id":"https:\/\/www.nettali.com\/#website","url":"https:\/\/www.nettali.com\/","name":"Nettali.com","description":"Le rendez-vous critique du Net","potentialAction":[{"@type":"SearchAction","target":{"@type":"EntryPoint","urlTemplate":"https:\/\/www.nettali.com\/?s={search_term_string}"},"query-input":"required name=search_term_string"}],"inLanguage":"fr-FR"},{"@type":"ImageObject","@id":"https:\/\/www.nettali.com\/2025\/02\/26\/excision-de-11-filles-a-sedhioou-unicef-unfpa-et-onu-femmes-condamnent-et-appellent-a-intensifier-la-lutte-contre-ces-pratiques\/#primaryimage","inLanguage":"fr-FR","url":"https:\/\/www.nettali.com\/wp-content\/uploads\/2025\/02\/lesafricaines-640x480-1.jpg","contentUrl":"https:\/\/www.nettali.com\/wp-content\/uploads\/2025\/02\/lesafricaines-640x480-1.jpg","width":640,"height":462},{"@type":"WebPage","@id":"https:\/\/www.nettali.com\/2025\/02\/26\/excision-de-11-filles-a-sedhioou-unicef-unfpa-et-onu-femmes-condamnent-et-appellent-a-intensifier-la-lutte-contre-ces-pratiques\/#webpage","url":"https:\/\/www.nettali.com\/2025\/02\/26\/excision-de-11-filles-a-sedhioou-unicef-unfpa-et-onu-femmes-condamnent-et-appellent-a-intensifier-la-lutte-contre-ces-pratiques\/","name":"EXCISION DE 11 FILLES \u00c0 SEDHIOOU -\u00a0 Unicef, Unfpa et Onu Femmes condamnent et appellent \u00e0 intensifier la lutte contre ces pratiques | Nettali.com","isPartOf":{"@id":"https:\/\/www.nettali.com\/#website"},"primaryImageOfPage":{"@id":"https:\/\/www.nettali.com\/2025\/02\/26\/excision-de-11-filles-a-sedhioou-unicef-unfpa-et-onu-femmes-condamnent-et-appellent-a-intensifier-la-lutte-contre-ces-pratiques\/#primaryimage"},"datePublished":"2025-02-26T07:26:23+00:00","dateModified":"2025-02-26T07:26:23+00:00","author":{"@id":"https:\/\/www.nettali.com\/#\/schema\/person\/418274a86bdf87caff7a3ef476bd0bbf"},"breadcrumb":{"@id":"https:\/\/www.nettali.com\/2025\/02\/26\/excision-de-11-filles-a-sedhioou-unicef-unfpa-et-onu-femmes-condamnent-et-appellent-a-intensifier-la-lutte-contre-ces-pratiques\/#breadcrumb"},"inLanguage":"fr-FR","potentialAction":[{"@type":"ReadAction","target":["https:\/\/www.nettali.com\/2025\/02\/26\/excision-de-11-filles-a-sedhioou-unicef-unfpa-et-onu-femmes-condamnent-et-appellent-a-intensifier-la-lutte-contre-ces-pratiques\/"]}]},{"@type":"BreadcrumbList","@id":"https:\/\/www.nettali.com\/2025\/02\/26\/excision-de-11-filles-a-sedhioou-unicef-unfpa-et-onu-femmes-condamnent-et-appellent-a-intensifier-la-lutte-contre-ces-pratiques\/#breadcrumb","itemListElement":[{"@type":"ListItem","position":1,"name":"Accueil","item":"https:\/\/www.nettali.com\/"},{"@type":"ListItem","position":2,"name":"EXCISION DE 11 FILLES \u00c0 SEDHIOOU -\u00a0 Unicef, Unfpa et Onu Femmes condamnent et appellent \u00e0 intensifier la lutte contre ces pratiques"}]},{"@type":"Person","@id":"https:\/\/www.nettali.com\/#\/schema\/person\/418274a86bdf87caff7a3ef476bd0bbf","name":"Fatou","image":{"@type":"ImageObject","@id":"https:\/\/www.nettali.com\/#personlogo","inLanguage":"fr-FR","url":"https:\/\/secure.gravatar.com\/avatar\/5a9442a2bee7b4dcf167cab035858e9a?s=96&d=mm&r=g","contentUrl":"https:\/\/secure.gravatar.com\/avatar\/5a9442a2bee7b4dcf167cab035858e9a?s=96&d=mm&r=g","caption":"Fatou"},"sameAs":["https:\/\/www.nettali.com"]}]}},"_links":{"self":[{"href":"https:\/\/www.nettali.com\/rest\/wp\/v2\/posts\/149697"}],"collection":[{"href":"https:\/\/www.nettali.com\/rest\/wp\/v2\/posts"}],"about":[{"href":"https:\/\/www.nettali.com\/rest\/wp\/v2\/types\/post"}],"author":[{"embeddable":true,"href":"https:\/\/www.nettali.com\/rest\/wp\/v2\/users\/6"}],"replies":[{"embeddable":true,"href":"https:\/\/www.nettali.com\/rest\/wp\/v2\/comments?post=149697"}],"version-history":[{"count":3,"href":"https:\/\/www.nettali.com\/rest\/wp\/v2\/posts\/149697\/revisions"}],"predecessor-version":[{"id":149701,"href":"https:\/\/www.nettali.com\/rest\/wp\/v2\/posts\/149697\/revisions\/149701"}],"wp:featuredmedia":[{"embeddable":true,"href":"https:\/\/www.nettali.com\/rest\/wp\/v2\/media\/149700"}],"wp:attachment":[{"href":"https:\/\/www.nettali.com\/rest\/wp\/v2\/media?parent=149697"}],"wp:term":[{"taxonomy":"category","embeddable":true,"href":"https:\/\/www.nettali.com\/rest\/wp\/v2\/categories?post=149697"},{"taxonomy":"post_tag","embeddable":true,"href":"https:\/\/www.nettali.com\/rest\/wp\/v2\/tags?post=149697"}],"curies":[{"name":"wp","href":"https:\/\/api.w.org\/{rel}","templated":true}]}}