{"id":149691,"date":"2025-02-25T17:43:43","date_gmt":"2025-02-25T17:43:43","guid":{"rendered":"https:\/\/www.nettali.com\/?p=149691"},"modified":"2025-02-27T02:43:08","modified_gmt":"2025-02-27T02:43:08","slug":"suspension-de-laide-au-developpement-macky-repond-a-trump","status":"publish","type":"post","link":"https:\/\/www.nettali.com\/2025\/02\/25\/suspension-de-laide-au-developpement-macky-repond-a-trump\/","title":{"rendered":"SUSPENSION DE L'AIDE AU DEVELOPPEMENT - Macky r\u00e9pond \u00e0 Trump"},"content":{"rendered":"<div>\n<p><strong><span style=\"font-size: 16px;\">NETTALI.COM - <em>\u00ab L\u2019Afrique n\u2019est plus dans une perspective de tendre la main. On n\u2019est plus dans une logique d\u2019aide au d\u00e9veloppement \u00bb<\/em>, a d\u00e9clar\u00e9 l\u2019ancien Chef de l\u2019\u00c9tat. Macky Sall qui apportait la r\u00e9plique au Pr\u00e9sident am\u00e9ricain Donald Trump.<\/span><\/strong><\/p>\n<div id=\"r89-video-outstream-wrapper\">\n<div id=\"r89-video-outstream\" data-google-query-id=\"CPap4c6u34sDFTX09QIdr5wj_Q\">\n<div id=\"google_ads_iframe_\/15748617,1801186\/Senewebcom\/Senewebcom-Video-Outstream_0__container__\">L\u2019ancien Pr\u00e9sident de la R\u00e9publique du S\u00e9n\u00e9gal, qui s\u2019exprimait sur le sujet, lors du panel d\u2019Atlantic Council sur l\u2019engagement \u00e9conomique des \u00c9tats-Unis vis-\u00e0-vis de l\u2019Afrique, note que <em>\u00ab l\u2019aide ne peut pas apporter les r\u00e9ponses attendues par les africains \u00bb.<\/em><\/div>\n<\/div>\n<\/div>\n<\/div>\n<div><span style=\"font-size: 16px;\">\u00a0<\/span><\/div>\n<div><span style=\"font-size: 16px;\">Parce qu'argumente-t-il, <em>\u00ab l\u2019Afrique est trop grande pour d\u00e9pendre de l\u2019aide. Sa population est grande et jeune pour d\u00e9pendre de l\u2019aide. Il faut des m\u00e9canismes, d\u00e9velopper le march\u00e9 des capitaux sur le continent et d\u00e9velopper des joint-ventures. Ce sera gagnant-gagnant. C\u2019est le message que j\u2019aimerais donner \u00e0 la nouvelle administration Trump \u00bb<\/em>.<\/span><\/div>\n<div><span style=\"font-size: 16px;\">\u00a0<\/span><\/div>\n<div><span style=\"font-size: 16px;\">R\u00e9\u00e9lu en novembre dernier et install\u00e9 dans ses fonctions en janvier 2025, Donald Trump a supprim\u00e9 l\u2019aide publique am\u00e9ricaine. Une d\u00e9cision qui n\u2019est pas sans cons\u00e9quence dans les pays africains.<\/span><\/div>\n<div><span style=\"font-size: 16px;\">\u00a0<\/span><\/div>\n<div><span style=\"font-size: 16px;\">Le S\u00e9n\u00e9gal, pour sa part, avait sign\u00e9 avec les \u00c9tats-Unis un contrat de 600 millions de dollars dans le cadre du \u00ab Power Compact \u00bb.<\/span><\/div>\n<div><\/div>\n<div><span style=\"font-size: 16px;\">\u00a0Ainsi, l\u2019accord a \u00e9t\u00e9 gel\u00e9, r\u00e9v\u00e8le le Premier ministre Ousmane Sonko. <em>\u00ab Vous avez vu, le Pr\u00e9sident am\u00e9ricain avait promis de suspendre l\u2019aide publique pour voir, dans les trois (3) mois, les programmes qui seront reconduits ou gel\u00e9s. Au S\u00e9n\u00e9gal, un de nos projets de plus de 500 millions de dollars, est concern\u00e9. Le programme concernant l\u2019\u00e9lectrification a \u00e9t\u00e9 arr\u00eat\u00e9 \u00bb<\/em>, a d\u00e9clar\u00e9, le 3 f\u00e9vrier dernier, le chef du gouvernement s\u00e9n\u00e9galais<\/span><\/div>\n<div class='share-to-whatsapp-wrapper'><div class='share-on-whsp'>PARTAGER SUR : <\/div><a data-text='SUSPENSION DE L'AIDE AU DEVELOPPEMENT - Macky r\u00e9pond \u00e0 Trump' data-link='https:\/\/www.nettali.com\/2025\/02\/25\/suspension-de-laide-au-developpement-macky-repond-a-trump\/' class='whatsapp-button whatsapp-share'>WhatsApp<\/a><div class='clear '><\/div><\/div>","protected":false},"excerpt":{"rendered":"<p>NETTALI.COM - \u00ab L\u2019Afrique n\u2019est plus dans une perspective de tendre la main. On n\u2019est plus dans une logique d\u2019aide au d\u00e9veloppement \u00bb, a d\u00e9clar\u00e9 l\u2019ancien Chef de l\u2019\u00c9tat. Macky Sall qui apportait la r\u00e9plique au Pr\u00e9sident am\u00e9ricain Donald Trump. L\u2019ancien Pr\u00e9sident de la R\u00e9publique du S\u00e9n\u00e9gal, qui s\u2019exprimait sur le sujet, lors du panel [&hellip;]<\/p>\n","protected":false},"author":4,"featured_media":149692,"comment_status":"open","ping_status":"open","sticky":false,"template":"","format":"standard","meta":{"_et_pb_use_builder":"","_et_pb_old_content":""},"categories":[2],"tags":[],"yoast_head":"<!-- This site is optimized with the Yoast SEO Premium plugin v17.8 (Yoast SEO v17.8) - https:\/\/yoast.com\/wordpress\/plugins\/seo\/ -->\n<title>SUSPENSION DE L&#039;AIDE AU DEVELOPPEMENT - Macky r\u00e9pond \u00e0 Trump | Nettali.com<\/title>\n<meta name=\"robots\" content=\"index, follow, max-snippet:-1, max-image-preview:large, max-video-preview:-1\" \/>\n<link rel=\"canonical\" href=\"https:\/\/www.nettali.com\/2025\/02\/25\/suspension-de-laide-au-developpement-macky-repond-a-trump\/\" \/>\n<meta property=\"og:locale\" content=\"fr_FR\" \/>\n<meta property=\"og:type\" content=\"article\" \/>\n<meta property=\"og:title\" content=\"SUSPENSION DE L&#039;AIDE AU DEVELOPPEMENT - Macky r\u00e9pond \u00e0 Trump\" \/>\n<meta property=\"og:description\" content=\"NETTALI.COM - \u00ab L\u2019Afrique n\u2019est plus dans une perspective de tendre la main. On n\u2019est plus dans une logique d\u2019aide au d\u00e9veloppement \u00bb, a d\u00e9clar\u00e9 l\u2019ancien Chef de l\u2019\u00c9tat. Macky Sall qui apportait la r\u00e9plique au Pr\u00e9sident am\u00e9ricain Donald Trump. L\u2019ancien Pr\u00e9sident de la R\u00e9publique du S\u00e9n\u00e9gal, qui s\u2019exprimait sur le sujet, lors du panel [&hellip;]\" \/>\n<meta property=\"og:url\" content=\"https:\/\/www.nettali.com\/2025\/02\/25\/suspension-de-laide-au-developpement-macky-repond-a-trump\/\" \/>\n<meta property=\"og:site_name\" content=\"Nettali.com\" \/>\n<meta property=\"article:publisher\" content=\"https:\/\/www.facebook.com\/nettalicom\" \/>\n<meta property=\"article:published_time\" content=\"2025-02-25T17:43:43+00:00\" \/>\n<meta property=\"article:modified_time\" content=\"2025-02-27T02:43:08+00:00\" \/>\n<meta property=\"og:image\" content=\"https:\/\/www.nettali.com\/wp-content\/uploads\/2025\/02\/Capture-de\u0301cran-2025-02-25-a\u0300-17.43.05.png\" \/>\n\t<meta property=\"og:image:width\" content=\"856\" \/>\n\t<meta property=\"og:image:height\" content=\"495\" \/>\n<meta name=\"twitter:card\" content=\"summary_large_image\" \/>\n<meta name=\"twitter:label1\" content=\"\u00c9crit par\" \/>\n\t<meta name=\"twitter:data1\" content=\"Daouda\" \/>\n\t<meta name=\"twitter:label2\" content=\"Dur\u00e9e de lecture estim\u00e9e\" \/>\n\t<meta name=\"twitter:data2\" content=\"2 minutes\" \/>\n<script type=\"application\/ld+json\" class=\"yoast-schema-graph\">{\"@context\":\"https:\/\/schema.org\",\"@graph\":[{\"@type\":\"WebSite\",\"@id\":\"https:\/\/www.nettali.com\/#website\",\"url\":\"https:\/\/www.nettali.com\/\",\"name\":\"Nettali.com\",\"description\":\"Le rendez-vous critique du Net\",\"potentialAction\":[{\"@type\":\"SearchAction\",\"target\":{\"@type\":\"EntryPoint\",\"urlTemplate\":\"https:\/\/www.nettali.com\/?s={search_term_string}\"},\"query-input\":\"required name=search_term_string\"}],\"inLanguage\":\"fr-FR\"},{\"@type\":\"ImageObject\",\"@id\":\"https:\/\/www.nettali.com\/2025\/02\/25\/suspension-de-laide-au-developpement-macky-repond-a-trump\/#primaryimage\",\"inLanguage\":\"fr-FR\",\"url\":\"https:\/\/www.nettali.com\/wp-content\/uploads\/2025\/02\/Capture-de\\u0301cran-2025-02-25-a\\u0300-17.43.05.png\",\"contentUrl\":\"https:\/\/www.nettali.com\/wp-content\/uploads\/2025\/02\/Capture-de\\u0301cran-2025-02-25-a\\u0300-17.43.05.png\",\"width\":856,\"height\":495},{\"@type\":\"WebPage\",\"@id\":\"https:\/\/www.nettali.com\/2025\/02\/25\/suspension-de-laide-au-developpement-macky-repond-a-trump\/#webpage\",\"url\":\"https:\/\/www.nettali.com\/2025\/02\/25\/suspension-de-laide-au-developpement-macky-repond-a-trump\/\",\"name\":\"SUSPENSION DE L'AIDE AU DEVELOPPEMENT - Macky r\\u00e9pond \\u00e0 Trump | Nettali.com\",\"isPartOf\":{\"@id\":\"https:\/\/www.nettali.com\/#website\"},\"primaryImageOfPage\":{\"@id\":\"https:\/\/www.nettali.com\/2025\/02\/25\/suspension-de-laide-au-developpement-macky-repond-a-trump\/#primaryimage\"},\"datePublished\":\"2025-02-25T17:43:43+00:00\",\"dateModified\":\"2025-02-27T02:43:08+00:00\",\"author\":{\"@id\":\"https:\/\/www.nettali.com\/#\/schema\/person\/3317e0bb3aa1da309fbf7b2780901bf4\"},\"breadcrumb\":{\"@id\":\"https:\/\/www.nettali.com\/2025\/02\/25\/suspension-de-laide-au-developpement-macky-repond-a-trump\/#breadcrumb\"},\"inLanguage\":\"fr-FR\",\"potentialAction\":[{\"@type\":\"ReadAction\",\"target\":[\"https:\/\/www.nettali.com\/2025\/02\/25\/suspension-de-laide-au-developpement-macky-repond-a-trump\/\"]}]},{\"@type\":\"BreadcrumbList\",\"@id\":\"https:\/\/www.nettali.com\/2025\/02\/25\/suspension-de-laide-au-developpement-macky-repond-a-trump\/#breadcrumb\",\"itemListElement\":[{\"@type\":\"ListItem\",\"position\":1,\"name\":\"Accueil\",\"item\":\"https:\/\/www.nettali.com\/\"},{\"@type\":\"ListItem\",\"position\":2,\"name\":\"SUSPENSION DE L'AIDE AU DEVELOPPEMENT - Macky r\\u00e9pond \\u00e0 Trump\"}]},{\"@type\":\"Person\",\"@id\":\"https:\/\/www.nettali.com\/#\/schema\/person\/3317e0bb3aa1da309fbf7b2780901bf4\",\"name\":\"Daouda\",\"image\":{\"@type\":\"ImageObject\",\"@id\":\"https:\/\/www.nettali.com\/#personlogo\",\"inLanguage\":\"fr-FR\",\"url\":\"https:\/\/secure.gravatar.com\/avatar\/8d143b5a49345098ddcfee1c49c2f47c?s=96&d=mm&r=g\",\"contentUrl\":\"https:\/\/secure.gravatar.com\/avatar\/8d143b5a49345098ddcfee1c49c2f47c?s=96&d=mm&r=g\",\"caption\":\"Daouda\"},\"sameAs\":[\"https:\/\/www.nettali.com\"]}]}<\/script>\n<!-- \/ Yoast SEO Premium plugin. -->","yoast_head_json":{"title":"SUSPENSION DE L'AIDE AU DEVELOPPEMENT - Macky r\u00e9pond \u00e0 Trump | Nettali.com","robots":{"index":"index","follow":"follow","max-snippet":"max-snippet:-1","max-image-preview":"max-image-preview:large","max-video-preview":"max-video-preview:-1"},"canonical":"https:\/\/www.nettali.com\/2025\/02\/25\/suspension-de-laide-au-developpement-macky-repond-a-trump\/","og_locale":"fr_FR","og_type":"article","og_title":"SUSPENSION DE L'AIDE AU DEVELOPPEMENT - Macky r\u00e9pond \u00e0 Trump","og_description":"NETTALI.COM - \u00ab L\u2019Afrique n\u2019est plus dans une perspective de tendre la main. On n\u2019est plus dans une logique d\u2019aide au d\u00e9veloppement \u00bb, a d\u00e9clar\u00e9 l\u2019ancien Chef de l\u2019\u00c9tat. Macky Sall qui apportait la r\u00e9plique au Pr\u00e9sident am\u00e9ricain Donald Trump. L\u2019ancien Pr\u00e9sident de la R\u00e9publique du S\u00e9n\u00e9gal, qui s\u2019exprimait sur le sujet, lors du panel [&hellip;]","og_url":"https:\/\/www.nettali.com\/2025\/02\/25\/suspension-de-laide-au-developpement-macky-repond-a-trump\/","og_site_name":"Nettali.com","article_publisher":"https:\/\/www.facebook.com\/nettalicom","article_published_time":"2025-02-25T17:43:43+00:00","article_modified_time":"2025-02-27T02:43:08+00:00","og_image":[{"width":856,"height":495,"url":"https:\/\/www.nettali.com\/wp-content\/uploads\/2025\/02\/Capture-de\u0301cran-2025-02-25-a\u0300-17.43.05.png","type":"image\/png"}],"twitter_card":"summary_large_image","twitter_misc":{"\u00c9crit par":"Daouda","Dur\u00e9e de lecture estim\u00e9e":"2 minutes"},"schema":{"@context":"https:\/\/schema.org","@graph":[{"@type":"WebSite","@id":"https:\/\/www.nettali.com\/#website","url":"https:\/\/www.nettali.com\/","name":"Nettali.com","description":"Le rendez-vous critique du Net","potentialAction":[{"@type":"SearchAction","target":{"@type":"EntryPoint","urlTemplate":"https:\/\/www.nettali.com\/?s={search_term_string}"},"query-input":"required name=search_term_string"}],"inLanguage":"fr-FR"},{"@type":"ImageObject","@id":"https:\/\/www.nettali.com\/2025\/02\/25\/suspension-de-laide-au-developpement-macky-repond-a-trump\/#primaryimage","inLanguage":"fr-FR","url":"https:\/\/www.nettali.com\/wp-content\/uploads\/2025\/02\/Capture-de\u0301cran-2025-02-25-a\u0300-17.43.05.png","contentUrl":"https:\/\/www.nettali.com\/wp-content\/uploads\/2025\/02\/Capture-de\u0301cran-2025-02-25-a\u0300-17.43.05.png","width":856,"height":495},{"@type":"WebPage","@id":"https:\/\/www.nettali.com\/2025\/02\/25\/suspension-de-laide-au-developpement-macky-repond-a-trump\/#webpage","url":"https:\/\/www.nettali.com\/2025\/02\/25\/suspension-de-laide-au-developpement-macky-repond-a-trump\/","name":"SUSPENSION DE L'AIDE AU DEVELOPPEMENT - Macky r\u00e9pond \u00e0 Trump | Nettali.com","isPartOf":{"@id":"https:\/\/www.nettali.com\/#website"},"primaryImageOfPage":{"@id":"https:\/\/www.nettali.com\/2025\/02\/25\/suspension-de-laide-au-developpement-macky-repond-a-trump\/#primaryimage"},"datePublished":"2025-02-25T17:43:43+00:00","dateModified":"2025-02-27T02:43:08+00:00","author":{"@id":"https:\/\/www.nettali.com\/#\/schema\/person\/3317e0bb3aa1da309fbf7b2780901bf4"},"breadcrumb":{"@id":"https:\/\/www.nettali.com\/2025\/02\/25\/suspension-de-laide-au-developpement-macky-repond-a-trump\/#breadcrumb"},"inLanguage":"fr-FR","potentialAction":[{"@type":"ReadAction","target":["https:\/\/www.nettali.com\/2025\/02\/25\/suspension-de-laide-au-developpement-macky-repond-a-trump\/"]}]},{"@type":"BreadcrumbList","@id":"https:\/\/www.nettali.com\/2025\/02\/25\/suspension-de-laide-au-developpement-macky-repond-a-trump\/#breadcrumb","itemListElement":[{"@type":"ListItem","position":1,"name":"Accueil","item":"https:\/\/www.nettali.com\/"},{"@type":"ListItem","position":2,"name":"SUSPENSION DE L'AIDE AU DEVELOPPEMENT - Macky r\u00e9pond \u00e0 Trump"}]},{"@type":"Person","@id":"https:\/\/www.nettali.com\/#\/schema\/person\/3317e0bb3aa1da309fbf7b2780901bf4","name":"Daouda","image":{"@type":"ImageObject","@id":"https:\/\/www.nettali.com\/#personlogo","inLanguage":"fr-FR","url":"https:\/\/secure.gravatar.com\/avatar\/8d143b5a49345098ddcfee1c49c2f47c?s=96&d=mm&r=g","contentUrl":"https:\/\/secure.gravatar.com\/avatar\/8d143b5a49345098ddcfee1c49c2f47c?s=96&d=mm&r=g","caption":"Daouda"},"sameAs":["https:\/\/www.nettali.com"]}]}},"_links":{"self":[{"href":"https:\/\/www.nettali.com\/rest\/wp\/v2\/posts\/149691"}],"collection":[{"href":"https:\/\/www.nettali.com\/rest\/wp\/v2\/posts"}],"about":[{"href":"https:\/\/www.nettali.com\/rest\/wp\/v2\/types\/post"}],"author":[{"embeddable":true,"href":"https:\/\/www.nettali.com\/rest\/wp\/v2\/users\/4"}],"replies":[{"embeddable":true,"href":"https:\/\/www.nettali.com\/rest\/wp\/v2\/comments?post=149691"}],"version-history":[{"count":2,"href":"https:\/\/www.nettali.com\/rest\/wp\/v2\/posts\/149691\/revisions"}],"predecessor-version":[{"id":149709,"href":"https:\/\/www.nettali.com\/rest\/wp\/v2\/posts\/149691\/revisions\/149709"}],"wp:featuredmedia":[{"embeddable":true,"href":"https:\/\/www.nettali.com\/rest\/wp\/v2\/media\/149692"}],"wp:attachment":[{"href":"https:\/\/www.nettali.com\/rest\/wp\/v2\/media?parent=149691"}],"wp:term":[{"taxonomy":"category","embeddable":true,"href":"https:\/\/www.nettali.com\/rest\/wp\/v2\/categories?post=149691"},{"taxonomy":"post_tag","embeddable":true,"href":"https:\/\/www.nettali.com\/rest\/wp\/v2\/tags?post=149691"}],"curies":[{"name":"wp","href":"https:\/\/api.w.org\/{rel}","templated":true}]}}