{"id":149667,"date":"2025-02-25T09:45:22","date_gmt":"2025-02-25T09:45:22","guid":{"rendered":"https:\/\/www.nettali.com\/?p=149667"},"modified":"2025-02-25T09:45:22","modified_gmt":"2025-02-25T09:45:22","slug":"turquie-mourinho-vise-par-une-plainte-de-galatasaray","status":"publish","type":"post","link":"https:\/\/www.nettali.com\/2025\/02\/25\/turquie-mourinho-vise-par-une-plainte-de-galatasaray\/","title":{"rendered":"TURQUIE - Mourinho vis\u00e9 par une plainte de Galatasaray"},"content":{"rendered":"<p><strong>NETTALI.COM - Dans un communiqu\u00e9, les dirigeants de Galatasaray ont annonc\u00e9 porter plainte contre l'entra\u00eeneur portugais du Fenerbah\u00e7e, Jos\u00e9 Mourinho. Ses propos tenus \u00e0 l'issue de la rencontre ce lundi en S\u00fcper Lig sont jug\u00e9s racistes et immoraux par le club stambouliote.<\/strong><\/p>\n<p>La tension du derby d'Istanbul se poursuit en coulisses. Les dirigeants de Galatasaray ont annonc\u00e9 porter plainte contre l'entra\u00eeneur du Fenerbah\u00e7e Jos\u00e9 Mourinho, en raison de ses d\u00e9clarations en marge de la rencontre entre les deux clubs ce lundi (0-0).<br \/>\n\"<em>Apr\u00e8s le match, j'ai remerci\u00e9 Slavko Vincic pour avoir arbitr\u00e9 ce grand match. Si cela avait \u00e9t\u00e9 un arbitre turc, cela aurait \u00e9t\u00e9 un d\u00e9sastre complet. [...] Le banc de Galatasaray sautait comme des singes apr\u00e8s chaque bonne d\u00e9cision<\/em>\", a clam\u00e9 l'entra\u00eeneur portugais.<\/p>\n<p>Dans un communiqu\u00e9, accompagn\u00e9 du slogan \"<em>Say no to racism<\/em>\", Galatasaray a exprim\u00e9 sa col\u00e8re. \"<em>Le directeur technique du Fenerbah\u00e7e, Jos\u00e9 Mourinho, qui a r\u00e9guli\u00e8rement tenu des propos d\u00e9sobligeants envers le peuple turc depuis qu'il a commenc\u00e9 \u00e0 travailler en Turquie, a maintenant ajout\u00e9 une rh\u00e9torique inhumaine \u00e0 ses d\u00e9clarations immorales.<\/em><\/p>\n<p><em>Nous tenons \u00e0 vous informer que nous allons d\u00e9poser une plainte p\u00e9nale aupr\u00e8s du parquet concernant les propos racistes de Jos\u00e9 Mourinho et que nous allons \u00e9galement d\u00e9poser une plainte aupr\u00e8s de l'UEFA et de la FIFA. En plus de toutes ces initiatives, nous suivrons l'attitude des directeurs techniques de notre rival 'mod\u00e8le moral' face \u00e0 cette d\u00e9claration<\/em>.\"<\/p>\n<p>The Special One risque gros.<\/p>\n<div class='share-to-whatsapp-wrapper'><div class='share-on-whsp'>PARTAGER SUR : <\/div><a data-text='TURQUIE - Mourinho vis\u00e9 par une plainte de Galatasaray' data-link='https:\/\/www.nettali.com\/2025\/02\/25\/turquie-mourinho-vise-par-une-plainte-de-galatasaray\/' class='whatsapp-button whatsapp-share'>WhatsApp<\/a><div class='clear '><\/div><\/div>","protected":false},"excerpt":{"rendered":"<p>NETTALI.COM - Dans un communiqu\u00e9, les dirigeants de Galatasaray ont annonc\u00e9 porter plainte contre l'entra\u00eeneur portugais du Fenerbah\u00e7e, Jos\u00e9 Mourinho. Ses propos tenus \u00e0 l'issue de la rencontre ce lundi en S\u00fcper Lig sont jug\u00e9s racistes et immoraux par le club stambouliote. La tension du derby d'Istanbul se poursuit en coulisses. Les dirigeants de Galatasaray [&hellip;]<\/p>\n","protected":false},"author":5,"featured_media":149668,"comment_status":"open","ping_status":"open","sticky":false,"template":"","format":"standard","meta":{"_et_pb_use_builder":"","_et_pb_old_content":""},"categories":[6],"tags":[],"yoast_head":"<!-- This site is optimized with the Yoast SEO Premium plugin v17.8 (Yoast SEO v17.8) - https:\/\/yoast.com\/wordpress\/plugins\/seo\/ -->\n<title>TURQUIE - Mourinho vis\u00e9 par une plainte de Galatasaray | Nettali.com<\/title>\n<meta name=\"robots\" content=\"index, follow, max-snippet:-1, max-image-preview:large, max-video-preview:-1\" \/>\n<link rel=\"canonical\" href=\"https:\/\/www.nettali.com\/2025\/02\/25\/turquie-mourinho-vise-par-une-plainte-de-galatasaray\/\" \/>\n<meta property=\"og:locale\" content=\"fr_FR\" \/>\n<meta property=\"og:type\" content=\"article\" \/>\n<meta property=\"og:title\" content=\"TURQUIE - Mourinho vis\u00e9 par une plainte de Galatasaray\" \/>\n<meta property=\"og:description\" content=\"NETTALI.COM - Dans un communiqu\u00e9, les dirigeants de Galatasaray ont annonc\u00e9 porter plainte contre l&#039;entra\u00eeneur portugais du Fenerbah\u00e7e, Jos\u00e9 Mourinho. Ses propos tenus \u00e0 l&#039;issue de la rencontre ce lundi en S\u00fcper Lig sont jug\u00e9s racistes et immoraux par le club stambouliote. La tension du derby d&#039;Istanbul se poursuit en coulisses. Les dirigeants de Galatasaray [&hellip;]\" \/>\n<meta property=\"og:url\" content=\"https:\/\/www.nettali.com\/2025\/02\/25\/turquie-mourinho-vise-par-une-plainte-de-galatasaray\/\" \/>\n<meta property=\"og:site_name\" content=\"Nettali.com\" \/>\n<meta property=\"article:publisher\" content=\"https:\/\/www.facebook.com\/nettalicom\" \/>\n<meta property=\"article:published_time\" content=\"2025-02-25T09:45:22+00:00\" \/>\n<meta property=\"og:image\" content=\"https:\/\/www.nettali.com\/wp-content\/uploads\/2025\/02\/jose-mourinho-2425-67b5bf7c68711.jpg\" \/>\n\t<meta property=\"og:image:width\" content=\"642\" \/>\n\t<meta property=\"og:image:height\" content=\"382\" \/>\n<meta name=\"twitter:card\" content=\"summary_large_image\" \/>\n<meta name=\"twitter:label1\" content=\"\u00c9crit par\" \/>\n\t<meta name=\"twitter:data1\" content=\"Ibrahima\" \/>\n\t<meta name=\"twitter:label2\" content=\"Dur\u00e9e de lecture estim\u00e9e\" \/>\n\t<meta name=\"twitter:data2\" content=\"2 minutes\" \/>\n<script type=\"application\/ld+json\" class=\"yoast-schema-graph\">{\"@context\":\"https:\/\/schema.org\",\"@graph\":[{\"@type\":\"WebSite\",\"@id\":\"https:\/\/www.nettali.com\/#website\",\"url\":\"https:\/\/www.nettali.com\/\",\"name\":\"Nettali.com\",\"description\":\"Le rendez-vous critique du Net\",\"potentialAction\":[{\"@type\":\"SearchAction\",\"target\":{\"@type\":\"EntryPoint\",\"urlTemplate\":\"https:\/\/www.nettali.com\/?s={search_term_string}\"},\"query-input\":\"required name=search_term_string\"}],\"inLanguage\":\"fr-FR\"},{\"@type\":\"ImageObject\",\"@id\":\"https:\/\/www.nettali.com\/2025\/02\/25\/turquie-mourinho-vise-par-une-plainte-de-galatasaray\/#primaryimage\",\"inLanguage\":\"fr-FR\",\"url\":\"https:\/\/www.nettali.com\/wp-content\/uploads\/2025\/02\/jose-mourinho-2425-67b5bf7c68711.jpg\",\"contentUrl\":\"https:\/\/www.nettali.com\/wp-content\/uploads\/2025\/02\/jose-mourinho-2425-67b5bf7c68711.jpg\",\"width\":642,\"height\":382},{\"@type\":\"WebPage\",\"@id\":\"https:\/\/www.nettali.com\/2025\/02\/25\/turquie-mourinho-vise-par-une-plainte-de-galatasaray\/#webpage\",\"url\":\"https:\/\/www.nettali.com\/2025\/02\/25\/turquie-mourinho-vise-par-une-plainte-de-galatasaray\/\",\"name\":\"TURQUIE - Mourinho vis\\u00e9 par une plainte de Galatasaray | Nettali.com\",\"isPartOf\":{\"@id\":\"https:\/\/www.nettali.com\/#website\"},\"primaryImageOfPage\":{\"@id\":\"https:\/\/www.nettali.com\/2025\/02\/25\/turquie-mourinho-vise-par-une-plainte-de-galatasaray\/#primaryimage\"},\"datePublished\":\"2025-02-25T09:45:22+00:00\",\"dateModified\":\"2025-02-25T09:45:22+00:00\",\"author\":{\"@id\":\"https:\/\/www.nettali.com\/#\/schema\/person\/bb147657c2986240405a608162b9bb23\"},\"breadcrumb\":{\"@id\":\"https:\/\/www.nettali.com\/2025\/02\/25\/turquie-mourinho-vise-par-une-plainte-de-galatasaray\/#breadcrumb\"},\"inLanguage\":\"fr-FR\",\"potentialAction\":[{\"@type\":\"ReadAction\",\"target\":[\"https:\/\/www.nettali.com\/2025\/02\/25\/turquie-mourinho-vise-par-une-plainte-de-galatasaray\/\"]}]},{\"@type\":\"BreadcrumbList\",\"@id\":\"https:\/\/www.nettali.com\/2025\/02\/25\/turquie-mourinho-vise-par-une-plainte-de-galatasaray\/#breadcrumb\",\"itemListElement\":[{\"@type\":\"ListItem\",\"position\":1,\"name\":\"Accueil\",\"item\":\"https:\/\/www.nettali.com\/\"},{\"@type\":\"ListItem\",\"position\":2,\"name\":\"TURQUIE - Mourinho vis\\u00e9 par une plainte de Galatasaray\"}]},{\"@type\":\"Person\",\"@id\":\"https:\/\/www.nettali.com\/#\/schema\/person\/bb147657c2986240405a608162b9bb23\",\"name\":\"Ibrahima\",\"image\":{\"@type\":\"ImageObject\",\"@id\":\"https:\/\/www.nettali.com\/#personlogo\",\"inLanguage\":\"fr-FR\",\"url\":\"https:\/\/secure.gravatar.com\/avatar\/26a8a81f09f0dd7624c9d5c36c9ba3a2?s=96&d=mm&r=g\",\"contentUrl\":\"https:\/\/secure.gravatar.com\/avatar\/26a8a81f09f0dd7624c9d5c36c9ba3a2?s=96&d=mm&r=g\",\"caption\":\"Ibrahima\"},\"sameAs\":[\"https:\/\/www.nettali.com\"]}]}<\/script>\n<!-- \/ Yoast SEO Premium plugin. -->","yoast_head_json":{"title":"TURQUIE - Mourinho vis\u00e9 par une plainte de Galatasaray | Nettali.com","robots":{"index":"index","follow":"follow","max-snippet":"max-snippet:-1","max-image-preview":"max-image-preview:large","max-video-preview":"max-video-preview:-1"},"canonical":"https:\/\/www.nettali.com\/2025\/02\/25\/turquie-mourinho-vise-par-une-plainte-de-galatasaray\/","og_locale":"fr_FR","og_type":"article","og_title":"TURQUIE - Mourinho vis\u00e9 par une plainte de Galatasaray","og_description":"NETTALI.COM - Dans un communiqu\u00e9, les dirigeants de Galatasaray ont annonc\u00e9 porter plainte contre l'entra\u00eeneur portugais du Fenerbah\u00e7e, Jos\u00e9 Mourinho. Ses propos tenus \u00e0 l'issue de la rencontre ce lundi en S\u00fcper Lig sont jug\u00e9s racistes et immoraux par le club stambouliote. La tension du derby d'Istanbul se poursuit en coulisses. Les dirigeants de Galatasaray [&hellip;]","og_url":"https:\/\/www.nettali.com\/2025\/02\/25\/turquie-mourinho-vise-par-une-plainte-de-galatasaray\/","og_site_name":"Nettali.com","article_publisher":"https:\/\/www.facebook.com\/nettalicom","article_published_time":"2025-02-25T09:45:22+00:00","og_image":[{"width":642,"height":382,"url":"https:\/\/www.nettali.com\/wp-content\/uploads\/2025\/02\/jose-mourinho-2425-67b5bf7c68711.jpg","type":"image\/jpeg"}],"twitter_card":"summary_large_image","twitter_misc":{"\u00c9crit par":"Ibrahima","Dur\u00e9e de lecture estim\u00e9e":"2 minutes"},"schema":{"@context":"https:\/\/schema.org","@graph":[{"@type":"WebSite","@id":"https:\/\/www.nettali.com\/#website","url":"https:\/\/www.nettali.com\/","name":"Nettali.com","description":"Le rendez-vous critique du Net","potentialAction":[{"@type":"SearchAction","target":{"@type":"EntryPoint","urlTemplate":"https:\/\/www.nettali.com\/?s={search_term_string}"},"query-input":"required name=search_term_string"}],"inLanguage":"fr-FR"},{"@type":"ImageObject","@id":"https:\/\/www.nettali.com\/2025\/02\/25\/turquie-mourinho-vise-par-une-plainte-de-galatasaray\/#primaryimage","inLanguage":"fr-FR","url":"https:\/\/www.nettali.com\/wp-content\/uploads\/2025\/02\/jose-mourinho-2425-67b5bf7c68711.jpg","contentUrl":"https:\/\/www.nettali.com\/wp-content\/uploads\/2025\/02\/jose-mourinho-2425-67b5bf7c68711.jpg","width":642,"height":382},{"@type":"WebPage","@id":"https:\/\/www.nettali.com\/2025\/02\/25\/turquie-mourinho-vise-par-une-plainte-de-galatasaray\/#webpage","url":"https:\/\/www.nettali.com\/2025\/02\/25\/turquie-mourinho-vise-par-une-plainte-de-galatasaray\/","name":"TURQUIE - Mourinho vis\u00e9 par une plainte de Galatasaray | Nettali.com","isPartOf":{"@id":"https:\/\/www.nettali.com\/#website"},"primaryImageOfPage":{"@id":"https:\/\/www.nettali.com\/2025\/02\/25\/turquie-mourinho-vise-par-une-plainte-de-galatasaray\/#primaryimage"},"datePublished":"2025-02-25T09:45:22+00:00","dateModified":"2025-02-25T09:45:22+00:00","author":{"@id":"https:\/\/www.nettali.com\/#\/schema\/person\/bb147657c2986240405a608162b9bb23"},"breadcrumb":{"@id":"https:\/\/www.nettali.com\/2025\/02\/25\/turquie-mourinho-vise-par-une-plainte-de-galatasaray\/#breadcrumb"},"inLanguage":"fr-FR","potentialAction":[{"@type":"ReadAction","target":["https:\/\/www.nettali.com\/2025\/02\/25\/turquie-mourinho-vise-par-une-plainte-de-galatasaray\/"]}]},{"@type":"BreadcrumbList","@id":"https:\/\/www.nettali.com\/2025\/02\/25\/turquie-mourinho-vise-par-une-plainte-de-galatasaray\/#breadcrumb","itemListElement":[{"@type":"ListItem","position":1,"name":"Accueil","item":"https:\/\/www.nettali.com\/"},{"@type":"ListItem","position":2,"name":"TURQUIE - Mourinho vis\u00e9 par une plainte de Galatasaray"}]},{"@type":"Person","@id":"https:\/\/www.nettali.com\/#\/schema\/person\/bb147657c2986240405a608162b9bb23","name":"Ibrahima","image":{"@type":"ImageObject","@id":"https:\/\/www.nettali.com\/#personlogo","inLanguage":"fr-FR","url":"https:\/\/secure.gravatar.com\/avatar\/26a8a81f09f0dd7624c9d5c36c9ba3a2?s=96&d=mm&r=g","contentUrl":"https:\/\/secure.gravatar.com\/avatar\/26a8a81f09f0dd7624c9d5c36c9ba3a2?s=96&d=mm&r=g","caption":"Ibrahima"},"sameAs":["https:\/\/www.nettali.com"]}]}},"_links":{"self":[{"href":"https:\/\/www.nettali.com\/rest\/wp\/v2\/posts\/149667"}],"collection":[{"href":"https:\/\/www.nettali.com\/rest\/wp\/v2\/posts"}],"about":[{"href":"https:\/\/www.nettali.com\/rest\/wp\/v2\/types\/post"}],"author":[{"embeddable":true,"href":"https:\/\/www.nettali.com\/rest\/wp\/v2\/users\/5"}],"replies":[{"embeddable":true,"href":"https:\/\/www.nettali.com\/rest\/wp\/v2\/comments?post=149667"}],"version-history":[{"count":1,"href":"https:\/\/www.nettali.com\/rest\/wp\/v2\/posts\/149667\/revisions"}],"predecessor-version":[{"id":149671,"href":"https:\/\/www.nettali.com\/rest\/wp\/v2\/posts\/149667\/revisions\/149671"}],"wp:featuredmedia":[{"embeddable":true,"href":"https:\/\/www.nettali.com\/rest\/wp\/v2\/media\/149668"}],"wp:attachment":[{"href":"https:\/\/www.nettali.com\/rest\/wp\/v2\/media?parent=149667"}],"wp:term":[{"taxonomy":"category","embeddable":true,"href":"https:\/\/www.nettali.com\/rest\/wp\/v2\/categories?post=149667"},{"taxonomy":"post_tag","embeddable":true,"href":"https:\/\/www.nettali.com\/rest\/wp\/v2\/tags?post=149667"}],"curies":[{"name":"wp","href":"https:\/\/api.w.org\/{rel}","templated":true}]}}