{"id":149661,"date":"2025-02-25T08:48:40","date_gmt":"2025-02-25T08:48:40","guid":{"rendered":"https:\/\/www.nettali.com\/?p=149661"},"modified":"2025-02-25T08:48:40","modified_gmt":"2025-02-25T08:48:40","slug":"secteur-sanitaire-les-agents-contractuels-de-lex-projet-ismea-annoncent-un-arret-de-travail-ce-26-fevrier","status":"publish","type":"post","link":"https:\/\/www.nettali.com\/2025\/02\/25\/secteur-sanitaire-les-agents-contractuels-de-lex-projet-ismea-annoncent-un-arret-de-travail-ce-26-fevrier\/","title":{"rendered":"SECTEUR SANITAIRE - Les agents contractuels de l\u2019ex-projet ISMEA annoncent un arr\u00eat de travail ce 26 f\u00e9vrier"},"content":{"rendered":"<p><strong>NETTALI.COM - Les mouvements de gr\u00e8ve continuent de s'\u00e9tendre dans le secteur de la sant\u00e9. Ce sont les agents contractuels du minist\u00e8re de la Sant\u00e9 et de l\u2019Action sociale, ex-employ\u00e9s du projet ISMEA (Investir sur la sant\u00e9 de la m\u00e8re, de l\u2019enfant et de l\u2019adolescent) qui annoncent une cessation temporaire de travail \u00e0 partir du 26 f\u00e9vrier 2025. Ils menacent de poursuivre leur mouvement jusqu\u2019\u00e0 satisfaction de leurs revendications.<\/strong><\/p>\n<p>Le collectif des agents contractuels du minist\u00e8re de la Sant\u00e9 et de l\u2019Action sociale, ex-employ\u00e9s du projet ISMEA (Investir sur la sant\u00e9 de la m\u00e8re, de l\u2019enfant et de l\u2019adolescent) d\u00e9nonce un retard prolong\u00e9 dans le paiement de leurs salaires. Face \u00e0 cette situation jug\u00e9e inacceptable, il annonce une cessation de travail \u00e0 partir de ce mercredi 26 f\u00e9vrier 2025.<\/p>\n<p>A en croire ces agents, leurs contrats sign\u00e9s en novembre 2024 et effectifs depuis le 1\u1d49\u02b3 janvier 2025, n\u2019ont toujours pas donn\u00e9 lieu au paiement du premier salaire du mois de janvier. Une violation du Code du travail s\u00e9n\u00e9galais, rappellent-ils, notamment de son article 115 qui impose un paiement des salaires au plus tard huit jours apr\u00e8s la fin du mois de travail.<\/p>\n<p>\u00ab <em>Le salaire est un droit sacr\u00e9. Nous travaillons souvent dans des conditions extr\u00eamement difficiles, dans les zones les plus recul\u00e9es du pays. Ce retard est une injustice que nous ne pouvons plus tol\u00e9rer<\/em> \u00bb, d\u00e9clare Dr Ousmane Diba, porte-parole du collectif.<\/p>\n<div class='share-to-whatsapp-wrapper'><div class='share-on-whsp'>PARTAGER SUR : <\/div><a data-text='SECTEUR SANITAIRE - Les agents contractuels de l\u2019ex-projet ISMEA annoncent un arr\u00eat de travail ce 26 f\u00e9vrier' data-link='https:\/\/www.nettali.com\/2025\/02\/25\/secteur-sanitaire-les-agents-contractuels-de-lex-projet-ismea-annoncent-un-arret-de-travail-ce-26-fevrier\/' class='whatsapp-button whatsapp-share'>WhatsApp<\/a><div class='clear '><\/div><\/div>","protected":false},"excerpt":{"rendered":"<p>NETTALI.COM - Les mouvements de gr\u00e8ve continuent de s'\u00e9tendre dans le secteur de la sant\u00e9. Ce sont les agents contractuels du minist\u00e8re de la Sant\u00e9 et de l\u2019Action sociale, ex-employ\u00e9s du projet ISMEA (Investir sur la sant\u00e9 de la m\u00e8re, de l\u2019enfant et de l\u2019adolescent) qui annoncent une cessation temporaire de travail \u00e0 partir du [&hellip;]<\/p>\n","protected":false},"author":6,"featured_media":149665,"comment_status":"open","ping_status":"open","sticky":false,"template":"","format":"standard","meta":{"_et_pb_use_builder":"","_et_pb_old_content":""},"categories":[22],"tags":[],"yoast_head":"<!-- This site is optimized with the Yoast SEO Premium plugin v17.8 (Yoast SEO v17.8) - https:\/\/yoast.com\/wordpress\/plugins\/seo\/ -->\n<title>SECTEUR SANITAIRE - Les agents contractuels de l\u2019ex-projet ISMEA annoncent un arr\u00eat de travail ce 26 f\u00e9vrier | Nettali.com<\/title>\n<meta name=\"robots\" content=\"index, follow, max-snippet:-1, max-image-preview:large, max-video-preview:-1\" \/>\n<link rel=\"canonical\" href=\"https:\/\/www.nettali.com\/2025\/02\/25\/secteur-sanitaire-les-agents-contractuels-de-lex-projet-ismea-annoncent-un-arret-de-travail-ce-26-fevrier\/\" \/>\n<meta property=\"og:locale\" content=\"fr_FR\" \/>\n<meta property=\"og:type\" content=\"article\" \/>\n<meta property=\"og:title\" content=\"SECTEUR SANITAIRE - Les agents contractuels de l\u2019ex-projet ISMEA annoncent un arr\u00eat de travail ce 26 f\u00e9vrier\" \/>\n<meta property=\"og:description\" content=\"NETTALI.COM - Les mouvements de gr\u00e8ve continuent de s&#039;\u00e9tendre dans le secteur de la sant\u00e9. Ce sont les agents contractuels du minist\u00e8re de la Sant\u00e9 et de l\u2019Action sociale, ex-employ\u00e9s du projet ISMEA (Investir sur la sant\u00e9 de la m\u00e8re, de l\u2019enfant et de l\u2019adolescent) qui annoncent une cessation temporaire de travail \u00e0 partir du [&hellip;]\" \/>\n<meta property=\"og:url\" content=\"https:\/\/www.nettali.com\/2025\/02\/25\/secteur-sanitaire-les-agents-contractuels-de-lex-projet-ismea-annoncent-un-arret-de-travail-ce-26-fevrier\/\" \/>\n<meta property=\"og:site_name\" content=\"Nettali.com\" \/>\n<meta property=\"article:publisher\" content=\"https:\/\/www.facebook.com\/nettalicom\" \/>\n<meta property=\"article:published_time\" content=\"2025-02-25T08:48:40+00:00\" \/>\n<meta property=\"og:image\" content=\"https:\/\/www.nettali.com\/wp-content\/uploads\/2025\/02\/images-8.jpeg\" \/>\n\t<meta property=\"og:image:width\" content=\"275\" \/>\n\t<meta property=\"og:image:height\" content=\"183\" \/>\n<meta name=\"twitter:card\" content=\"summary_large_image\" \/>\n<meta name=\"twitter:label1\" content=\"\u00c9crit par\" \/>\n\t<meta name=\"twitter:data1\" content=\"Fatou\" \/>\n\t<meta name=\"twitter:label2\" content=\"Dur\u00e9e de lecture estim\u00e9e\" \/>\n\t<meta name=\"twitter:data2\" content=\"2 minutes\" \/>\n<script type=\"application\/ld+json\" class=\"yoast-schema-graph\">{\"@context\":\"https:\/\/schema.org\",\"@graph\":[{\"@type\":\"WebSite\",\"@id\":\"https:\/\/www.nettali.com\/#website\",\"url\":\"https:\/\/www.nettali.com\/\",\"name\":\"Nettali.com\",\"description\":\"Le rendez-vous critique du Net\",\"potentialAction\":[{\"@type\":\"SearchAction\",\"target\":{\"@type\":\"EntryPoint\",\"urlTemplate\":\"https:\/\/www.nettali.com\/?s={search_term_string}\"},\"query-input\":\"required name=search_term_string\"}],\"inLanguage\":\"fr-FR\"},{\"@type\":\"ImageObject\",\"@id\":\"https:\/\/www.nettali.com\/2025\/02\/25\/secteur-sanitaire-les-agents-contractuels-de-lex-projet-ismea-annoncent-un-arret-de-travail-ce-26-fevrier\/#primaryimage\",\"inLanguage\":\"fr-FR\",\"url\":\"https:\/\/www.nettali.com\/wp-content\/uploads\/2025\/02\/images-8.jpeg\",\"contentUrl\":\"https:\/\/www.nettali.com\/wp-content\/uploads\/2025\/02\/images-8.jpeg\",\"width\":275,\"height\":183},{\"@type\":\"WebPage\",\"@id\":\"https:\/\/www.nettali.com\/2025\/02\/25\/secteur-sanitaire-les-agents-contractuels-de-lex-projet-ismea-annoncent-un-arret-de-travail-ce-26-fevrier\/#webpage\",\"url\":\"https:\/\/www.nettali.com\/2025\/02\/25\/secteur-sanitaire-les-agents-contractuels-de-lex-projet-ismea-annoncent-un-arret-de-travail-ce-26-fevrier\/\",\"name\":\"SECTEUR SANITAIRE - Les agents contractuels de l\\u2019ex-projet ISMEA annoncent un arr\\u00eat de travail ce 26 f\\u00e9vrier | Nettali.com\",\"isPartOf\":{\"@id\":\"https:\/\/www.nettali.com\/#website\"},\"primaryImageOfPage\":{\"@id\":\"https:\/\/www.nettali.com\/2025\/02\/25\/secteur-sanitaire-les-agents-contractuels-de-lex-projet-ismea-annoncent-un-arret-de-travail-ce-26-fevrier\/#primaryimage\"},\"datePublished\":\"2025-02-25T08:48:40+00:00\",\"dateModified\":\"2025-02-25T08:48:40+00:00\",\"author\":{\"@id\":\"https:\/\/www.nettali.com\/#\/schema\/person\/418274a86bdf87caff7a3ef476bd0bbf\"},\"breadcrumb\":{\"@id\":\"https:\/\/www.nettali.com\/2025\/02\/25\/secteur-sanitaire-les-agents-contractuels-de-lex-projet-ismea-annoncent-un-arret-de-travail-ce-26-fevrier\/#breadcrumb\"},\"inLanguage\":\"fr-FR\",\"potentialAction\":[{\"@type\":\"ReadAction\",\"target\":[\"https:\/\/www.nettali.com\/2025\/02\/25\/secteur-sanitaire-les-agents-contractuels-de-lex-projet-ismea-annoncent-un-arret-de-travail-ce-26-fevrier\/\"]}]},{\"@type\":\"BreadcrumbList\",\"@id\":\"https:\/\/www.nettali.com\/2025\/02\/25\/secteur-sanitaire-les-agents-contractuels-de-lex-projet-ismea-annoncent-un-arret-de-travail-ce-26-fevrier\/#breadcrumb\",\"itemListElement\":[{\"@type\":\"ListItem\",\"position\":1,\"name\":\"Accueil\",\"item\":\"https:\/\/www.nettali.com\/\"},{\"@type\":\"ListItem\",\"position\":2,\"name\":\"SECTEUR SANITAIRE - Les agents contractuels de l\\u2019ex-projet ISMEA annoncent un arr\\u00eat de travail ce 26 f\\u00e9vrier\"}]},{\"@type\":\"Person\",\"@id\":\"https:\/\/www.nettali.com\/#\/schema\/person\/418274a86bdf87caff7a3ef476bd0bbf\",\"name\":\"Fatou\",\"image\":{\"@type\":\"ImageObject\",\"@id\":\"https:\/\/www.nettali.com\/#personlogo\",\"inLanguage\":\"fr-FR\",\"url\":\"https:\/\/secure.gravatar.com\/avatar\/5a9442a2bee7b4dcf167cab035858e9a?s=96&d=mm&r=g\",\"contentUrl\":\"https:\/\/secure.gravatar.com\/avatar\/5a9442a2bee7b4dcf167cab035858e9a?s=96&d=mm&r=g\",\"caption\":\"Fatou\"},\"sameAs\":[\"https:\/\/www.nettali.com\"]}]}<\/script>\n<!-- \/ Yoast SEO Premium plugin. -->","yoast_head_json":{"title":"SECTEUR SANITAIRE - Les agents contractuels de l\u2019ex-projet ISMEA annoncent un arr\u00eat de travail ce 26 f\u00e9vrier | Nettali.com","robots":{"index":"index","follow":"follow","max-snippet":"max-snippet:-1","max-image-preview":"max-image-preview:large","max-video-preview":"max-video-preview:-1"},"canonical":"https:\/\/www.nettali.com\/2025\/02\/25\/secteur-sanitaire-les-agents-contractuels-de-lex-projet-ismea-annoncent-un-arret-de-travail-ce-26-fevrier\/","og_locale":"fr_FR","og_type":"article","og_title":"SECTEUR SANITAIRE - Les agents contractuels de l\u2019ex-projet ISMEA annoncent un arr\u00eat de travail ce 26 f\u00e9vrier","og_description":"NETTALI.COM - Les mouvements de gr\u00e8ve continuent de s'\u00e9tendre dans le secteur de la sant\u00e9. Ce sont les agents contractuels du minist\u00e8re de la Sant\u00e9 et de l\u2019Action sociale, ex-employ\u00e9s du projet ISMEA (Investir sur la sant\u00e9 de la m\u00e8re, de l\u2019enfant et de l\u2019adolescent) qui annoncent une cessation temporaire de travail \u00e0 partir du [&hellip;]","og_url":"https:\/\/www.nettali.com\/2025\/02\/25\/secteur-sanitaire-les-agents-contractuels-de-lex-projet-ismea-annoncent-un-arret-de-travail-ce-26-fevrier\/","og_site_name":"Nettali.com","article_publisher":"https:\/\/www.facebook.com\/nettalicom","article_published_time":"2025-02-25T08:48:40+00:00","og_image":[{"width":275,"height":183,"url":"https:\/\/www.nettali.com\/wp-content\/uploads\/2025\/02\/images-8.jpeg","type":"image\/jpeg"}],"twitter_card":"summary_large_image","twitter_misc":{"\u00c9crit par":"Fatou","Dur\u00e9e de lecture estim\u00e9e":"2 minutes"},"schema":{"@context":"https:\/\/schema.org","@graph":[{"@type":"WebSite","@id":"https:\/\/www.nettali.com\/#website","url":"https:\/\/www.nettali.com\/","name":"Nettali.com","description":"Le rendez-vous critique du Net","potentialAction":[{"@type":"SearchAction","target":{"@type":"EntryPoint","urlTemplate":"https:\/\/www.nettali.com\/?s={search_term_string}"},"query-input":"required name=search_term_string"}],"inLanguage":"fr-FR"},{"@type":"ImageObject","@id":"https:\/\/www.nettali.com\/2025\/02\/25\/secteur-sanitaire-les-agents-contractuels-de-lex-projet-ismea-annoncent-un-arret-de-travail-ce-26-fevrier\/#primaryimage","inLanguage":"fr-FR","url":"https:\/\/www.nettali.com\/wp-content\/uploads\/2025\/02\/images-8.jpeg","contentUrl":"https:\/\/www.nettali.com\/wp-content\/uploads\/2025\/02\/images-8.jpeg","width":275,"height":183},{"@type":"WebPage","@id":"https:\/\/www.nettali.com\/2025\/02\/25\/secteur-sanitaire-les-agents-contractuels-de-lex-projet-ismea-annoncent-un-arret-de-travail-ce-26-fevrier\/#webpage","url":"https:\/\/www.nettali.com\/2025\/02\/25\/secteur-sanitaire-les-agents-contractuels-de-lex-projet-ismea-annoncent-un-arret-de-travail-ce-26-fevrier\/","name":"SECTEUR SANITAIRE - Les agents contractuels de l\u2019ex-projet ISMEA annoncent un arr\u00eat de travail ce 26 f\u00e9vrier | Nettali.com","isPartOf":{"@id":"https:\/\/www.nettali.com\/#website"},"primaryImageOfPage":{"@id":"https:\/\/www.nettali.com\/2025\/02\/25\/secteur-sanitaire-les-agents-contractuels-de-lex-projet-ismea-annoncent-un-arret-de-travail-ce-26-fevrier\/#primaryimage"},"datePublished":"2025-02-25T08:48:40+00:00","dateModified":"2025-02-25T08:48:40+00:00","author":{"@id":"https:\/\/www.nettali.com\/#\/schema\/person\/418274a86bdf87caff7a3ef476bd0bbf"},"breadcrumb":{"@id":"https:\/\/www.nettali.com\/2025\/02\/25\/secteur-sanitaire-les-agents-contractuels-de-lex-projet-ismea-annoncent-un-arret-de-travail-ce-26-fevrier\/#breadcrumb"},"inLanguage":"fr-FR","potentialAction":[{"@type":"ReadAction","target":["https:\/\/www.nettali.com\/2025\/02\/25\/secteur-sanitaire-les-agents-contractuels-de-lex-projet-ismea-annoncent-un-arret-de-travail-ce-26-fevrier\/"]}]},{"@type":"BreadcrumbList","@id":"https:\/\/www.nettali.com\/2025\/02\/25\/secteur-sanitaire-les-agents-contractuels-de-lex-projet-ismea-annoncent-un-arret-de-travail-ce-26-fevrier\/#breadcrumb","itemListElement":[{"@type":"ListItem","position":1,"name":"Accueil","item":"https:\/\/www.nettali.com\/"},{"@type":"ListItem","position":2,"name":"SECTEUR SANITAIRE - Les agents contractuels de l\u2019ex-projet ISMEA annoncent un arr\u00eat de travail ce 26 f\u00e9vrier"}]},{"@type":"Person","@id":"https:\/\/www.nettali.com\/#\/schema\/person\/418274a86bdf87caff7a3ef476bd0bbf","name":"Fatou","image":{"@type":"ImageObject","@id":"https:\/\/www.nettali.com\/#personlogo","inLanguage":"fr-FR","url":"https:\/\/secure.gravatar.com\/avatar\/5a9442a2bee7b4dcf167cab035858e9a?s=96&d=mm&r=g","contentUrl":"https:\/\/secure.gravatar.com\/avatar\/5a9442a2bee7b4dcf167cab035858e9a?s=96&d=mm&r=g","caption":"Fatou"},"sameAs":["https:\/\/www.nettali.com"]}]}},"_links":{"self":[{"href":"https:\/\/www.nettali.com\/rest\/wp\/v2\/posts\/149661"}],"collection":[{"href":"https:\/\/www.nettali.com\/rest\/wp\/v2\/posts"}],"about":[{"href":"https:\/\/www.nettali.com\/rest\/wp\/v2\/types\/post"}],"author":[{"embeddable":true,"href":"https:\/\/www.nettali.com\/rest\/wp\/v2\/users\/6"}],"replies":[{"embeddable":true,"href":"https:\/\/www.nettali.com\/rest\/wp\/v2\/comments?post=149661"}],"version-history":[{"count":3,"href":"https:\/\/www.nettali.com\/rest\/wp\/v2\/posts\/149661\/revisions"}],"predecessor-version":[{"id":149670,"href":"https:\/\/www.nettali.com\/rest\/wp\/v2\/posts\/149661\/revisions\/149670"}],"wp:featuredmedia":[{"embeddable":true,"href":"https:\/\/www.nettali.com\/rest\/wp\/v2\/media\/149665"}],"wp:attachment":[{"href":"https:\/\/www.nettali.com\/rest\/wp\/v2\/media?parent=149661"}],"wp:term":[{"taxonomy":"category","embeddable":true,"href":"https:\/\/www.nettali.com\/rest\/wp\/v2\/categories?post=149661"},{"taxonomy":"post_tag","embeddable":true,"href":"https:\/\/www.nettali.com\/rest\/wp\/v2\/tags?post=149661"}],"curies":[{"name":"wp","href":"https:\/\/api.w.org\/{rel}","templated":true}]}}