{"id":149487,"date":"2025-02-21T23:34:45","date_gmt":"2025-02-21T23:34:45","guid":{"rendered":"https:\/\/www.nettali.com\/?p=149487"},"modified":"2025-02-21T23:34:45","modified_gmt":"2025-02-21T23:34:45","slug":"soupconnes-dappartenir-au-groupe-terroriste-katiba-macina-du-mali-deux-commercants-acquittee-apres-plus-de-trois-ans-de-detention-preventive","status":"publish","type":"post","link":"https:\/\/www.nettali.com\/2025\/02\/21\/soupconnes-dappartenir-au-groupe-terroriste-katiba-macina-du-mali-deux-commercants-acquittee-apres-plus-de-trois-ans-de-detention-preventive\/","title":{"rendered":"SOUP\u00c7ONN\u00c9S D\u2019APPARTENIR AU GROUPE TERRORISTE KATIBA MACINA DU MALI - Deux commer\u00e7ants acquitt\u00e9e apr\u00e8s plus de trois ans de d\u00e9tention pr\u00e9ventive\u00a0"},"content":{"rendered":"<p><strong>NETTALI.COM- En prison depuis le 10 mai 2021, deux commer\u00e7ants accus\u00e9s d'appartenir au groupe terroriste \u00ab Katiba Macina du Mali \u00bb ont \u00e9t\u00e9 acquitt\u00e9s par la chambre criminelle de Dakar, si\u00e9geant en audience sp\u00e9ciale, ce vendredi 21 f\u00e9vrier 2025. <\/strong><\/p>\n<p>D. Sow et S. Labor, deux commer\u00e7ants, ont comparu ce vendredi 21 f\u00e9vrier \u00e0 la chambre criminelle de Dakar, si\u00e9geant en audience sp\u00e9ciale pour affiliation pr\u00e9sum\u00e9 au groupe terroriste \u00ab Katiba Macina du Mali \u00bb. Ils ont \u00e9t\u00e9 arr\u00eat\u00e9s \u00e0 Kidira, apr\u00e8s l\u2019exploitation d\u2019un renseignement re\u00e7u le 19 janvier 2021, faisant \u00e9tat d\u2019un recrutement de s\u00e9n\u00e9galais pour le compte du groupe djihadiste \u00ab Katiba Macina du Mali \u00bb. Ce , par le biais d\u2019un groupe WhatsApp.<\/p>\n<p>S. Labor \u00e9tait reconnu comme interm\u00e9diaire des candidats d\u00e9sirant rejoindre les camps djihadistes du Mali . L'enqu\u00eate avait aussi r\u00e9v\u00e9l\u00e9 qu'il \u00e9tait en contact\u00a0 avec le djihadiste malien Abu Moussa, lors de son s\u00e9jour au S\u00e9n\u00e9gal en 2020.<\/p>\n<p>Quant au Malien D. Sow, des images de tueries, des sc\u00e8nes de violences et de propagande du djihad, ont \u00e9t\u00e9 trouv\u00e9s dans son t\u00e9l\u00e9phone.<\/p>\n<p>Devant la barre, ils ont rejet\u00e9 toutes les accusations niant tout lien avec Abu Moussa.<\/p>\n<p>Le repr\u00e9sentant du parquet a affirm\u00e9 que S. Labor n\u2019\u00e9tait pas en contact avec Abu Moussa. Soulignant ainsi que le magistrat instructeur a \u00e9t\u00e9 tromp\u00e9 par les conclusions h\u00e2tives des enqu\u00eateurs.<\/p>\n<p>Concernant D. Sow, il estime que les images trouv\u00e9es dans son t\u00e9l\u00e9phone, ne prouvent pas lien de rattachement avec les djihadistes. \u00ab<em>A l\u2019issue des d\u00e9bats et au regard des pi\u00e8ces discut\u00e9es \u00e0 la barre, il n\u2019y a pas de preuve de la culpabilit\u00e9 des accus\u00e9s<\/em> \u00bb a d\u00e9clar\u00e9 le magistrat du parquet. Il a requis l\u2019acquittement pur et simple pour les deux.<\/p>\n<p>Me Abdy Nar Ndiaye avocat des accus\u00e9s appuie que ses clients ne sont que de pauvres commer\u00e7ants qui n\u2019ont rien \u00e0 voir avec le terrorisme.<\/p>\n<p>Apr\u00e8s d\u00e9lib\u00e9r\u00e9, la chambre criminelle \u00e0 acquitt\u00e9 les accus\u00e9s. Ils recouvrent la libert\u00e9 apr\u00e8s pr\u00e8s de quatre ann\u00e9es de d\u00e9tention pr\u00e9ventive.<\/p>\n<div class='share-to-whatsapp-wrapper'><div class='share-on-whsp'>PARTAGER SUR : <\/div><a data-text='SOUP\u00c7ONN\u00c9S D\u2019APPARTENIR AU GROUPE TERRORISTE KATIBA MACINA DU MALI - Deux commer\u00e7ants acquitt\u00e9e apr\u00e8s plus de trois ans de d\u00e9tention pr\u00e9ventive\u00a0' data-link='https:\/\/www.nettali.com\/2025\/02\/21\/soupconnes-dappartenir-au-groupe-terroriste-katiba-macina-du-mali-deux-commercants-acquittee-apres-plus-de-trois-ans-de-detention-preventive\/' class='whatsapp-button whatsapp-share'>WhatsApp<\/a><div class='clear '><\/div><\/div>","protected":false},"excerpt":{"rendered":"<p>NETTALI.COM- En prison depuis le 10 mai 2021, deux commer\u00e7ants accus\u00e9s d'appartenir au groupe terroriste \u00ab Katiba Macina du Mali \u00bb ont \u00e9t\u00e9 acquitt\u00e9s par la chambre criminelle de Dakar, si\u00e9geant en audience sp\u00e9ciale, ce vendredi 21 f\u00e9vrier 2025. D. Sow et S. Labor, deux commer\u00e7ants, ont comparu ce vendredi 21 f\u00e9vrier \u00e0 la chambre [&hellip;]<\/p>\n","protected":false},"author":6,"featured_media":45988,"comment_status":"open","ping_status":"open","sticky":false,"template":"","format":"standard","meta":{"_et_pb_use_builder":"","_et_pb_old_content":""},"categories":[3],"tags":[],"yoast_head":"<!-- This site is optimized with the Yoast SEO Premium plugin v17.8 (Yoast SEO v17.8) - https:\/\/yoast.com\/wordpress\/plugins\/seo\/ -->\n<title>SOUP\u00c7ONN\u00c9S D\u2019APPARTENIR AU GROUPE TERRORISTE KATIBA MACINA DU MALI - Deux commer\u00e7ants acquitt\u00e9e apr\u00e8s plus de trois ans de d\u00e9tention pr\u00e9ventive\u00a0 | Nettali.com<\/title>\n<meta name=\"robots\" content=\"index, follow, max-snippet:-1, max-image-preview:large, max-video-preview:-1\" \/>\n<link rel=\"canonical\" href=\"https:\/\/www.nettali.com\/2025\/02\/21\/soupconnes-dappartenir-au-groupe-terroriste-katiba-macina-du-mali-deux-commercants-acquittee-apres-plus-de-trois-ans-de-detention-preventive\/\" \/>\n<meta property=\"og:locale\" content=\"fr_FR\" \/>\n<meta property=\"og:type\" content=\"article\" \/>\n<meta property=\"og:title\" content=\"SOUP\u00c7ONN\u00c9S D\u2019APPARTENIR AU GROUPE TERRORISTE KATIBA MACINA DU MALI - Deux commer\u00e7ants acquitt\u00e9e apr\u00e8s plus de trois ans de d\u00e9tention pr\u00e9ventive\u00a0\" \/>\n<meta property=\"og:description\" content=\"NETTALI.COM- En prison depuis le 10 mai 2021, deux commer\u00e7ants accus\u00e9s d&#039;appartenir au groupe terroriste \u00ab Katiba Macina du Mali \u00bb ont \u00e9t\u00e9 acquitt\u00e9s par la chambre criminelle de Dakar, si\u00e9geant en audience sp\u00e9ciale, ce vendredi 21 f\u00e9vrier 2025. D. Sow et S. Labor, deux commer\u00e7ants, ont comparu ce vendredi 21 f\u00e9vrier \u00e0 la chambre [&hellip;]\" \/>\n<meta property=\"og:url\" content=\"https:\/\/www.nettali.com\/2025\/02\/21\/soupconnes-dappartenir-au-groupe-terroriste-katiba-macina-du-mali-deux-commercants-acquittee-apres-plus-de-trois-ans-de-detention-preventive\/\" \/>\n<meta property=\"og:site_name\" content=\"Nettali.com\" \/>\n<meta property=\"article:publisher\" content=\"https:\/\/www.facebook.com\/nettalicom\" \/>\n<meta property=\"article:published_time\" content=\"2025-02-21T23:34:45+00:00\" \/>\n<meta property=\"og:image\" content=\"https:\/\/www.nettali.com\/wp-content\/uploads\/2020\/09\/web-Terrorisme-renseignement.gif\" \/>\n\t<meta property=\"og:image:width\" content=\"899\" \/>\n\t<meta property=\"og:image:height\" content=\"584\" \/>\n<meta name=\"twitter:card\" content=\"summary_large_image\" \/>\n<meta name=\"twitter:label1\" content=\"\u00c9crit par\" \/>\n\t<meta name=\"twitter:data1\" content=\"Fatou\" \/>\n\t<meta name=\"twitter:label2\" content=\"Dur\u00e9e de lecture estim\u00e9e\" \/>\n\t<meta name=\"twitter:data2\" content=\"2 minutes\" \/>\n<script type=\"application\/ld+json\" class=\"yoast-schema-graph\">{\"@context\":\"https:\/\/schema.org\",\"@graph\":[{\"@type\":\"WebSite\",\"@id\":\"https:\/\/www.nettali.com\/#website\",\"url\":\"https:\/\/www.nettali.com\/\",\"name\":\"Nettali.com\",\"description\":\"Le rendez-vous critique du Net\",\"potentialAction\":[{\"@type\":\"SearchAction\",\"target\":{\"@type\":\"EntryPoint\",\"urlTemplate\":\"https:\/\/www.nettali.com\/?s={search_term_string}\"},\"query-input\":\"required name=search_term_string\"}],\"inLanguage\":\"fr-FR\"},{\"@type\":\"ImageObject\",\"@id\":\"https:\/\/www.nettali.com\/2025\/02\/21\/soupconnes-dappartenir-au-groupe-terroriste-katiba-macina-du-mali-deux-commercants-acquittee-apres-plus-de-trois-ans-de-detention-preventive\/#primaryimage\",\"inLanguage\":\"fr-FR\",\"url\":\"https:\/\/www.nettali.com\/wp-content\/uploads\/2020\/09\/web-Terrorisme-renseignement.gif\",\"contentUrl\":\"https:\/\/www.nettali.com\/wp-content\/uploads\/2020\/09\/web-Terrorisme-renseignement.gif\",\"width\":899,\"height\":584},{\"@type\":\"WebPage\",\"@id\":\"https:\/\/www.nettali.com\/2025\/02\/21\/soupconnes-dappartenir-au-groupe-terroriste-katiba-macina-du-mali-deux-commercants-acquittee-apres-plus-de-trois-ans-de-detention-preventive\/#webpage\",\"url\":\"https:\/\/www.nettali.com\/2025\/02\/21\/soupconnes-dappartenir-au-groupe-terroriste-katiba-macina-du-mali-deux-commercants-acquittee-apres-plus-de-trois-ans-de-detention-preventive\/\",\"name\":\"SOUP\\u00c7ONN\\u00c9S D\\u2019APPARTENIR AU GROUPE TERRORISTE KATIBA MACINA DU MALI - Deux commer\\u00e7ants acquitt\\u00e9e apr\\u00e8s plus de trois ans de d\\u00e9tention pr\\u00e9ventive\\u00a0 | Nettali.com\",\"isPartOf\":{\"@id\":\"https:\/\/www.nettali.com\/#website\"},\"primaryImageOfPage\":{\"@id\":\"https:\/\/www.nettali.com\/2025\/02\/21\/soupconnes-dappartenir-au-groupe-terroriste-katiba-macina-du-mali-deux-commercants-acquittee-apres-plus-de-trois-ans-de-detention-preventive\/#primaryimage\"},\"datePublished\":\"2025-02-21T23:34:45+00:00\",\"dateModified\":\"2025-02-21T23:34:45+00:00\",\"author\":{\"@id\":\"https:\/\/www.nettali.com\/#\/schema\/person\/418274a86bdf87caff7a3ef476bd0bbf\"},\"breadcrumb\":{\"@id\":\"https:\/\/www.nettali.com\/2025\/02\/21\/soupconnes-dappartenir-au-groupe-terroriste-katiba-macina-du-mali-deux-commercants-acquittee-apres-plus-de-trois-ans-de-detention-preventive\/#breadcrumb\"},\"inLanguage\":\"fr-FR\",\"potentialAction\":[{\"@type\":\"ReadAction\",\"target\":[\"https:\/\/www.nettali.com\/2025\/02\/21\/soupconnes-dappartenir-au-groupe-terroriste-katiba-macina-du-mali-deux-commercants-acquittee-apres-plus-de-trois-ans-de-detention-preventive\/\"]}]},{\"@type\":\"BreadcrumbList\",\"@id\":\"https:\/\/www.nettali.com\/2025\/02\/21\/soupconnes-dappartenir-au-groupe-terroriste-katiba-macina-du-mali-deux-commercants-acquittee-apres-plus-de-trois-ans-de-detention-preventive\/#breadcrumb\",\"itemListElement\":[{\"@type\":\"ListItem\",\"position\":1,\"name\":\"Accueil\",\"item\":\"https:\/\/www.nettali.com\/\"},{\"@type\":\"ListItem\",\"position\":2,\"name\":\"SOUP\\u00c7ONN\\u00c9S D\\u2019APPARTENIR AU GROUPE TERRORISTE KATIBA MACINA DU MALI - Deux commer\\u00e7ants acquitt\\u00e9e apr\\u00e8s plus de trois ans de d\\u00e9tention pr\\u00e9ventive\\u00a0\"}]},{\"@type\":\"Person\",\"@id\":\"https:\/\/www.nettali.com\/#\/schema\/person\/418274a86bdf87caff7a3ef476bd0bbf\",\"name\":\"Fatou\",\"image\":{\"@type\":\"ImageObject\",\"@id\":\"https:\/\/www.nettali.com\/#personlogo\",\"inLanguage\":\"fr-FR\",\"url\":\"https:\/\/secure.gravatar.com\/avatar\/5a9442a2bee7b4dcf167cab035858e9a?s=96&d=mm&r=g\",\"contentUrl\":\"https:\/\/secure.gravatar.com\/avatar\/5a9442a2bee7b4dcf167cab035858e9a?s=96&d=mm&r=g\",\"caption\":\"Fatou\"},\"sameAs\":[\"https:\/\/www.nettali.com\"]}]}<\/script>\n<!-- \/ Yoast SEO Premium plugin. -->","yoast_head_json":{"title":"SOUP\u00c7ONN\u00c9S D\u2019APPARTENIR AU GROUPE TERRORISTE KATIBA MACINA DU MALI - Deux commer\u00e7ants acquitt\u00e9e apr\u00e8s plus de trois ans de d\u00e9tention pr\u00e9ventive\u00a0 | Nettali.com","robots":{"index":"index","follow":"follow","max-snippet":"max-snippet:-1","max-image-preview":"max-image-preview:large","max-video-preview":"max-video-preview:-1"},"canonical":"https:\/\/www.nettali.com\/2025\/02\/21\/soupconnes-dappartenir-au-groupe-terroriste-katiba-macina-du-mali-deux-commercants-acquittee-apres-plus-de-trois-ans-de-detention-preventive\/","og_locale":"fr_FR","og_type":"article","og_title":"SOUP\u00c7ONN\u00c9S D\u2019APPARTENIR AU GROUPE TERRORISTE KATIBA MACINA DU MALI - Deux commer\u00e7ants acquitt\u00e9e apr\u00e8s plus de trois ans de d\u00e9tention pr\u00e9ventive\u00a0","og_description":"NETTALI.COM- En prison depuis le 10 mai 2021, deux commer\u00e7ants accus\u00e9s d'appartenir au groupe terroriste \u00ab Katiba Macina du Mali \u00bb ont \u00e9t\u00e9 acquitt\u00e9s par la chambre criminelle de Dakar, si\u00e9geant en audience sp\u00e9ciale, ce vendredi 21 f\u00e9vrier 2025. D. Sow et S. Labor, deux commer\u00e7ants, ont comparu ce vendredi 21 f\u00e9vrier \u00e0 la chambre [&hellip;]","og_url":"https:\/\/www.nettali.com\/2025\/02\/21\/soupconnes-dappartenir-au-groupe-terroriste-katiba-macina-du-mali-deux-commercants-acquittee-apres-plus-de-trois-ans-de-detention-preventive\/","og_site_name":"Nettali.com","article_publisher":"https:\/\/www.facebook.com\/nettalicom","article_published_time":"2025-02-21T23:34:45+00:00","og_image":[{"width":899,"height":584,"url":"https:\/\/www.nettali.com\/wp-content\/uploads\/2020\/09\/web-Terrorisme-renseignement.gif","type":"image\/gif"}],"twitter_card":"summary_large_image","twitter_misc":{"\u00c9crit par":"Fatou","Dur\u00e9e de lecture estim\u00e9e":"2 minutes"},"schema":{"@context":"https:\/\/schema.org","@graph":[{"@type":"WebSite","@id":"https:\/\/www.nettali.com\/#website","url":"https:\/\/www.nettali.com\/","name":"Nettali.com","description":"Le rendez-vous critique du Net","potentialAction":[{"@type":"SearchAction","target":{"@type":"EntryPoint","urlTemplate":"https:\/\/www.nettali.com\/?s={search_term_string}"},"query-input":"required name=search_term_string"}],"inLanguage":"fr-FR"},{"@type":"ImageObject","@id":"https:\/\/www.nettali.com\/2025\/02\/21\/soupconnes-dappartenir-au-groupe-terroriste-katiba-macina-du-mali-deux-commercants-acquittee-apres-plus-de-trois-ans-de-detention-preventive\/#primaryimage","inLanguage":"fr-FR","url":"https:\/\/www.nettali.com\/wp-content\/uploads\/2020\/09\/web-Terrorisme-renseignement.gif","contentUrl":"https:\/\/www.nettali.com\/wp-content\/uploads\/2020\/09\/web-Terrorisme-renseignement.gif","width":899,"height":584},{"@type":"WebPage","@id":"https:\/\/www.nettali.com\/2025\/02\/21\/soupconnes-dappartenir-au-groupe-terroriste-katiba-macina-du-mali-deux-commercants-acquittee-apres-plus-de-trois-ans-de-detention-preventive\/#webpage","url":"https:\/\/www.nettali.com\/2025\/02\/21\/soupconnes-dappartenir-au-groupe-terroriste-katiba-macina-du-mali-deux-commercants-acquittee-apres-plus-de-trois-ans-de-detention-preventive\/","name":"SOUP\u00c7ONN\u00c9S D\u2019APPARTENIR AU GROUPE TERRORISTE KATIBA MACINA DU MALI - Deux commer\u00e7ants acquitt\u00e9e apr\u00e8s plus de trois ans de d\u00e9tention pr\u00e9ventive\u00a0 | Nettali.com","isPartOf":{"@id":"https:\/\/www.nettali.com\/#website"},"primaryImageOfPage":{"@id":"https:\/\/www.nettali.com\/2025\/02\/21\/soupconnes-dappartenir-au-groupe-terroriste-katiba-macina-du-mali-deux-commercants-acquittee-apres-plus-de-trois-ans-de-detention-preventive\/#primaryimage"},"datePublished":"2025-02-21T23:34:45+00:00","dateModified":"2025-02-21T23:34:45+00:00","author":{"@id":"https:\/\/www.nettali.com\/#\/schema\/person\/418274a86bdf87caff7a3ef476bd0bbf"},"breadcrumb":{"@id":"https:\/\/www.nettali.com\/2025\/02\/21\/soupconnes-dappartenir-au-groupe-terroriste-katiba-macina-du-mali-deux-commercants-acquittee-apres-plus-de-trois-ans-de-detention-preventive\/#breadcrumb"},"inLanguage":"fr-FR","potentialAction":[{"@type":"ReadAction","target":["https:\/\/www.nettali.com\/2025\/02\/21\/soupconnes-dappartenir-au-groupe-terroriste-katiba-macina-du-mali-deux-commercants-acquittee-apres-plus-de-trois-ans-de-detention-preventive\/"]}]},{"@type":"BreadcrumbList","@id":"https:\/\/www.nettali.com\/2025\/02\/21\/soupconnes-dappartenir-au-groupe-terroriste-katiba-macina-du-mali-deux-commercants-acquittee-apres-plus-de-trois-ans-de-detention-preventive\/#breadcrumb","itemListElement":[{"@type":"ListItem","position":1,"name":"Accueil","item":"https:\/\/www.nettali.com\/"},{"@type":"ListItem","position":2,"name":"SOUP\u00c7ONN\u00c9S D\u2019APPARTENIR AU GROUPE TERRORISTE KATIBA MACINA DU MALI - Deux commer\u00e7ants acquitt\u00e9e apr\u00e8s plus de trois ans de d\u00e9tention pr\u00e9ventive\u00a0"}]},{"@type":"Person","@id":"https:\/\/www.nettali.com\/#\/schema\/person\/418274a86bdf87caff7a3ef476bd0bbf","name":"Fatou","image":{"@type":"ImageObject","@id":"https:\/\/www.nettali.com\/#personlogo","inLanguage":"fr-FR","url":"https:\/\/secure.gravatar.com\/avatar\/5a9442a2bee7b4dcf167cab035858e9a?s=96&d=mm&r=g","contentUrl":"https:\/\/secure.gravatar.com\/avatar\/5a9442a2bee7b4dcf167cab035858e9a?s=96&d=mm&r=g","caption":"Fatou"},"sameAs":["https:\/\/www.nettali.com"]}]}},"_links":{"self":[{"href":"https:\/\/www.nettali.com\/rest\/wp\/v2\/posts\/149487"}],"collection":[{"href":"https:\/\/www.nettali.com\/rest\/wp\/v2\/posts"}],"about":[{"href":"https:\/\/www.nettali.com\/rest\/wp\/v2\/types\/post"}],"author":[{"embeddable":true,"href":"https:\/\/www.nettali.com\/rest\/wp\/v2\/users\/6"}],"replies":[{"embeddable":true,"href":"https:\/\/www.nettali.com\/rest\/wp\/v2\/comments?post=149487"}],"version-history":[{"count":3,"href":"https:\/\/www.nettali.com\/rest\/wp\/v2\/posts\/149487\/revisions"}],"predecessor-version":[{"id":149512,"href":"https:\/\/www.nettali.com\/rest\/wp\/v2\/posts\/149487\/revisions\/149512"}],"wp:featuredmedia":[{"embeddable":true,"href":"https:\/\/www.nettali.com\/rest\/wp\/v2\/media\/45988"}],"wp:attachment":[{"href":"https:\/\/www.nettali.com\/rest\/wp\/v2\/media?parent=149487"}],"wp:term":[{"taxonomy":"category","embeddable":true,"href":"https:\/\/www.nettali.com\/rest\/wp\/v2\/categories?post=149487"},{"taxonomy":"post_tag","embeddable":true,"href":"https:\/\/www.nettali.com\/rest\/wp\/v2\/tags?post=149487"}],"curies":[{"name":"wp","href":"https:\/\/api.w.org\/{rel}","templated":true}]}}