{"id":149428,"date":"2025-02-21T12:42:41","date_gmt":"2025-02-21T12:42:41","guid":{"rendered":"https:\/\/www.nettali.com\/?p=149428"},"modified":"2025-02-21T10:42:56","modified_gmt":"2025-02-21T10:42:56","slug":"sante-le-sames-annonce-une-nouvelle-greve-generale-de-48-h","status":"publish","type":"post","link":"https:\/\/www.nettali.com\/2025\/02\/21\/sante-le-sames-annonce-une-nouvelle-greve-generale-de-48-h\/","title":{"rendered":"SANT\u00c9 - Le SAMES annonce une nouvelle gr\u00e8ve g\u00e9n\u00e9rale de 48 H"},"content":{"rendered":"<p><strong>NETTALI.COM - Le secteur de la sant\u00e9 conna\u00eetra d\u2019importantes perturbations les 26 et 27 f\u00e9vrier 2025. En effet, le Bureau ex\u00e9cutif national (BEN) du Syndicat autonome des m\u00e9decins, pharmaciens et chirurgiens-dentistes du S\u00e9n\u00e9gal (SAMES) a d\u00e9cid\u00e9 de poursuivre son plan d\u2019action en d\u00e9cr\u00e9tant un mot d\u2019ordre de gr\u00e8ve g\u00e9n\u00e9rale de 48 heures.<\/strong><\/p>\n<p>A travers un communiqu\u00e9, le syndicat pr\u00e9cise que cette gr\u00e8ve, pr\u00e9vue sur l\u2019ensemble du territoire national, sera strictement encadr\u00e9e afin d\u2019assurer la prise en charge des urgences. Cette d\u00e9cision a \u00e9t\u00e9 prise \u00e0 l\u2019issue d\u2019une r\u00e9union d\u2019\u00e9valuation \u00e9largie aux secr\u00e9taires g\u00e9n\u00e9raux des zones et des sections du SAMES.<\/p>\n<p>Par ailleurs, le BEN a profit\u00e9 de cette occasion pour revenir sur la rencontre du mardi 18 f\u00e9vrier 2025 avec une d\u00e9l\u00e9gation du minist\u00e8re de la Fonction publique, qui d\u2019apr\u00e8s le document s\u2019est r\u00e9v\u00e9l\u00e9e infructueuse.<\/p>\n<p>Rappelons que le Syndicat autonome des m\u00e9decins du S\u00e9n\u00e9gal (SAMES) avait entam\u00e9 une gr\u00e8ve de 48 heures, les 18 et 19 f\u00e9vrier 2025, sur l\u2019ensemble du territoire national.<\/p>\n<p>Mercredi, en Conseil des ministres, le chef de l'\u00c9tat a donn\u00e9 des instructions au Premier ministre Ousmane Sonko pour entamer des concertations avec toutes les forces vives de la Nation, y compris les centrales syndicales, les acteurs du secteur priv\u00e9 national et le patronat.<\/p>\n<div class='share-to-whatsapp-wrapper'><div class='share-on-whsp'>PARTAGER SUR : <\/div><a data-text='SANT\u00c9 - Le SAMES annonce une nouvelle gr\u00e8ve g\u00e9n\u00e9rale de 48 H' data-link='https:\/\/www.nettali.com\/2025\/02\/21\/sante-le-sames-annonce-une-nouvelle-greve-generale-de-48-h\/' class='whatsapp-button whatsapp-share'>WhatsApp<\/a><div class='clear '><\/div><\/div>","protected":false},"excerpt":{"rendered":"<p>NETTALI.COM - Le secteur de la sant\u00e9 conna\u00eetra d\u2019importantes perturbations les 26 et 27 f\u00e9vrier 2025. En effet, le Bureau ex\u00e9cutif national (BEN) du Syndicat autonome des m\u00e9decins, pharmaciens et chirurgiens-dentistes du S\u00e9n\u00e9gal (SAMES) a d\u00e9cid\u00e9 de poursuivre son plan d\u2019action en d\u00e9cr\u00e9tant un mot d\u2019ordre de gr\u00e8ve g\u00e9n\u00e9rale de 48 heures. A travers un [&hellip;]<\/p>\n","protected":false},"author":5,"featured_media":149215,"comment_status":"open","ping_status":"open","sticky":false,"template":"","format":"standard","meta":{"_et_pb_use_builder":"","_et_pb_old_content":""},"categories":[22],"tags":[],"yoast_head":"<!-- This site is optimized with the Yoast SEO Premium plugin v17.8 (Yoast SEO v17.8) - https:\/\/yoast.com\/wordpress\/plugins\/seo\/ -->\n<title>SANT\u00c9 - Le SAMES annonce une nouvelle gr\u00e8ve g\u00e9n\u00e9rale de 48 H | Nettali.com<\/title>\n<meta name=\"robots\" content=\"index, follow, max-snippet:-1, max-image-preview:large, max-video-preview:-1\" \/>\n<link rel=\"canonical\" href=\"https:\/\/www.nettali.com\/2025\/02\/21\/sante-le-sames-annonce-une-nouvelle-greve-generale-de-48-h\/\" \/>\n<meta property=\"og:locale\" content=\"fr_FR\" \/>\n<meta property=\"og:type\" content=\"article\" \/>\n<meta property=\"og:title\" content=\"SANT\u00c9 - Le SAMES annonce une nouvelle gr\u00e8ve g\u00e9n\u00e9rale de 48 H\" \/>\n<meta property=\"og:description\" content=\"NETTALI.COM - Le secteur de la sant\u00e9 conna\u00eetra d\u2019importantes perturbations les 26 et 27 f\u00e9vrier 2025. En effet, le Bureau ex\u00e9cutif national (BEN) du Syndicat autonome des m\u00e9decins, pharmaciens et chirurgiens-dentistes du S\u00e9n\u00e9gal (SAMES) a d\u00e9cid\u00e9 de poursuivre son plan d\u2019action en d\u00e9cr\u00e9tant un mot d\u2019ordre de gr\u00e8ve g\u00e9n\u00e9rale de 48 heures. A travers un [&hellip;]\" \/>\n<meta property=\"og:url\" content=\"https:\/\/www.nettali.com\/2025\/02\/21\/sante-le-sames-annonce-une-nouvelle-greve-generale-de-48-h\/\" \/>\n<meta property=\"og:site_name\" content=\"Nettali.com\" \/>\n<meta property=\"article:publisher\" content=\"https:\/\/www.facebook.com\/nettalicom\" \/>\n<meta property=\"article:published_time\" content=\"2025-02-21T12:42:41+00:00\" \/>\n<meta property=\"article:modified_time\" content=\"2025-02-21T10:42:56+00:00\" \/>\n<meta property=\"og:image\" content=\"https:\/\/www.nettali.com\/wp-content\/uploads\/2025\/02\/Screenshot_20250218_073253_Gallery.jpg\" \/>\n\t<meta property=\"og:image:width\" content=\"1080\" \/>\n\t<meta property=\"og:image:height\" content=\"685\" \/>\n<meta name=\"twitter:card\" content=\"summary_large_image\" \/>\n<meta name=\"twitter:label1\" content=\"\u00c9crit par\" \/>\n\t<meta name=\"twitter:data1\" content=\"Ibrahima\" \/>\n\t<meta name=\"twitter:label2\" content=\"Dur\u00e9e de lecture estim\u00e9e\" \/>\n\t<meta name=\"twitter:data2\" content=\"2 minutes\" \/>\n<script type=\"application\/ld+json\" class=\"yoast-schema-graph\">{\"@context\":\"https:\/\/schema.org\",\"@graph\":[{\"@type\":\"WebSite\",\"@id\":\"https:\/\/www.nettali.com\/#website\",\"url\":\"https:\/\/www.nettali.com\/\",\"name\":\"Nettali.com\",\"description\":\"Le rendez-vous critique du Net\",\"potentialAction\":[{\"@type\":\"SearchAction\",\"target\":{\"@type\":\"EntryPoint\",\"urlTemplate\":\"https:\/\/www.nettali.com\/?s={search_term_string}\"},\"query-input\":\"required name=search_term_string\"}],\"inLanguage\":\"fr-FR\"},{\"@type\":\"ImageObject\",\"@id\":\"https:\/\/www.nettali.com\/2025\/02\/21\/sante-le-sames-annonce-une-nouvelle-greve-generale-de-48-h\/#primaryimage\",\"inLanguage\":\"fr-FR\",\"url\":\"https:\/\/www.nettali.com\/wp-content\/uploads\/2025\/02\/Screenshot_20250218_073253_Gallery.jpg\",\"contentUrl\":\"https:\/\/www.nettali.com\/wp-content\/uploads\/2025\/02\/Screenshot_20250218_073253_Gallery.jpg\",\"width\":1080,\"height\":685},{\"@type\":\"WebPage\",\"@id\":\"https:\/\/www.nettali.com\/2025\/02\/21\/sante-le-sames-annonce-une-nouvelle-greve-generale-de-48-h\/#webpage\",\"url\":\"https:\/\/www.nettali.com\/2025\/02\/21\/sante-le-sames-annonce-une-nouvelle-greve-generale-de-48-h\/\",\"name\":\"SANT\\u00c9 - Le SAMES annonce une nouvelle gr\\u00e8ve g\\u00e9n\\u00e9rale de 48 H | Nettali.com\",\"isPartOf\":{\"@id\":\"https:\/\/www.nettali.com\/#website\"},\"primaryImageOfPage\":{\"@id\":\"https:\/\/www.nettali.com\/2025\/02\/21\/sante-le-sames-annonce-une-nouvelle-greve-generale-de-48-h\/#primaryimage\"},\"datePublished\":\"2025-02-21T12:42:41+00:00\",\"dateModified\":\"2025-02-21T10:42:56+00:00\",\"author\":{\"@id\":\"https:\/\/www.nettali.com\/#\/schema\/person\/bb147657c2986240405a608162b9bb23\"},\"breadcrumb\":{\"@id\":\"https:\/\/www.nettali.com\/2025\/02\/21\/sante-le-sames-annonce-une-nouvelle-greve-generale-de-48-h\/#breadcrumb\"},\"inLanguage\":\"fr-FR\",\"potentialAction\":[{\"@type\":\"ReadAction\",\"target\":[\"https:\/\/www.nettali.com\/2025\/02\/21\/sante-le-sames-annonce-une-nouvelle-greve-generale-de-48-h\/\"]}]},{\"@type\":\"BreadcrumbList\",\"@id\":\"https:\/\/www.nettali.com\/2025\/02\/21\/sante-le-sames-annonce-une-nouvelle-greve-generale-de-48-h\/#breadcrumb\",\"itemListElement\":[{\"@type\":\"ListItem\",\"position\":1,\"name\":\"Accueil\",\"item\":\"https:\/\/www.nettali.com\/\"},{\"@type\":\"ListItem\",\"position\":2,\"name\":\"SANT\\u00c9 - Le SAMES annonce une nouvelle gr\\u00e8ve g\\u00e9n\\u00e9rale de 48 H\"}]},{\"@type\":\"Person\",\"@id\":\"https:\/\/www.nettali.com\/#\/schema\/person\/bb147657c2986240405a608162b9bb23\",\"name\":\"Ibrahima\",\"image\":{\"@type\":\"ImageObject\",\"@id\":\"https:\/\/www.nettali.com\/#personlogo\",\"inLanguage\":\"fr-FR\",\"url\":\"https:\/\/secure.gravatar.com\/avatar\/26a8a81f09f0dd7624c9d5c36c9ba3a2?s=96&d=mm&r=g\",\"contentUrl\":\"https:\/\/secure.gravatar.com\/avatar\/26a8a81f09f0dd7624c9d5c36c9ba3a2?s=96&d=mm&r=g\",\"caption\":\"Ibrahima\"},\"sameAs\":[\"https:\/\/www.nettali.com\"]}]}<\/script>\n<!-- \/ Yoast SEO Premium plugin. -->","yoast_head_json":{"title":"SANT\u00c9 - Le SAMES annonce une nouvelle gr\u00e8ve g\u00e9n\u00e9rale de 48 H | Nettali.com","robots":{"index":"index","follow":"follow","max-snippet":"max-snippet:-1","max-image-preview":"max-image-preview:large","max-video-preview":"max-video-preview:-1"},"canonical":"https:\/\/www.nettali.com\/2025\/02\/21\/sante-le-sames-annonce-une-nouvelle-greve-generale-de-48-h\/","og_locale":"fr_FR","og_type":"article","og_title":"SANT\u00c9 - Le SAMES annonce une nouvelle gr\u00e8ve g\u00e9n\u00e9rale de 48 H","og_description":"NETTALI.COM - Le secteur de la sant\u00e9 conna\u00eetra d\u2019importantes perturbations les 26 et 27 f\u00e9vrier 2025. En effet, le Bureau ex\u00e9cutif national (BEN) du Syndicat autonome des m\u00e9decins, pharmaciens et chirurgiens-dentistes du S\u00e9n\u00e9gal (SAMES) a d\u00e9cid\u00e9 de poursuivre son plan d\u2019action en d\u00e9cr\u00e9tant un mot d\u2019ordre de gr\u00e8ve g\u00e9n\u00e9rale de 48 heures. A travers un [&hellip;]","og_url":"https:\/\/www.nettali.com\/2025\/02\/21\/sante-le-sames-annonce-une-nouvelle-greve-generale-de-48-h\/","og_site_name":"Nettali.com","article_publisher":"https:\/\/www.facebook.com\/nettalicom","article_published_time":"2025-02-21T12:42:41+00:00","article_modified_time":"2025-02-21T10:42:56+00:00","og_image":[{"width":1080,"height":685,"url":"https:\/\/www.nettali.com\/wp-content\/uploads\/2025\/02\/Screenshot_20250218_073253_Gallery.jpg","type":"image\/jpeg"}],"twitter_card":"summary_large_image","twitter_misc":{"\u00c9crit par":"Ibrahima","Dur\u00e9e de lecture estim\u00e9e":"2 minutes"},"schema":{"@context":"https:\/\/schema.org","@graph":[{"@type":"WebSite","@id":"https:\/\/www.nettali.com\/#website","url":"https:\/\/www.nettali.com\/","name":"Nettali.com","description":"Le rendez-vous critique du Net","potentialAction":[{"@type":"SearchAction","target":{"@type":"EntryPoint","urlTemplate":"https:\/\/www.nettali.com\/?s={search_term_string}"},"query-input":"required name=search_term_string"}],"inLanguage":"fr-FR"},{"@type":"ImageObject","@id":"https:\/\/www.nettali.com\/2025\/02\/21\/sante-le-sames-annonce-une-nouvelle-greve-generale-de-48-h\/#primaryimage","inLanguage":"fr-FR","url":"https:\/\/www.nettali.com\/wp-content\/uploads\/2025\/02\/Screenshot_20250218_073253_Gallery.jpg","contentUrl":"https:\/\/www.nettali.com\/wp-content\/uploads\/2025\/02\/Screenshot_20250218_073253_Gallery.jpg","width":1080,"height":685},{"@type":"WebPage","@id":"https:\/\/www.nettali.com\/2025\/02\/21\/sante-le-sames-annonce-une-nouvelle-greve-generale-de-48-h\/#webpage","url":"https:\/\/www.nettali.com\/2025\/02\/21\/sante-le-sames-annonce-une-nouvelle-greve-generale-de-48-h\/","name":"SANT\u00c9 - Le SAMES annonce une nouvelle gr\u00e8ve g\u00e9n\u00e9rale de 48 H | Nettali.com","isPartOf":{"@id":"https:\/\/www.nettali.com\/#website"},"primaryImageOfPage":{"@id":"https:\/\/www.nettali.com\/2025\/02\/21\/sante-le-sames-annonce-une-nouvelle-greve-generale-de-48-h\/#primaryimage"},"datePublished":"2025-02-21T12:42:41+00:00","dateModified":"2025-02-21T10:42:56+00:00","author":{"@id":"https:\/\/www.nettali.com\/#\/schema\/person\/bb147657c2986240405a608162b9bb23"},"breadcrumb":{"@id":"https:\/\/www.nettali.com\/2025\/02\/21\/sante-le-sames-annonce-une-nouvelle-greve-generale-de-48-h\/#breadcrumb"},"inLanguage":"fr-FR","potentialAction":[{"@type":"ReadAction","target":["https:\/\/www.nettali.com\/2025\/02\/21\/sante-le-sames-annonce-une-nouvelle-greve-generale-de-48-h\/"]}]},{"@type":"BreadcrumbList","@id":"https:\/\/www.nettali.com\/2025\/02\/21\/sante-le-sames-annonce-une-nouvelle-greve-generale-de-48-h\/#breadcrumb","itemListElement":[{"@type":"ListItem","position":1,"name":"Accueil","item":"https:\/\/www.nettali.com\/"},{"@type":"ListItem","position":2,"name":"SANT\u00c9 - Le SAMES annonce une nouvelle gr\u00e8ve g\u00e9n\u00e9rale de 48 H"}]},{"@type":"Person","@id":"https:\/\/www.nettali.com\/#\/schema\/person\/bb147657c2986240405a608162b9bb23","name":"Ibrahima","image":{"@type":"ImageObject","@id":"https:\/\/www.nettali.com\/#personlogo","inLanguage":"fr-FR","url":"https:\/\/secure.gravatar.com\/avatar\/26a8a81f09f0dd7624c9d5c36c9ba3a2?s=96&d=mm&r=g","contentUrl":"https:\/\/secure.gravatar.com\/avatar\/26a8a81f09f0dd7624c9d5c36c9ba3a2?s=96&d=mm&r=g","caption":"Ibrahima"},"sameAs":["https:\/\/www.nettali.com"]}]}},"_links":{"self":[{"href":"https:\/\/www.nettali.com\/rest\/wp\/v2\/posts\/149428"}],"collection":[{"href":"https:\/\/www.nettali.com\/rest\/wp\/v2\/posts"}],"about":[{"href":"https:\/\/www.nettali.com\/rest\/wp\/v2\/types\/post"}],"author":[{"embeddable":true,"href":"https:\/\/www.nettali.com\/rest\/wp\/v2\/users\/5"}],"replies":[{"embeddable":true,"href":"https:\/\/www.nettali.com\/rest\/wp\/v2\/comments?post=149428"}],"version-history":[{"count":3,"href":"https:\/\/www.nettali.com\/rest\/wp\/v2\/posts\/149428\/revisions"}],"predecessor-version":[{"id":149432,"href":"https:\/\/www.nettali.com\/rest\/wp\/v2\/posts\/149428\/revisions\/149432"}],"wp:featuredmedia":[{"embeddable":true,"href":"https:\/\/www.nettali.com\/rest\/wp\/v2\/media\/149215"}],"wp:attachment":[{"href":"https:\/\/www.nettali.com\/rest\/wp\/v2\/media?parent=149428"}],"wp:term":[{"taxonomy":"category","embeddable":true,"href":"https:\/\/www.nettali.com\/rest\/wp\/v2\/categories?post=149428"},{"taxonomy":"post_tag","embeddable":true,"href":"https:\/\/www.nettali.com\/rest\/wp\/v2\/tags?post=149428"}],"curies":[{"name":"wp","href":"https:\/\/api.w.org\/{rel}","templated":true}]}}