{"id":149315,"date":"2025-02-19T16:06:45","date_gmt":"2025-02-19T16:06:45","guid":{"rendered":"https:\/\/www.nettali.com\/?p=149315"},"modified":"2025-02-19T16:06:45","modified_gmt":"2025-02-19T16:06:45","slug":"bresil-lancien-president-jair-bolsonaro-inculpe-pour-un-projet-presume-de-coup-detat","status":"publish","type":"post","link":"https:\/\/www.nettali.com\/2025\/02\/19\/bresil-lancien-president-jair-bolsonaro-inculpe-pour-un-projet-presume-de-coup-detat\/","title":{"rendered":"BRESIL -\u00a0 L'ancien pr\u00e9sident, Jair Bolsonaro, inculp\u00e9 pour un projet pr\u00e9sum\u00e9 de coup d'\u00c9tat"},"content":{"rendered":"<p class=\"t-content__chapo\"><strong>NETTALI.COM - Le parquet br\u00e9silien a inculp\u00e9, mardi 18 f\u00e9vrier, l'ex-pr\u00e9sident d'extr\u00eame droite Jair Bolsonaro et 33 autres suspects pour un projet pr\u00e9sum\u00e9 de \u00ab coup d'\u00c9tat \u00bb visant \u00e0 emp\u00eacher le retour au pouvoir de son successeur Lula apr\u00e8s le scrutin de 2022. Selon le procureur g\u00e9n\u00e9ral, ils sont \u00ab<em>\u00a0accus\u00e9s d'avoir incit\u00e9 et ex\u00e9cut\u00e9 des actes contraires aux trois pouvoirs et \u00e0 l'\u00c9tat de droit d\u00e9mocratique<\/em>\u00a0\u00bb.<\/strong><\/p>\n<p>L\u2019\u00e9tau se resserre un peu plus autour de\u00a0Jair Bolsonaro. Bas\u00e9 sur une enqu\u00eate de la police f\u00e9d\u00e9rale, en d\u00e9cembre 2024, le procureur g\u00e9n\u00e9ral pointe l\u2019ancien pr\u00e9sident comme le leader d\u2019une \u00ab<em>\u00a0organisation criminelle structur\u00e9e\u00a0<\/em>\u00bb dont le but \u00e9tait de garantir sa permanence au pouvoir, rapporte notre correspondante \u00e0 Rio de Janeiro,\u00a0Sarah Cozzolino.<\/p>\n<p>De la campagne de d\u00e9sinformation sur le syst\u00e8me des urnes \u00e9lectroniques, jusqu\u2019aux \u00e9meutes du 8 janvier 2023 \u00e0 Brasilia, le rapport d\u2019enqu\u00eate de 800 pages de la police f\u00e9d\u00e9rale d\u00e9taille les plans des 34 accus\u00e9s, parmi lesquels,\u00a0le colistier de Jair Bolsonaro, en d\u00e9tention pr\u00e9ventive\u00a0depuis le mois de d\u00e9cembre.<\/p>\n<h2>D\u00e9cision entre les mains de la Cour supr\u00eame<\/h2>\n<p>La d\u00e9cision est d\u00e9sormais entre les mains de la Cour supr\u00eame, qui pourra d\u00e9cider de l\u2019ouverture d\u2019un proc\u00e8s.\u00a0Mais l\u2019ancien pr\u00e9sident a d\u00e9clar\u00e9 ce mardi \u00ab\u00a0<em>ne pas \u00eatre inquiet<\/em> \u00bb\u00a0en sortant d'un d\u00e9jeuner avec des s\u00e9nateurs de l'opposition quelques heures avant l'annonce de son inculpation.<\/p>\n<p>Il n'y a \u00ab<em>\u00a0aucune preuve<\/em>\u00a0\u00bb a estim\u00e9 sur X le s\u00e9nateur Flavio Bolsonaro, fils ain\u00e9 du dirigeant d'extr\u00eame droite. Alors qu'une arrestation de Jair Bolsonaro avant un \u00e9ventuel proc\u00e8s semble peu probable, il s'active pour pr\u00e9parer sa candidature \u00e0 l'\u00e9lection pr\u00e9sidentielle 2026.\u00a0Lui et ses soutiens r\u00e9pondent aux accusations en deux mots : il s'agit selon eux d'une \u00ab\u00a0<em>pers\u00e9cution politique<\/em>\u00a0\u00bb.\u00a0Il esp\u00e8re faire annuler sa condamnation \u00e0 huit ans d'in\u00e9ligibilit\u00e9 pour affronter le pr\u00e9sident Lula dont la popularit\u00e9 est au plus bas.<\/p>\n<p>Ce mercredi, il r\u00e9unit le chef de l'opposition \u00e0 l'Assembl\u00e9e et d'autres d\u00e9put\u00e9s afin de garantir leur soutien du projet d'amnistie des responsables de la tentative de coup d'Etat. Jair Bolsonaro esp\u00e8re aussi modifier la loi qui exige que les candidats \u00e0 une \u00e9lection disposent d'un casier judiciaire vierge.<\/p>\n<div class='share-to-whatsapp-wrapper'><div class='share-on-whsp'>PARTAGER SUR : <\/div><a data-text='BRESIL -\u00a0 L'ancien pr\u00e9sident, Jair Bolsonaro, inculp\u00e9 pour un projet pr\u00e9sum\u00e9 de coup d'\u00c9tat' data-link='https:\/\/www.nettali.com\/2025\/02\/19\/bresil-lancien-president-jair-bolsonaro-inculpe-pour-un-projet-presume-de-coup-detat\/' class='whatsapp-button whatsapp-share'>WhatsApp<\/a><div class='clear '><\/div><\/div>","protected":false},"excerpt":{"rendered":"<p>NETTALI.COM - Le parquet br\u00e9silien a inculp\u00e9, mardi 18 f\u00e9vrier, l'ex-pr\u00e9sident d'extr\u00eame droite Jair Bolsonaro et 33 autres suspects pour un projet pr\u00e9sum\u00e9 de \u00ab coup d'\u00c9tat \u00bb visant \u00e0 emp\u00eacher le retour au pouvoir de son successeur Lula apr\u00e8s le scrutin de 2022. Selon le procureur g\u00e9n\u00e9ral, ils sont \u00ab\u00a0accus\u00e9s d'avoir incit\u00e9 et ex\u00e9cut\u00e9 [&hellip;]<\/p>\n","protected":false},"author":4,"featured_media":149316,"comment_status":"open","ping_status":"open","sticky":false,"template":"","format":"standard","meta":{"_et_pb_use_builder":"","_et_pb_old_content":""},"categories":[3],"tags":[],"yoast_head":"<!-- This site is optimized with the Yoast SEO Premium plugin v17.8 (Yoast SEO v17.8) - https:\/\/yoast.com\/wordpress\/plugins\/seo\/ -->\n<title>BRESIL -\u00a0 L&#039;ancien pr\u00e9sident, Jair Bolsonaro, inculp\u00e9 pour un projet pr\u00e9sum\u00e9 de coup d&#039;\u00c9tat | Nettali.com<\/title>\n<meta name=\"robots\" content=\"index, follow, max-snippet:-1, max-image-preview:large, max-video-preview:-1\" \/>\n<link rel=\"canonical\" href=\"https:\/\/www.nettali.com\/2025\/02\/19\/bresil-lancien-president-jair-bolsonaro-inculpe-pour-un-projet-presume-de-coup-detat\/\" \/>\n<meta property=\"og:locale\" content=\"fr_FR\" \/>\n<meta property=\"og:type\" content=\"article\" \/>\n<meta property=\"og:title\" content=\"BRESIL -\u00a0 L&#039;ancien pr\u00e9sident, Jair Bolsonaro, inculp\u00e9 pour un projet pr\u00e9sum\u00e9 de coup d&#039;\u00c9tat\" \/>\n<meta property=\"og:description\" content=\"NETTALI.COM - Le parquet br\u00e9silien a inculp\u00e9, mardi 18 f\u00e9vrier, l&#039;ex-pr\u00e9sident d&#039;extr\u00eame droite Jair Bolsonaro et 33 autres suspects pour un projet pr\u00e9sum\u00e9 de \u00ab coup d&#039;\u00c9tat \u00bb visant \u00e0 emp\u00eacher le retour au pouvoir de son successeur Lula apr\u00e8s le scrutin de 2022. Selon le procureur g\u00e9n\u00e9ral, ils sont \u00ab\u00a0accus\u00e9s d&#039;avoir incit\u00e9 et ex\u00e9cut\u00e9 [&hellip;]\" \/>\n<meta property=\"og:url\" content=\"https:\/\/www.nettali.com\/2025\/02\/19\/bresil-lancien-president-jair-bolsonaro-inculpe-pour-un-projet-presume-de-coup-detat\/\" \/>\n<meta property=\"og:site_name\" content=\"Nettali.com\" \/>\n<meta property=\"article:publisher\" content=\"https:\/\/www.facebook.com\/nettalicom\" \/>\n<meta property=\"article:published_time\" content=\"2025-02-19T16:06:45+00:00\" \/>\n<meta property=\"og:image\" content=\"https:\/\/www.nettali.com\/wp-content\/uploads\/2025\/02\/Capture-de\u0301cran-2025-02-19-a\u0300-16.05.01.png\" \/>\n\t<meta property=\"og:image:width\" content=\"998\" \/>\n\t<meta property=\"og:image:height\" content=\"549\" \/>\n<meta name=\"twitter:card\" content=\"summary_large_image\" \/>\n<meta name=\"twitter:label1\" content=\"\u00c9crit par\" \/>\n\t<meta name=\"twitter:data1\" content=\"Daouda\" \/>\n\t<meta name=\"twitter:label2\" content=\"Dur\u00e9e de lecture estim\u00e9e\" \/>\n\t<meta name=\"twitter:data2\" content=\"2 minutes\" \/>\n<script type=\"application\/ld+json\" class=\"yoast-schema-graph\">{\"@context\":\"https:\/\/schema.org\",\"@graph\":[{\"@type\":\"WebSite\",\"@id\":\"https:\/\/www.nettali.com\/#website\",\"url\":\"https:\/\/www.nettali.com\/\",\"name\":\"Nettali.com\",\"description\":\"Le rendez-vous critique du Net\",\"potentialAction\":[{\"@type\":\"SearchAction\",\"target\":{\"@type\":\"EntryPoint\",\"urlTemplate\":\"https:\/\/www.nettali.com\/?s={search_term_string}\"},\"query-input\":\"required name=search_term_string\"}],\"inLanguage\":\"fr-FR\"},{\"@type\":\"ImageObject\",\"@id\":\"https:\/\/www.nettali.com\/2025\/02\/19\/bresil-lancien-president-jair-bolsonaro-inculpe-pour-un-projet-presume-de-coup-detat\/#primaryimage\",\"inLanguage\":\"fr-FR\",\"url\":\"https:\/\/www.nettali.com\/wp-content\/uploads\/2025\/02\/Capture-de\\u0301cran-2025-02-19-a\\u0300-16.05.01.png\",\"contentUrl\":\"https:\/\/www.nettali.com\/wp-content\/uploads\/2025\/02\/Capture-de\\u0301cran-2025-02-19-a\\u0300-16.05.01.png\",\"width\":998,\"height\":549},{\"@type\":\"WebPage\",\"@id\":\"https:\/\/www.nettali.com\/2025\/02\/19\/bresil-lancien-president-jair-bolsonaro-inculpe-pour-un-projet-presume-de-coup-detat\/#webpage\",\"url\":\"https:\/\/www.nettali.com\/2025\/02\/19\/bresil-lancien-president-jair-bolsonaro-inculpe-pour-un-projet-presume-de-coup-detat\/\",\"name\":\"BRESIL -\\u00a0 L'ancien pr\\u00e9sident, Jair Bolsonaro, inculp\\u00e9 pour un projet pr\\u00e9sum\\u00e9 de coup d'\\u00c9tat | Nettali.com\",\"isPartOf\":{\"@id\":\"https:\/\/www.nettali.com\/#website\"},\"primaryImageOfPage\":{\"@id\":\"https:\/\/www.nettali.com\/2025\/02\/19\/bresil-lancien-president-jair-bolsonaro-inculpe-pour-un-projet-presume-de-coup-detat\/#primaryimage\"},\"datePublished\":\"2025-02-19T16:06:45+00:00\",\"dateModified\":\"2025-02-19T16:06:45+00:00\",\"author\":{\"@id\":\"https:\/\/www.nettali.com\/#\/schema\/person\/3317e0bb3aa1da309fbf7b2780901bf4\"},\"breadcrumb\":{\"@id\":\"https:\/\/www.nettali.com\/2025\/02\/19\/bresil-lancien-president-jair-bolsonaro-inculpe-pour-un-projet-presume-de-coup-detat\/#breadcrumb\"},\"inLanguage\":\"fr-FR\",\"potentialAction\":[{\"@type\":\"ReadAction\",\"target\":[\"https:\/\/www.nettali.com\/2025\/02\/19\/bresil-lancien-president-jair-bolsonaro-inculpe-pour-un-projet-presume-de-coup-detat\/\"]}]},{\"@type\":\"BreadcrumbList\",\"@id\":\"https:\/\/www.nettali.com\/2025\/02\/19\/bresil-lancien-president-jair-bolsonaro-inculpe-pour-un-projet-presume-de-coup-detat\/#breadcrumb\",\"itemListElement\":[{\"@type\":\"ListItem\",\"position\":1,\"name\":\"Accueil\",\"item\":\"https:\/\/www.nettali.com\/\"},{\"@type\":\"ListItem\",\"position\":2,\"name\":\"BRESIL -\\u00a0 L'ancien pr\\u00e9sident, Jair Bolsonaro, inculp\\u00e9 pour un projet pr\\u00e9sum\\u00e9 de coup d'\\u00c9tat\"}]},{\"@type\":\"Person\",\"@id\":\"https:\/\/www.nettali.com\/#\/schema\/person\/3317e0bb3aa1da309fbf7b2780901bf4\",\"name\":\"Daouda\",\"image\":{\"@type\":\"ImageObject\",\"@id\":\"https:\/\/www.nettali.com\/#personlogo\",\"inLanguage\":\"fr-FR\",\"url\":\"https:\/\/secure.gravatar.com\/avatar\/8d143b5a49345098ddcfee1c49c2f47c?s=96&d=mm&r=g\",\"contentUrl\":\"https:\/\/secure.gravatar.com\/avatar\/8d143b5a49345098ddcfee1c49c2f47c?s=96&d=mm&r=g\",\"caption\":\"Daouda\"},\"sameAs\":[\"https:\/\/www.nettali.com\"]}]}<\/script>\n<!-- \/ Yoast SEO Premium plugin. -->","yoast_head_json":{"title":"BRESIL -\u00a0 L'ancien pr\u00e9sident, Jair Bolsonaro, inculp\u00e9 pour un projet pr\u00e9sum\u00e9 de coup d'\u00c9tat | Nettali.com","robots":{"index":"index","follow":"follow","max-snippet":"max-snippet:-1","max-image-preview":"max-image-preview:large","max-video-preview":"max-video-preview:-1"},"canonical":"https:\/\/www.nettali.com\/2025\/02\/19\/bresil-lancien-president-jair-bolsonaro-inculpe-pour-un-projet-presume-de-coup-detat\/","og_locale":"fr_FR","og_type":"article","og_title":"BRESIL -\u00a0 L'ancien pr\u00e9sident, Jair Bolsonaro, inculp\u00e9 pour un projet pr\u00e9sum\u00e9 de coup d'\u00c9tat","og_description":"NETTALI.COM - Le parquet br\u00e9silien a inculp\u00e9, mardi 18 f\u00e9vrier, l'ex-pr\u00e9sident d'extr\u00eame droite Jair Bolsonaro et 33 autres suspects pour un projet pr\u00e9sum\u00e9 de \u00ab coup d'\u00c9tat \u00bb visant \u00e0 emp\u00eacher le retour au pouvoir de son successeur Lula apr\u00e8s le scrutin de 2022. Selon le procureur g\u00e9n\u00e9ral, ils sont \u00ab\u00a0accus\u00e9s d'avoir incit\u00e9 et ex\u00e9cut\u00e9 [&hellip;]","og_url":"https:\/\/www.nettali.com\/2025\/02\/19\/bresil-lancien-president-jair-bolsonaro-inculpe-pour-un-projet-presume-de-coup-detat\/","og_site_name":"Nettali.com","article_publisher":"https:\/\/www.facebook.com\/nettalicom","article_published_time":"2025-02-19T16:06:45+00:00","og_image":[{"width":998,"height":549,"url":"https:\/\/www.nettali.com\/wp-content\/uploads\/2025\/02\/Capture-de\u0301cran-2025-02-19-a\u0300-16.05.01.png","type":"image\/png"}],"twitter_card":"summary_large_image","twitter_misc":{"\u00c9crit par":"Daouda","Dur\u00e9e de lecture estim\u00e9e":"2 minutes"},"schema":{"@context":"https:\/\/schema.org","@graph":[{"@type":"WebSite","@id":"https:\/\/www.nettali.com\/#website","url":"https:\/\/www.nettali.com\/","name":"Nettali.com","description":"Le rendez-vous critique du Net","potentialAction":[{"@type":"SearchAction","target":{"@type":"EntryPoint","urlTemplate":"https:\/\/www.nettali.com\/?s={search_term_string}"},"query-input":"required name=search_term_string"}],"inLanguage":"fr-FR"},{"@type":"ImageObject","@id":"https:\/\/www.nettali.com\/2025\/02\/19\/bresil-lancien-president-jair-bolsonaro-inculpe-pour-un-projet-presume-de-coup-detat\/#primaryimage","inLanguage":"fr-FR","url":"https:\/\/www.nettali.com\/wp-content\/uploads\/2025\/02\/Capture-de\u0301cran-2025-02-19-a\u0300-16.05.01.png","contentUrl":"https:\/\/www.nettali.com\/wp-content\/uploads\/2025\/02\/Capture-de\u0301cran-2025-02-19-a\u0300-16.05.01.png","width":998,"height":549},{"@type":"WebPage","@id":"https:\/\/www.nettali.com\/2025\/02\/19\/bresil-lancien-president-jair-bolsonaro-inculpe-pour-un-projet-presume-de-coup-detat\/#webpage","url":"https:\/\/www.nettali.com\/2025\/02\/19\/bresil-lancien-president-jair-bolsonaro-inculpe-pour-un-projet-presume-de-coup-detat\/","name":"BRESIL -\u00a0 L'ancien pr\u00e9sident, Jair Bolsonaro, inculp\u00e9 pour un projet pr\u00e9sum\u00e9 de coup d'\u00c9tat | Nettali.com","isPartOf":{"@id":"https:\/\/www.nettali.com\/#website"},"primaryImageOfPage":{"@id":"https:\/\/www.nettali.com\/2025\/02\/19\/bresil-lancien-president-jair-bolsonaro-inculpe-pour-un-projet-presume-de-coup-detat\/#primaryimage"},"datePublished":"2025-02-19T16:06:45+00:00","dateModified":"2025-02-19T16:06:45+00:00","author":{"@id":"https:\/\/www.nettali.com\/#\/schema\/person\/3317e0bb3aa1da309fbf7b2780901bf4"},"breadcrumb":{"@id":"https:\/\/www.nettali.com\/2025\/02\/19\/bresil-lancien-president-jair-bolsonaro-inculpe-pour-un-projet-presume-de-coup-detat\/#breadcrumb"},"inLanguage":"fr-FR","potentialAction":[{"@type":"ReadAction","target":["https:\/\/www.nettali.com\/2025\/02\/19\/bresil-lancien-president-jair-bolsonaro-inculpe-pour-un-projet-presume-de-coup-detat\/"]}]},{"@type":"BreadcrumbList","@id":"https:\/\/www.nettali.com\/2025\/02\/19\/bresil-lancien-president-jair-bolsonaro-inculpe-pour-un-projet-presume-de-coup-detat\/#breadcrumb","itemListElement":[{"@type":"ListItem","position":1,"name":"Accueil","item":"https:\/\/www.nettali.com\/"},{"@type":"ListItem","position":2,"name":"BRESIL -\u00a0 L'ancien pr\u00e9sident, Jair Bolsonaro, inculp\u00e9 pour un projet pr\u00e9sum\u00e9 de coup d'\u00c9tat"}]},{"@type":"Person","@id":"https:\/\/www.nettali.com\/#\/schema\/person\/3317e0bb3aa1da309fbf7b2780901bf4","name":"Daouda","image":{"@type":"ImageObject","@id":"https:\/\/www.nettali.com\/#personlogo","inLanguage":"fr-FR","url":"https:\/\/secure.gravatar.com\/avatar\/8d143b5a49345098ddcfee1c49c2f47c?s=96&d=mm&r=g","contentUrl":"https:\/\/secure.gravatar.com\/avatar\/8d143b5a49345098ddcfee1c49c2f47c?s=96&d=mm&r=g","caption":"Daouda"},"sameAs":["https:\/\/www.nettali.com"]}]}},"_links":{"self":[{"href":"https:\/\/www.nettali.com\/rest\/wp\/v2\/posts\/149315"}],"collection":[{"href":"https:\/\/www.nettali.com\/rest\/wp\/v2\/posts"}],"about":[{"href":"https:\/\/www.nettali.com\/rest\/wp\/v2\/types\/post"}],"author":[{"embeddable":true,"href":"https:\/\/www.nettali.com\/rest\/wp\/v2\/users\/4"}],"replies":[{"embeddable":true,"href":"https:\/\/www.nettali.com\/rest\/wp\/v2\/comments?post=149315"}],"version-history":[{"count":1,"href":"https:\/\/www.nettali.com\/rest\/wp\/v2\/posts\/149315\/revisions"}],"predecessor-version":[{"id":149317,"href":"https:\/\/www.nettali.com\/rest\/wp\/v2\/posts\/149315\/revisions\/149317"}],"wp:featuredmedia":[{"embeddable":true,"href":"https:\/\/www.nettali.com\/rest\/wp\/v2\/media\/149316"}],"wp:attachment":[{"href":"https:\/\/www.nettali.com\/rest\/wp\/v2\/media?parent=149315"}],"wp:term":[{"taxonomy":"category","embeddable":true,"href":"https:\/\/www.nettali.com\/rest\/wp\/v2\/categories?post=149315"},{"taxonomy":"post_tag","embeddable":true,"href":"https:\/\/www.nettali.com\/rest\/wp\/v2\/tags?post=149315"}],"curies":[{"name":"wp","href":"https:\/\/api.w.org\/{rel}","templated":true}]}}