{"id":149303,"date":"2025-02-19T17:20:27","date_gmt":"2025-02-19T17:20:27","guid":{"rendered":"https:\/\/www.nettali.com\/?p=149303"},"modified":"2025-02-19T17:21:52","modified_gmt":"2025-02-19T17:21:52","slug":"greve-du-sames-vers-un-deuxieme-plan-daction","status":"publish","type":"post","link":"https:\/\/www.nettali.com\/2025\/02\/19\/greve-du-sames-vers-un-deuxieme-plan-daction\/","title":{"rendered":"GR\u00c8VE DU SAMES - Vers un deuxi\u00e8me plan d\u2019action"},"content":{"rendered":"<p><strong>NETTALI.COM- Apr\u00e8s 4heures de gr\u00e8ve, le Syndicat autonome des m\u00e9decins, pharmaciens et chirurgiens dentistes (Sames) sur le point de d\u00e9rouler un deuxi\u00e8me plan d'actions. La rencontre avec le directeur g\u00e9n\u00e9ral de la fonction publique n'a rien donn\u00e9 et le syndicat se dit d\u00e9\u00e7u.<\/strong><\/p>\n<p>Le Syndicat autonome des m\u00e9decins, pharmaciens et chirurgiens dentistes a boucl\u00e9 ce mercredi sa gr\u00e8ve de 48 heures. Cependant, les syndicalistes ont annonc\u00e9 un deuxi\u00e8me plan d\u2019action suite \u00e0 leur rencontre avec le directeur g\u00e9n\u00e9ral de la fonction publique.<\/p>\n<p>\u00ab <em>On a eu \u00e0 rencontrer le directeur g\u00e9n\u00e9ral de la fonction publique, qui avait \u00e0 ses c\u00f4t\u00e9s des responsables, les directeurs nationaux au niveau du minist\u00e8re de la fonction publique, mais aussi des repr\u00e9sentants du minist\u00e8re de la sant\u00e9 et de l'action sociale, avec aussi des repr\u00e9sentants de la direction de la sant\u00e9. Donc cette rencontre a \u00e9t\u00e9 convoqu\u00e9e au pied lev\u00e9 par les autorit\u00e9s. Nous, du Sames, on a eu en tout cas la pr\u00e9sence d'esprit d'y aller, parce que nonobstant le fait qu'on soit en gr\u00e8ve, on s'est dit que quand les autorit\u00e9s appellent, \u00e0 chaque fois il faut qu'on vienne \u00e0 la table de n\u00e9gociation, parce que c'est toujours des opportunit\u00e9s de pouvoir sortir de la crise et de pouvoir avoir une solution concert\u00e9e<\/em> \u00bb, soutient Mamadou Demba Ndour, secr\u00e9taire g\u00e9n\u00e9ral du Sames.<\/p>\n<p>Il rapporte : \u00ab <em>malgr\u00e9 tout le respect qu'on r\u00e9affirme aux autorit\u00e9s qui ont voulu nous convoquer, nous avons \u00e9t\u00e9 d\u00e9\u00e7us de la rencontre, parce qu'\u00e0 cette rencontre, rien de concret ne nous a \u00e9t\u00e9 propos\u00e9. Donc ils nous ont juste rappel\u00e9 que le Pm est sur la question, sur les diff\u00e9rentes questions relatives aux revendications des syndicats, et que incessamment le Premier ministre prendrait les dossiers, tous les dossiers en tout cas relatifs aux demandes des syndicats en main. Ils nous ont renvoy\u00e9 \u00e0 la concertation, qu'ils devraient convoquer dans les jours ou semaines \u00e0 venir<\/em> \u00bb.<\/p>\n<p>Ainsi, il soutient que ce jeudi, \u00ab <em>les structures du syndicat vont appr\u00e9cier notamment le mot d'ordre, et \u00e9ventuellement se projeter vers la suite. Naturellement, quand un syndicat se lance dans un premier plan d'action, la logique voudrait qu'il y ait un deuxi\u00e8me plan d'action<\/em>\u00bb.<\/p>\n<div class='share-to-whatsapp-wrapper'><div class='share-on-whsp'>PARTAGER SUR : <\/div><a data-text='GR\u00c8VE DU SAMES - Vers un deuxi\u00e8me plan d\u2019action' data-link='https:\/\/www.nettali.com\/2025\/02\/19\/greve-du-sames-vers-un-deuxieme-plan-daction\/' class='whatsapp-button whatsapp-share'>WhatsApp<\/a><div class='clear '><\/div><\/div>","protected":false},"excerpt":{"rendered":"<p>NETTALI.COM- Apr\u00e8s 4heures de gr\u00e8ve, le Syndicat autonome des m\u00e9decins, pharmaciens et chirurgiens dentistes (Sames) sur le point de d\u00e9rouler un deuxi\u00e8me plan d'actions. La rencontre avec le directeur g\u00e9n\u00e9ral de la fonction publique n'a rien donn\u00e9 et le syndicat se dit d\u00e9\u00e7u. Le Syndicat autonome des m\u00e9decins, pharmaciens et chirurgiens dentistes a boucl\u00e9 ce [&hellip;]<\/p>\n","protected":false},"author":6,"featured_media":149309,"comment_status":"open","ping_status":"open","sticky":false,"template":"","format":"standard","meta":{"_et_pb_use_builder":"","_et_pb_old_content":""},"categories":[22],"tags":[],"yoast_head":"<!-- This site is optimized with the Yoast SEO Premium plugin v17.8 (Yoast SEO v17.8) - https:\/\/yoast.com\/wordpress\/plugins\/seo\/ -->\n<title>GR\u00c8VE DU SAMES - Vers un deuxi\u00e8me plan d\u2019action | Nettali.com<\/title>\n<meta name=\"robots\" content=\"index, follow, max-snippet:-1, max-image-preview:large, max-video-preview:-1\" \/>\n<link rel=\"canonical\" href=\"https:\/\/www.nettali.com\/2025\/02\/19\/greve-du-sames-vers-un-deuxieme-plan-daction\/\" \/>\n<meta property=\"og:locale\" content=\"fr_FR\" \/>\n<meta property=\"og:type\" content=\"article\" \/>\n<meta property=\"og:title\" content=\"GR\u00c8VE DU SAMES - Vers un deuxi\u00e8me plan d\u2019action\" \/>\n<meta property=\"og:description\" content=\"NETTALI.COM- Apr\u00e8s 4heures de gr\u00e8ve, le Syndicat autonome des m\u00e9decins, pharmaciens et chirurgiens dentistes (Sames) sur le point de d\u00e9rouler un deuxi\u00e8me plan d&#039;actions. La rencontre avec le directeur g\u00e9n\u00e9ral de la fonction publique n&#039;a rien donn\u00e9 et le syndicat se dit d\u00e9\u00e7u. Le Syndicat autonome des m\u00e9decins, pharmaciens et chirurgiens dentistes a boucl\u00e9 ce [&hellip;]\" \/>\n<meta property=\"og:url\" content=\"https:\/\/www.nettali.com\/2025\/02\/19\/greve-du-sames-vers-un-deuxieme-plan-daction\/\" \/>\n<meta property=\"og:site_name\" content=\"Nettali.com\" \/>\n<meta property=\"article:publisher\" content=\"https:\/\/www.facebook.com\/nettalicom\" \/>\n<meta property=\"article:published_time\" content=\"2025-02-19T17:20:27+00:00\" \/>\n<meta property=\"article:modified_time\" content=\"2025-02-19T17:21:52+00:00\" \/>\n<meta property=\"og:image\" content=\"https:\/\/www.nettali.com\/wp-content\/uploads\/2025\/02\/images-1-4.jpeg\" \/>\n\t<meta property=\"og:image:width\" content=\"225\" \/>\n\t<meta property=\"og:image:height\" content=\"225\" \/>\n<meta name=\"twitter:card\" content=\"summary_large_image\" \/>\n<meta name=\"twitter:label1\" content=\"\u00c9crit par\" \/>\n\t<meta name=\"twitter:data1\" content=\"Fatou\" \/>\n\t<meta name=\"twitter:label2\" content=\"Dur\u00e9e de lecture estim\u00e9e\" \/>\n\t<meta name=\"twitter:data2\" content=\"2 minutes\" \/>\n<script type=\"application\/ld+json\" class=\"yoast-schema-graph\">{\"@context\":\"https:\/\/schema.org\",\"@graph\":[{\"@type\":\"WebSite\",\"@id\":\"https:\/\/www.nettali.com\/#website\",\"url\":\"https:\/\/www.nettali.com\/\",\"name\":\"Nettali.com\",\"description\":\"Le rendez-vous critique du Net\",\"potentialAction\":[{\"@type\":\"SearchAction\",\"target\":{\"@type\":\"EntryPoint\",\"urlTemplate\":\"https:\/\/www.nettali.com\/?s={search_term_string}\"},\"query-input\":\"required name=search_term_string\"}],\"inLanguage\":\"fr-FR\"},{\"@type\":\"ImageObject\",\"@id\":\"https:\/\/www.nettali.com\/2025\/02\/19\/greve-du-sames-vers-un-deuxieme-plan-daction\/#primaryimage\",\"inLanguage\":\"fr-FR\",\"url\":\"https:\/\/www.nettali.com\/wp-content\/uploads\/2025\/02\/images-1-4.jpeg\",\"contentUrl\":\"https:\/\/www.nettali.com\/wp-content\/uploads\/2025\/02\/images-1-4.jpeg\",\"width\":225,\"height\":225},{\"@type\":\"WebPage\",\"@id\":\"https:\/\/www.nettali.com\/2025\/02\/19\/greve-du-sames-vers-un-deuxieme-plan-daction\/#webpage\",\"url\":\"https:\/\/www.nettali.com\/2025\/02\/19\/greve-du-sames-vers-un-deuxieme-plan-daction\/\",\"name\":\"GR\\u00c8VE DU SAMES - Vers un deuxi\\u00e8me plan d\\u2019action | Nettali.com\",\"isPartOf\":{\"@id\":\"https:\/\/www.nettali.com\/#website\"},\"primaryImageOfPage\":{\"@id\":\"https:\/\/www.nettali.com\/2025\/02\/19\/greve-du-sames-vers-un-deuxieme-plan-daction\/#primaryimage\"},\"datePublished\":\"2025-02-19T17:20:27+00:00\",\"dateModified\":\"2025-02-19T17:21:52+00:00\",\"author\":{\"@id\":\"https:\/\/www.nettali.com\/#\/schema\/person\/418274a86bdf87caff7a3ef476bd0bbf\"},\"breadcrumb\":{\"@id\":\"https:\/\/www.nettali.com\/2025\/02\/19\/greve-du-sames-vers-un-deuxieme-plan-daction\/#breadcrumb\"},\"inLanguage\":\"fr-FR\",\"potentialAction\":[{\"@type\":\"ReadAction\",\"target\":[\"https:\/\/www.nettali.com\/2025\/02\/19\/greve-du-sames-vers-un-deuxieme-plan-daction\/\"]}]},{\"@type\":\"BreadcrumbList\",\"@id\":\"https:\/\/www.nettali.com\/2025\/02\/19\/greve-du-sames-vers-un-deuxieme-plan-daction\/#breadcrumb\",\"itemListElement\":[{\"@type\":\"ListItem\",\"position\":1,\"name\":\"Accueil\",\"item\":\"https:\/\/www.nettali.com\/\"},{\"@type\":\"ListItem\",\"position\":2,\"name\":\"GR\\u00c8VE DU SAMES - Vers un deuxi\\u00e8me plan d\\u2019action\"}]},{\"@type\":\"Person\",\"@id\":\"https:\/\/www.nettali.com\/#\/schema\/person\/418274a86bdf87caff7a3ef476bd0bbf\",\"name\":\"Fatou\",\"image\":{\"@type\":\"ImageObject\",\"@id\":\"https:\/\/www.nettali.com\/#personlogo\",\"inLanguage\":\"fr-FR\",\"url\":\"https:\/\/secure.gravatar.com\/avatar\/5a9442a2bee7b4dcf167cab035858e9a?s=96&d=mm&r=g\",\"contentUrl\":\"https:\/\/secure.gravatar.com\/avatar\/5a9442a2bee7b4dcf167cab035858e9a?s=96&d=mm&r=g\",\"caption\":\"Fatou\"},\"sameAs\":[\"https:\/\/www.nettali.com\"]}]}<\/script>\n<!-- \/ Yoast SEO Premium plugin. -->","yoast_head_json":{"title":"GR\u00c8VE DU SAMES - Vers un deuxi\u00e8me plan d\u2019action | Nettali.com","robots":{"index":"index","follow":"follow","max-snippet":"max-snippet:-1","max-image-preview":"max-image-preview:large","max-video-preview":"max-video-preview:-1"},"canonical":"https:\/\/www.nettali.com\/2025\/02\/19\/greve-du-sames-vers-un-deuxieme-plan-daction\/","og_locale":"fr_FR","og_type":"article","og_title":"GR\u00c8VE DU SAMES - Vers un deuxi\u00e8me plan d\u2019action","og_description":"NETTALI.COM- Apr\u00e8s 4heures de gr\u00e8ve, le Syndicat autonome des m\u00e9decins, pharmaciens et chirurgiens dentistes (Sames) sur le point de d\u00e9rouler un deuxi\u00e8me plan d'actions. La rencontre avec le directeur g\u00e9n\u00e9ral de la fonction publique n'a rien donn\u00e9 et le syndicat se dit d\u00e9\u00e7u. Le Syndicat autonome des m\u00e9decins, pharmaciens et chirurgiens dentistes a boucl\u00e9 ce [&hellip;]","og_url":"https:\/\/www.nettali.com\/2025\/02\/19\/greve-du-sames-vers-un-deuxieme-plan-daction\/","og_site_name":"Nettali.com","article_publisher":"https:\/\/www.facebook.com\/nettalicom","article_published_time":"2025-02-19T17:20:27+00:00","article_modified_time":"2025-02-19T17:21:52+00:00","og_image":[{"width":225,"height":225,"url":"https:\/\/www.nettali.com\/wp-content\/uploads\/2025\/02\/images-1-4.jpeg","type":"image\/jpeg"}],"twitter_card":"summary_large_image","twitter_misc":{"\u00c9crit par":"Fatou","Dur\u00e9e de lecture estim\u00e9e":"2 minutes"},"schema":{"@context":"https:\/\/schema.org","@graph":[{"@type":"WebSite","@id":"https:\/\/www.nettali.com\/#website","url":"https:\/\/www.nettali.com\/","name":"Nettali.com","description":"Le rendez-vous critique du Net","potentialAction":[{"@type":"SearchAction","target":{"@type":"EntryPoint","urlTemplate":"https:\/\/www.nettali.com\/?s={search_term_string}"},"query-input":"required name=search_term_string"}],"inLanguage":"fr-FR"},{"@type":"ImageObject","@id":"https:\/\/www.nettali.com\/2025\/02\/19\/greve-du-sames-vers-un-deuxieme-plan-daction\/#primaryimage","inLanguage":"fr-FR","url":"https:\/\/www.nettali.com\/wp-content\/uploads\/2025\/02\/images-1-4.jpeg","contentUrl":"https:\/\/www.nettali.com\/wp-content\/uploads\/2025\/02\/images-1-4.jpeg","width":225,"height":225},{"@type":"WebPage","@id":"https:\/\/www.nettali.com\/2025\/02\/19\/greve-du-sames-vers-un-deuxieme-plan-daction\/#webpage","url":"https:\/\/www.nettali.com\/2025\/02\/19\/greve-du-sames-vers-un-deuxieme-plan-daction\/","name":"GR\u00c8VE DU SAMES - Vers un deuxi\u00e8me plan d\u2019action | Nettali.com","isPartOf":{"@id":"https:\/\/www.nettali.com\/#website"},"primaryImageOfPage":{"@id":"https:\/\/www.nettali.com\/2025\/02\/19\/greve-du-sames-vers-un-deuxieme-plan-daction\/#primaryimage"},"datePublished":"2025-02-19T17:20:27+00:00","dateModified":"2025-02-19T17:21:52+00:00","author":{"@id":"https:\/\/www.nettali.com\/#\/schema\/person\/418274a86bdf87caff7a3ef476bd0bbf"},"breadcrumb":{"@id":"https:\/\/www.nettali.com\/2025\/02\/19\/greve-du-sames-vers-un-deuxieme-plan-daction\/#breadcrumb"},"inLanguage":"fr-FR","potentialAction":[{"@type":"ReadAction","target":["https:\/\/www.nettali.com\/2025\/02\/19\/greve-du-sames-vers-un-deuxieme-plan-daction\/"]}]},{"@type":"BreadcrumbList","@id":"https:\/\/www.nettali.com\/2025\/02\/19\/greve-du-sames-vers-un-deuxieme-plan-daction\/#breadcrumb","itemListElement":[{"@type":"ListItem","position":1,"name":"Accueil","item":"https:\/\/www.nettali.com\/"},{"@type":"ListItem","position":2,"name":"GR\u00c8VE DU SAMES - Vers un deuxi\u00e8me plan d\u2019action"}]},{"@type":"Person","@id":"https:\/\/www.nettali.com\/#\/schema\/person\/418274a86bdf87caff7a3ef476bd0bbf","name":"Fatou","image":{"@type":"ImageObject","@id":"https:\/\/www.nettali.com\/#personlogo","inLanguage":"fr-FR","url":"https:\/\/secure.gravatar.com\/avatar\/5a9442a2bee7b4dcf167cab035858e9a?s=96&d=mm&r=g","contentUrl":"https:\/\/secure.gravatar.com\/avatar\/5a9442a2bee7b4dcf167cab035858e9a?s=96&d=mm&r=g","caption":"Fatou"},"sameAs":["https:\/\/www.nettali.com"]}]}},"_links":{"self":[{"href":"https:\/\/www.nettali.com\/rest\/wp\/v2\/posts\/149303"}],"collection":[{"href":"https:\/\/www.nettali.com\/rest\/wp\/v2\/posts"}],"about":[{"href":"https:\/\/www.nettali.com\/rest\/wp\/v2\/types\/post"}],"author":[{"embeddable":true,"href":"https:\/\/www.nettali.com\/rest\/wp\/v2\/users\/6"}],"replies":[{"embeddable":true,"href":"https:\/\/www.nettali.com\/rest\/wp\/v2\/comments?post=149303"}],"version-history":[{"count":3,"href":"https:\/\/www.nettali.com\/rest\/wp\/v2\/posts\/149303\/revisions"}],"predecessor-version":[{"id":149312,"href":"https:\/\/www.nettali.com\/rest\/wp\/v2\/posts\/149303\/revisions\/149312"}],"wp:featuredmedia":[{"embeddable":true,"href":"https:\/\/www.nettali.com\/rest\/wp\/v2\/media\/149309"}],"wp:attachment":[{"href":"https:\/\/www.nettali.com\/rest\/wp\/v2\/media?parent=149303"}],"wp:term":[{"taxonomy":"category","embeddable":true,"href":"https:\/\/www.nettali.com\/rest\/wp\/v2\/categories?post=149303"},{"taxonomy":"post_tag","embeddable":true,"href":"https:\/\/www.nettali.com\/rest\/wp\/v2\/tags?post=149303"}],"curies":[{"name":"wp","href":"https:\/\/api.w.org\/{rel}","templated":true}]}}