{"id":149299,"date":"2025-02-19T15:15:26","date_gmt":"2025-02-19T15:15:26","guid":{"rendered":"https:\/\/www.nettali.com\/?p=149299"},"modified":"2025-02-19T13:15:42","modified_gmt":"2025-02-19T13:15:42","slug":"presidence-de-la-bad-amadou-hott-enregistre-le-soutient-du-gabon","status":"publish","type":"post","link":"https:\/\/www.nettali.com\/2025\/02\/19\/presidence-de-la-bad-amadou-hott-enregistre-le-soutient-du-gabon\/","title":{"rendered":"PRESIDENCE DE LA BAD - Amadou Hott enregistre le soutien du Gabon"},"content":{"rendered":"<p><strong>NETTALI.COM - La promotion de la candidature d'Amadou Hott \u00e0 la pr\u00e9sidence de la Banque africaine de d\u00e9veloppement se poursuit. Le pr\u00e9sident de la R\u00e9publique, Bassirou Diomaye Faye, a pris son b\u00e2ton de p\u00e8lerin pour que notre compatriote tr\u00f4ne \u00e0 la t\u00eate de cette institution financi\u00e8re. D\u00e9j\u00e0, le Gabon a accept\u00e9 de soutenir la candidature de l'ancien ministre sous Macky.<\/strong><\/p>\n<p>La candidature d\u2019Amadou Hott\u00a0\u00e0 la pr\u00e9sidence de la\u00a0Banque africaine de d\u00e9veloppement (BAD) peine encore \u00e0 d\u00e9coller. L\u2019ancien ministre de l\u2019\u00c9conomie vient d\u2019enregistrer un soutien de taille avec l\u2019appui du Gabon, mais cela reste insuffisant pour esp\u00e9rer briguer le poste.<br \/>\nJusqu\u2019\u00e0 pr\u00e9sent, seul le Gabon\u00a0a officiellement apport\u00e9 son soutien \u00e0 Amadou Hott, ce qui, combin\u00e9 aux votes du S\u00e9n\u00e9gal, lui permet d\u2019obtenir\u00a01,3 % des voix. Plus pr\u00e9cis\u00e9ment, le\u00a0S\u00e9n\u00e9gal d\u00e9tient 0,936 %\u00a0des droits de vote, tandis que le\u00a0Gabon en poss\u00e8de 0,436 %.<br \/>\nMalgr\u00e9 cette avanc\u00e9e, l\u2019objectif est encore tr\u00e8s lointain.<\/p>\n<p>Pour esp\u00e9rer prendre la t\u00eate de la BAD, Amadou Hott devra multiplier par cinquante son score actuel. Autrement dit, il lui faudra rallier plusieurs autres pays influents et convaincre un grand nombre d\u2019actionnaires de l\u2019institution panafricaine.<br \/>\nLe d\u00e9fi est donc de taille, et la campagne du candidat s\u00e9n\u00e9galais devra encore s\u2019intensifier pour esp\u00e9rer renverser la tendance.<\/p>\n<div class='share-to-whatsapp-wrapper'><div class='share-on-whsp'>PARTAGER SUR : <\/div><a data-text='PRESIDENCE DE LA BAD - Amadou Hott enregistre le soutien du Gabon' data-link='https:\/\/www.nettali.com\/2025\/02\/19\/presidence-de-la-bad-amadou-hott-enregistre-le-soutient-du-gabon\/' class='whatsapp-button whatsapp-share'>WhatsApp<\/a><div class='clear '><\/div><\/div>","protected":false},"excerpt":{"rendered":"<p>NETTALI.COM - La promotion de la candidature d'Amadou Hott \u00e0 la pr\u00e9sidence de la Banque africaine de d\u00e9veloppement se poursuit. Le pr\u00e9sident de la R\u00e9publique, Bassirou Diomaye Faye, a pris son b\u00e2ton de p\u00e8lerin pour que notre compatriote tr\u00f4ne \u00e0 la t\u00eate de cette institution financi\u00e8re. D\u00e9j\u00e0, le Gabon a accept\u00e9 de soutenir la candidature [&hellip;]<\/p>\n","protected":false},"author":4,"featured_media":149300,"comment_status":"open","ping_status":"open","sticky":false,"template":"","format":"standard","meta":{"_et_pb_use_builder":"","_et_pb_old_content":""},"categories":[2],"tags":[],"yoast_head":"<!-- This site is optimized with the Yoast SEO Premium plugin v17.8 (Yoast SEO v17.8) - https:\/\/yoast.com\/wordpress\/plugins\/seo\/ -->\n<title>PRESIDENCE DE LA BAD - Amadou Hott enregistre le soutien du Gabon | Nettali.com<\/title>\n<meta name=\"robots\" content=\"index, follow, max-snippet:-1, max-image-preview:large, max-video-preview:-1\" \/>\n<link rel=\"canonical\" href=\"https:\/\/www.nettali.com\/2025\/02\/19\/presidence-de-la-bad-amadou-hott-enregistre-le-soutient-du-gabon\/\" \/>\n<meta property=\"og:locale\" content=\"fr_FR\" \/>\n<meta property=\"og:type\" content=\"article\" \/>\n<meta property=\"og:title\" content=\"PRESIDENCE DE LA BAD - Amadou Hott enregistre le soutien du Gabon\" \/>\n<meta property=\"og:description\" content=\"NETTALI.COM - La promotion de la candidature d&#039;Amadou Hott \u00e0 la pr\u00e9sidence de la Banque africaine de d\u00e9veloppement se poursuit. Le pr\u00e9sident de la R\u00e9publique, Bassirou Diomaye Faye, a pris son b\u00e2ton de p\u00e8lerin pour que notre compatriote tr\u00f4ne \u00e0 la t\u00eate de cette institution financi\u00e8re. D\u00e9j\u00e0, le Gabon a accept\u00e9 de soutenir la candidature [&hellip;]\" \/>\n<meta property=\"og:url\" content=\"https:\/\/www.nettali.com\/2025\/02\/19\/presidence-de-la-bad-amadou-hott-enregistre-le-soutient-du-gabon\/\" \/>\n<meta property=\"og:site_name\" content=\"Nettali.com\" \/>\n<meta property=\"article:publisher\" content=\"https:\/\/www.facebook.com\/nettalicom\" \/>\n<meta property=\"article:published_time\" content=\"2025-02-19T15:15:26+00:00\" \/>\n<meta property=\"article:modified_time\" content=\"2025-02-19T13:15:42+00:00\" \/>\n<meta property=\"og:image\" content=\"https:\/\/www.nettali.com\/wp-content\/uploads\/2025\/02\/Capture-de\u0301cran-2025-02-19-a\u0300-13.04.52-e1739970904596.png\" \/>\n\t<meta property=\"og:image:width\" content=\"638\" \/>\n\t<meta property=\"og:image:height\" content=\"521\" \/>\n<meta name=\"twitter:card\" content=\"summary_large_image\" \/>\n<meta name=\"twitter:label1\" content=\"\u00c9crit par\" \/>\n\t<meta name=\"twitter:data1\" content=\"Daouda\" \/>\n\t<meta name=\"twitter:label2\" content=\"Dur\u00e9e de lecture estim\u00e9e\" \/>\n\t<meta name=\"twitter:data2\" content=\"2 minutes\" \/>\n<script type=\"application\/ld+json\" class=\"yoast-schema-graph\">{\"@context\":\"https:\/\/schema.org\",\"@graph\":[{\"@type\":\"WebSite\",\"@id\":\"https:\/\/www.nettali.com\/#website\",\"url\":\"https:\/\/www.nettali.com\/\",\"name\":\"Nettali.com\",\"description\":\"Le rendez-vous critique du Net\",\"potentialAction\":[{\"@type\":\"SearchAction\",\"target\":{\"@type\":\"EntryPoint\",\"urlTemplate\":\"https:\/\/www.nettali.com\/?s={search_term_string}\"},\"query-input\":\"required name=search_term_string\"}],\"inLanguage\":\"fr-FR\"},{\"@type\":\"ImageObject\",\"@id\":\"https:\/\/www.nettali.com\/2025\/02\/19\/presidence-de-la-bad-amadou-hott-enregistre-le-soutient-du-gabon\/#primaryimage\",\"inLanguage\":\"fr-FR\",\"url\":\"https:\/\/www.nettali.com\/wp-content\/uploads\/2025\/02\/Capture-de\\u0301cran-2025-02-19-a\\u0300-13.04.52-e1739970904596.png\",\"contentUrl\":\"https:\/\/www.nettali.com\/wp-content\/uploads\/2025\/02\/Capture-de\\u0301cran-2025-02-19-a\\u0300-13.04.52-e1739970904596.png\",\"width\":638,\"height\":521},{\"@type\":\"WebPage\",\"@id\":\"https:\/\/www.nettali.com\/2025\/02\/19\/presidence-de-la-bad-amadou-hott-enregistre-le-soutient-du-gabon\/#webpage\",\"url\":\"https:\/\/www.nettali.com\/2025\/02\/19\/presidence-de-la-bad-amadou-hott-enregistre-le-soutient-du-gabon\/\",\"name\":\"PRESIDENCE DE LA BAD - Amadou Hott enregistre le soutien du Gabon | Nettali.com\",\"isPartOf\":{\"@id\":\"https:\/\/www.nettali.com\/#website\"},\"primaryImageOfPage\":{\"@id\":\"https:\/\/www.nettali.com\/2025\/02\/19\/presidence-de-la-bad-amadou-hott-enregistre-le-soutient-du-gabon\/#primaryimage\"},\"datePublished\":\"2025-02-19T15:15:26+00:00\",\"dateModified\":\"2025-02-19T13:15:42+00:00\",\"author\":{\"@id\":\"https:\/\/www.nettali.com\/#\/schema\/person\/3317e0bb3aa1da309fbf7b2780901bf4\"},\"breadcrumb\":{\"@id\":\"https:\/\/www.nettali.com\/2025\/02\/19\/presidence-de-la-bad-amadou-hott-enregistre-le-soutient-du-gabon\/#breadcrumb\"},\"inLanguage\":\"fr-FR\",\"potentialAction\":[{\"@type\":\"ReadAction\",\"target\":[\"https:\/\/www.nettali.com\/2025\/02\/19\/presidence-de-la-bad-amadou-hott-enregistre-le-soutient-du-gabon\/\"]}]},{\"@type\":\"BreadcrumbList\",\"@id\":\"https:\/\/www.nettali.com\/2025\/02\/19\/presidence-de-la-bad-amadou-hott-enregistre-le-soutient-du-gabon\/#breadcrumb\",\"itemListElement\":[{\"@type\":\"ListItem\",\"position\":1,\"name\":\"Accueil\",\"item\":\"https:\/\/www.nettali.com\/\"},{\"@type\":\"ListItem\",\"position\":2,\"name\":\"PRESIDENCE DE LA BAD - Amadou Hott enregistre le soutien du Gabon\"}]},{\"@type\":\"Person\",\"@id\":\"https:\/\/www.nettali.com\/#\/schema\/person\/3317e0bb3aa1da309fbf7b2780901bf4\",\"name\":\"Daouda\",\"image\":{\"@type\":\"ImageObject\",\"@id\":\"https:\/\/www.nettali.com\/#personlogo\",\"inLanguage\":\"fr-FR\",\"url\":\"https:\/\/secure.gravatar.com\/avatar\/8d143b5a49345098ddcfee1c49c2f47c?s=96&d=mm&r=g\",\"contentUrl\":\"https:\/\/secure.gravatar.com\/avatar\/8d143b5a49345098ddcfee1c49c2f47c?s=96&d=mm&r=g\",\"caption\":\"Daouda\"},\"sameAs\":[\"https:\/\/www.nettali.com\"]}]}<\/script>\n<!-- \/ Yoast SEO Premium plugin. -->","yoast_head_json":{"title":"PRESIDENCE DE LA BAD - Amadou Hott enregistre le soutien du Gabon | Nettali.com","robots":{"index":"index","follow":"follow","max-snippet":"max-snippet:-1","max-image-preview":"max-image-preview:large","max-video-preview":"max-video-preview:-1"},"canonical":"https:\/\/www.nettali.com\/2025\/02\/19\/presidence-de-la-bad-amadou-hott-enregistre-le-soutient-du-gabon\/","og_locale":"fr_FR","og_type":"article","og_title":"PRESIDENCE DE LA BAD - Amadou Hott enregistre le soutien du Gabon","og_description":"NETTALI.COM - La promotion de la candidature d'Amadou Hott \u00e0 la pr\u00e9sidence de la Banque africaine de d\u00e9veloppement se poursuit. Le pr\u00e9sident de la R\u00e9publique, Bassirou Diomaye Faye, a pris son b\u00e2ton de p\u00e8lerin pour que notre compatriote tr\u00f4ne \u00e0 la t\u00eate de cette institution financi\u00e8re. D\u00e9j\u00e0, le Gabon a accept\u00e9 de soutenir la candidature [&hellip;]","og_url":"https:\/\/www.nettali.com\/2025\/02\/19\/presidence-de-la-bad-amadou-hott-enregistre-le-soutient-du-gabon\/","og_site_name":"Nettali.com","article_publisher":"https:\/\/www.facebook.com\/nettalicom","article_published_time":"2025-02-19T15:15:26+00:00","article_modified_time":"2025-02-19T13:15:42+00:00","og_image":[{"width":638,"height":521,"url":"https:\/\/www.nettali.com\/wp-content\/uploads\/2025\/02\/Capture-de\u0301cran-2025-02-19-a\u0300-13.04.52-e1739970904596.png","type":"image\/png"}],"twitter_card":"summary_large_image","twitter_misc":{"\u00c9crit par":"Daouda","Dur\u00e9e de lecture estim\u00e9e":"2 minutes"},"schema":{"@context":"https:\/\/schema.org","@graph":[{"@type":"WebSite","@id":"https:\/\/www.nettali.com\/#website","url":"https:\/\/www.nettali.com\/","name":"Nettali.com","description":"Le rendez-vous critique du Net","potentialAction":[{"@type":"SearchAction","target":{"@type":"EntryPoint","urlTemplate":"https:\/\/www.nettali.com\/?s={search_term_string}"},"query-input":"required name=search_term_string"}],"inLanguage":"fr-FR"},{"@type":"ImageObject","@id":"https:\/\/www.nettali.com\/2025\/02\/19\/presidence-de-la-bad-amadou-hott-enregistre-le-soutient-du-gabon\/#primaryimage","inLanguage":"fr-FR","url":"https:\/\/www.nettali.com\/wp-content\/uploads\/2025\/02\/Capture-de\u0301cran-2025-02-19-a\u0300-13.04.52-e1739970904596.png","contentUrl":"https:\/\/www.nettali.com\/wp-content\/uploads\/2025\/02\/Capture-de\u0301cran-2025-02-19-a\u0300-13.04.52-e1739970904596.png","width":638,"height":521},{"@type":"WebPage","@id":"https:\/\/www.nettali.com\/2025\/02\/19\/presidence-de-la-bad-amadou-hott-enregistre-le-soutient-du-gabon\/#webpage","url":"https:\/\/www.nettali.com\/2025\/02\/19\/presidence-de-la-bad-amadou-hott-enregistre-le-soutient-du-gabon\/","name":"PRESIDENCE DE LA BAD - Amadou Hott enregistre le soutien du Gabon | Nettali.com","isPartOf":{"@id":"https:\/\/www.nettali.com\/#website"},"primaryImageOfPage":{"@id":"https:\/\/www.nettali.com\/2025\/02\/19\/presidence-de-la-bad-amadou-hott-enregistre-le-soutient-du-gabon\/#primaryimage"},"datePublished":"2025-02-19T15:15:26+00:00","dateModified":"2025-02-19T13:15:42+00:00","author":{"@id":"https:\/\/www.nettali.com\/#\/schema\/person\/3317e0bb3aa1da309fbf7b2780901bf4"},"breadcrumb":{"@id":"https:\/\/www.nettali.com\/2025\/02\/19\/presidence-de-la-bad-amadou-hott-enregistre-le-soutient-du-gabon\/#breadcrumb"},"inLanguage":"fr-FR","potentialAction":[{"@type":"ReadAction","target":["https:\/\/www.nettali.com\/2025\/02\/19\/presidence-de-la-bad-amadou-hott-enregistre-le-soutient-du-gabon\/"]}]},{"@type":"BreadcrumbList","@id":"https:\/\/www.nettali.com\/2025\/02\/19\/presidence-de-la-bad-amadou-hott-enregistre-le-soutient-du-gabon\/#breadcrumb","itemListElement":[{"@type":"ListItem","position":1,"name":"Accueil","item":"https:\/\/www.nettali.com\/"},{"@type":"ListItem","position":2,"name":"PRESIDENCE DE LA BAD - Amadou Hott enregistre le soutien du Gabon"}]},{"@type":"Person","@id":"https:\/\/www.nettali.com\/#\/schema\/person\/3317e0bb3aa1da309fbf7b2780901bf4","name":"Daouda","image":{"@type":"ImageObject","@id":"https:\/\/www.nettali.com\/#personlogo","inLanguage":"fr-FR","url":"https:\/\/secure.gravatar.com\/avatar\/8d143b5a49345098ddcfee1c49c2f47c?s=96&d=mm&r=g","contentUrl":"https:\/\/secure.gravatar.com\/avatar\/8d143b5a49345098ddcfee1c49c2f47c?s=96&d=mm&r=g","caption":"Daouda"},"sameAs":["https:\/\/www.nettali.com"]}]}},"_links":{"self":[{"href":"https:\/\/www.nettali.com\/rest\/wp\/v2\/posts\/149299"}],"collection":[{"href":"https:\/\/www.nettali.com\/rest\/wp\/v2\/posts"}],"about":[{"href":"https:\/\/www.nettali.com\/rest\/wp\/v2\/types\/post"}],"author":[{"embeddable":true,"href":"https:\/\/www.nettali.com\/rest\/wp\/v2\/users\/4"}],"replies":[{"embeddable":true,"href":"https:\/\/www.nettali.com\/rest\/wp\/v2\/comments?post=149299"}],"version-history":[{"count":2,"href":"https:\/\/www.nettali.com\/rest\/wp\/v2\/posts\/149299\/revisions"}],"predecessor-version":[{"id":149302,"href":"https:\/\/www.nettali.com\/rest\/wp\/v2\/posts\/149299\/revisions\/149302"}],"wp:featuredmedia":[{"embeddable":true,"href":"https:\/\/www.nettali.com\/rest\/wp\/v2\/media\/149300"}],"wp:attachment":[{"href":"https:\/\/www.nettali.com\/rest\/wp\/v2\/media?parent=149299"}],"wp:term":[{"taxonomy":"category","embeddable":true,"href":"https:\/\/www.nettali.com\/rest\/wp\/v2\/categories?post=149299"},{"taxonomy":"post_tag","embeddable":true,"href":"https:\/\/www.nettali.com\/rest\/wp\/v2\/tags?post=149299"}],"curies":[{"name":"wp","href":"https:\/\/api.w.org\/{rel}","templated":true}]}}