{"id":149293,"date":"2025-02-19T12:56:34","date_gmt":"2025-02-19T12:56:34","guid":{"rendered":"https:\/\/www.nettali.com\/?p=149293"},"modified":"2025-02-20T06:08:06","modified_gmt":"2025-02-20T06:08:06","slug":"en-coulisses-pourquoi-les-5-partisans-de-farba-ngom-arretes-jeudi-dernier-ont-ete-relaxes","status":"publish","type":"post","link":"https:\/\/www.nettali.com\/2025\/02\/19\/en-coulisses-pourquoi-les-5-partisans-de-farba-ngom-arretes-jeudi-dernier-ont-ete-relaxes\/","title":{"rendered":"EN COULISSES - Les 5 partisans de Farba Ngom, arr\u00eat\u00e9s jeudi dernier, ont \u00e9t\u00e9 relax\u00e9s"},"content":{"rendered":"<p dir=\"ltr\"><strong>NETTALI.COM - Les cinq partisans du d\u00e9put\u00e9 Farba Ngom arr\u00eat\u00e9s jeudi dernier, aux alentours de l\u2019universit\u00e9 Cheikh Anta Diop de Dakar (Ucad) lors de son audition, ont \u00e9t\u00e9 relax\u00e9s ce mardi 18 f\u00e9vrier par le Tribunal des flagrants d\u00e9lits de Dakar, devant lequel ils ont comparu pour rassemblement non autoris\u00e9.<\/strong><\/p>\n<p dir=\"ltr\">Les avocats Alassane Ciss\u00e9 et Abdou Djaly Kane qui assuraient leur d\u00e9fense\u00a0 ont eu gain de cause en obtenant leur relaxe pure et simple. Les cinq pr\u00e9venus ont finalement \u00e9t\u00e9 relax\u00e9s et sont sortis libres du tribunal des flagrants d\u00e9lits de Dakar.<\/p>\n<p dir=\"ltr\">Le pr\u00e9sident du tribunal n\u2019a pas suivi la repr\u00e9sentante du minist\u00e8re public, qui avait demand\u00e9 \"<em>l\u2019application de la loi<\/em>\" \u00e0 l\u2019encontre des pr\u00e9venus \u00e0 qui elle a reproch\u00e9 d\u2019avoir jet\u00e9 des pierres aux forces de d\u00e9fense et de s\u00e9curit\u00e9, et d\u2019avoir caillass\u00e9 des v\u00e9hicules, le jour des faits.<\/p>\n<p dir=\"ltr\">Pour rappel, les pr\u00e9venus avaient \u00e9t\u00e9 arr\u00eat\u00e9s le 13 f\u00e9vrier dernier, dans les alentours des locaux du Pool judiciaire financier (PJF), alors qu\u2019ils manifestaient leur soutien au d\u00e9put\u00e9.<\/p>\n<p dir=\"ltr\">Les pr\u00e9venus sont entre autres : Dahirou Diallo, Yagouba Ka, Seydou Thioye, Hamdiatou Ba et Sa\u00efkou Demba Gaye. Ils travaillent comme videurs dans une bo\u00eete de nuit ou agents de s\u00e9curit\u00e9 au Centre des \u0152uvres Universitaires de Dakar (Coud) et au Port autonome de Dakar (Pad).<\/p>\n<div class='share-to-whatsapp-wrapper'><div class='share-on-whsp'>PARTAGER SUR : <\/div><a data-text='EN COULISSES - Les 5 partisans de Farba Ngom, arr\u00eat\u00e9s jeudi dernier, ont \u00e9t\u00e9 relax\u00e9s' data-link='https:\/\/www.nettali.com\/2025\/02\/19\/en-coulisses-pourquoi-les-5-partisans-de-farba-ngom-arretes-jeudi-dernier-ont-ete-relaxes\/' class='whatsapp-button whatsapp-share'>WhatsApp<\/a><div class='clear '><\/div><\/div>","protected":false},"excerpt":{"rendered":"<p>NETTALI.COM - Les cinq partisans du d\u00e9put\u00e9 Farba Ngom arr\u00eat\u00e9s jeudi dernier, aux alentours de l\u2019universit\u00e9 Cheikh Anta Diop de Dakar (Ucad) lors de son audition, ont \u00e9t\u00e9 relax\u00e9s ce mardi 18 f\u00e9vrier par le Tribunal des flagrants d\u00e9lits de Dakar, devant lequel ils ont comparu pour rassemblement non autoris\u00e9. Les avocats Alassane Ciss\u00e9 et [&hellip;]<\/p>\n","protected":false},"author":5,"featured_media":149294,"comment_status":"open","ping_status":"open","sticky":false,"template":"","format":"standard","meta":{"_et_pb_use_builder":"","_et_pb_old_content":""},"categories":[3],"tags":[],"yoast_head":"<!-- This site is optimized with the Yoast SEO Premium plugin v17.8 (Yoast SEO v17.8) - https:\/\/yoast.com\/wordpress\/plugins\/seo\/ -->\n<title>EN COULISSES - Les 5 partisans de Farba Ngom, arr\u00eat\u00e9s jeudi dernier, ont \u00e9t\u00e9 relax\u00e9s | Nettali.com<\/title>\n<meta name=\"robots\" content=\"index, follow, max-snippet:-1, max-image-preview:large, max-video-preview:-1\" \/>\n<link rel=\"canonical\" href=\"https:\/\/www.nettali.com\/2025\/02\/19\/en-coulisses-pourquoi-les-5-partisans-de-farba-ngom-arretes-jeudi-dernier-ont-ete-relaxes\/\" \/>\n<meta property=\"og:locale\" content=\"fr_FR\" \/>\n<meta property=\"og:type\" content=\"article\" \/>\n<meta property=\"og:title\" content=\"EN COULISSES - Les 5 partisans de Farba Ngom, arr\u00eat\u00e9s jeudi dernier, ont \u00e9t\u00e9 relax\u00e9s\" \/>\n<meta property=\"og:description\" content=\"NETTALI.COM - Les cinq partisans du d\u00e9put\u00e9 Farba Ngom arr\u00eat\u00e9s jeudi dernier, aux alentours de l\u2019universit\u00e9 Cheikh Anta Diop de Dakar (Ucad) lors de son audition, ont \u00e9t\u00e9 relax\u00e9s ce mardi 18 f\u00e9vrier par le Tribunal des flagrants d\u00e9lits de Dakar, devant lequel ils ont comparu pour rassemblement non autoris\u00e9. Les avocats Alassane Ciss\u00e9 et [&hellip;]\" \/>\n<meta property=\"og:url\" content=\"https:\/\/www.nettali.com\/2025\/02\/19\/en-coulisses-pourquoi-les-5-partisans-de-farba-ngom-arretes-jeudi-dernier-ont-ete-relaxes\/\" \/>\n<meta property=\"og:site_name\" content=\"Nettali.com\" \/>\n<meta property=\"article:publisher\" content=\"https:\/\/www.facebook.com\/nettalicom\" \/>\n<meta property=\"article:published_time\" content=\"2025-02-19T12:56:34+00:00\" \/>\n<meta property=\"article:modified_time\" content=\"2025-02-20T06:08:06+00:00\" \/>\n<meta property=\"og:image\" content=\"https:\/\/www.nettali.com\/wp-content\/uploads\/2025\/02\/farba-1024x632-1.png\" \/>\n\t<meta property=\"og:image:width\" content=\"1024\" \/>\n\t<meta property=\"og:image:height\" content=\"632\" \/>\n<meta name=\"twitter:card\" content=\"summary_large_image\" \/>\n<meta name=\"twitter:label1\" content=\"\u00c9crit par\" \/>\n\t<meta name=\"twitter:data1\" content=\"Ibrahima\" \/>\n\t<meta name=\"twitter:label2\" content=\"Dur\u00e9e de lecture estim\u00e9e\" \/>\n\t<meta name=\"twitter:data2\" content=\"2 minutes\" \/>\n<script type=\"application\/ld+json\" class=\"yoast-schema-graph\">{\"@context\":\"https:\/\/schema.org\",\"@graph\":[{\"@type\":\"WebSite\",\"@id\":\"https:\/\/www.nettali.com\/#website\",\"url\":\"https:\/\/www.nettali.com\/\",\"name\":\"Nettali.com\",\"description\":\"Le rendez-vous critique du Net\",\"potentialAction\":[{\"@type\":\"SearchAction\",\"target\":{\"@type\":\"EntryPoint\",\"urlTemplate\":\"https:\/\/www.nettali.com\/?s={search_term_string}\"},\"query-input\":\"required name=search_term_string\"}],\"inLanguage\":\"fr-FR\"},{\"@type\":\"ImageObject\",\"@id\":\"https:\/\/www.nettali.com\/2025\/02\/19\/en-coulisses-pourquoi-les-5-partisans-de-farba-ngom-arretes-jeudi-dernier-ont-ete-relaxes\/#primaryimage\",\"inLanguage\":\"fr-FR\",\"url\":\"https:\/\/www.nettali.com\/wp-content\/uploads\/2025\/02\/farba-1024x632-1.png\",\"contentUrl\":\"https:\/\/www.nettali.com\/wp-content\/uploads\/2025\/02\/farba-1024x632-1.png\",\"width\":1024,\"height\":632},{\"@type\":\"WebPage\",\"@id\":\"https:\/\/www.nettali.com\/2025\/02\/19\/en-coulisses-pourquoi-les-5-partisans-de-farba-ngom-arretes-jeudi-dernier-ont-ete-relaxes\/#webpage\",\"url\":\"https:\/\/www.nettali.com\/2025\/02\/19\/en-coulisses-pourquoi-les-5-partisans-de-farba-ngom-arretes-jeudi-dernier-ont-ete-relaxes\/\",\"name\":\"EN COULISSES - Les 5 partisans de Farba Ngom, arr\\u00eat\\u00e9s jeudi dernier, ont \\u00e9t\\u00e9 relax\\u00e9s | Nettali.com\",\"isPartOf\":{\"@id\":\"https:\/\/www.nettali.com\/#website\"},\"primaryImageOfPage\":{\"@id\":\"https:\/\/www.nettali.com\/2025\/02\/19\/en-coulisses-pourquoi-les-5-partisans-de-farba-ngom-arretes-jeudi-dernier-ont-ete-relaxes\/#primaryimage\"},\"datePublished\":\"2025-02-19T12:56:34+00:00\",\"dateModified\":\"2025-02-20T06:08:06+00:00\",\"author\":{\"@id\":\"https:\/\/www.nettali.com\/#\/schema\/person\/bb147657c2986240405a608162b9bb23\"},\"breadcrumb\":{\"@id\":\"https:\/\/www.nettali.com\/2025\/02\/19\/en-coulisses-pourquoi-les-5-partisans-de-farba-ngom-arretes-jeudi-dernier-ont-ete-relaxes\/#breadcrumb\"},\"inLanguage\":\"fr-FR\",\"potentialAction\":[{\"@type\":\"ReadAction\",\"target\":[\"https:\/\/www.nettali.com\/2025\/02\/19\/en-coulisses-pourquoi-les-5-partisans-de-farba-ngom-arretes-jeudi-dernier-ont-ete-relaxes\/\"]}]},{\"@type\":\"BreadcrumbList\",\"@id\":\"https:\/\/www.nettali.com\/2025\/02\/19\/en-coulisses-pourquoi-les-5-partisans-de-farba-ngom-arretes-jeudi-dernier-ont-ete-relaxes\/#breadcrumb\",\"itemListElement\":[{\"@type\":\"ListItem\",\"position\":1,\"name\":\"Accueil\",\"item\":\"https:\/\/www.nettali.com\/\"},{\"@type\":\"ListItem\",\"position\":2,\"name\":\"EN COULISSES - Les 5 partisans de Farba Ngom, arr\\u00eat\\u00e9s jeudi dernier, ont \\u00e9t\\u00e9 relax\\u00e9s\"}]},{\"@type\":\"Person\",\"@id\":\"https:\/\/www.nettali.com\/#\/schema\/person\/bb147657c2986240405a608162b9bb23\",\"name\":\"Ibrahima\",\"image\":{\"@type\":\"ImageObject\",\"@id\":\"https:\/\/www.nettali.com\/#personlogo\",\"inLanguage\":\"fr-FR\",\"url\":\"https:\/\/secure.gravatar.com\/avatar\/26a8a81f09f0dd7624c9d5c36c9ba3a2?s=96&d=mm&r=g\",\"contentUrl\":\"https:\/\/secure.gravatar.com\/avatar\/26a8a81f09f0dd7624c9d5c36c9ba3a2?s=96&d=mm&r=g\",\"caption\":\"Ibrahima\"},\"sameAs\":[\"https:\/\/www.nettali.com\"]}]}<\/script>\n<!-- \/ Yoast SEO Premium plugin. -->","yoast_head_json":{"title":"EN COULISSES - Les 5 partisans de Farba Ngom, arr\u00eat\u00e9s jeudi dernier, ont \u00e9t\u00e9 relax\u00e9s | Nettali.com","robots":{"index":"index","follow":"follow","max-snippet":"max-snippet:-1","max-image-preview":"max-image-preview:large","max-video-preview":"max-video-preview:-1"},"canonical":"https:\/\/www.nettali.com\/2025\/02\/19\/en-coulisses-pourquoi-les-5-partisans-de-farba-ngom-arretes-jeudi-dernier-ont-ete-relaxes\/","og_locale":"fr_FR","og_type":"article","og_title":"EN COULISSES - Les 5 partisans de Farba Ngom, arr\u00eat\u00e9s jeudi dernier, ont \u00e9t\u00e9 relax\u00e9s","og_description":"NETTALI.COM - Les cinq partisans du d\u00e9put\u00e9 Farba Ngom arr\u00eat\u00e9s jeudi dernier, aux alentours de l\u2019universit\u00e9 Cheikh Anta Diop de Dakar (Ucad) lors de son audition, ont \u00e9t\u00e9 relax\u00e9s ce mardi 18 f\u00e9vrier par le Tribunal des flagrants d\u00e9lits de Dakar, devant lequel ils ont comparu pour rassemblement non autoris\u00e9. Les avocats Alassane Ciss\u00e9 et [&hellip;]","og_url":"https:\/\/www.nettali.com\/2025\/02\/19\/en-coulisses-pourquoi-les-5-partisans-de-farba-ngom-arretes-jeudi-dernier-ont-ete-relaxes\/","og_site_name":"Nettali.com","article_publisher":"https:\/\/www.facebook.com\/nettalicom","article_published_time":"2025-02-19T12:56:34+00:00","article_modified_time":"2025-02-20T06:08:06+00:00","og_image":[{"width":1024,"height":632,"url":"https:\/\/www.nettali.com\/wp-content\/uploads\/2025\/02\/farba-1024x632-1.png","type":"image\/png"}],"twitter_card":"summary_large_image","twitter_misc":{"\u00c9crit par":"Ibrahima","Dur\u00e9e de lecture estim\u00e9e":"2 minutes"},"schema":{"@context":"https:\/\/schema.org","@graph":[{"@type":"WebSite","@id":"https:\/\/www.nettali.com\/#website","url":"https:\/\/www.nettali.com\/","name":"Nettali.com","description":"Le rendez-vous critique du Net","potentialAction":[{"@type":"SearchAction","target":{"@type":"EntryPoint","urlTemplate":"https:\/\/www.nettali.com\/?s={search_term_string}"},"query-input":"required name=search_term_string"}],"inLanguage":"fr-FR"},{"@type":"ImageObject","@id":"https:\/\/www.nettali.com\/2025\/02\/19\/en-coulisses-pourquoi-les-5-partisans-de-farba-ngom-arretes-jeudi-dernier-ont-ete-relaxes\/#primaryimage","inLanguage":"fr-FR","url":"https:\/\/www.nettali.com\/wp-content\/uploads\/2025\/02\/farba-1024x632-1.png","contentUrl":"https:\/\/www.nettali.com\/wp-content\/uploads\/2025\/02\/farba-1024x632-1.png","width":1024,"height":632},{"@type":"WebPage","@id":"https:\/\/www.nettali.com\/2025\/02\/19\/en-coulisses-pourquoi-les-5-partisans-de-farba-ngom-arretes-jeudi-dernier-ont-ete-relaxes\/#webpage","url":"https:\/\/www.nettali.com\/2025\/02\/19\/en-coulisses-pourquoi-les-5-partisans-de-farba-ngom-arretes-jeudi-dernier-ont-ete-relaxes\/","name":"EN COULISSES - Les 5 partisans de Farba Ngom, arr\u00eat\u00e9s jeudi dernier, ont \u00e9t\u00e9 relax\u00e9s | Nettali.com","isPartOf":{"@id":"https:\/\/www.nettali.com\/#website"},"primaryImageOfPage":{"@id":"https:\/\/www.nettali.com\/2025\/02\/19\/en-coulisses-pourquoi-les-5-partisans-de-farba-ngom-arretes-jeudi-dernier-ont-ete-relaxes\/#primaryimage"},"datePublished":"2025-02-19T12:56:34+00:00","dateModified":"2025-02-20T06:08:06+00:00","author":{"@id":"https:\/\/www.nettali.com\/#\/schema\/person\/bb147657c2986240405a608162b9bb23"},"breadcrumb":{"@id":"https:\/\/www.nettali.com\/2025\/02\/19\/en-coulisses-pourquoi-les-5-partisans-de-farba-ngom-arretes-jeudi-dernier-ont-ete-relaxes\/#breadcrumb"},"inLanguage":"fr-FR","potentialAction":[{"@type":"ReadAction","target":["https:\/\/www.nettali.com\/2025\/02\/19\/en-coulisses-pourquoi-les-5-partisans-de-farba-ngom-arretes-jeudi-dernier-ont-ete-relaxes\/"]}]},{"@type":"BreadcrumbList","@id":"https:\/\/www.nettali.com\/2025\/02\/19\/en-coulisses-pourquoi-les-5-partisans-de-farba-ngom-arretes-jeudi-dernier-ont-ete-relaxes\/#breadcrumb","itemListElement":[{"@type":"ListItem","position":1,"name":"Accueil","item":"https:\/\/www.nettali.com\/"},{"@type":"ListItem","position":2,"name":"EN COULISSES - Les 5 partisans de Farba Ngom, arr\u00eat\u00e9s jeudi dernier, ont \u00e9t\u00e9 relax\u00e9s"}]},{"@type":"Person","@id":"https:\/\/www.nettali.com\/#\/schema\/person\/bb147657c2986240405a608162b9bb23","name":"Ibrahima","image":{"@type":"ImageObject","@id":"https:\/\/www.nettali.com\/#personlogo","inLanguage":"fr-FR","url":"https:\/\/secure.gravatar.com\/avatar\/26a8a81f09f0dd7624c9d5c36c9ba3a2?s=96&d=mm&r=g","contentUrl":"https:\/\/secure.gravatar.com\/avatar\/26a8a81f09f0dd7624c9d5c36c9ba3a2?s=96&d=mm&r=g","caption":"Ibrahima"},"sameAs":["https:\/\/www.nettali.com"]}]}},"_links":{"self":[{"href":"https:\/\/www.nettali.com\/rest\/wp\/v2\/posts\/149293"}],"collection":[{"href":"https:\/\/www.nettali.com\/rest\/wp\/v2\/posts"}],"about":[{"href":"https:\/\/www.nettali.com\/rest\/wp\/v2\/types\/post"}],"author":[{"embeddable":true,"href":"https:\/\/www.nettali.com\/rest\/wp\/v2\/users\/5"}],"replies":[{"embeddable":true,"href":"https:\/\/www.nettali.com\/rest\/wp\/v2\/comments?post=149293"}],"version-history":[{"count":4,"href":"https:\/\/www.nettali.com\/rest\/wp\/v2\/posts\/149293\/revisions"}],"predecessor-version":[{"id":149346,"href":"https:\/\/www.nettali.com\/rest\/wp\/v2\/posts\/149293\/revisions\/149346"}],"wp:featuredmedia":[{"embeddable":true,"href":"https:\/\/www.nettali.com\/rest\/wp\/v2\/media\/149294"}],"wp:attachment":[{"href":"https:\/\/www.nettali.com\/rest\/wp\/v2\/media?parent=149293"}],"wp:term":[{"taxonomy":"category","embeddable":true,"href":"https:\/\/www.nettali.com\/rest\/wp\/v2\/categories?post=149293"},{"taxonomy":"post_tag","embeddable":true,"href":"https:\/\/www.nettali.com\/rest\/wp\/v2\/tags?post=149293"}],"curies":[{"name":"wp","href":"https:\/\/api.w.org\/{rel}","templated":true}]}}