{"id":149245,"date":"2025-02-18T18:15:26","date_gmt":"2025-02-18T18:15:26","guid":{"rendered":"https:\/\/www.nettali.com\/?p=149245"},"modified":"2025-02-19T01:34:31","modified_gmt":"2025-02-19T01:34:31","slug":"questions-dactualite-sonko-a-lassemblee-le-vendredi-21-fevrier","status":"publish","type":"post","link":"https:\/\/www.nettali.com\/2025\/02\/18\/questions-dactualite-sonko-a-lassemblee-le-vendredi-21-fevrier\/","title":{"rendered":"QUESTIONS D\u2019ACTUALIT\u00c9 - Sonko \u00e0 l\u2019Assembl\u00e9e le vendredi 21 f\u00e9vrier"},"content":{"rendered":"<p><strong>NETTALI.COM-\u00a0 Le Premier ministre retourne\u00a0 \u00e0 l\u2019Assembl\u00e9e nationale le vendredi 21 f\u00e9vrier 2925. Ousmane Sonko est attendu par les d\u00e9put\u00e9s sur des questions d\u2019actualit\u00e9.\u00a0\u00a0<\/strong><\/p>\n<p>Le Premier ministre et son gouvernement seront devant les d\u00e9put\u00e9s, vendredi, pour r\u00e9pondre aux questions d\u2019actualit\u00e9, a annonc\u00e9 le Bureau d\u2019Information et de Communication du Gouvernement du S\u00e9n\u00e9gal (BIC-GOUV).<\/p>\n<p>La s\u00e9ance est pr\u00e9vue \u00e0 partir de 9h.<\/p>\n<p>La loi d\u2019amnistie dont l\u2019abrogation est demand\u00e9e par le d\u00e9put\u00e9 Thierno Alassane Sall sera certainement au coeur des d\u00e9bats.<\/p>\n<p>Pour rappel, le leader de Pastef n'a pas remis les pieds \u00e0 l'h\u00e9micycle depuis sa D\u00e9claration de politique g\u00e9n\u00e9rale.<\/p>\n<p>&nbsp;<\/p>\n<p>&nbsp;<\/p>\n<p>&nbsp;<\/p>\n<div class='share-to-whatsapp-wrapper'><div class='share-on-whsp'>PARTAGER SUR : <\/div><a data-text='QUESTIONS D\u2019ACTUALIT\u00c9 - Sonko \u00e0 l\u2019Assembl\u00e9e le vendredi 21 f\u00e9vrier' data-link='https:\/\/www.nettali.com\/2025\/02\/18\/questions-dactualite-sonko-a-lassemblee-le-vendredi-21-fevrier\/' class='whatsapp-button whatsapp-share'>WhatsApp<\/a><div class='clear '><\/div><\/div>","protected":false},"excerpt":{"rendered":"<p>NETTALI.COM-\u00a0 Le Premier ministre retourne\u00a0 \u00e0 l\u2019Assembl\u00e9e nationale le vendredi 21 f\u00e9vrier 2925. Ousmane Sonko est attendu par les d\u00e9put\u00e9s sur des questions d\u2019actualit\u00e9.\u00a0\u00a0 Le Premier ministre et son gouvernement seront devant les d\u00e9put\u00e9s, vendredi, pour r\u00e9pondre aux questions d\u2019actualit\u00e9, a annonc\u00e9 le Bureau d\u2019Information et de Communication du Gouvernement du S\u00e9n\u00e9gal (BIC-GOUV). La s\u00e9ance [&hellip;]<\/p>\n","protected":false},"author":6,"featured_media":146101,"comment_status":"open","ping_status":"open","sticky":false,"template":"","format":"standard","meta":{"_et_pb_use_builder":"","_et_pb_old_content":""},"categories":[2],"tags":[],"yoast_head":"<!-- This site is optimized with the Yoast SEO Premium plugin v17.8 (Yoast SEO v17.8) - https:\/\/yoast.com\/wordpress\/plugins\/seo\/ -->\n<title>QUESTIONS D\u2019ACTUALIT\u00c9 - Sonko \u00e0 l\u2019Assembl\u00e9e le vendredi 21 f\u00e9vrier | Nettali.com<\/title>\n<meta name=\"robots\" content=\"index, follow, max-snippet:-1, max-image-preview:large, max-video-preview:-1\" \/>\n<link rel=\"canonical\" href=\"https:\/\/www.nettali.com\/2025\/02\/18\/questions-dactualite-sonko-a-lassemblee-le-vendredi-21-fevrier\/\" \/>\n<meta property=\"og:locale\" content=\"fr_FR\" \/>\n<meta property=\"og:type\" content=\"article\" \/>\n<meta property=\"og:title\" content=\"QUESTIONS D\u2019ACTUALIT\u00c9 - Sonko \u00e0 l\u2019Assembl\u00e9e le vendredi 21 f\u00e9vrier\" \/>\n<meta property=\"og:description\" content=\"NETTALI.COM-\u00a0 Le Premier ministre retourne\u00a0 \u00e0 l\u2019Assembl\u00e9e nationale le vendredi 21 f\u00e9vrier 2925. Ousmane Sonko est attendu par les d\u00e9put\u00e9s sur des questions d\u2019actualit\u00e9.\u00a0\u00a0 Le Premier ministre et son gouvernement seront devant les d\u00e9put\u00e9s, vendredi, pour r\u00e9pondre aux questions d\u2019actualit\u00e9, a annonc\u00e9 le Bureau d\u2019Information et de Communication du Gouvernement du S\u00e9n\u00e9gal (BIC-GOUV). La s\u00e9ance [&hellip;]\" \/>\n<meta property=\"og:url\" content=\"https:\/\/www.nettali.com\/2025\/02\/18\/questions-dactualite-sonko-a-lassemblee-le-vendredi-21-fevrier\/\" \/>\n<meta property=\"og:site_name\" content=\"Nettali.com\" \/>\n<meta property=\"article:publisher\" content=\"https:\/\/www.facebook.com\/nettalicom\" \/>\n<meta property=\"article:published_time\" content=\"2025-02-18T18:15:26+00:00\" \/>\n<meta property=\"article:modified_time\" content=\"2025-02-19T01:34:31+00:00\" \/>\n<meta property=\"og:image\" content=\"https:\/\/www.nettali.com\/wp-content\/uploads\/2024\/12\/ousmane-sonko-4.jpg\" \/>\n\t<meta property=\"og:image:width\" content=\"972\" \/>\n\t<meta property=\"og:image:height\" content=\"644\" \/>\n<meta name=\"twitter:card\" content=\"summary_large_image\" \/>\n<meta name=\"twitter:label1\" content=\"\u00c9crit par\" \/>\n\t<meta name=\"twitter:data1\" content=\"Fatou\" \/>\n\t<meta name=\"twitter:label2\" content=\"Dur\u00e9e de lecture estim\u00e9e\" \/>\n\t<meta name=\"twitter:data2\" content=\"1 minute\" \/>\n<script type=\"application\/ld+json\" class=\"yoast-schema-graph\">{\"@context\":\"https:\/\/schema.org\",\"@graph\":[{\"@type\":\"WebSite\",\"@id\":\"https:\/\/www.nettali.com\/#website\",\"url\":\"https:\/\/www.nettali.com\/\",\"name\":\"Nettali.com\",\"description\":\"Le rendez-vous critique du Net\",\"potentialAction\":[{\"@type\":\"SearchAction\",\"target\":{\"@type\":\"EntryPoint\",\"urlTemplate\":\"https:\/\/www.nettali.com\/?s={search_term_string}\"},\"query-input\":\"required name=search_term_string\"}],\"inLanguage\":\"fr-FR\"},{\"@type\":\"ImageObject\",\"@id\":\"https:\/\/www.nettali.com\/2025\/02\/18\/questions-dactualite-sonko-a-lassemblee-le-vendredi-21-fevrier\/#primaryimage\",\"inLanguage\":\"fr-FR\",\"url\":\"https:\/\/www.nettali.com\/wp-content\/uploads\/2024\/12\/ousmane-sonko-4.jpg\",\"contentUrl\":\"https:\/\/www.nettali.com\/wp-content\/uploads\/2024\/12\/ousmane-sonko-4.jpg\",\"width\":972,\"height\":644},{\"@type\":\"WebPage\",\"@id\":\"https:\/\/www.nettali.com\/2025\/02\/18\/questions-dactualite-sonko-a-lassemblee-le-vendredi-21-fevrier\/#webpage\",\"url\":\"https:\/\/www.nettali.com\/2025\/02\/18\/questions-dactualite-sonko-a-lassemblee-le-vendredi-21-fevrier\/\",\"name\":\"QUESTIONS D\\u2019ACTUALIT\\u00c9 - Sonko \\u00e0 l\\u2019Assembl\\u00e9e le vendredi 21 f\\u00e9vrier | Nettali.com\",\"isPartOf\":{\"@id\":\"https:\/\/www.nettali.com\/#website\"},\"primaryImageOfPage\":{\"@id\":\"https:\/\/www.nettali.com\/2025\/02\/18\/questions-dactualite-sonko-a-lassemblee-le-vendredi-21-fevrier\/#primaryimage\"},\"datePublished\":\"2025-02-18T18:15:26+00:00\",\"dateModified\":\"2025-02-19T01:34:31+00:00\",\"author\":{\"@id\":\"https:\/\/www.nettali.com\/#\/schema\/person\/418274a86bdf87caff7a3ef476bd0bbf\"},\"breadcrumb\":{\"@id\":\"https:\/\/www.nettali.com\/2025\/02\/18\/questions-dactualite-sonko-a-lassemblee-le-vendredi-21-fevrier\/#breadcrumb\"},\"inLanguage\":\"fr-FR\",\"potentialAction\":[{\"@type\":\"ReadAction\",\"target\":[\"https:\/\/www.nettali.com\/2025\/02\/18\/questions-dactualite-sonko-a-lassemblee-le-vendredi-21-fevrier\/\"]}]},{\"@type\":\"BreadcrumbList\",\"@id\":\"https:\/\/www.nettali.com\/2025\/02\/18\/questions-dactualite-sonko-a-lassemblee-le-vendredi-21-fevrier\/#breadcrumb\",\"itemListElement\":[{\"@type\":\"ListItem\",\"position\":1,\"name\":\"Accueil\",\"item\":\"https:\/\/www.nettali.com\/\"},{\"@type\":\"ListItem\",\"position\":2,\"name\":\"QUESTIONS D\\u2019ACTUALIT\\u00c9 - Sonko \\u00e0 l\\u2019Assembl\\u00e9e le vendredi 21 f\\u00e9vrier\"}]},{\"@type\":\"Person\",\"@id\":\"https:\/\/www.nettali.com\/#\/schema\/person\/418274a86bdf87caff7a3ef476bd0bbf\",\"name\":\"Fatou\",\"image\":{\"@type\":\"ImageObject\",\"@id\":\"https:\/\/www.nettali.com\/#personlogo\",\"inLanguage\":\"fr-FR\",\"url\":\"https:\/\/secure.gravatar.com\/avatar\/5a9442a2bee7b4dcf167cab035858e9a?s=96&d=mm&r=g\",\"contentUrl\":\"https:\/\/secure.gravatar.com\/avatar\/5a9442a2bee7b4dcf167cab035858e9a?s=96&d=mm&r=g\",\"caption\":\"Fatou\"},\"sameAs\":[\"https:\/\/www.nettali.com\"]}]}<\/script>\n<!-- \/ Yoast SEO Premium plugin. -->","yoast_head_json":{"title":"QUESTIONS D\u2019ACTUALIT\u00c9 - Sonko \u00e0 l\u2019Assembl\u00e9e le vendredi 21 f\u00e9vrier | Nettali.com","robots":{"index":"index","follow":"follow","max-snippet":"max-snippet:-1","max-image-preview":"max-image-preview:large","max-video-preview":"max-video-preview:-1"},"canonical":"https:\/\/www.nettali.com\/2025\/02\/18\/questions-dactualite-sonko-a-lassemblee-le-vendredi-21-fevrier\/","og_locale":"fr_FR","og_type":"article","og_title":"QUESTIONS D\u2019ACTUALIT\u00c9 - Sonko \u00e0 l\u2019Assembl\u00e9e le vendredi 21 f\u00e9vrier","og_description":"NETTALI.COM-\u00a0 Le Premier ministre retourne\u00a0 \u00e0 l\u2019Assembl\u00e9e nationale le vendredi 21 f\u00e9vrier 2925. Ousmane Sonko est attendu par les d\u00e9put\u00e9s sur des questions d\u2019actualit\u00e9.\u00a0\u00a0 Le Premier ministre et son gouvernement seront devant les d\u00e9put\u00e9s, vendredi, pour r\u00e9pondre aux questions d\u2019actualit\u00e9, a annonc\u00e9 le Bureau d\u2019Information et de Communication du Gouvernement du S\u00e9n\u00e9gal (BIC-GOUV). La s\u00e9ance [&hellip;]","og_url":"https:\/\/www.nettali.com\/2025\/02\/18\/questions-dactualite-sonko-a-lassemblee-le-vendredi-21-fevrier\/","og_site_name":"Nettali.com","article_publisher":"https:\/\/www.facebook.com\/nettalicom","article_published_time":"2025-02-18T18:15:26+00:00","article_modified_time":"2025-02-19T01:34:31+00:00","og_image":[{"width":972,"height":644,"url":"https:\/\/www.nettali.com\/wp-content\/uploads\/2024\/12\/ousmane-sonko-4.jpg","type":"image\/jpeg"}],"twitter_card":"summary_large_image","twitter_misc":{"\u00c9crit par":"Fatou","Dur\u00e9e de lecture estim\u00e9e":"1 minute"},"schema":{"@context":"https:\/\/schema.org","@graph":[{"@type":"WebSite","@id":"https:\/\/www.nettali.com\/#website","url":"https:\/\/www.nettali.com\/","name":"Nettali.com","description":"Le rendez-vous critique du Net","potentialAction":[{"@type":"SearchAction","target":{"@type":"EntryPoint","urlTemplate":"https:\/\/www.nettali.com\/?s={search_term_string}"},"query-input":"required name=search_term_string"}],"inLanguage":"fr-FR"},{"@type":"ImageObject","@id":"https:\/\/www.nettali.com\/2025\/02\/18\/questions-dactualite-sonko-a-lassemblee-le-vendredi-21-fevrier\/#primaryimage","inLanguage":"fr-FR","url":"https:\/\/www.nettali.com\/wp-content\/uploads\/2024\/12\/ousmane-sonko-4.jpg","contentUrl":"https:\/\/www.nettali.com\/wp-content\/uploads\/2024\/12\/ousmane-sonko-4.jpg","width":972,"height":644},{"@type":"WebPage","@id":"https:\/\/www.nettali.com\/2025\/02\/18\/questions-dactualite-sonko-a-lassemblee-le-vendredi-21-fevrier\/#webpage","url":"https:\/\/www.nettali.com\/2025\/02\/18\/questions-dactualite-sonko-a-lassemblee-le-vendredi-21-fevrier\/","name":"QUESTIONS D\u2019ACTUALIT\u00c9 - Sonko \u00e0 l\u2019Assembl\u00e9e le vendredi 21 f\u00e9vrier | Nettali.com","isPartOf":{"@id":"https:\/\/www.nettali.com\/#website"},"primaryImageOfPage":{"@id":"https:\/\/www.nettali.com\/2025\/02\/18\/questions-dactualite-sonko-a-lassemblee-le-vendredi-21-fevrier\/#primaryimage"},"datePublished":"2025-02-18T18:15:26+00:00","dateModified":"2025-02-19T01:34:31+00:00","author":{"@id":"https:\/\/www.nettali.com\/#\/schema\/person\/418274a86bdf87caff7a3ef476bd0bbf"},"breadcrumb":{"@id":"https:\/\/www.nettali.com\/2025\/02\/18\/questions-dactualite-sonko-a-lassemblee-le-vendredi-21-fevrier\/#breadcrumb"},"inLanguage":"fr-FR","potentialAction":[{"@type":"ReadAction","target":["https:\/\/www.nettali.com\/2025\/02\/18\/questions-dactualite-sonko-a-lassemblee-le-vendredi-21-fevrier\/"]}]},{"@type":"BreadcrumbList","@id":"https:\/\/www.nettali.com\/2025\/02\/18\/questions-dactualite-sonko-a-lassemblee-le-vendredi-21-fevrier\/#breadcrumb","itemListElement":[{"@type":"ListItem","position":1,"name":"Accueil","item":"https:\/\/www.nettali.com\/"},{"@type":"ListItem","position":2,"name":"QUESTIONS D\u2019ACTUALIT\u00c9 - Sonko \u00e0 l\u2019Assembl\u00e9e le vendredi 21 f\u00e9vrier"}]},{"@type":"Person","@id":"https:\/\/www.nettali.com\/#\/schema\/person\/418274a86bdf87caff7a3ef476bd0bbf","name":"Fatou","image":{"@type":"ImageObject","@id":"https:\/\/www.nettali.com\/#personlogo","inLanguage":"fr-FR","url":"https:\/\/secure.gravatar.com\/avatar\/5a9442a2bee7b4dcf167cab035858e9a?s=96&d=mm&r=g","contentUrl":"https:\/\/secure.gravatar.com\/avatar\/5a9442a2bee7b4dcf167cab035858e9a?s=96&d=mm&r=g","caption":"Fatou"},"sameAs":["https:\/\/www.nettali.com"]}]}},"_links":{"self":[{"href":"https:\/\/www.nettali.com\/rest\/wp\/v2\/posts\/149245"}],"collection":[{"href":"https:\/\/www.nettali.com\/rest\/wp\/v2\/posts"}],"about":[{"href":"https:\/\/www.nettali.com\/rest\/wp\/v2\/types\/post"}],"author":[{"embeddable":true,"href":"https:\/\/www.nettali.com\/rest\/wp\/v2\/users\/6"}],"replies":[{"embeddable":true,"href":"https:\/\/www.nettali.com\/rest\/wp\/v2\/comments?post=149245"}],"version-history":[{"count":4,"href":"https:\/\/www.nettali.com\/rest\/wp\/v2\/posts\/149245\/revisions"}],"predecessor-version":[{"id":149267,"href":"https:\/\/www.nettali.com\/rest\/wp\/v2\/posts\/149245\/revisions\/149267"}],"wp:featuredmedia":[{"embeddable":true,"href":"https:\/\/www.nettali.com\/rest\/wp\/v2\/media\/146101"}],"wp:attachment":[{"href":"https:\/\/www.nettali.com\/rest\/wp\/v2\/media?parent=149245"}],"wp:term":[{"taxonomy":"category","embeddable":true,"href":"https:\/\/www.nettali.com\/rest\/wp\/v2\/categories?post=149245"},{"taxonomy":"post_tag","embeddable":true,"href":"https:\/\/www.nettali.com\/rest\/wp\/v2\/tags?post=149245"}],"curies":[{"name":"wp","href":"https:\/\/api.w.org\/{rel}","templated":true}]}}