{"id":149064,"date":"2025-02-15T08:55:33","date_gmt":"2025-02-15T08:55:33","guid":{"rendered":"https:\/\/www.nettali.com\/?p=149064"},"modified":"2025-02-15T08:55:33","modified_gmt":"2025-02-15T08:55:33","slug":"real-vinicius-ancelotti-est-fatigue","status":"publish","type":"post","link":"https:\/\/www.nettali.com\/2025\/02\/15\/real-vinicius-ancelotti-est-fatigue\/","title":{"rendered":"REAL - Vinicius - Ancelotti est \"fatigu\u00e9\""},"content":{"rendered":"<p><strong>NETTALI.COM -<\/strong> Cible prioritaire de l'Arabie Saoudite sur le prochain mercato estival, Vinicius Junior (24 ans, 31 matchs et 17 buts toutes comp\u00e9titions cette saison) va-t-il c\u00e9der aux sir\u00e8nes du Golfe ?<\/p>\n<p>Interrog\u00e9 au sujet de l'avenir de l'ailier br\u00e9silien, l'entra\u00eeneur du Real Madrid, Carlo Ancelotti, s'est montr\u00e9 un brin agac\u00e9. \u201c<em>Je suis fatigu\u00e9, oui. Mais je ne suis pas inquiet. Je le vois heureux et nous sommes heureux avec lui. C\u2019est un sujet dont on parle \u00e0 l\u2019ext\u00e9rieur, pas ici. Lui non plus, a indiqu\u00e9 le coach italien face aux journalistes. Vinicius a h\u00e2te de faire les choses bien, comme \u00e0 Manchester, et il va continuer, car il commence \u00e0 retrouver une bonne forme physique apr\u00e8s ses blessures. Je le vois tr\u00e8s motiv\u00e9. Contre City, il a subi beaucoup de pression et a fait la diff\u00e9rence.<\/em>\u201d<\/p>\n<p>Pour rappel, la Maison Blanche ne laissera pas partir sa star sans lever sa clause lib\u00e9ratoire fix\u00e9e \u00e0 un milliard d'euros.<\/p>\n<div class='share-to-whatsapp-wrapper'><div class='share-on-whsp'>PARTAGER SUR : <\/div><a data-text='REAL - Vinicius - Ancelotti est \"fatigu\u00e9\"' data-link='https:\/\/www.nettali.com\/2025\/02\/15\/real-vinicius-ancelotti-est-fatigue\/' class='whatsapp-button whatsapp-share'>WhatsApp<\/a><div class='clear '><\/div><\/div>","protected":false},"excerpt":{"rendered":"<p>NETTALI.COM - Cible prioritaire de l'Arabie Saoudite sur le prochain mercato estival, Vinicius Junior (24 ans, 31 matchs et 17 buts toutes comp\u00e9titions cette saison) va-t-il c\u00e9der aux sir\u00e8nes du Golfe ? Interrog\u00e9 au sujet de l'avenir de l'ailier br\u00e9silien, l'entra\u00eeneur du Real Madrid, Carlo Ancelotti, s'est montr\u00e9 un brin agac\u00e9. \u201cJe suis fatigu\u00e9, oui. [&hellip;]<\/p>\n","protected":false},"author":2,"featured_media":148955,"comment_status":"open","ping_status":"open","sticky":false,"template":"","format":"standard","meta":{"_et_pb_use_builder":"","_et_pb_old_content":""},"categories":[6],"tags":[],"yoast_head":"<!-- This site is optimized with the Yoast SEO Premium plugin v17.8 (Yoast SEO v17.8) - https:\/\/yoast.com\/wordpress\/plugins\/seo\/ -->\n<title>REAL - Vinicius - Ancelotti est &quot;fatigu\u00e9&quot; | Nettali.com<\/title>\n<meta name=\"robots\" content=\"index, follow, max-snippet:-1, max-image-preview:large, max-video-preview:-1\" \/>\n<link rel=\"canonical\" href=\"https:\/\/www.nettali.com\/2025\/02\/15\/real-vinicius-ancelotti-est-fatigue\/\" \/>\n<meta property=\"og:locale\" content=\"fr_FR\" \/>\n<meta property=\"og:type\" content=\"article\" \/>\n<meta property=\"og:title\" content=\"REAL - Vinicius - Ancelotti est &quot;fatigu\u00e9&quot;\" \/>\n<meta property=\"og:description\" content=\"NETTALI.COM - Cible prioritaire de l&#039;Arabie Saoudite sur le prochain mercato estival, Vinicius Junior (24 ans, 31 matchs et 17 buts toutes comp\u00e9titions cette saison) va-t-il c\u00e9der aux sir\u00e8nes du Golfe ? Interrog\u00e9 au sujet de l&#039;avenir de l&#039;ailier br\u00e9silien, l&#039;entra\u00eeneur du Real Madrid, Carlo Ancelotti, s&#039;est montr\u00e9 un brin agac\u00e9. \u201cJe suis fatigu\u00e9, oui. [&hellip;]\" \/>\n<meta property=\"og:url\" content=\"https:\/\/www.nettali.com\/2025\/02\/15\/real-vinicius-ancelotti-est-fatigue\/\" \/>\n<meta property=\"og:site_name\" content=\"Nettali.com\" \/>\n<meta property=\"article:publisher\" content=\"https:\/\/www.facebook.com\/nettalicom\" \/>\n<meta property=\"article:published_time\" content=\"2025-02-15T08:55:33+00:00\" \/>\n<meta property=\"og:image\" content=\"https:\/\/www.nettali.com\/wp-content\/uploads\/2025\/02\/ldc-20241028150142-9822.jpg\" \/>\n\t<meta property=\"og:image:width\" content=\"1200\" \/>\n\t<meta property=\"og:image:height\" content=\"800\" \/>\n<meta name=\"twitter:card\" content=\"summary_large_image\" \/>\n<meta name=\"twitter:label1\" content=\"\u00c9crit par\" \/>\n\t<meta name=\"twitter:data1\" content=\"CK\" \/>\n\t<meta name=\"twitter:label2\" content=\"Dur\u00e9e de lecture estim\u00e9e\" \/>\n\t<meta name=\"twitter:data2\" content=\"1 minute\" \/>\n<script type=\"application\/ld+json\" class=\"yoast-schema-graph\">{\"@context\":\"https:\/\/schema.org\",\"@graph\":[{\"@type\":\"WebSite\",\"@id\":\"https:\/\/www.nettali.com\/#website\",\"url\":\"https:\/\/www.nettali.com\/\",\"name\":\"Nettali.com\",\"description\":\"Le rendez-vous critique du Net\",\"potentialAction\":[{\"@type\":\"SearchAction\",\"target\":{\"@type\":\"EntryPoint\",\"urlTemplate\":\"https:\/\/www.nettali.com\/?s={search_term_string}\"},\"query-input\":\"required name=search_term_string\"}],\"inLanguage\":\"fr-FR\"},{\"@type\":\"ImageObject\",\"@id\":\"https:\/\/www.nettali.com\/2025\/02\/15\/real-vinicius-ancelotti-est-fatigue\/#primaryimage\",\"inLanguage\":\"fr-FR\",\"url\":\"https:\/\/www.nettali.com\/wp-content\/uploads\/2025\/02\/ldc-20241028150142-9822.jpg\",\"contentUrl\":\"https:\/\/www.nettali.com\/wp-content\/uploads\/2025\/02\/ldc-20241028150142-9822.jpg\",\"width\":1200,\"height\":800},{\"@type\":\"WebPage\",\"@id\":\"https:\/\/www.nettali.com\/2025\/02\/15\/real-vinicius-ancelotti-est-fatigue\/#webpage\",\"url\":\"https:\/\/www.nettali.com\/2025\/02\/15\/real-vinicius-ancelotti-est-fatigue\/\",\"name\":\"REAL - Vinicius - Ancelotti est \\\"fatigu\\u00e9\\\" | Nettali.com\",\"isPartOf\":{\"@id\":\"https:\/\/www.nettali.com\/#website\"},\"primaryImageOfPage\":{\"@id\":\"https:\/\/www.nettali.com\/2025\/02\/15\/real-vinicius-ancelotti-est-fatigue\/#primaryimage\"},\"datePublished\":\"2025-02-15T08:55:33+00:00\",\"dateModified\":\"2025-02-15T08:55:33+00:00\",\"author\":{\"@id\":\"https:\/\/www.nettali.com\/#\/schema\/person\/d8ac7b7e27ddad43f1c0d2ef090d7f71\"},\"breadcrumb\":{\"@id\":\"https:\/\/www.nettali.com\/2025\/02\/15\/real-vinicius-ancelotti-est-fatigue\/#breadcrumb\"},\"inLanguage\":\"fr-FR\",\"potentialAction\":[{\"@type\":\"ReadAction\",\"target\":[\"https:\/\/www.nettali.com\/2025\/02\/15\/real-vinicius-ancelotti-est-fatigue\/\"]}]},{\"@type\":\"BreadcrumbList\",\"@id\":\"https:\/\/www.nettali.com\/2025\/02\/15\/real-vinicius-ancelotti-est-fatigue\/#breadcrumb\",\"itemListElement\":[{\"@type\":\"ListItem\",\"position\":1,\"name\":\"Accueil\",\"item\":\"https:\/\/www.nettali.com\/\"},{\"@type\":\"ListItem\",\"position\":2,\"name\":\"REAL - Vinicius - Ancelotti est \\\"fatigu\\u00e9\\\"\"}]},{\"@type\":\"Person\",\"@id\":\"https:\/\/www.nettali.com\/#\/schema\/person\/d8ac7b7e27ddad43f1c0d2ef090d7f71\",\"name\":\"CK\",\"image\":{\"@type\":\"ImageObject\",\"@id\":\"https:\/\/www.nettali.com\/#personlogo\",\"inLanguage\":\"fr-FR\",\"url\":\"https:\/\/secure.gravatar.com\/avatar\/1d8d5118b9327d94da7cd4ce7f17fec2?s=96&d=mm&r=g\",\"contentUrl\":\"https:\/\/secure.gravatar.com\/avatar\/1d8d5118b9327d94da7cd4ce7f17fec2?s=96&d=mm&r=g\",\"caption\":\"CK\"},\"sameAs\":[\"https:\/\/www.nettali.com\"]}]}<\/script>\n<!-- \/ Yoast SEO Premium plugin. -->","yoast_head_json":{"title":"REAL - Vinicius - Ancelotti est \"fatigu\u00e9\" | Nettali.com","robots":{"index":"index","follow":"follow","max-snippet":"max-snippet:-1","max-image-preview":"max-image-preview:large","max-video-preview":"max-video-preview:-1"},"canonical":"https:\/\/www.nettali.com\/2025\/02\/15\/real-vinicius-ancelotti-est-fatigue\/","og_locale":"fr_FR","og_type":"article","og_title":"REAL - Vinicius - Ancelotti est \"fatigu\u00e9\"","og_description":"NETTALI.COM - Cible prioritaire de l'Arabie Saoudite sur le prochain mercato estival, Vinicius Junior (24 ans, 31 matchs et 17 buts toutes comp\u00e9titions cette saison) va-t-il c\u00e9der aux sir\u00e8nes du Golfe ? Interrog\u00e9 au sujet de l'avenir de l'ailier br\u00e9silien, l'entra\u00eeneur du Real Madrid, Carlo Ancelotti, s'est montr\u00e9 un brin agac\u00e9. \u201cJe suis fatigu\u00e9, oui. [&hellip;]","og_url":"https:\/\/www.nettali.com\/2025\/02\/15\/real-vinicius-ancelotti-est-fatigue\/","og_site_name":"Nettali.com","article_publisher":"https:\/\/www.facebook.com\/nettalicom","article_published_time":"2025-02-15T08:55:33+00:00","og_image":[{"width":1200,"height":800,"url":"https:\/\/www.nettali.com\/wp-content\/uploads\/2025\/02\/ldc-20241028150142-9822.jpg","type":"image\/jpeg"}],"twitter_card":"summary_large_image","twitter_misc":{"\u00c9crit par":"CK","Dur\u00e9e de lecture estim\u00e9e":"1 minute"},"schema":{"@context":"https:\/\/schema.org","@graph":[{"@type":"WebSite","@id":"https:\/\/www.nettali.com\/#website","url":"https:\/\/www.nettali.com\/","name":"Nettali.com","description":"Le rendez-vous critique du Net","potentialAction":[{"@type":"SearchAction","target":{"@type":"EntryPoint","urlTemplate":"https:\/\/www.nettali.com\/?s={search_term_string}"},"query-input":"required name=search_term_string"}],"inLanguage":"fr-FR"},{"@type":"ImageObject","@id":"https:\/\/www.nettali.com\/2025\/02\/15\/real-vinicius-ancelotti-est-fatigue\/#primaryimage","inLanguage":"fr-FR","url":"https:\/\/www.nettali.com\/wp-content\/uploads\/2025\/02\/ldc-20241028150142-9822.jpg","contentUrl":"https:\/\/www.nettali.com\/wp-content\/uploads\/2025\/02\/ldc-20241028150142-9822.jpg","width":1200,"height":800},{"@type":"WebPage","@id":"https:\/\/www.nettali.com\/2025\/02\/15\/real-vinicius-ancelotti-est-fatigue\/#webpage","url":"https:\/\/www.nettali.com\/2025\/02\/15\/real-vinicius-ancelotti-est-fatigue\/","name":"REAL - Vinicius - Ancelotti est \"fatigu\u00e9\" | Nettali.com","isPartOf":{"@id":"https:\/\/www.nettali.com\/#website"},"primaryImageOfPage":{"@id":"https:\/\/www.nettali.com\/2025\/02\/15\/real-vinicius-ancelotti-est-fatigue\/#primaryimage"},"datePublished":"2025-02-15T08:55:33+00:00","dateModified":"2025-02-15T08:55:33+00:00","author":{"@id":"https:\/\/www.nettali.com\/#\/schema\/person\/d8ac7b7e27ddad43f1c0d2ef090d7f71"},"breadcrumb":{"@id":"https:\/\/www.nettali.com\/2025\/02\/15\/real-vinicius-ancelotti-est-fatigue\/#breadcrumb"},"inLanguage":"fr-FR","potentialAction":[{"@type":"ReadAction","target":["https:\/\/www.nettali.com\/2025\/02\/15\/real-vinicius-ancelotti-est-fatigue\/"]}]},{"@type":"BreadcrumbList","@id":"https:\/\/www.nettali.com\/2025\/02\/15\/real-vinicius-ancelotti-est-fatigue\/#breadcrumb","itemListElement":[{"@type":"ListItem","position":1,"name":"Accueil","item":"https:\/\/www.nettali.com\/"},{"@type":"ListItem","position":2,"name":"REAL - Vinicius - Ancelotti est \"fatigu\u00e9\""}]},{"@type":"Person","@id":"https:\/\/www.nettali.com\/#\/schema\/person\/d8ac7b7e27ddad43f1c0d2ef090d7f71","name":"CK","image":{"@type":"ImageObject","@id":"https:\/\/www.nettali.com\/#personlogo","inLanguage":"fr-FR","url":"https:\/\/secure.gravatar.com\/avatar\/1d8d5118b9327d94da7cd4ce7f17fec2?s=96&d=mm&r=g","contentUrl":"https:\/\/secure.gravatar.com\/avatar\/1d8d5118b9327d94da7cd4ce7f17fec2?s=96&d=mm&r=g","caption":"CK"},"sameAs":["https:\/\/www.nettali.com"]}]}},"_links":{"self":[{"href":"https:\/\/www.nettali.com\/rest\/wp\/v2\/posts\/149064"}],"collection":[{"href":"https:\/\/www.nettali.com\/rest\/wp\/v2\/posts"}],"about":[{"href":"https:\/\/www.nettali.com\/rest\/wp\/v2\/types\/post"}],"author":[{"embeddable":true,"href":"https:\/\/www.nettali.com\/rest\/wp\/v2\/users\/2"}],"replies":[{"embeddable":true,"href":"https:\/\/www.nettali.com\/rest\/wp\/v2\/comments?post=149064"}],"version-history":[{"count":1,"href":"https:\/\/www.nettali.com\/rest\/wp\/v2\/posts\/149064\/revisions"}],"predecessor-version":[{"id":149065,"href":"https:\/\/www.nettali.com\/rest\/wp\/v2\/posts\/149064\/revisions\/149065"}],"wp:featuredmedia":[{"embeddable":true,"href":"https:\/\/www.nettali.com\/rest\/wp\/v2\/media\/148955"}],"wp:attachment":[{"href":"https:\/\/www.nettali.com\/rest\/wp\/v2\/media?parent=149064"}],"wp:term":[{"taxonomy":"category","embeddable":true,"href":"https:\/\/www.nettali.com\/rest\/wp\/v2\/categories?post=149064"},{"taxonomy":"post_tag","embeddable":true,"href":"https:\/\/www.nettali.com\/rest\/wp\/v2\/tags?post=149064"}],"curies":[{"name":"wp","href":"https:\/\/api.w.org\/{rel}","templated":true}]}}