{"id":148983,"date":"2025-02-13T21:36:03","date_gmt":"2025-02-13T21:36:03","guid":{"rendered":"https:\/\/www.nettali.com\/?p=148983"},"modified":"2025-02-13T22:01:15","modified_gmt":"2025-02-13T22:01:15","slug":"rapport-de-la-cour-des-comptes-la-denonciation-mais-de-thierno-alassane-sall","status":"publish","type":"post","link":"https:\/\/www.nettali.com\/2025\/02\/13\/rapport-de-la-cour-des-comptes-la-denonciation-mais-de-thierno-alassane-sall\/","title":{"rendered":"RAPPORT DE LA COUR DES COMPTES - Thierno Alassane Sall accable l'administration, mais s'\u00e9tonne..."},"content":{"rendered":"<p><strong>NETTALI.COM - C'est \u00e0 travers sa page facebok que Thierno Alassane Sall, le pr\u00e9sident de la \"R\u00e9publique des Valeurs\" a fait un commentaire sur le rapport d\u00e9finitif de la Cour des comptes. Nous vous proposons in extenso les d\u00e9tails de ce commentaire.<\/strong><\/p>\n<p>\"Le rapport de la Cour des comptes sur l\u2019\u00e9tat des finances publiques conforte ceux qui, comme nous, \u00e0 la R\u00e9publique des Valeurs, avons r\u00e9guli\u00e8rement exprim\u00e9, de mani\u00e8re insistante, des r\u00e9serves motiv\u00e9es, tant par des articles de presse qu\u2019\u00e0 travers des d\u00e9clarations \u00e0 l\u2019Assembl\u00e9e nationale ou en d\u2019autres instances, sur la sinc\u00e9rit\u00e9 des informations livr\u00e9es par le gouvernement.<\/p>\n<p>Il appara\u00eet au grand jour que notre administration fonctionne presque comme celle du Za\u00efre sous Mobutu ou de la R\u00e9publique Centrafricaine sous Bokassa. Si ce carnage, \u00e9rig\u00e9 en finalit\u00e9 de la gouvernance a pu prosp\u00e9rer, c\u2019est bien parce que les r\u00e8gles les plus \u00e9l\u00e9mentaires applicables aux finances publiques ont \u00e9t\u00e9 all\u00e8grement viol\u00e9es par plusieurs \u00e9chelons cens\u00e9s assurer les contr\u00f4les a priori.<\/p>\n<p>Les responsabilit\u00e9s doivent \u00eatre situ\u00e9es \u00e0 tous les niveaux, tant publics (directions et services concern\u00e9s des finances et du budget) que priv\u00e9s (banques), et les sanctions les plus \u00e9lev\u00e9es appliqu\u00e9es.<\/p>\n<p>Il reste que ce rapport suscite une incr\u00e9dulit\u00e9 chez nombre de citoyens, car la Cour des comptes a, de mani\u00e8re r\u00e9guli\u00e8re, donn\u00e9 le quitus au gouvernement : la derni\u00e8re fois en date concerne l\u2019exercice 2022. Le projet de loi de r\u00e8glement 2023 avait m\u00eame \u00e9t\u00e9 inscrit \u00e0 l\u2019ordre du jour de la derni\u00e8re session extraordinaire de la 14e l\u00e9gislature, avant d\u2019\u00eatre retir\u00e9 in extremis, pour des raisons encore plus \u00e9videntes aujourd\u2019hui. La question qui se pose est de savoir \u00e0 quoi sert la Cour des comptes, au budget cons\u00e9quent et aux pouvoirs importants, si ce n\u2019est pour n\u2019agir de mani\u00e8re s\u00e9rieuse que sur commande ?<\/p>\n<p>Existe-t-il donc, dans ce pays o\u00f9 les risques li\u00e9s au d\u00e9rapage des finances publiques sont \u00e9lev\u00e9s, comme en de nombreux pays d\u2019Afrique, des instances de contr\u00f4le a posteriori vraiment ind\u00e9pendantes ? Cette question se pose \u00e9galement pour l\u2019Assembl\u00e9e nationale, qui a vot\u00e9 \u00e0 l\u2019aveugle les lois de r\u00e8glement, sans jamais se donner les moyens de soulever le couvercle de la marmite gouvernementale, qui exhalait d\u00e9j\u00e0 des odeurs sulfureuses.<\/p>\n<p>Il est temps, comme je l\u2019ai demand\u00e9 il y a quelques jours \u00e0 l\u2019Assembl\u00e9e nationale, que cette institution se r\u00e9invente et s\u2019approprie la pl\u00e9nitude de ses missions constitutionnelles.<\/p>\n<p>Autrement, ce rapport n\u2019aura servi que de faire-valoir \u00e0 une commande du nouvel ex\u00e9cutif, qui, naturellement, n\u2019acceptera pas de faire preuve de la m\u00eame transparence lorsque le temps viendra de solder ses propres comptes. D\u00e9j\u00e0 que, pour la gestion du r\u00e9gime pass\u00e9, un tri s\u00e9lectif des dossiers se d\u00e9roule sous nos yeux. Des personnalit\u00e9s ayant accept\u00e9 de se rallier au nouveau r\u00e9gime b\u00e9n\u00e9ficient d\u2019une coupable cl\u00e9mence, alors m\u00eame que des rapports de corps de contr\u00f4le les incriminent. Tant que tous les pr\u00e9sum\u00e9s fautifs ne seront pas trait\u00e9s avec le m\u00eame battage m\u00e9diatique et la m\u00eame rigueur judiciaire, la justice n\u2019aura pas \u00e9t\u00e9 exerc\u00e9e.<\/p>\n<p>L\u2019histoire des deux premi\u00e8res alternances nous apprend en effet que la traque des biens mal acquis s\u2019est souvent sold\u00e9e par des r\u00e8glements de comptes \u00e0 grand fracas, sans que les deniers r\u00e9put\u00e9s d\u00e9tourn\u00e9s n\u2019aient \u00e9t\u00e9 recouvr\u00e9s. Cette fois \u00e9galement, avec les mises en accusation s\u00e9lectives, on est mal partis. Thierno Alassane Sall D\u00e9put\u00e9 \u00e0 l\u2019Assembl\u00e9e nationale du S\u00e9n\u00e9gal\"<\/p>\n<div class='share-to-whatsapp-wrapper'><div class='share-on-whsp'>PARTAGER SUR : <\/div><a data-text='RAPPORT DE LA COUR DES COMPTES - Thierno Alassane Sall accable l'administration, mais s'\u00e9tonne...' data-link='https:\/\/www.nettali.com\/2025\/02\/13\/rapport-de-la-cour-des-comptes-la-denonciation-mais-de-thierno-alassane-sall\/' class='whatsapp-button whatsapp-share'>WhatsApp<\/a><div class='clear '><\/div><\/div>","protected":false},"excerpt":{"rendered":"<p>NETTALI.COM - C'est \u00e0 travers sa page facebok que Thierno Alassane Sall, le pr\u00e9sident de la \"R\u00e9publique des Valeurs\" a fait un commentaire sur le rapport d\u00e9finitif de la Cour des comptes. Nous vous proposons in extenso les d\u00e9tails de ce commentaire. \"Le rapport de la Cour des comptes sur l\u2019\u00e9tat des finances publiques conforte [&hellip;]<\/p>\n","protected":false},"author":2,"featured_media":148986,"comment_status":"open","ping_status":"open","sticky":false,"template":"","format":"standard","meta":{"_et_pb_use_builder":"","_et_pb_old_content":""},"categories":[2],"tags":[],"yoast_head":"<!-- This site is optimized with the Yoast SEO Premium plugin v17.8 (Yoast SEO v17.8) - https:\/\/yoast.com\/wordpress\/plugins\/seo\/ -->\n<title>RAPPORT DE LA COUR DES COMPTES - Thierno Alassane Sall accable l&#039;administration, mais s&#039;\u00e9tonne... | Nettali.com<\/title>\n<meta name=\"robots\" content=\"index, follow, max-snippet:-1, max-image-preview:large, max-video-preview:-1\" \/>\n<link rel=\"canonical\" href=\"https:\/\/www.nettali.com\/2025\/02\/13\/rapport-de-la-cour-des-comptes-la-denonciation-mais-de-thierno-alassane-sall\/\" \/>\n<meta property=\"og:locale\" content=\"fr_FR\" \/>\n<meta property=\"og:type\" content=\"article\" \/>\n<meta property=\"og:title\" content=\"RAPPORT DE LA COUR DES COMPTES - Thierno Alassane Sall accable l&#039;administration, mais s&#039;\u00e9tonne...\" \/>\n<meta property=\"og:description\" content=\"NETTALI.COM - C&#039;est \u00e0 travers sa page facebok que Thierno Alassane Sall, le pr\u00e9sident de la &quot;R\u00e9publique des Valeurs&quot; a fait un commentaire sur le rapport d\u00e9finitif de la Cour des comptes. Nous vous proposons in extenso les d\u00e9tails de ce commentaire. &quot;Le rapport de la Cour des comptes sur l\u2019\u00e9tat des finances publiques conforte [&hellip;]\" \/>\n<meta property=\"og:url\" content=\"https:\/\/www.nettali.com\/2025\/02\/13\/rapport-de-la-cour-des-comptes-la-denonciation-mais-de-thierno-alassane-sall\/\" \/>\n<meta property=\"og:site_name\" content=\"Nettali.com\" \/>\n<meta property=\"article:publisher\" content=\"https:\/\/www.facebook.com\/nettalicom\" \/>\n<meta property=\"article:published_time\" content=\"2025-02-13T21:36:03+00:00\" \/>\n<meta property=\"article:modified_time\" content=\"2025-02-13T22:01:15+00:00\" \/>\n<meta property=\"og:image\" content=\"https:\/\/www.nettali.com\/wp-content\/uploads\/2025\/02\/photo-2025-02-11-11-04-57_8763.jpg\" \/>\n\t<meta property=\"og:image:width\" content=\"1024\" \/>\n\t<meta property=\"og:image:height\" content=\"576\" \/>\n<meta name=\"twitter:card\" content=\"summary_large_image\" \/>\n<meta name=\"twitter:label1\" content=\"\u00c9crit par\" \/>\n\t<meta name=\"twitter:data1\" content=\"CK\" \/>\n\t<meta name=\"twitter:label2\" content=\"Dur\u00e9e de lecture estim\u00e9e\" \/>\n\t<meta name=\"twitter:data2\" content=\"3 minutes\" \/>\n<script type=\"application\/ld+json\" class=\"yoast-schema-graph\">{\"@context\":\"https:\/\/schema.org\",\"@graph\":[{\"@type\":\"WebSite\",\"@id\":\"https:\/\/www.nettali.com\/#website\",\"url\":\"https:\/\/www.nettali.com\/\",\"name\":\"Nettali.com\",\"description\":\"Le rendez-vous critique du Net\",\"potentialAction\":[{\"@type\":\"SearchAction\",\"target\":{\"@type\":\"EntryPoint\",\"urlTemplate\":\"https:\/\/www.nettali.com\/?s={search_term_string}\"},\"query-input\":\"required name=search_term_string\"}],\"inLanguage\":\"fr-FR\"},{\"@type\":\"ImageObject\",\"@id\":\"https:\/\/www.nettali.com\/2025\/02\/13\/rapport-de-la-cour-des-comptes-la-denonciation-mais-de-thierno-alassane-sall\/#primaryimage\",\"inLanguage\":\"fr-FR\",\"url\":\"https:\/\/www.nettali.com\/wp-content\/uploads\/2025\/02\/photo-2025-02-11-11-04-57_8763.jpg\",\"contentUrl\":\"https:\/\/www.nettali.com\/wp-content\/uploads\/2025\/02\/photo-2025-02-11-11-04-57_8763.jpg\",\"width\":1024,\"height\":576},{\"@type\":\"WebPage\",\"@id\":\"https:\/\/www.nettali.com\/2025\/02\/13\/rapport-de-la-cour-des-comptes-la-denonciation-mais-de-thierno-alassane-sall\/#webpage\",\"url\":\"https:\/\/www.nettali.com\/2025\/02\/13\/rapport-de-la-cour-des-comptes-la-denonciation-mais-de-thierno-alassane-sall\/\",\"name\":\"RAPPORT DE LA COUR DES COMPTES - Thierno Alassane Sall accable l'administration, mais s'\\u00e9tonne... | Nettali.com\",\"isPartOf\":{\"@id\":\"https:\/\/www.nettali.com\/#website\"},\"primaryImageOfPage\":{\"@id\":\"https:\/\/www.nettali.com\/2025\/02\/13\/rapport-de-la-cour-des-comptes-la-denonciation-mais-de-thierno-alassane-sall\/#primaryimage\"},\"datePublished\":\"2025-02-13T21:36:03+00:00\",\"dateModified\":\"2025-02-13T22:01:15+00:00\",\"author\":{\"@id\":\"https:\/\/www.nettali.com\/#\/schema\/person\/d8ac7b7e27ddad43f1c0d2ef090d7f71\"},\"breadcrumb\":{\"@id\":\"https:\/\/www.nettali.com\/2025\/02\/13\/rapport-de-la-cour-des-comptes-la-denonciation-mais-de-thierno-alassane-sall\/#breadcrumb\"},\"inLanguage\":\"fr-FR\",\"potentialAction\":[{\"@type\":\"ReadAction\",\"target\":[\"https:\/\/www.nettali.com\/2025\/02\/13\/rapport-de-la-cour-des-comptes-la-denonciation-mais-de-thierno-alassane-sall\/\"]}]},{\"@type\":\"BreadcrumbList\",\"@id\":\"https:\/\/www.nettali.com\/2025\/02\/13\/rapport-de-la-cour-des-comptes-la-denonciation-mais-de-thierno-alassane-sall\/#breadcrumb\",\"itemListElement\":[{\"@type\":\"ListItem\",\"position\":1,\"name\":\"Accueil\",\"item\":\"https:\/\/www.nettali.com\/\"},{\"@type\":\"ListItem\",\"position\":2,\"name\":\"RAPPORT DE LA COUR DES COMPTES - Thierno Alassane Sall accable l'administration, mais s'\\u00e9tonne...\"}]},{\"@type\":\"Person\",\"@id\":\"https:\/\/www.nettali.com\/#\/schema\/person\/d8ac7b7e27ddad43f1c0d2ef090d7f71\",\"name\":\"CK\",\"image\":{\"@type\":\"ImageObject\",\"@id\":\"https:\/\/www.nettali.com\/#personlogo\",\"inLanguage\":\"fr-FR\",\"url\":\"https:\/\/secure.gravatar.com\/avatar\/1d8d5118b9327d94da7cd4ce7f17fec2?s=96&d=mm&r=g\",\"contentUrl\":\"https:\/\/secure.gravatar.com\/avatar\/1d8d5118b9327d94da7cd4ce7f17fec2?s=96&d=mm&r=g\",\"caption\":\"CK\"},\"sameAs\":[\"https:\/\/www.nettali.com\"]}]}<\/script>\n<!-- \/ Yoast SEO Premium plugin. -->","yoast_head_json":{"title":"RAPPORT DE LA COUR DES COMPTES - Thierno Alassane Sall accable l'administration, mais s'\u00e9tonne... | Nettali.com","robots":{"index":"index","follow":"follow","max-snippet":"max-snippet:-1","max-image-preview":"max-image-preview:large","max-video-preview":"max-video-preview:-1"},"canonical":"https:\/\/www.nettali.com\/2025\/02\/13\/rapport-de-la-cour-des-comptes-la-denonciation-mais-de-thierno-alassane-sall\/","og_locale":"fr_FR","og_type":"article","og_title":"RAPPORT DE LA COUR DES COMPTES - Thierno Alassane Sall accable l'administration, mais s'\u00e9tonne...","og_description":"NETTALI.COM - C'est \u00e0 travers sa page facebok que Thierno Alassane Sall, le pr\u00e9sident de la \"R\u00e9publique des Valeurs\" a fait un commentaire sur le rapport d\u00e9finitif de la Cour des comptes. Nous vous proposons in extenso les d\u00e9tails de ce commentaire. \"Le rapport de la Cour des comptes sur l\u2019\u00e9tat des finances publiques conforte [&hellip;]","og_url":"https:\/\/www.nettali.com\/2025\/02\/13\/rapport-de-la-cour-des-comptes-la-denonciation-mais-de-thierno-alassane-sall\/","og_site_name":"Nettali.com","article_publisher":"https:\/\/www.facebook.com\/nettalicom","article_published_time":"2025-02-13T21:36:03+00:00","article_modified_time":"2025-02-13T22:01:15+00:00","og_image":[{"width":1024,"height":576,"url":"https:\/\/www.nettali.com\/wp-content\/uploads\/2025\/02\/photo-2025-02-11-11-04-57_8763.jpg","type":"image\/jpeg"}],"twitter_card":"summary_large_image","twitter_misc":{"\u00c9crit par":"CK","Dur\u00e9e de lecture estim\u00e9e":"3 minutes"},"schema":{"@context":"https:\/\/schema.org","@graph":[{"@type":"WebSite","@id":"https:\/\/www.nettali.com\/#website","url":"https:\/\/www.nettali.com\/","name":"Nettali.com","description":"Le rendez-vous critique du Net","potentialAction":[{"@type":"SearchAction","target":{"@type":"EntryPoint","urlTemplate":"https:\/\/www.nettali.com\/?s={search_term_string}"},"query-input":"required name=search_term_string"}],"inLanguage":"fr-FR"},{"@type":"ImageObject","@id":"https:\/\/www.nettali.com\/2025\/02\/13\/rapport-de-la-cour-des-comptes-la-denonciation-mais-de-thierno-alassane-sall\/#primaryimage","inLanguage":"fr-FR","url":"https:\/\/www.nettali.com\/wp-content\/uploads\/2025\/02\/photo-2025-02-11-11-04-57_8763.jpg","contentUrl":"https:\/\/www.nettali.com\/wp-content\/uploads\/2025\/02\/photo-2025-02-11-11-04-57_8763.jpg","width":1024,"height":576},{"@type":"WebPage","@id":"https:\/\/www.nettali.com\/2025\/02\/13\/rapport-de-la-cour-des-comptes-la-denonciation-mais-de-thierno-alassane-sall\/#webpage","url":"https:\/\/www.nettali.com\/2025\/02\/13\/rapport-de-la-cour-des-comptes-la-denonciation-mais-de-thierno-alassane-sall\/","name":"RAPPORT DE LA COUR DES COMPTES - Thierno Alassane Sall accable l'administration, mais s'\u00e9tonne... | Nettali.com","isPartOf":{"@id":"https:\/\/www.nettali.com\/#website"},"primaryImageOfPage":{"@id":"https:\/\/www.nettali.com\/2025\/02\/13\/rapport-de-la-cour-des-comptes-la-denonciation-mais-de-thierno-alassane-sall\/#primaryimage"},"datePublished":"2025-02-13T21:36:03+00:00","dateModified":"2025-02-13T22:01:15+00:00","author":{"@id":"https:\/\/www.nettali.com\/#\/schema\/person\/d8ac7b7e27ddad43f1c0d2ef090d7f71"},"breadcrumb":{"@id":"https:\/\/www.nettali.com\/2025\/02\/13\/rapport-de-la-cour-des-comptes-la-denonciation-mais-de-thierno-alassane-sall\/#breadcrumb"},"inLanguage":"fr-FR","potentialAction":[{"@type":"ReadAction","target":["https:\/\/www.nettali.com\/2025\/02\/13\/rapport-de-la-cour-des-comptes-la-denonciation-mais-de-thierno-alassane-sall\/"]}]},{"@type":"BreadcrumbList","@id":"https:\/\/www.nettali.com\/2025\/02\/13\/rapport-de-la-cour-des-comptes-la-denonciation-mais-de-thierno-alassane-sall\/#breadcrumb","itemListElement":[{"@type":"ListItem","position":1,"name":"Accueil","item":"https:\/\/www.nettali.com\/"},{"@type":"ListItem","position":2,"name":"RAPPORT DE LA COUR DES COMPTES - Thierno Alassane Sall accable l'administration, mais s'\u00e9tonne..."}]},{"@type":"Person","@id":"https:\/\/www.nettali.com\/#\/schema\/person\/d8ac7b7e27ddad43f1c0d2ef090d7f71","name":"CK","image":{"@type":"ImageObject","@id":"https:\/\/www.nettali.com\/#personlogo","inLanguage":"fr-FR","url":"https:\/\/secure.gravatar.com\/avatar\/1d8d5118b9327d94da7cd4ce7f17fec2?s=96&d=mm&r=g","contentUrl":"https:\/\/secure.gravatar.com\/avatar\/1d8d5118b9327d94da7cd4ce7f17fec2?s=96&d=mm&r=g","caption":"CK"},"sameAs":["https:\/\/www.nettali.com"]}]}},"_links":{"self":[{"href":"https:\/\/www.nettali.com\/rest\/wp\/v2\/posts\/148983"}],"collection":[{"href":"https:\/\/www.nettali.com\/rest\/wp\/v2\/posts"}],"about":[{"href":"https:\/\/www.nettali.com\/rest\/wp\/v2\/types\/post"}],"author":[{"embeddable":true,"href":"https:\/\/www.nettali.com\/rest\/wp\/v2\/users\/2"}],"replies":[{"embeddable":true,"href":"https:\/\/www.nettali.com\/rest\/wp\/v2\/comments?post=148983"}],"version-history":[{"count":4,"href":"https:\/\/www.nettali.com\/rest\/wp\/v2\/posts\/148983\/revisions"}],"predecessor-version":[{"id":148990,"href":"https:\/\/www.nettali.com\/rest\/wp\/v2\/posts\/148983\/revisions\/148990"}],"wp:featuredmedia":[{"embeddable":true,"href":"https:\/\/www.nettali.com\/rest\/wp\/v2\/media\/148986"}],"wp:attachment":[{"href":"https:\/\/www.nettali.com\/rest\/wp\/v2\/media?parent=148983"}],"wp:term":[{"taxonomy":"category","embeddable":true,"href":"https:\/\/www.nettali.com\/rest\/wp\/v2\/categories?post=148983"},{"taxonomy":"post_tag","embeddable":true,"href":"https:\/\/www.nettali.com\/rest\/wp\/v2\/tags?post=148983"}],"curies":[{"name":"wp","href":"https:\/\/api.w.org\/{rel}","templated":true}]}}