{"id":148901,"date":"2025-02-12T22:14:04","date_gmt":"2025-02-12T22:14:04","guid":{"rendered":"https:\/\/www.nettali.com\/?p=148901"},"modified":"2025-02-12T22:14:04","modified_gmt":"2025-02-12T22:14:04","slug":"gestion-des-agences-dexecution-ousmane-sonko-sattaque-a-leur-rationalisation","status":"publish","type":"post","link":"https:\/\/www.nettali.com\/2025\/02\/12\/gestion-des-agences-dexecution-ousmane-sonko-sattaque-a-leur-rationalisation\/","title":{"rendered":"GESTION DES AGENCES D\u2019EXECUTION - Ousmane Sonko s\u2019attaque \u00e0 leur rationalisation"},"content":{"rendered":"<p><strong>NETTALI.COM - La gestion des agences d\u2019ex\u00e9cution sera rationalis\u00e9e. Du moins, c\u2019est ce qu\u2019a inform\u00e9 le Premier ministre au gouvernement. <\/strong><\/p>\n<p>Dans sa communication en Conseil des ministres, Ousmane Sonko a inform\u00e9 les ministres de \u00ab <em>l\u2019imp\u00e9ratif de la rationalisation des agences d\u2019ex\u00e9cution\u00a0<\/em>\u00bb. Dans ce sens, le Premier ministre a rappel\u00e9 que \u00ab\u00a0<em>la philosophie ayant guid\u00e9 leur mise en place \u00e0 travers la loi d\u2019orientation en date du 04 mai 2009, a \u00e9t\u00e9 d\u00e9voy\u00e9e au fil des ans pour aboutir \u00e0 une pl\u00e9thore d\u2019agences\u00a0<\/em>\u00bb.<\/p>\n<p>Aussi, a-t-il inform\u00e9 le Conseil, d'avoir r\u00e9activ\u00e9 la Commission d\u2019\u00e9valuation des agences d\u2019ex\u00e9cution (CEAE), dans le but de lui soumettre, dans les meilleurs d\u00e9lais, des propositions de rationalisation des agences d\u2019ex\u00e9cution, conform\u00e9ment \u00e0 l\u2019engagement de r\u00e9duction du train de vie de l\u2019Etat.<\/p>\n<div class='share-to-whatsapp-wrapper'><div class='share-on-whsp'>PARTAGER SUR : <\/div><a data-text='GESTION DES AGENCES D\u2019EXECUTION - Ousmane Sonko s\u2019attaque \u00e0 leur rationalisation' data-link='https:\/\/www.nettali.com\/2025\/02\/12\/gestion-des-agences-dexecution-ousmane-sonko-sattaque-a-leur-rationalisation\/' class='whatsapp-button whatsapp-share'>WhatsApp<\/a><div class='clear '><\/div><\/div>","protected":false},"excerpt":{"rendered":"<p>NETTALI.COM - La gestion des agences d\u2019ex\u00e9cution sera rationalis\u00e9e. Du moins, c\u2019est ce qu\u2019a inform\u00e9 le Premier ministre au gouvernement. Dans sa communication en Conseil des ministres, Ousmane Sonko a inform\u00e9 les ministres de \u00ab l\u2019imp\u00e9ratif de la rationalisation des agences d\u2019ex\u00e9cution\u00a0\u00bb. Dans ce sens, le Premier ministre a rappel\u00e9 que \u00ab\u00a0la philosophie ayant guid\u00e9 [&hellip;]<\/p>\n","protected":false},"author":6,"featured_media":148034,"comment_status":"open","ping_status":"open","sticky":false,"template":"","format":"standard","meta":{"_et_pb_use_builder":"","_et_pb_old_content":""},"categories":[2],"tags":[],"yoast_head":"<!-- This site is optimized with the Yoast SEO Premium plugin v17.8 (Yoast SEO v17.8) - https:\/\/yoast.com\/wordpress\/plugins\/seo\/ -->\n<title>GESTION DES AGENCES D\u2019EXECUTION - Ousmane Sonko s\u2019attaque \u00e0 leur rationalisation | Nettali.com<\/title>\n<meta name=\"robots\" content=\"index, follow, max-snippet:-1, max-image-preview:large, max-video-preview:-1\" \/>\n<link rel=\"canonical\" href=\"https:\/\/www.nettali.com\/2025\/02\/12\/gestion-des-agences-dexecution-ousmane-sonko-sattaque-a-leur-rationalisation\/\" \/>\n<meta property=\"og:locale\" content=\"fr_FR\" \/>\n<meta property=\"og:type\" content=\"article\" \/>\n<meta property=\"og:title\" content=\"GESTION DES AGENCES D\u2019EXECUTION - Ousmane Sonko s\u2019attaque \u00e0 leur rationalisation\" \/>\n<meta property=\"og:description\" content=\"NETTALI.COM - La gestion des agences d\u2019ex\u00e9cution sera rationalis\u00e9e. Du moins, c\u2019est ce qu\u2019a inform\u00e9 le Premier ministre au gouvernement. Dans sa communication en Conseil des ministres, Ousmane Sonko a inform\u00e9 les ministres de \u00ab l\u2019imp\u00e9ratif de la rationalisation des agences d\u2019ex\u00e9cution\u00a0\u00bb. Dans ce sens, le Premier ministre a rappel\u00e9 que \u00ab\u00a0la philosophie ayant guid\u00e9 [&hellip;]\" \/>\n<meta property=\"og:url\" content=\"https:\/\/www.nettali.com\/2025\/02\/12\/gestion-des-agences-dexecution-ousmane-sonko-sattaque-a-leur-rationalisation\/\" \/>\n<meta property=\"og:site_name\" content=\"Nettali.com\" \/>\n<meta property=\"article:publisher\" content=\"https:\/\/www.facebook.com\/nettalicom\" \/>\n<meta property=\"article:published_time\" content=\"2025-02-12T22:14:04+00:00\" \/>\n<meta property=\"og:image\" content=\"https:\/\/www.nettali.com\/wp-content\/uploads\/2025\/01\/Ousmane-Sonko-Pm-Senegal-en-Conseil-des-ministres.jpeg\" \/>\n\t<meta property=\"og:image:width\" content=\"1280\" \/>\n\t<meta property=\"og:image:height\" content=\"943\" \/>\n<meta name=\"twitter:card\" content=\"summary_large_image\" \/>\n<meta name=\"twitter:label1\" content=\"\u00c9crit par\" \/>\n\t<meta name=\"twitter:data1\" content=\"Fatou\" \/>\n\t<meta name=\"twitter:label2\" content=\"Dur\u00e9e de lecture estim\u00e9e\" \/>\n\t<meta name=\"twitter:data2\" content=\"1 minute\" \/>\n<script type=\"application\/ld+json\" class=\"yoast-schema-graph\">{\"@context\":\"https:\/\/schema.org\",\"@graph\":[{\"@type\":\"WebSite\",\"@id\":\"https:\/\/www.nettali.com\/#website\",\"url\":\"https:\/\/www.nettali.com\/\",\"name\":\"Nettali.com\",\"description\":\"Le rendez-vous critique du Net\",\"potentialAction\":[{\"@type\":\"SearchAction\",\"target\":{\"@type\":\"EntryPoint\",\"urlTemplate\":\"https:\/\/www.nettali.com\/?s={search_term_string}\"},\"query-input\":\"required name=search_term_string\"}],\"inLanguage\":\"fr-FR\"},{\"@type\":\"ImageObject\",\"@id\":\"https:\/\/www.nettali.com\/2025\/02\/12\/gestion-des-agences-dexecution-ousmane-sonko-sattaque-a-leur-rationalisation\/#primaryimage\",\"inLanguage\":\"fr-FR\",\"url\":\"https:\/\/www.nettali.com\/wp-content\/uploads\/2025\/01\/Ousmane-Sonko-Pm-Senegal-en-Conseil-des-ministres.jpeg\",\"contentUrl\":\"https:\/\/www.nettali.com\/wp-content\/uploads\/2025\/01\/Ousmane-Sonko-Pm-Senegal-en-Conseil-des-ministres.jpeg\",\"width\":1280,\"height\":943},{\"@type\":\"WebPage\",\"@id\":\"https:\/\/www.nettali.com\/2025\/02\/12\/gestion-des-agences-dexecution-ousmane-sonko-sattaque-a-leur-rationalisation\/#webpage\",\"url\":\"https:\/\/www.nettali.com\/2025\/02\/12\/gestion-des-agences-dexecution-ousmane-sonko-sattaque-a-leur-rationalisation\/\",\"name\":\"GESTION DES AGENCES D\\u2019EXECUTION - Ousmane Sonko s\\u2019attaque \\u00e0 leur rationalisation | Nettali.com\",\"isPartOf\":{\"@id\":\"https:\/\/www.nettali.com\/#website\"},\"primaryImageOfPage\":{\"@id\":\"https:\/\/www.nettali.com\/2025\/02\/12\/gestion-des-agences-dexecution-ousmane-sonko-sattaque-a-leur-rationalisation\/#primaryimage\"},\"datePublished\":\"2025-02-12T22:14:04+00:00\",\"dateModified\":\"2025-02-12T22:14:04+00:00\",\"author\":{\"@id\":\"https:\/\/www.nettali.com\/#\/schema\/person\/418274a86bdf87caff7a3ef476bd0bbf\"},\"breadcrumb\":{\"@id\":\"https:\/\/www.nettali.com\/2025\/02\/12\/gestion-des-agences-dexecution-ousmane-sonko-sattaque-a-leur-rationalisation\/#breadcrumb\"},\"inLanguage\":\"fr-FR\",\"potentialAction\":[{\"@type\":\"ReadAction\",\"target\":[\"https:\/\/www.nettali.com\/2025\/02\/12\/gestion-des-agences-dexecution-ousmane-sonko-sattaque-a-leur-rationalisation\/\"]}]},{\"@type\":\"BreadcrumbList\",\"@id\":\"https:\/\/www.nettali.com\/2025\/02\/12\/gestion-des-agences-dexecution-ousmane-sonko-sattaque-a-leur-rationalisation\/#breadcrumb\",\"itemListElement\":[{\"@type\":\"ListItem\",\"position\":1,\"name\":\"Accueil\",\"item\":\"https:\/\/www.nettali.com\/\"},{\"@type\":\"ListItem\",\"position\":2,\"name\":\"GESTION DES AGENCES D\\u2019EXECUTION - Ousmane Sonko s\\u2019attaque \\u00e0 leur rationalisation\"}]},{\"@type\":\"Person\",\"@id\":\"https:\/\/www.nettali.com\/#\/schema\/person\/418274a86bdf87caff7a3ef476bd0bbf\",\"name\":\"Fatou\",\"image\":{\"@type\":\"ImageObject\",\"@id\":\"https:\/\/www.nettali.com\/#personlogo\",\"inLanguage\":\"fr-FR\",\"url\":\"https:\/\/secure.gravatar.com\/avatar\/5a9442a2bee7b4dcf167cab035858e9a?s=96&d=mm&r=g\",\"contentUrl\":\"https:\/\/secure.gravatar.com\/avatar\/5a9442a2bee7b4dcf167cab035858e9a?s=96&d=mm&r=g\",\"caption\":\"Fatou\"},\"sameAs\":[\"https:\/\/www.nettali.com\"]}]}<\/script>\n<!-- \/ Yoast SEO Premium plugin. -->","yoast_head_json":{"title":"GESTION DES AGENCES D\u2019EXECUTION - Ousmane Sonko s\u2019attaque \u00e0 leur rationalisation | Nettali.com","robots":{"index":"index","follow":"follow","max-snippet":"max-snippet:-1","max-image-preview":"max-image-preview:large","max-video-preview":"max-video-preview:-1"},"canonical":"https:\/\/www.nettali.com\/2025\/02\/12\/gestion-des-agences-dexecution-ousmane-sonko-sattaque-a-leur-rationalisation\/","og_locale":"fr_FR","og_type":"article","og_title":"GESTION DES AGENCES D\u2019EXECUTION - Ousmane Sonko s\u2019attaque \u00e0 leur rationalisation","og_description":"NETTALI.COM - La gestion des agences d\u2019ex\u00e9cution sera rationalis\u00e9e. Du moins, c\u2019est ce qu\u2019a inform\u00e9 le Premier ministre au gouvernement. Dans sa communication en Conseil des ministres, Ousmane Sonko a inform\u00e9 les ministres de \u00ab l\u2019imp\u00e9ratif de la rationalisation des agences d\u2019ex\u00e9cution\u00a0\u00bb. Dans ce sens, le Premier ministre a rappel\u00e9 que \u00ab\u00a0la philosophie ayant guid\u00e9 [&hellip;]","og_url":"https:\/\/www.nettali.com\/2025\/02\/12\/gestion-des-agences-dexecution-ousmane-sonko-sattaque-a-leur-rationalisation\/","og_site_name":"Nettali.com","article_publisher":"https:\/\/www.facebook.com\/nettalicom","article_published_time":"2025-02-12T22:14:04+00:00","og_image":[{"width":1280,"height":943,"url":"https:\/\/www.nettali.com\/wp-content\/uploads\/2025\/01\/Ousmane-Sonko-Pm-Senegal-en-Conseil-des-ministres.jpeg","type":"image\/jpeg"}],"twitter_card":"summary_large_image","twitter_misc":{"\u00c9crit par":"Fatou","Dur\u00e9e de lecture estim\u00e9e":"1 minute"},"schema":{"@context":"https:\/\/schema.org","@graph":[{"@type":"WebSite","@id":"https:\/\/www.nettali.com\/#website","url":"https:\/\/www.nettali.com\/","name":"Nettali.com","description":"Le rendez-vous critique du Net","potentialAction":[{"@type":"SearchAction","target":{"@type":"EntryPoint","urlTemplate":"https:\/\/www.nettali.com\/?s={search_term_string}"},"query-input":"required name=search_term_string"}],"inLanguage":"fr-FR"},{"@type":"ImageObject","@id":"https:\/\/www.nettali.com\/2025\/02\/12\/gestion-des-agences-dexecution-ousmane-sonko-sattaque-a-leur-rationalisation\/#primaryimage","inLanguage":"fr-FR","url":"https:\/\/www.nettali.com\/wp-content\/uploads\/2025\/01\/Ousmane-Sonko-Pm-Senegal-en-Conseil-des-ministres.jpeg","contentUrl":"https:\/\/www.nettali.com\/wp-content\/uploads\/2025\/01\/Ousmane-Sonko-Pm-Senegal-en-Conseil-des-ministres.jpeg","width":1280,"height":943},{"@type":"WebPage","@id":"https:\/\/www.nettali.com\/2025\/02\/12\/gestion-des-agences-dexecution-ousmane-sonko-sattaque-a-leur-rationalisation\/#webpage","url":"https:\/\/www.nettali.com\/2025\/02\/12\/gestion-des-agences-dexecution-ousmane-sonko-sattaque-a-leur-rationalisation\/","name":"GESTION DES AGENCES D\u2019EXECUTION - Ousmane Sonko s\u2019attaque \u00e0 leur rationalisation | Nettali.com","isPartOf":{"@id":"https:\/\/www.nettali.com\/#website"},"primaryImageOfPage":{"@id":"https:\/\/www.nettali.com\/2025\/02\/12\/gestion-des-agences-dexecution-ousmane-sonko-sattaque-a-leur-rationalisation\/#primaryimage"},"datePublished":"2025-02-12T22:14:04+00:00","dateModified":"2025-02-12T22:14:04+00:00","author":{"@id":"https:\/\/www.nettali.com\/#\/schema\/person\/418274a86bdf87caff7a3ef476bd0bbf"},"breadcrumb":{"@id":"https:\/\/www.nettali.com\/2025\/02\/12\/gestion-des-agences-dexecution-ousmane-sonko-sattaque-a-leur-rationalisation\/#breadcrumb"},"inLanguage":"fr-FR","potentialAction":[{"@type":"ReadAction","target":["https:\/\/www.nettali.com\/2025\/02\/12\/gestion-des-agences-dexecution-ousmane-sonko-sattaque-a-leur-rationalisation\/"]}]},{"@type":"BreadcrumbList","@id":"https:\/\/www.nettali.com\/2025\/02\/12\/gestion-des-agences-dexecution-ousmane-sonko-sattaque-a-leur-rationalisation\/#breadcrumb","itemListElement":[{"@type":"ListItem","position":1,"name":"Accueil","item":"https:\/\/www.nettali.com\/"},{"@type":"ListItem","position":2,"name":"GESTION DES AGENCES D\u2019EXECUTION - Ousmane Sonko s\u2019attaque \u00e0 leur rationalisation"}]},{"@type":"Person","@id":"https:\/\/www.nettali.com\/#\/schema\/person\/418274a86bdf87caff7a3ef476bd0bbf","name":"Fatou","image":{"@type":"ImageObject","@id":"https:\/\/www.nettali.com\/#personlogo","inLanguage":"fr-FR","url":"https:\/\/secure.gravatar.com\/avatar\/5a9442a2bee7b4dcf167cab035858e9a?s=96&d=mm&r=g","contentUrl":"https:\/\/secure.gravatar.com\/avatar\/5a9442a2bee7b4dcf167cab035858e9a?s=96&d=mm&r=g","caption":"Fatou"},"sameAs":["https:\/\/www.nettali.com"]}]}},"_links":{"self":[{"href":"https:\/\/www.nettali.com\/rest\/wp\/v2\/posts\/148901"}],"collection":[{"href":"https:\/\/www.nettali.com\/rest\/wp\/v2\/posts"}],"about":[{"href":"https:\/\/www.nettali.com\/rest\/wp\/v2\/types\/post"}],"author":[{"embeddable":true,"href":"https:\/\/www.nettali.com\/rest\/wp\/v2\/users\/6"}],"replies":[{"embeddable":true,"href":"https:\/\/www.nettali.com\/rest\/wp\/v2\/comments?post=148901"}],"version-history":[{"count":3,"href":"https:\/\/www.nettali.com\/rest\/wp\/v2\/posts\/148901\/revisions"}],"predecessor-version":[{"id":148906,"href":"https:\/\/www.nettali.com\/rest\/wp\/v2\/posts\/148901\/revisions\/148906"}],"wp:featuredmedia":[{"embeddable":true,"href":"https:\/\/www.nettali.com\/rest\/wp\/v2\/media\/148034"}],"wp:attachment":[{"href":"https:\/\/www.nettali.com\/rest\/wp\/v2\/media?parent=148901"}],"wp:term":[{"taxonomy":"category","embeddable":true,"href":"https:\/\/www.nettali.com\/rest\/wp\/v2\/categories?post=148901"},{"taxonomy":"post_tag","embeddable":true,"href":"https:\/\/www.nettali.com\/rest\/wp\/v2\/tags?post=148901"}],"curies":[{"name":"wp","href":"https:\/\/api.w.org\/{rel}","templated":true}]}}