{"id":148769,"date":"2025-02-11T08:16:53","date_gmt":"2025-02-11T08:16:53","guid":{"rendered":"https:\/\/www.nettali.com\/?p=148769"},"modified":"2025-02-11T08:16:53","modified_gmt":"2025-02-11T08:16:53","slug":"cooperation-senegal-belgique-40-millions-deuros-environ-265-milliards-f-cfa-degages-pour-quatre-ans","status":"publish","type":"post","link":"https:\/\/www.nettali.com\/2025\/02\/11\/cooperation-senegal-belgique-40-millions-deuros-environ-265-milliards-f-cfa-degages-pour-quatre-ans\/","title":{"rendered":"COOP\u00c9RATION S\u00c9N\u00c9GAL-BELGIQUE - 40 millions d\u2019euros (Environ 26,5 milliards F CFA) d\u00e9gag\u00e9s pour quatre ans"},"content":{"rendered":"<p><strong>NETTALI.COM -<\/strong> Dans le cadre du Programme de coop\u00e9ration 2024- 2029 entre la Belgique et le S\u00e9n\u00e9gal, un important atelier est organis\u00e9 pour mettre d\u00e9finir le cadre d'intervention et les outils de suivi-\u00e9valuation, destin\u00e9s \u00e0 garantir une mise en oeuvre efficiente de cet ambitieux programme. L'axe Dakar Bruxelles prend un nouveau tournant.<\/p>\n<p>Dans un communiqu\u00e9, les parties ont estim\u00e9 que la coop\u00e9ration entre le S\u00e9n\u00e9gal et la Belgique s'est consolid\u00e9e par la signature, il y a quelques mois, d\u2019un nouveau programme de coop\u00e9ration d\u2019un montant totalisant 40 millions d\u2019euros (soit environ 26,5 milliards de F CFA) pour la p\u00e9riode 2024- 2029. Le programme de coop\u00e9ration s\u2019aligne sur les priorit\u00e9s nationales de l'\u00c9tat s\u00e9n\u00e9galais d\u00e9crites dans le plan \u201cS\u00e9n\u00e9gal 2050\u201d, qui a pour ambition d\u2019am\u00e9liorer les perspectives socio-\u00e9conomiques des jeunes, femmes et hommes.<\/p>\n<p>Deux projets phares sont au coeur de ce Programme. Le premier porte sur \u201c<em>les Syst\u00e8mes alimentaires durables, l\u2019entrepreneuriat, l\u2019emploi &amp; le travail d\u00e9cent<\/em>\u201d. Il met l\u2019accent sur la souverainet\u00e9 alimentaire durable, la r\u00e9silience socio-\u00e9conomique et la lutte contre le changement climatique dans le Sine Saloum. Pour ce faire, pr\u00e9voit le communiqu\u00e9, le Programme compte s'appuyer sur l\u2019acc\u00e8s aux opportunit\u00e9s d\u2019emplois par la promotion d\u2019une croissance inclusive sensible au genre, de la formation professionnelle, de l\u2019incubation et l\u2019acc\u00e9l\u00e9ration des entreprises locales, de l\u2019am\u00e9lioration du climat des affaires et de la valorisation des p\u00f4les emplois. En ce sens, 2.500 femmes seront soutenues dans la cr\u00e9ation ou le renforcement de leur projet entrepreneurial et 3.000 entreprises appuy\u00e9es dans la formalisation de leurs activit\u00e9s.<\/p>\n<p>Le programme de coop\u00e9ration s\u00e9n\u00e9galo-belge contribue \u00e9galement \u00e0 renforcer l\u2019acc\u00e8s aux services de base \u00e0 travers un appui au syst\u00e8me de sant\u00e9 en faveur des femmes, des jeunes et des enfants.<\/p>\n<p>L\u2019offre de soins sera renforc\u00e9e pour les trois millions d\u2019habitants des r\u00e9gions de Kaolack, Fatick et Kaffrine dans les domaines sp\u00e9cifiques de la sant\u00e9 des adolescents, de la prise en charge des victimes de violences, des enfants de moins 5 ans et des femmes en \u00e2ge de procr\u00e9er. Cela inclut un soutien op\u00e9rationnel et mat\u00e9riel aux instituts sanitaires, une offre de formation renforc\u00e9e pour le personnel soignant, des campagnes de sensibilisation aupr\u00e8s de la population et la construction d\u2019infrastructures, lit-on dans le communiqu\u00e9.<\/p>\n<p>En appui \u00e0 la politique nationale et la couverture de la protection sociale en sant\u00e9, le projet pr\u00e9voit \u00e9galement une extension des unit\u00e9s d\u00e9partementales d\u2019assurance maladie et l\u2019acc\u00e8s \u00e0 l\u2019assurance maladie universelle pour 1,5 millions de citoyennes.<\/p>\n<p>\u201c<em>Dans le volet pharmaceutique, les efforts d\u00e9j\u00e0 fournis dans le cadre de l\u2019\u00e9cosyst\u00e8me de production de m\u00e9dicaments et de sa r\u00e9glementation seront \u00e9galement renforc\u00e9s. L\u2019accent est mis sur l\u2019acc\u00e8s \u00e9quitable aux vaccins et m\u00e9dicaments, et la promotion d\u2019un environnement propice \u00e0 la souverainet\u00e9 pharmaceutique. Au terme de cette semaine d\u2019atelier, les \u00e9l\u00e9ments cl\u00e9s du cadre de monitoring &amp; \u00e9valuation devront \u00eatre produits et valid\u00e9s par les diff\u00e9rentes parties prenantes, \u00e0 savoir la th\u00e9orie du changement clarifi\u00e9e et affin\u00e9e, le cadre de r\u00e9sultats r\u00e9vis\u00e9, la matrice de monitoring, le plan de gestion des risques, les questions d\u2019\u00e9valuation et d\u2019apprentissage d\u00e9finis<\/em>\u201d, a renseign\u00e9 le document.<\/p>\n<div class='share-to-whatsapp-wrapper'><div class='share-on-whsp'>PARTAGER SUR : <\/div><a data-text='COOP\u00c9RATION S\u00c9N\u00c9GAL-BELGIQUE - 40 millions d\u2019euros (Environ 26,5 milliards F CFA) d\u00e9gag\u00e9s pour quatre ans' data-link='https:\/\/www.nettali.com\/2025\/02\/11\/cooperation-senegal-belgique-40-millions-deuros-environ-265-milliards-f-cfa-degages-pour-quatre-ans\/' class='whatsapp-button whatsapp-share'>WhatsApp<\/a><div class='clear '><\/div><\/div>","protected":false},"excerpt":{"rendered":"<p>NETTALI.COM - Dans le cadre du Programme de coop\u00e9ration 2024- 2029 entre la Belgique et le S\u00e9n\u00e9gal, un important atelier est organis\u00e9 pour mettre d\u00e9finir le cadre d'intervention et les outils de suivi-\u00e9valuation, destin\u00e9s \u00e0 garantir une mise en oeuvre efficiente de cet ambitieux programme. L'axe Dakar Bruxelles prend un nouveau tournant. Dans un communiqu\u00e9, [&hellip;]<\/p>\n","protected":false},"author":2,"featured_media":148770,"comment_status":"open","ping_status":"open","sticky":false,"template":"","format":"standard","meta":{"_et_pb_use_builder":"","_et_pb_old_content":""},"categories":[4],"tags":[],"yoast_head":"<!-- This site is optimized with the Yoast SEO Premium plugin v17.8 (Yoast SEO v17.8) - https:\/\/yoast.com\/wordpress\/plugins\/seo\/ -->\n<title>COOP\u00c9RATION S\u00c9N\u00c9GAL-BELGIQUE - 40 millions d\u2019euros (Environ 26,5 milliards F CFA) d\u00e9gag\u00e9s pour quatre ans | Nettali.com<\/title>\n<meta name=\"robots\" content=\"index, follow, max-snippet:-1, max-image-preview:large, max-video-preview:-1\" \/>\n<link rel=\"canonical\" href=\"https:\/\/www.nettali.com\/2025\/02\/11\/cooperation-senegal-belgique-40-millions-deuros-environ-265-milliards-f-cfa-degages-pour-quatre-ans\/\" \/>\n<meta property=\"og:locale\" content=\"fr_FR\" \/>\n<meta property=\"og:type\" content=\"article\" \/>\n<meta property=\"og:title\" content=\"COOP\u00c9RATION S\u00c9N\u00c9GAL-BELGIQUE - 40 millions d\u2019euros (Environ 26,5 milliards F CFA) d\u00e9gag\u00e9s pour quatre ans\" \/>\n<meta property=\"og:description\" content=\"NETTALI.COM - Dans le cadre du Programme de coop\u00e9ration 2024- 2029 entre la Belgique et le S\u00e9n\u00e9gal, un important atelier est organis\u00e9 pour mettre d\u00e9finir le cadre d&#039;intervention et les outils de suivi-\u00e9valuation, destin\u00e9s \u00e0 garantir une mise en oeuvre efficiente de cet ambitieux programme. L&#039;axe Dakar Bruxelles prend un nouveau tournant. Dans un communiqu\u00e9, [&hellip;]\" \/>\n<meta property=\"og:url\" content=\"https:\/\/www.nettali.com\/2025\/02\/11\/cooperation-senegal-belgique-40-millions-deuros-environ-265-milliards-f-cfa-degages-pour-quatre-ans\/\" \/>\n<meta property=\"og:site_name\" content=\"Nettali.com\" \/>\n<meta property=\"article:publisher\" content=\"https:\/\/www.facebook.com\/nettalicom\" \/>\n<meta property=\"article:published_time\" content=\"2025-02-11T08:16:53+00:00\" \/>\n<meta property=\"og:image\" content=\"https:\/\/www.nettali.com\/wp-content\/uploads\/2025\/02\/Cooperation-entre-le-Senegal-et-la-Belgique.jpg\" \/>\n\t<meta property=\"og:image:width\" content=\"600\" \/>\n\t<meta property=\"og:image:height\" content=\"400\" \/>\n<meta name=\"twitter:card\" content=\"summary_large_image\" \/>\n<meta name=\"twitter:label1\" content=\"\u00c9crit par\" \/>\n\t<meta name=\"twitter:data1\" content=\"CK\" \/>\n\t<meta name=\"twitter:label2\" content=\"Dur\u00e9e de lecture estim\u00e9e\" \/>\n\t<meta name=\"twitter:data2\" content=\"3 minutes\" \/>\n<script type=\"application\/ld+json\" class=\"yoast-schema-graph\">{\"@context\":\"https:\/\/schema.org\",\"@graph\":[{\"@type\":\"WebSite\",\"@id\":\"https:\/\/www.nettali.com\/#website\",\"url\":\"https:\/\/www.nettali.com\/\",\"name\":\"Nettali.com\",\"description\":\"Le rendez-vous critique du Net\",\"potentialAction\":[{\"@type\":\"SearchAction\",\"target\":{\"@type\":\"EntryPoint\",\"urlTemplate\":\"https:\/\/www.nettali.com\/?s={search_term_string}\"},\"query-input\":\"required name=search_term_string\"}],\"inLanguage\":\"fr-FR\"},{\"@type\":\"ImageObject\",\"@id\":\"https:\/\/www.nettali.com\/2025\/02\/11\/cooperation-senegal-belgique-40-millions-deuros-environ-265-milliards-f-cfa-degages-pour-quatre-ans\/#primaryimage\",\"inLanguage\":\"fr-FR\",\"url\":\"https:\/\/www.nettali.com\/wp-content\/uploads\/2025\/02\/Cooperation-entre-le-Senegal-et-la-Belgique.jpg\",\"contentUrl\":\"https:\/\/www.nettali.com\/wp-content\/uploads\/2025\/02\/Cooperation-entre-le-Senegal-et-la-Belgique.jpg\",\"width\":600,\"height\":400},{\"@type\":\"WebPage\",\"@id\":\"https:\/\/www.nettali.com\/2025\/02\/11\/cooperation-senegal-belgique-40-millions-deuros-environ-265-milliards-f-cfa-degages-pour-quatre-ans\/#webpage\",\"url\":\"https:\/\/www.nettali.com\/2025\/02\/11\/cooperation-senegal-belgique-40-millions-deuros-environ-265-milliards-f-cfa-degages-pour-quatre-ans\/\",\"name\":\"COOP\\u00c9RATION S\\u00c9N\\u00c9GAL-BELGIQUE - 40 millions d\\u2019euros (Environ 26,5 milliards F CFA) d\\u00e9gag\\u00e9s pour quatre ans | Nettali.com\",\"isPartOf\":{\"@id\":\"https:\/\/www.nettali.com\/#website\"},\"primaryImageOfPage\":{\"@id\":\"https:\/\/www.nettali.com\/2025\/02\/11\/cooperation-senegal-belgique-40-millions-deuros-environ-265-milliards-f-cfa-degages-pour-quatre-ans\/#primaryimage\"},\"datePublished\":\"2025-02-11T08:16:53+00:00\",\"dateModified\":\"2025-02-11T08:16:53+00:00\",\"author\":{\"@id\":\"https:\/\/www.nettali.com\/#\/schema\/person\/d8ac7b7e27ddad43f1c0d2ef090d7f71\"},\"breadcrumb\":{\"@id\":\"https:\/\/www.nettali.com\/2025\/02\/11\/cooperation-senegal-belgique-40-millions-deuros-environ-265-milliards-f-cfa-degages-pour-quatre-ans\/#breadcrumb\"},\"inLanguage\":\"fr-FR\",\"potentialAction\":[{\"@type\":\"ReadAction\",\"target\":[\"https:\/\/www.nettali.com\/2025\/02\/11\/cooperation-senegal-belgique-40-millions-deuros-environ-265-milliards-f-cfa-degages-pour-quatre-ans\/\"]}]},{\"@type\":\"BreadcrumbList\",\"@id\":\"https:\/\/www.nettali.com\/2025\/02\/11\/cooperation-senegal-belgique-40-millions-deuros-environ-265-milliards-f-cfa-degages-pour-quatre-ans\/#breadcrumb\",\"itemListElement\":[{\"@type\":\"ListItem\",\"position\":1,\"name\":\"Accueil\",\"item\":\"https:\/\/www.nettali.com\/\"},{\"@type\":\"ListItem\",\"position\":2,\"name\":\"COOP\\u00c9RATION S\\u00c9N\\u00c9GAL-BELGIQUE - 40 millions d\\u2019euros (Environ 26,5 milliards F CFA) d\\u00e9gag\\u00e9s pour quatre ans\"}]},{\"@type\":\"Person\",\"@id\":\"https:\/\/www.nettali.com\/#\/schema\/person\/d8ac7b7e27ddad43f1c0d2ef090d7f71\",\"name\":\"CK\",\"image\":{\"@type\":\"ImageObject\",\"@id\":\"https:\/\/www.nettali.com\/#personlogo\",\"inLanguage\":\"fr-FR\",\"url\":\"https:\/\/secure.gravatar.com\/avatar\/1d8d5118b9327d94da7cd4ce7f17fec2?s=96&d=mm&r=g\",\"contentUrl\":\"https:\/\/secure.gravatar.com\/avatar\/1d8d5118b9327d94da7cd4ce7f17fec2?s=96&d=mm&r=g\",\"caption\":\"CK\"},\"sameAs\":[\"https:\/\/www.nettali.com\"]}]}<\/script>\n<!-- \/ Yoast SEO Premium plugin. -->","yoast_head_json":{"title":"COOP\u00c9RATION S\u00c9N\u00c9GAL-BELGIQUE - 40 millions d\u2019euros (Environ 26,5 milliards F CFA) d\u00e9gag\u00e9s pour quatre ans | Nettali.com","robots":{"index":"index","follow":"follow","max-snippet":"max-snippet:-1","max-image-preview":"max-image-preview:large","max-video-preview":"max-video-preview:-1"},"canonical":"https:\/\/www.nettali.com\/2025\/02\/11\/cooperation-senegal-belgique-40-millions-deuros-environ-265-milliards-f-cfa-degages-pour-quatre-ans\/","og_locale":"fr_FR","og_type":"article","og_title":"COOP\u00c9RATION S\u00c9N\u00c9GAL-BELGIQUE - 40 millions d\u2019euros (Environ 26,5 milliards F CFA) d\u00e9gag\u00e9s pour quatre ans","og_description":"NETTALI.COM - Dans le cadre du Programme de coop\u00e9ration 2024- 2029 entre la Belgique et le S\u00e9n\u00e9gal, un important atelier est organis\u00e9 pour mettre d\u00e9finir le cadre d'intervention et les outils de suivi-\u00e9valuation, destin\u00e9s \u00e0 garantir une mise en oeuvre efficiente de cet ambitieux programme. L'axe Dakar Bruxelles prend un nouveau tournant. Dans un communiqu\u00e9, [&hellip;]","og_url":"https:\/\/www.nettali.com\/2025\/02\/11\/cooperation-senegal-belgique-40-millions-deuros-environ-265-milliards-f-cfa-degages-pour-quatre-ans\/","og_site_name":"Nettali.com","article_publisher":"https:\/\/www.facebook.com\/nettalicom","article_published_time":"2025-02-11T08:16:53+00:00","og_image":[{"width":600,"height":400,"url":"https:\/\/www.nettali.com\/wp-content\/uploads\/2025\/02\/Cooperation-entre-le-Senegal-et-la-Belgique.jpg","type":"image\/jpeg"}],"twitter_card":"summary_large_image","twitter_misc":{"\u00c9crit par":"CK","Dur\u00e9e de lecture estim\u00e9e":"3 minutes"},"schema":{"@context":"https:\/\/schema.org","@graph":[{"@type":"WebSite","@id":"https:\/\/www.nettali.com\/#website","url":"https:\/\/www.nettali.com\/","name":"Nettali.com","description":"Le rendez-vous critique du Net","potentialAction":[{"@type":"SearchAction","target":{"@type":"EntryPoint","urlTemplate":"https:\/\/www.nettali.com\/?s={search_term_string}"},"query-input":"required name=search_term_string"}],"inLanguage":"fr-FR"},{"@type":"ImageObject","@id":"https:\/\/www.nettali.com\/2025\/02\/11\/cooperation-senegal-belgique-40-millions-deuros-environ-265-milliards-f-cfa-degages-pour-quatre-ans\/#primaryimage","inLanguage":"fr-FR","url":"https:\/\/www.nettali.com\/wp-content\/uploads\/2025\/02\/Cooperation-entre-le-Senegal-et-la-Belgique.jpg","contentUrl":"https:\/\/www.nettali.com\/wp-content\/uploads\/2025\/02\/Cooperation-entre-le-Senegal-et-la-Belgique.jpg","width":600,"height":400},{"@type":"WebPage","@id":"https:\/\/www.nettali.com\/2025\/02\/11\/cooperation-senegal-belgique-40-millions-deuros-environ-265-milliards-f-cfa-degages-pour-quatre-ans\/#webpage","url":"https:\/\/www.nettali.com\/2025\/02\/11\/cooperation-senegal-belgique-40-millions-deuros-environ-265-milliards-f-cfa-degages-pour-quatre-ans\/","name":"COOP\u00c9RATION S\u00c9N\u00c9GAL-BELGIQUE - 40 millions d\u2019euros (Environ 26,5 milliards F CFA) d\u00e9gag\u00e9s pour quatre ans | Nettali.com","isPartOf":{"@id":"https:\/\/www.nettali.com\/#website"},"primaryImageOfPage":{"@id":"https:\/\/www.nettali.com\/2025\/02\/11\/cooperation-senegal-belgique-40-millions-deuros-environ-265-milliards-f-cfa-degages-pour-quatre-ans\/#primaryimage"},"datePublished":"2025-02-11T08:16:53+00:00","dateModified":"2025-02-11T08:16:53+00:00","author":{"@id":"https:\/\/www.nettali.com\/#\/schema\/person\/d8ac7b7e27ddad43f1c0d2ef090d7f71"},"breadcrumb":{"@id":"https:\/\/www.nettali.com\/2025\/02\/11\/cooperation-senegal-belgique-40-millions-deuros-environ-265-milliards-f-cfa-degages-pour-quatre-ans\/#breadcrumb"},"inLanguage":"fr-FR","potentialAction":[{"@type":"ReadAction","target":["https:\/\/www.nettali.com\/2025\/02\/11\/cooperation-senegal-belgique-40-millions-deuros-environ-265-milliards-f-cfa-degages-pour-quatre-ans\/"]}]},{"@type":"BreadcrumbList","@id":"https:\/\/www.nettali.com\/2025\/02\/11\/cooperation-senegal-belgique-40-millions-deuros-environ-265-milliards-f-cfa-degages-pour-quatre-ans\/#breadcrumb","itemListElement":[{"@type":"ListItem","position":1,"name":"Accueil","item":"https:\/\/www.nettali.com\/"},{"@type":"ListItem","position":2,"name":"COOP\u00c9RATION S\u00c9N\u00c9GAL-BELGIQUE - 40 millions d\u2019euros (Environ 26,5 milliards F CFA) d\u00e9gag\u00e9s pour quatre ans"}]},{"@type":"Person","@id":"https:\/\/www.nettali.com\/#\/schema\/person\/d8ac7b7e27ddad43f1c0d2ef090d7f71","name":"CK","image":{"@type":"ImageObject","@id":"https:\/\/www.nettali.com\/#personlogo","inLanguage":"fr-FR","url":"https:\/\/secure.gravatar.com\/avatar\/1d8d5118b9327d94da7cd4ce7f17fec2?s=96&d=mm&r=g","contentUrl":"https:\/\/secure.gravatar.com\/avatar\/1d8d5118b9327d94da7cd4ce7f17fec2?s=96&d=mm&r=g","caption":"CK"},"sameAs":["https:\/\/www.nettali.com"]}]}},"_links":{"self":[{"href":"https:\/\/www.nettali.com\/rest\/wp\/v2\/posts\/148769"}],"collection":[{"href":"https:\/\/www.nettali.com\/rest\/wp\/v2\/posts"}],"about":[{"href":"https:\/\/www.nettali.com\/rest\/wp\/v2\/types\/post"}],"author":[{"embeddable":true,"href":"https:\/\/www.nettali.com\/rest\/wp\/v2\/users\/2"}],"replies":[{"embeddable":true,"href":"https:\/\/www.nettali.com\/rest\/wp\/v2\/comments?post=148769"}],"version-history":[{"count":1,"href":"https:\/\/www.nettali.com\/rest\/wp\/v2\/posts\/148769\/revisions"}],"predecessor-version":[{"id":148771,"href":"https:\/\/www.nettali.com\/rest\/wp\/v2\/posts\/148769\/revisions\/148771"}],"wp:featuredmedia":[{"embeddable":true,"href":"https:\/\/www.nettali.com\/rest\/wp\/v2\/media\/148770"}],"wp:attachment":[{"href":"https:\/\/www.nettali.com\/rest\/wp\/v2\/media?parent=148769"}],"wp:term":[{"taxonomy":"category","embeddable":true,"href":"https:\/\/www.nettali.com\/rest\/wp\/v2\/categories?post=148769"},{"taxonomy":"post_tag","embeddable":true,"href":"https:\/\/www.nettali.com\/rest\/wp\/v2\/tags?post=148769"}],"curies":[{"name":"wp","href":"https:\/\/api.w.org\/{rel}","templated":true}]}}