{"id":148741,"date":"2025-02-10T19:18:34","date_gmt":"2025-02-10T19:18:34","guid":{"rendered":"https:\/\/www.nettali.com\/?p=148741"},"modified":"2025-02-10T19:18:34","modified_gmt":"2025-02-10T19:18:34","slug":"abris-provisoire-les-engagements-du-general-birame-diop","status":"publish","type":"post","link":"https:\/\/www.nettali.com\/2025\/02\/10\/abris-provisoire-les-engagements-du-general-birame-diop\/","title":{"rendered":"ABRIS PROVISOIRE - Les engagements du G\u00e9n\u00e9ral Birame Diop"},"content":{"rendered":"<p><strong>NETTALI.COM - L\u2019arm\u00e9e s\u00e9n\u00e9galaise va travailler de concert avec le minist\u00e8re de l\u2019\u00c9ducation nationale pour apporter son appui au programme de r\u00e9sorption des abris provisoires, une pr\u00e9occupation majeure des pouvoirs publics, a-t-on appris lundi du ministre des Forces arm\u00e9es, le g\u00e9n\u00e9ral Birame Diop.<\/strong><\/p>\n<p>Les Forces arm\u00e9es, pour leurs capacit\u00e9s et attributs sp\u00e9cifiques, peuvent \u00eatre mises \u00e0 profit dans les nombreuses initiatives du minist\u00e8re de l\u2019\u00c9ducation nationale <em>\u00abpour relever le d\u00e9fi crucial de l\u2019\u00e9ducation pour tous et partout dans notre pays dans les meilleures conditions \u00bb<\/em>, a-t-il dit.<\/p>\n<p>Le g\u00e9n\u00e9ral Birame Diop prenait part \u00e0 la c\u00e9r\u00e9monie officielle de lancement de la 24\u1d49 \u00e9dition de la Semaine nationale de l\u2019\u00e9ducation de base, lundi, \u00e0 l\u2019\u00c9cole de formation des instituteurs (EFI) de Rufisque, aux c\u00f4t\u00e9s de son homologue Moustapha Guirassy.<\/p>\n<p>Pour le ministre des Forces arm\u00e9es, <em>\u00ab\u00a0ce partenariat fructueux est tr\u00e8s ancien et a \u00e9t\u00e9 une des composantes du concept arm\u00e9e-nation depuis l\u2019ind\u00e9pendance\u00a0\u00bb.<\/em><\/p>\n<p>Il a rappel\u00e9 l\u2019\u00e9poque o\u00f9 le g\u00e9nie militaire faisait des tourn\u00e9es sur le territoire national durant les vacances scolaires pour r\u00e9habiliter les \u00e9coles, se disant convaincu que <em>\u00ab\u00a0les Forces arm\u00e9es peuvent jouer un r\u00f4le crucial dans l\u2019effort collectif visant \u00e0 former des citoyens responsables et engag\u00e9s\u00a0\u00bb<\/em>.<\/p>\n<p>Le th\u00e8me de l\u2019\u00e9dition de cette ann\u00e9e de la Semaine nationale de l\u2019\u00e9cole de base, \u00e0 savoir <em>\u00ab\u00a0La consolidation des valeurs civiques, l\u2019\u00e9cole, les Forces de d\u00e9fense et de s\u00e9curit\u00e9 au service de la nation\u00a0\u00bb<\/em>, rend bien compte, selon lui, de la \u00ab\u00a0conviction commune\u00a0\u00bb selon laquelle l\u2019\u00e9ducation-arm\u00e9e <em>\u00ab\u00a0ont un r\u00f4le essentiel \u00e0 jouer dans le grand chantier de transformation citoyenne dans lequel notre pays est engag\u00e9\u00a0\u00bb<\/em>, sous l\u2019\u00e9gide des nouvelles autorit\u00e9s.<\/p>\n<p><em>\u00ab\u00a0L\u2019invitation \u00e0 cette c\u00e9r\u00e9monie t\u00e9moigne de l\u2019engagement personnel du ministre Moustapha Guirassy \u00e0 d\u00e9velopper le partenariat entre les Forces arm\u00e9es et l\u2019\u00c9ducation nationale, et de la haute estime qu\u2019il porte aux forces arm\u00e9es\u00a0\u00bb<\/em>, a soulign\u00e9 le g\u00e9n\u00e9ral Birame Diop.<\/p>\n<p>Il a soulign\u00e9 la n\u00e9cessit\u00e9 de d\u00e9velopper \u00ab\u00a0l\u2019esprit citoyen \u00e0 l\u2019\u00e9cole\u00a0\u00bb, et c\u2019est ce \u00e0 quoi appelle la Strat\u00e9gie nationale de d\u00e9veloppement 2025-2029, r\u00e9f\u00e9rentiel des politiques publiques, en promouvant l\u2019\u00e9dification d\u2019une nouvelle citoyennet\u00e9 et en pla\u00e7ant son renforcement et celui du civisme au rang d\u2019objectifs strat\u00e9giques.<\/p>\n<p>Le ministre des Forces arm\u00e9es se dit convaincu que c\u2019est <em>\u00ab\u00a0d\u00e8s le jeune \u00e2ge qu\u2019il faut former par l\u2019\u00e9ducation le futur citoyen\u00a0\u00bb<\/em>.<\/p>\n<p><em>\u00ab\u00a0Certes, le milieu familial et la communaut\u00e9 participent \u00e0 cette \u0153uvre, mais l\u2019\u00e9cole reste un formidable levier pour r\u00e9aliser cet objectif\u00a0\u00bb<\/em>, a-t-il insist\u00e9, ajoutant que les Forces de d\u00e9fense et de s\u00e9curit\u00e9 ont un r\u00f4le \u00e0 jouer dans cet \u00ab\u00a0ambitieux projet\u00a0\u00bb.<\/p>\n<div class='share-to-whatsapp-wrapper'><div class='share-on-whsp'>PARTAGER SUR : <\/div><a data-text='ABRIS PROVISOIRE - Les engagements du G\u00e9n\u00e9ral Birame Diop' data-link='https:\/\/www.nettali.com\/2025\/02\/10\/abris-provisoire-les-engagements-du-general-birame-diop\/' class='whatsapp-button whatsapp-share'>WhatsApp<\/a><div class='clear '><\/div><\/div>","protected":false},"excerpt":{"rendered":"<p>NETTALI.COM - L\u2019arm\u00e9e s\u00e9n\u00e9galaise va travailler de concert avec le minist\u00e8re de l\u2019\u00c9ducation nationale pour apporter son appui au programme de r\u00e9sorption des abris provisoires, une pr\u00e9occupation majeure des pouvoirs publics, a-t-on appris lundi du ministre des Forces arm\u00e9es, le g\u00e9n\u00e9ral Birame Diop. Les Forces arm\u00e9es, pour leurs capacit\u00e9s et attributs sp\u00e9cifiques, peuvent \u00eatre mises [&hellip;]<\/p>\n","protected":false},"author":4,"featured_media":141387,"comment_status":"open","ping_status":"open","sticky":false,"template":"","format":"standard","meta":{"_et_pb_use_builder":"","_et_pb_old_content":""},"categories":[3],"tags":[],"yoast_head":"<!-- This site is optimized with the Yoast SEO Premium plugin v17.8 (Yoast SEO v17.8) - https:\/\/yoast.com\/wordpress\/plugins\/seo\/ -->\n<title>ABRIS PROVISOIRE - Les engagements du G\u00e9n\u00e9ral Birame Diop | Nettali.com<\/title>\n<meta name=\"robots\" content=\"index, follow, max-snippet:-1, max-image-preview:large, max-video-preview:-1\" \/>\n<link rel=\"canonical\" href=\"https:\/\/www.nettali.com\/2025\/02\/10\/abris-provisoire-les-engagements-du-general-birame-diop\/\" \/>\n<meta property=\"og:locale\" content=\"fr_FR\" \/>\n<meta property=\"og:type\" content=\"article\" \/>\n<meta property=\"og:title\" content=\"ABRIS PROVISOIRE - Les engagements du G\u00e9n\u00e9ral Birame Diop\" \/>\n<meta property=\"og:description\" content=\"NETTALI.COM - L\u2019arm\u00e9e s\u00e9n\u00e9galaise va travailler de concert avec le minist\u00e8re de l\u2019\u00c9ducation nationale pour apporter son appui au programme de r\u00e9sorption des abris provisoires, une pr\u00e9occupation majeure des pouvoirs publics, a-t-on appris lundi du ministre des Forces arm\u00e9es, le g\u00e9n\u00e9ral Birame Diop. Les Forces arm\u00e9es, pour leurs capacit\u00e9s et attributs sp\u00e9cifiques, peuvent \u00eatre mises [&hellip;]\" \/>\n<meta property=\"og:url\" content=\"https:\/\/www.nettali.com\/2025\/02\/10\/abris-provisoire-les-engagements-du-general-birame-diop\/\" \/>\n<meta property=\"og:site_name\" content=\"Nettali.com\" \/>\n<meta property=\"article:publisher\" content=\"https:\/\/www.facebook.com\/nettalicom\" \/>\n<meta property=\"article:published_time\" content=\"2025-02-10T19:18:34+00:00\" \/>\n<meta property=\"og:image\" content=\"https:\/\/www.nettali.com\/wp-content\/uploads\/2024\/10\/abris-provisoires.jpeg\" \/>\n\t<meta property=\"og:image:width\" content=\"680\" \/>\n\t<meta property=\"og:image:height\" content=\"510\" \/>\n<meta name=\"twitter:card\" content=\"summary_large_image\" \/>\n<meta name=\"twitter:label1\" content=\"\u00c9crit par\" \/>\n\t<meta name=\"twitter:data1\" content=\"Daouda\" \/>\n\t<meta name=\"twitter:label2\" content=\"Dur\u00e9e de lecture estim\u00e9e\" \/>\n\t<meta name=\"twitter:data2\" content=\"3 minutes\" \/>\n<script type=\"application\/ld+json\" class=\"yoast-schema-graph\">{\"@context\":\"https:\/\/schema.org\",\"@graph\":[{\"@type\":\"WebSite\",\"@id\":\"https:\/\/www.nettali.com\/#website\",\"url\":\"https:\/\/www.nettali.com\/\",\"name\":\"Nettali.com\",\"description\":\"Le rendez-vous critique du Net\",\"potentialAction\":[{\"@type\":\"SearchAction\",\"target\":{\"@type\":\"EntryPoint\",\"urlTemplate\":\"https:\/\/www.nettali.com\/?s={search_term_string}\"},\"query-input\":\"required name=search_term_string\"}],\"inLanguage\":\"fr-FR\"},{\"@type\":\"ImageObject\",\"@id\":\"https:\/\/www.nettali.com\/2025\/02\/10\/abris-provisoire-les-engagements-du-general-birame-diop\/#primaryimage\",\"inLanguage\":\"fr-FR\",\"url\":\"https:\/\/www.nettali.com\/wp-content\/uploads\/2024\/10\/abris-provisoires.jpeg\",\"contentUrl\":\"https:\/\/www.nettali.com\/wp-content\/uploads\/2024\/10\/abris-provisoires.jpeg\",\"width\":680,\"height\":510},{\"@type\":\"WebPage\",\"@id\":\"https:\/\/www.nettali.com\/2025\/02\/10\/abris-provisoire-les-engagements-du-general-birame-diop\/#webpage\",\"url\":\"https:\/\/www.nettali.com\/2025\/02\/10\/abris-provisoire-les-engagements-du-general-birame-diop\/\",\"name\":\"ABRIS PROVISOIRE - Les engagements du G\\u00e9n\\u00e9ral Birame Diop | Nettali.com\",\"isPartOf\":{\"@id\":\"https:\/\/www.nettali.com\/#website\"},\"primaryImageOfPage\":{\"@id\":\"https:\/\/www.nettali.com\/2025\/02\/10\/abris-provisoire-les-engagements-du-general-birame-diop\/#primaryimage\"},\"datePublished\":\"2025-02-10T19:18:34+00:00\",\"dateModified\":\"2025-02-10T19:18:34+00:00\",\"author\":{\"@id\":\"https:\/\/www.nettali.com\/#\/schema\/person\/3317e0bb3aa1da309fbf7b2780901bf4\"},\"breadcrumb\":{\"@id\":\"https:\/\/www.nettali.com\/2025\/02\/10\/abris-provisoire-les-engagements-du-general-birame-diop\/#breadcrumb\"},\"inLanguage\":\"fr-FR\",\"potentialAction\":[{\"@type\":\"ReadAction\",\"target\":[\"https:\/\/www.nettali.com\/2025\/02\/10\/abris-provisoire-les-engagements-du-general-birame-diop\/\"]}]},{\"@type\":\"BreadcrumbList\",\"@id\":\"https:\/\/www.nettali.com\/2025\/02\/10\/abris-provisoire-les-engagements-du-general-birame-diop\/#breadcrumb\",\"itemListElement\":[{\"@type\":\"ListItem\",\"position\":1,\"name\":\"Accueil\",\"item\":\"https:\/\/www.nettali.com\/\"},{\"@type\":\"ListItem\",\"position\":2,\"name\":\"ABRIS PROVISOIRE - Les engagements du G\\u00e9n\\u00e9ral Birame Diop\"}]},{\"@type\":\"Person\",\"@id\":\"https:\/\/www.nettali.com\/#\/schema\/person\/3317e0bb3aa1da309fbf7b2780901bf4\",\"name\":\"Daouda\",\"image\":{\"@type\":\"ImageObject\",\"@id\":\"https:\/\/www.nettali.com\/#personlogo\",\"inLanguage\":\"fr-FR\",\"url\":\"https:\/\/secure.gravatar.com\/avatar\/8d143b5a49345098ddcfee1c49c2f47c?s=96&d=mm&r=g\",\"contentUrl\":\"https:\/\/secure.gravatar.com\/avatar\/8d143b5a49345098ddcfee1c49c2f47c?s=96&d=mm&r=g\",\"caption\":\"Daouda\"},\"sameAs\":[\"https:\/\/www.nettali.com\"]}]}<\/script>\n<!-- \/ Yoast SEO Premium plugin. -->","yoast_head_json":{"title":"ABRIS PROVISOIRE - Les engagements du G\u00e9n\u00e9ral Birame Diop | Nettali.com","robots":{"index":"index","follow":"follow","max-snippet":"max-snippet:-1","max-image-preview":"max-image-preview:large","max-video-preview":"max-video-preview:-1"},"canonical":"https:\/\/www.nettali.com\/2025\/02\/10\/abris-provisoire-les-engagements-du-general-birame-diop\/","og_locale":"fr_FR","og_type":"article","og_title":"ABRIS PROVISOIRE - Les engagements du G\u00e9n\u00e9ral Birame Diop","og_description":"NETTALI.COM - L\u2019arm\u00e9e s\u00e9n\u00e9galaise va travailler de concert avec le minist\u00e8re de l\u2019\u00c9ducation nationale pour apporter son appui au programme de r\u00e9sorption des abris provisoires, une pr\u00e9occupation majeure des pouvoirs publics, a-t-on appris lundi du ministre des Forces arm\u00e9es, le g\u00e9n\u00e9ral Birame Diop. Les Forces arm\u00e9es, pour leurs capacit\u00e9s et attributs sp\u00e9cifiques, peuvent \u00eatre mises [&hellip;]","og_url":"https:\/\/www.nettali.com\/2025\/02\/10\/abris-provisoire-les-engagements-du-general-birame-diop\/","og_site_name":"Nettali.com","article_publisher":"https:\/\/www.facebook.com\/nettalicom","article_published_time":"2025-02-10T19:18:34+00:00","og_image":[{"width":680,"height":510,"url":"https:\/\/www.nettali.com\/wp-content\/uploads\/2024\/10\/abris-provisoires.jpeg","type":"image\/jpeg"}],"twitter_card":"summary_large_image","twitter_misc":{"\u00c9crit par":"Daouda","Dur\u00e9e de lecture estim\u00e9e":"3 minutes"},"schema":{"@context":"https:\/\/schema.org","@graph":[{"@type":"WebSite","@id":"https:\/\/www.nettali.com\/#website","url":"https:\/\/www.nettali.com\/","name":"Nettali.com","description":"Le rendez-vous critique du Net","potentialAction":[{"@type":"SearchAction","target":{"@type":"EntryPoint","urlTemplate":"https:\/\/www.nettali.com\/?s={search_term_string}"},"query-input":"required name=search_term_string"}],"inLanguage":"fr-FR"},{"@type":"ImageObject","@id":"https:\/\/www.nettali.com\/2025\/02\/10\/abris-provisoire-les-engagements-du-general-birame-diop\/#primaryimage","inLanguage":"fr-FR","url":"https:\/\/www.nettali.com\/wp-content\/uploads\/2024\/10\/abris-provisoires.jpeg","contentUrl":"https:\/\/www.nettali.com\/wp-content\/uploads\/2024\/10\/abris-provisoires.jpeg","width":680,"height":510},{"@type":"WebPage","@id":"https:\/\/www.nettali.com\/2025\/02\/10\/abris-provisoire-les-engagements-du-general-birame-diop\/#webpage","url":"https:\/\/www.nettali.com\/2025\/02\/10\/abris-provisoire-les-engagements-du-general-birame-diop\/","name":"ABRIS PROVISOIRE - Les engagements du G\u00e9n\u00e9ral Birame Diop | Nettali.com","isPartOf":{"@id":"https:\/\/www.nettali.com\/#website"},"primaryImageOfPage":{"@id":"https:\/\/www.nettali.com\/2025\/02\/10\/abris-provisoire-les-engagements-du-general-birame-diop\/#primaryimage"},"datePublished":"2025-02-10T19:18:34+00:00","dateModified":"2025-02-10T19:18:34+00:00","author":{"@id":"https:\/\/www.nettali.com\/#\/schema\/person\/3317e0bb3aa1da309fbf7b2780901bf4"},"breadcrumb":{"@id":"https:\/\/www.nettali.com\/2025\/02\/10\/abris-provisoire-les-engagements-du-general-birame-diop\/#breadcrumb"},"inLanguage":"fr-FR","potentialAction":[{"@type":"ReadAction","target":["https:\/\/www.nettali.com\/2025\/02\/10\/abris-provisoire-les-engagements-du-general-birame-diop\/"]}]},{"@type":"BreadcrumbList","@id":"https:\/\/www.nettali.com\/2025\/02\/10\/abris-provisoire-les-engagements-du-general-birame-diop\/#breadcrumb","itemListElement":[{"@type":"ListItem","position":1,"name":"Accueil","item":"https:\/\/www.nettali.com\/"},{"@type":"ListItem","position":2,"name":"ABRIS PROVISOIRE - Les engagements du G\u00e9n\u00e9ral Birame Diop"}]},{"@type":"Person","@id":"https:\/\/www.nettali.com\/#\/schema\/person\/3317e0bb3aa1da309fbf7b2780901bf4","name":"Daouda","image":{"@type":"ImageObject","@id":"https:\/\/www.nettali.com\/#personlogo","inLanguage":"fr-FR","url":"https:\/\/secure.gravatar.com\/avatar\/8d143b5a49345098ddcfee1c49c2f47c?s=96&d=mm&r=g","contentUrl":"https:\/\/secure.gravatar.com\/avatar\/8d143b5a49345098ddcfee1c49c2f47c?s=96&d=mm&r=g","caption":"Daouda"},"sameAs":["https:\/\/www.nettali.com"]}]}},"_links":{"self":[{"href":"https:\/\/www.nettali.com\/rest\/wp\/v2\/posts\/148741"}],"collection":[{"href":"https:\/\/www.nettali.com\/rest\/wp\/v2\/posts"}],"about":[{"href":"https:\/\/www.nettali.com\/rest\/wp\/v2\/types\/post"}],"author":[{"embeddable":true,"href":"https:\/\/www.nettali.com\/rest\/wp\/v2\/users\/4"}],"replies":[{"embeddable":true,"href":"https:\/\/www.nettali.com\/rest\/wp\/v2\/comments?post=148741"}],"version-history":[{"count":1,"href":"https:\/\/www.nettali.com\/rest\/wp\/v2\/posts\/148741\/revisions"}],"predecessor-version":[{"id":148742,"href":"https:\/\/www.nettali.com\/rest\/wp\/v2\/posts\/148741\/revisions\/148742"}],"wp:featuredmedia":[{"embeddable":true,"href":"https:\/\/www.nettali.com\/rest\/wp\/v2\/media\/141387"}],"wp:attachment":[{"href":"https:\/\/www.nettali.com\/rest\/wp\/v2\/media?parent=148741"}],"wp:term":[{"taxonomy":"category","embeddable":true,"href":"https:\/\/www.nettali.com\/rest\/wp\/v2\/categories?post=148741"},{"taxonomy":"post_tag","embeddable":true,"href":"https:\/\/www.nettali.com\/rest\/wp\/v2\/tags?post=148741"}],"curies":[{"name":"wp","href":"https:\/\/api.w.org\/{rel}","templated":true}]}}