{"id":148739,"date":"2025-02-10T19:29:06","date_gmt":"2025-02-10T19:29:06","guid":{"rendered":"https:\/\/www.nettali.com\/?p=148739"},"modified":"2025-02-11T08:36:26","modified_gmt":"2025-02-11T08:36:26","slug":"mise-en-place-du-front-pour-la-defense-de-la-democratie-et-de-la-republique-le-parti-damadou-ba-se-dit-solidaire-mais","status":"publish","type":"post","link":"https:\/\/www.nettali.com\/2025\/02\/10\/mise-en-place-du-front-pour-la-defense-de-la-democratie-et-de-la-republique-le-parti-damadou-ba-se-dit-solidaire-mais\/","title":{"rendered":"MISE EN PLACE DU FRONT POUR LA D\u00c9FENSE DE \u0301LA D\u00c9MOCRATIE ET DE LA R\u00c9PUBLIQUE - Le parti d'Amadou Ba se dit solidaire, mais..."},"content":{"rendered":"<p><strong>NETTALI.COM - La nouvelle responsabilit\u00e9 ne fera pas partie du Front pour la d\u00e9fense de la d\u00e9mocratie et de la r\u00e9publique. Pour Zahra Iyane Thiam, les S\u00e9n\u00e9galais en ont marre de voir des ennemis d'hier \u00eatre des amis aujourd\u2019hui. Elle estime que ce n\u2019est pas le signal qu\u2019il faut donner.<\/strong><\/p>\n<p>\u00ab<em> La nouvelle responsabilit\u00e9 \u00e9tant un parti de l'opposition et solidaire de toute action qui se fera pour la d\u00e9fense de la r\u00e9publique ou pour la d\u00e9fense des libert\u00e9s des populations. <\/em><em>Cependant, nous demeurons \u00e9galement une formation politique qui a besoin de se construire, d'\u00e9largir ses bases et de consolider ses acquis. C'est pourquoi la nouvelle responsabilit\u00e9 a d\u00e9cid\u00e9 de se centrer, de se recentrer vraiment sur tout ce qui est structuration, organisation de son parti. Mais demeure et reste solidaire de toute action tendant \u00e0 se battre pour la r\u00e9publique ou pour les droits et libert\u00e9s<\/em> \u00bb, a d\u00e9clar\u00e9 Zahra Iyane Thiam au lendemain de la mise en place du front pour la d\u00e9fense de la d\u00e9mocratie et de la R\u00e9publique.<\/p>\n<p>Poursuivant elle note : \u00ab <em>nous sommes tous de l'opposition. D\u00e8s lors que nous sommes de l'opposition maintenant chacun peut avoir sa propre strat\u00e9gie. Certains ont d\u00e9cid\u00e9 de se retrouver autour de combats communs, d'autres certainement sont dans d'autres choses<\/em> \u00bb.<\/p>\n<p>A l\u2019en croire ce n'est m\u00eame pas d\u00e9cent cette mani\u00e8re de faire de la politique. \u00ab <em>Nous au niveau de la nouvelle responsabilit\u00e9 maintenant cela n'a rien \u00e0 voir avec les combats o\u00f9 nous serons quand nous estimons que ce sont des combats de principe, quand nous estimons que ce sont des combats pour la R\u00e9publique. Parce qu'il ne faut pas oublier quand m\u00eame qu'en tant que politique nous devons donner des bons signaux aux populations. Nous constatons que les ennemis d'hier deviennent les amis d'aujourd'hui, les ennemis d'hier deviennent les amis d'aujourd'hui et que la recomposition se fait peut-\u00eatre au gr\u00e9 des situations<\/em> \u00bb, dit-elle.<\/p>\n<div class='share-to-whatsapp-wrapper'><div class='share-on-whsp'>PARTAGER SUR : <\/div><a data-text='MISE EN PLACE DU FRONT POUR LA D\u00c9FENSE DE \u0301LA D\u00c9MOCRATIE ET DE LA R\u00c9PUBLIQUE - Le parti d'Amadou Ba se dit solidaire, mais...' data-link='https:\/\/www.nettali.com\/2025\/02\/10\/mise-en-place-du-front-pour-la-defense-de-la-democratie-et-de-la-republique-le-parti-damadou-ba-se-dit-solidaire-mais\/' class='whatsapp-button whatsapp-share'>WhatsApp<\/a><div class='clear '><\/div><\/div>","protected":false},"excerpt":{"rendered":"<p>NETTALI.COM - La nouvelle responsabilit\u00e9 ne fera pas partie du Front pour la d\u00e9fense de la d\u00e9mocratie et de la r\u00e9publique. Pour Zahra Iyane Thiam, les S\u00e9n\u00e9galais en ont marre de voir des ennemis d'hier \u00eatre des amis aujourd\u2019hui. Elle estime que ce n\u2019est pas le signal qu\u2019il faut donner. \u00ab La nouvelle responsabilit\u00e9 \u00e9tant [&hellip;]<\/p>\n","protected":false},"author":6,"featured_media":131394,"comment_status":"open","ping_status":"open","sticky":false,"template":"","format":"standard","meta":{"_et_pb_use_builder":"","_et_pb_old_content":""},"categories":[2],"tags":[],"yoast_head":"<!-- This site is optimized with the Yoast SEO Premium plugin v17.8 (Yoast SEO v17.8) - https:\/\/yoast.com\/wordpress\/plugins\/seo\/ -->\n<title>MISE EN PLACE DU FRONT POUR LA D\u00c9FENSE DE \u0301LA D\u00c9MOCRATIE ET DE LA R\u00c9PUBLIQUE - Le parti d&#039;Amadou Ba se dit solidaire, mais... | Nettali.com<\/title>\n<meta name=\"robots\" content=\"index, follow, max-snippet:-1, max-image-preview:large, max-video-preview:-1\" \/>\n<link rel=\"canonical\" href=\"https:\/\/www.nettali.com\/2025\/02\/10\/mise-en-place-du-front-pour-la-defense-de-la-democratie-et-de-la-republique-le-parti-damadou-ba-se-dit-solidaire-mais\/\" \/>\n<meta property=\"og:locale\" content=\"fr_FR\" \/>\n<meta property=\"og:type\" content=\"article\" \/>\n<meta property=\"og:title\" content=\"MISE EN PLACE DU FRONT POUR LA D\u00c9FENSE DE \u0301LA D\u00c9MOCRATIE ET DE LA R\u00c9PUBLIQUE - Le parti d&#039;Amadou Ba se dit solidaire, mais...\" \/>\n<meta property=\"og:description\" content=\"NETTALI.COM - La nouvelle responsabilit\u00e9 ne fera pas partie du Front pour la d\u00e9fense de la d\u00e9mocratie et de la r\u00e9publique. Pour Zahra Iyane Thiam, les S\u00e9n\u00e9galais en ont marre de voir des ennemis d&#039;hier \u00eatre des amis aujourd\u2019hui. Elle estime que ce n\u2019est pas le signal qu\u2019il faut donner. \u00ab La nouvelle responsabilit\u00e9 \u00e9tant [&hellip;]\" \/>\n<meta property=\"og:url\" content=\"https:\/\/www.nettali.com\/2025\/02\/10\/mise-en-place-du-front-pour-la-defense-de-la-democratie-et-de-la-republique-le-parti-damadou-ba-se-dit-solidaire-mais\/\" \/>\n<meta property=\"og:site_name\" content=\"Nettali.com\" \/>\n<meta property=\"article:publisher\" content=\"https:\/\/www.facebook.com\/nettalicom\" \/>\n<meta property=\"article:published_time\" content=\"2025-02-10T19:29:06+00:00\" \/>\n<meta property=\"article:modified_time\" content=\"2025-02-11T08:36:26+00:00\" \/>\n<meta property=\"og:image\" content=\"https:\/\/www.nettali.com\/wp-content\/uploads\/2024\/04\/6472f9f_1703842030458-000-348r47u.jpg\" \/>\n\t<meta property=\"og:image:width\" content=\"1440\" \/>\n\t<meta property=\"og:image:height\" content=\"960\" \/>\n<meta name=\"twitter:card\" content=\"summary_large_image\" \/>\n<meta name=\"twitter:label1\" content=\"\u00c9crit par\" \/>\n\t<meta name=\"twitter:data1\" content=\"Fatou\" \/>\n\t<meta name=\"twitter:label2\" content=\"Dur\u00e9e de lecture estim\u00e9e\" \/>\n\t<meta name=\"twitter:data2\" content=\"2 minutes\" \/>\n<script type=\"application\/ld+json\" class=\"yoast-schema-graph\">{\"@context\":\"https:\/\/schema.org\",\"@graph\":[{\"@type\":\"WebSite\",\"@id\":\"https:\/\/www.nettali.com\/#website\",\"url\":\"https:\/\/www.nettali.com\/\",\"name\":\"Nettali.com\",\"description\":\"Le rendez-vous critique du Net\",\"potentialAction\":[{\"@type\":\"SearchAction\",\"target\":{\"@type\":\"EntryPoint\",\"urlTemplate\":\"https:\/\/www.nettali.com\/?s={search_term_string}\"},\"query-input\":\"required name=search_term_string\"}],\"inLanguage\":\"fr-FR\"},{\"@type\":\"ImageObject\",\"@id\":\"https:\/\/www.nettali.com\/2025\/02\/10\/mise-en-place-du-front-pour-la-defense-de-la-democratie-et-de-la-republique-le-parti-damadou-ba-se-dit-solidaire-mais\/#primaryimage\",\"inLanguage\":\"fr-FR\",\"url\":\"https:\/\/www.nettali.com\/wp-content\/uploads\/2024\/04\/6472f9f_1703842030458-000-348r47u.jpg\",\"contentUrl\":\"https:\/\/www.nettali.com\/wp-content\/uploads\/2024\/04\/6472f9f_1703842030458-000-348r47u.jpg\",\"width\":1440,\"height\":960,\"caption\":\"Senegalese Prime Minister Amadou Ba speaks in Dakar on December 21, 2023 after he was named the ruling party's presidential candidate ahead of the February 2024 presidential election. (Photo by Seyllou \/ AFP)\"},{\"@type\":\"WebPage\",\"@id\":\"https:\/\/www.nettali.com\/2025\/02\/10\/mise-en-place-du-front-pour-la-defense-de-la-democratie-et-de-la-republique-le-parti-damadou-ba-se-dit-solidaire-mais\/#webpage\",\"url\":\"https:\/\/www.nettali.com\/2025\/02\/10\/mise-en-place-du-front-pour-la-defense-de-la-democratie-et-de-la-republique-le-parti-damadou-ba-se-dit-solidaire-mais\/\",\"name\":\"MISE EN PLACE DU FRONT POUR LA D\\u00c9FENSE DE \\u0301LA D\\u00c9MOCRATIE ET DE LA R\\u00c9PUBLIQUE - Le parti d'Amadou Ba se dit solidaire, mais... | Nettali.com\",\"isPartOf\":{\"@id\":\"https:\/\/www.nettali.com\/#website\"},\"primaryImageOfPage\":{\"@id\":\"https:\/\/www.nettali.com\/2025\/02\/10\/mise-en-place-du-front-pour-la-defense-de-la-democratie-et-de-la-republique-le-parti-damadou-ba-se-dit-solidaire-mais\/#primaryimage\"},\"datePublished\":\"2025-02-10T19:29:06+00:00\",\"dateModified\":\"2025-02-11T08:36:26+00:00\",\"author\":{\"@id\":\"https:\/\/www.nettali.com\/#\/schema\/person\/418274a86bdf87caff7a3ef476bd0bbf\"},\"breadcrumb\":{\"@id\":\"https:\/\/www.nettali.com\/2025\/02\/10\/mise-en-place-du-front-pour-la-defense-de-la-democratie-et-de-la-republique-le-parti-damadou-ba-se-dit-solidaire-mais\/#breadcrumb\"},\"inLanguage\":\"fr-FR\",\"potentialAction\":[{\"@type\":\"ReadAction\",\"target\":[\"https:\/\/www.nettali.com\/2025\/02\/10\/mise-en-place-du-front-pour-la-defense-de-la-democratie-et-de-la-republique-le-parti-damadou-ba-se-dit-solidaire-mais\/\"]}]},{\"@type\":\"BreadcrumbList\",\"@id\":\"https:\/\/www.nettali.com\/2025\/02\/10\/mise-en-place-du-front-pour-la-defense-de-la-democratie-et-de-la-republique-le-parti-damadou-ba-se-dit-solidaire-mais\/#breadcrumb\",\"itemListElement\":[{\"@type\":\"ListItem\",\"position\":1,\"name\":\"Accueil\",\"item\":\"https:\/\/www.nettali.com\/\"},{\"@type\":\"ListItem\",\"position\":2,\"name\":\"MISE EN PLACE DU FRONT POUR LA D\\u00c9FENSE DE \\u0301LA D\\u00c9MOCRATIE ET DE LA R\\u00c9PUBLIQUE - Le parti d'Amadou Ba se dit solidaire, mais...\"}]},{\"@type\":\"Person\",\"@id\":\"https:\/\/www.nettali.com\/#\/schema\/person\/418274a86bdf87caff7a3ef476bd0bbf\",\"name\":\"Fatou\",\"image\":{\"@type\":\"ImageObject\",\"@id\":\"https:\/\/www.nettali.com\/#personlogo\",\"inLanguage\":\"fr-FR\",\"url\":\"https:\/\/secure.gravatar.com\/avatar\/5a9442a2bee7b4dcf167cab035858e9a?s=96&d=mm&r=g\",\"contentUrl\":\"https:\/\/secure.gravatar.com\/avatar\/5a9442a2bee7b4dcf167cab035858e9a?s=96&d=mm&r=g\",\"caption\":\"Fatou\"},\"sameAs\":[\"https:\/\/www.nettali.com\"]}]}<\/script>\n<!-- \/ Yoast SEO Premium plugin. -->","yoast_head_json":{"title":"MISE EN PLACE DU FRONT POUR LA D\u00c9FENSE DE \u0301LA D\u00c9MOCRATIE ET DE LA R\u00c9PUBLIQUE - Le parti d'Amadou Ba se dit solidaire, mais... | Nettali.com","robots":{"index":"index","follow":"follow","max-snippet":"max-snippet:-1","max-image-preview":"max-image-preview:large","max-video-preview":"max-video-preview:-1"},"canonical":"https:\/\/www.nettali.com\/2025\/02\/10\/mise-en-place-du-front-pour-la-defense-de-la-democratie-et-de-la-republique-le-parti-damadou-ba-se-dit-solidaire-mais\/","og_locale":"fr_FR","og_type":"article","og_title":"MISE EN PLACE DU FRONT POUR LA D\u00c9FENSE DE \u0301LA D\u00c9MOCRATIE ET DE LA R\u00c9PUBLIQUE - Le parti d'Amadou Ba se dit solidaire, mais...","og_description":"NETTALI.COM - La nouvelle responsabilit\u00e9 ne fera pas partie du Front pour la d\u00e9fense de la d\u00e9mocratie et de la r\u00e9publique. Pour Zahra Iyane Thiam, les S\u00e9n\u00e9galais en ont marre de voir des ennemis d'hier \u00eatre des amis aujourd\u2019hui. Elle estime que ce n\u2019est pas le signal qu\u2019il faut donner. \u00ab La nouvelle responsabilit\u00e9 \u00e9tant [&hellip;]","og_url":"https:\/\/www.nettali.com\/2025\/02\/10\/mise-en-place-du-front-pour-la-defense-de-la-democratie-et-de-la-republique-le-parti-damadou-ba-se-dit-solidaire-mais\/","og_site_name":"Nettali.com","article_publisher":"https:\/\/www.facebook.com\/nettalicom","article_published_time":"2025-02-10T19:29:06+00:00","article_modified_time":"2025-02-11T08:36:26+00:00","og_image":[{"width":1440,"height":960,"url":"https:\/\/www.nettali.com\/wp-content\/uploads\/2024\/04\/6472f9f_1703842030458-000-348r47u.jpg","type":"image\/jpeg"}],"twitter_card":"summary_large_image","twitter_misc":{"\u00c9crit par":"Fatou","Dur\u00e9e de lecture estim\u00e9e":"2 minutes"},"schema":{"@context":"https:\/\/schema.org","@graph":[{"@type":"WebSite","@id":"https:\/\/www.nettali.com\/#website","url":"https:\/\/www.nettali.com\/","name":"Nettali.com","description":"Le rendez-vous critique du Net","potentialAction":[{"@type":"SearchAction","target":{"@type":"EntryPoint","urlTemplate":"https:\/\/www.nettali.com\/?s={search_term_string}"},"query-input":"required name=search_term_string"}],"inLanguage":"fr-FR"},{"@type":"ImageObject","@id":"https:\/\/www.nettali.com\/2025\/02\/10\/mise-en-place-du-front-pour-la-defense-de-la-democratie-et-de-la-republique-le-parti-damadou-ba-se-dit-solidaire-mais\/#primaryimage","inLanguage":"fr-FR","url":"https:\/\/www.nettali.com\/wp-content\/uploads\/2024\/04\/6472f9f_1703842030458-000-348r47u.jpg","contentUrl":"https:\/\/www.nettali.com\/wp-content\/uploads\/2024\/04\/6472f9f_1703842030458-000-348r47u.jpg","width":1440,"height":960,"caption":"Senegalese Prime Minister Amadou Ba speaks in Dakar on December 21, 2023 after he was named the ruling party's presidential candidate ahead of the February 2024 presidential election. (Photo by Seyllou \/ AFP)"},{"@type":"WebPage","@id":"https:\/\/www.nettali.com\/2025\/02\/10\/mise-en-place-du-front-pour-la-defense-de-la-democratie-et-de-la-republique-le-parti-damadou-ba-se-dit-solidaire-mais\/#webpage","url":"https:\/\/www.nettali.com\/2025\/02\/10\/mise-en-place-du-front-pour-la-defense-de-la-democratie-et-de-la-republique-le-parti-damadou-ba-se-dit-solidaire-mais\/","name":"MISE EN PLACE DU FRONT POUR LA D\u00c9FENSE DE \u0301LA D\u00c9MOCRATIE ET DE LA R\u00c9PUBLIQUE - Le parti d'Amadou Ba se dit solidaire, mais... | Nettali.com","isPartOf":{"@id":"https:\/\/www.nettali.com\/#website"},"primaryImageOfPage":{"@id":"https:\/\/www.nettali.com\/2025\/02\/10\/mise-en-place-du-front-pour-la-defense-de-la-democratie-et-de-la-republique-le-parti-damadou-ba-se-dit-solidaire-mais\/#primaryimage"},"datePublished":"2025-02-10T19:29:06+00:00","dateModified":"2025-02-11T08:36:26+00:00","author":{"@id":"https:\/\/www.nettali.com\/#\/schema\/person\/418274a86bdf87caff7a3ef476bd0bbf"},"breadcrumb":{"@id":"https:\/\/www.nettali.com\/2025\/02\/10\/mise-en-place-du-front-pour-la-defense-de-la-democratie-et-de-la-republique-le-parti-damadou-ba-se-dit-solidaire-mais\/#breadcrumb"},"inLanguage":"fr-FR","potentialAction":[{"@type":"ReadAction","target":["https:\/\/www.nettali.com\/2025\/02\/10\/mise-en-place-du-front-pour-la-defense-de-la-democratie-et-de-la-republique-le-parti-damadou-ba-se-dit-solidaire-mais\/"]}]},{"@type":"BreadcrumbList","@id":"https:\/\/www.nettali.com\/2025\/02\/10\/mise-en-place-du-front-pour-la-defense-de-la-democratie-et-de-la-republique-le-parti-damadou-ba-se-dit-solidaire-mais\/#breadcrumb","itemListElement":[{"@type":"ListItem","position":1,"name":"Accueil","item":"https:\/\/www.nettali.com\/"},{"@type":"ListItem","position":2,"name":"MISE EN PLACE DU FRONT POUR LA D\u00c9FENSE DE \u0301LA D\u00c9MOCRATIE ET DE LA R\u00c9PUBLIQUE - Le parti d'Amadou Ba se dit solidaire, mais..."}]},{"@type":"Person","@id":"https:\/\/www.nettali.com\/#\/schema\/person\/418274a86bdf87caff7a3ef476bd0bbf","name":"Fatou","image":{"@type":"ImageObject","@id":"https:\/\/www.nettali.com\/#personlogo","inLanguage":"fr-FR","url":"https:\/\/secure.gravatar.com\/avatar\/5a9442a2bee7b4dcf167cab035858e9a?s=96&d=mm&r=g","contentUrl":"https:\/\/secure.gravatar.com\/avatar\/5a9442a2bee7b4dcf167cab035858e9a?s=96&d=mm&r=g","caption":"Fatou"},"sameAs":["https:\/\/www.nettali.com"]}]}},"_links":{"self":[{"href":"https:\/\/www.nettali.com\/rest\/wp\/v2\/posts\/148739"}],"collection":[{"href":"https:\/\/www.nettali.com\/rest\/wp\/v2\/posts"}],"about":[{"href":"https:\/\/www.nettali.com\/rest\/wp\/v2\/types\/post"}],"author":[{"embeddable":true,"href":"https:\/\/www.nettali.com\/rest\/wp\/v2\/users\/6"}],"replies":[{"embeddable":true,"href":"https:\/\/www.nettali.com\/rest\/wp\/v2\/comments?post=148739"}],"version-history":[{"count":3,"href":"https:\/\/www.nettali.com\/rest\/wp\/v2\/posts\/148739\/revisions"}],"predecessor-version":[{"id":148746,"href":"https:\/\/www.nettali.com\/rest\/wp\/v2\/posts\/148739\/revisions\/148746"}],"wp:featuredmedia":[{"embeddable":true,"href":"https:\/\/www.nettali.com\/rest\/wp\/v2\/media\/131394"}],"wp:attachment":[{"href":"https:\/\/www.nettali.com\/rest\/wp\/v2\/media?parent=148739"}],"wp:term":[{"taxonomy":"category","embeddable":true,"href":"https:\/\/www.nettali.com\/rest\/wp\/v2\/categories?post=148739"},{"taxonomy":"post_tag","embeddable":true,"href":"https:\/\/www.nettali.com\/rest\/wp\/v2\/tags?post=148739"}],"curies":[{"name":"wp","href":"https:\/\/api.w.org\/{rel}","templated":true}]}}