{"id":148726,"date":"2025-02-10T16:40:14","date_gmt":"2025-02-10T16:40:14","guid":{"rendered":"https:\/\/www.nettali.com\/?p=148726"},"modified":"2025-02-10T18:10:25","modified_gmt":"2025-02-10T18:10:25","slug":"evaluation-des-politiques-publiques-el-malick-met-en-place-un-groupe-de-travail-de-12-membres","status":"publish","type":"post","link":"https:\/\/www.nettali.com\/2025\/02\/10\/evaluation-des-politiques-publiques-el-malick-met-en-place-un-groupe-de-travail-de-12-membres\/","title":{"rendered":"EVALUATION DES POLITIQUES PUBLIQUES PAR L'ASSEMBLEE NATIONALE \u2013 El Malick Ndiaye pose un acte !"},"content":{"rendered":"<p><strong>NETTALI.COM - Le pr\u00e9sident de l\u2019Assembl\u00e9e nationale, El Malick Ndiaye, prend tr\u00e8s au s\u00e9rieux sa mission. Il compte faire plus que l\u2019ensemble de ses pr\u00e9d\u00e9cesseurs et veut que l\u2019Assembl\u00e9e nationale prenne la pl\u00e9nitude de ses pr\u00e9rogatives. Pour que l\u2019Assembl\u00e9e puisse \u00e9valuer convenablement les politiques publiques, il a mis en place une commission charg\u00e9e de lui proposer une m\u00e9thodologie.<\/strong><\/p>\n<p>L\u2019\u00e9valuation des politiques publiques fait partie des missions r\u00e9galiennes de l\u2019Assembl\u00e9e nationale. Une mission qui \u00e9tait pourtant n\u00e9glig\u00e9e par les d\u00e9put\u00e9s. Ce qu\u2019El Malick Ndiaye compte corriger.<\/p>\n<p>C\u2019est ainsi qu\u2019il a mis en place un groupe de travail charg\u00e9 de plancher sur la question et de lui proposer une m\u00e9thodologie d\u2019\u00e9valuation.<\/p>\n<p>Ledit groupe est compos\u00e9e de douze membres et devra d\u00e9posera son rapport au plus tard dans deux mois.<\/p>\n<p><span style=\"color: #ff0000;\"><strong>LES 12 MEMBRES DU GROUPE DE TRAVAIL<\/strong><\/span><\/p>\n<p><strong>1-Mouhamed Sall<\/strong><\/p>\n<p><strong>2-Alphonse Man\u00e9 Sambou<\/strong><\/p>\n<p><strong>3-Mame Diarra B\u00e8ye<\/strong><\/p>\n<p><strong>4-Marie Ang\u00e9lique M. Selb\u00e9 Diouf<\/strong><\/p>\n<p><strong>5-Samba Dang<\/strong><\/p>\n<p><strong>6-Abdoul Kadyr Sonko<\/strong><\/p>\n<p><strong>7-Cheikh A. T. Youm<\/strong><\/p>\n<p><strong>8-Tafsir Thioye<\/strong><\/p>\n<p><strong>9-Amadou Diallo n\u00b01<\/strong><\/p>\n<p><strong>10-Djima Souar\u00e9<\/strong><\/p>\n<p><strong>11-Modou Ndiaye<\/strong><\/p>\n<p><strong>12-Mamadou Yauck<\/strong><\/p>\n<p>&nbsp;<\/p>\n<div class='share-to-whatsapp-wrapper'><div class='share-on-whsp'>PARTAGER SUR : <\/div><a data-text='EVALUATION DES POLITIQUES PUBLIQUES PAR L'ASSEMBLEE NATIONALE \u2013 El Malick Ndiaye pose un acte !' data-link='https:\/\/www.nettali.com\/2025\/02\/10\/evaluation-des-politiques-publiques-el-malick-met-en-place-un-groupe-de-travail-de-12-membres\/' class='whatsapp-button whatsapp-share'>WhatsApp<\/a><div class='clear '><\/div><\/div>","protected":false},"excerpt":{"rendered":"<p>NETTALI.COM - Le pr\u00e9sident de l\u2019Assembl\u00e9e nationale, El Malick Ndiaye, prend tr\u00e8s au s\u00e9rieux sa mission. Il compte faire plus que l\u2019ensemble de ses pr\u00e9d\u00e9cesseurs et veut que l\u2019Assembl\u00e9e nationale prenne la pl\u00e9nitude de ses pr\u00e9rogatives. Pour que l\u2019Assembl\u00e9e puisse \u00e9valuer convenablement les politiques publiques, il a mis en place une commission charg\u00e9e de lui [&hellip;]<\/p>\n","protected":false},"author":4,"featured_media":148442,"comment_status":"open","ping_status":"open","sticky":false,"template":"","format":"standard","meta":{"_et_pb_use_builder":"","_et_pb_old_content":""},"categories":[2],"tags":[],"yoast_head":"<!-- This site is optimized with the Yoast SEO Premium plugin v17.8 (Yoast SEO v17.8) - https:\/\/yoast.com\/wordpress\/plugins\/seo\/ -->\n<title>EVALUATION DES POLITIQUES PUBLIQUES PAR L&#039;ASSEMBLEE NATIONALE \u2013 El Malick Ndiaye pose un acte ! | Nettali.com<\/title>\n<meta name=\"robots\" content=\"index, follow, max-snippet:-1, max-image-preview:large, max-video-preview:-1\" \/>\n<link rel=\"canonical\" href=\"https:\/\/www.nettali.com\/2025\/02\/10\/evaluation-des-politiques-publiques-el-malick-met-en-place-un-groupe-de-travail-de-12-membres\/\" \/>\n<meta property=\"og:locale\" content=\"fr_FR\" \/>\n<meta property=\"og:type\" content=\"article\" \/>\n<meta property=\"og:title\" content=\"EVALUATION DES POLITIQUES PUBLIQUES PAR L&#039;ASSEMBLEE NATIONALE \u2013 El Malick Ndiaye pose un acte !\" \/>\n<meta property=\"og:description\" content=\"NETTALI.COM - Le pr\u00e9sident de l\u2019Assembl\u00e9e nationale, El Malick Ndiaye, prend tr\u00e8s au s\u00e9rieux sa mission. Il compte faire plus que l\u2019ensemble de ses pr\u00e9d\u00e9cesseurs et veut que l\u2019Assembl\u00e9e nationale prenne la pl\u00e9nitude de ses pr\u00e9rogatives. Pour que l\u2019Assembl\u00e9e puisse \u00e9valuer convenablement les politiques publiques, il a mis en place une commission charg\u00e9e de lui [&hellip;]\" \/>\n<meta property=\"og:url\" content=\"https:\/\/www.nettali.com\/2025\/02\/10\/evaluation-des-politiques-publiques-el-malick-met-en-place-un-groupe-de-travail-de-12-membres\/\" \/>\n<meta property=\"og:site_name\" content=\"Nettali.com\" \/>\n<meta property=\"article:publisher\" content=\"https:\/\/www.facebook.com\/nettalicom\" \/>\n<meta property=\"article:published_time\" content=\"2025-02-10T16:40:14+00:00\" \/>\n<meta property=\"article:modified_time\" content=\"2025-02-10T18:10:25+00:00\" \/>\n<meta property=\"og:image\" content=\"https:\/\/www.nettali.com\/wp-content\/uploads\/2025\/02\/el-malick-ndiaye-delegation-aftu-1.jpg\" \/>\n\t<meta property=\"og:image:width\" content=\"900\" \/>\n\t<meta property=\"og:image:height\" content=\"650\" \/>\n<meta name=\"twitter:card\" content=\"summary_large_image\" \/>\n<meta name=\"twitter:label1\" content=\"\u00c9crit par\" \/>\n\t<meta name=\"twitter:data1\" content=\"Daouda\" \/>\n\t<meta name=\"twitter:label2\" content=\"Dur\u00e9e de lecture estim\u00e9e\" \/>\n\t<meta name=\"twitter:data2\" content=\"1 minute\" \/>\n<script type=\"application\/ld+json\" class=\"yoast-schema-graph\">{\"@context\":\"https:\/\/schema.org\",\"@graph\":[{\"@type\":\"WebSite\",\"@id\":\"https:\/\/www.nettali.com\/#website\",\"url\":\"https:\/\/www.nettali.com\/\",\"name\":\"Nettali.com\",\"description\":\"Le rendez-vous critique du Net\",\"potentialAction\":[{\"@type\":\"SearchAction\",\"target\":{\"@type\":\"EntryPoint\",\"urlTemplate\":\"https:\/\/www.nettali.com\/?s={search_term_string}\"},\"query-input\":\"required name=search_term_string\"}],\"inLanguage\":\"fr-FR\"},{\"@type\":\"ImageObject\",\"@id\":\"https:\/\/www.nettali.com\/2025\/02\/10\/evaluation-des-politiques-publiques-el-malick-met-en-place-un-groupe-de-travail-de-12-membres\/#primaryimage\",\"inLanguage\":\"fr-FR\",\"url\":\"https:\/\/www.nettali.com\/wp-content\/uploads\/2025\/02\/el-malick-ndiaye-delegation-aftu-1.jpg\",\"contentUrl\":\"https:\/\/www.nettali.com\/wp-content\/uploads\/2025\/02\/el-malick-ndiaye-delegation-aftu-1.jpg\",\"width\":900,\"height\":650},{\"@type\":\"WebPage\",\"@id\":\"https:\/\/www.nettali.com\/2025\/02\/10\/evaluation-des-politiques-publiques-el-malick-met-en-place-un-groupe-de-travail-de-12-membres\/#webpage\",\"url\":\"https:\/\/www.nettali.com\/2025\/02\/10\/evaluation-des-politiques-publiques-el-malick-met-en-place-un-groupe-de-travail-de-12-membres\/\",\"name\":\"EVALUATION DES POLITIQUES PUBLIQUES PAR L'ASSEMBLEE NATIONALE \\u2013 El Malick Ndiaye pose un acte ! | Nettali.com\",\"isPartOf\":{\"@id\":\"https:\/\/www.nettali.com\/#website\"},\"primaryImageOfPage\":{\"@id\":\"https:\/\/www.nettali.com\/2025\/02\/10\/evaluation-des-politiques-publiques-el-malick-met-en-place-un-groupe-de-travail-de-12-membres\/#primaryimage\"},\"datePublished\":\"2025-02-10T16:40:14+00:00\",\"dateModified\":\"2025-02-10T18:10:25+00:00\",\"author\":{\"@id\":\"https:\/\/www.nettali.com\/#\/schema\/person\/3317e0bb3aa1da309fbf7b2780901bf4\"},\"breadcrumb\":{\"@id\":\"https:\/\/www.nettali.com\/2025\/02\/10\/evaluation-des-politiques-publiques-el-malick-met-en-place-un-groupe-de-travail-de-12-membres\/#breadcrumb\"},\"inLanguage\":\"fr-FR\",\"potentialAction\":[{\"@type\":\"ReadAction\",\"target\":[\"https:\/\/www.nettali.com\/2025\/02\/10\/evaluation-des-politiques-publiques-el-malick-met-en-place-un-groupe-de-travail-de-12-membres\/\"]}]},{\"@type\":\"BreadcrumbList\",\"@id\":\"https:\/\/www.nettali.com\/2025\/02\/10\/evaluation-des-politiques-publiques-el-malick-met-en-place-un-groupe-de-travail-de-12-membres\/#breadcrumb\",\"itemListElement\":[{\"@type\":\"ListItem\",\"position\":1,\"name\":\"Accueil\",\"item\":\"https:\/\/www.nettali.com\/\"},{\"@type\":\"ListItem\",\"position\":2,\"name\":\"EVALUATION DES POLITIQUES PUBLIQUES PAR L'ASSEMBLEE NATIONALE \\u2013 El Malick Ndiaye pose un acte !\"}]},{\"@type\":\"Person\",\"@id\":\"https:\/\/www.nettali.com\/#\/schema\/person\/3317e0bb3aa1da309fbf7b2780901bf4\",\"name\":\"Daouda\",\"image\":{\"@type\":\"ImageObject\",\"@id\":\"https:\/\/www.nettali.com\/#personlogo\",\"inLanguage\":\"fr-FR\",\"url\":\"https:\/\/secure.gravatar.com\/avatar\/8d143b5a49345098ddcfee1c49c2f47c?s=96&d=mm&r=g\",\"contentUrl\":\"https:\/\/secure.gravatar.com\/avatar\/8d143b5a49345098ddcfee1c49c2f47c?s=96&d=mm&r=g\",\"caption\":\"Daouda\"},\"sameAs\":[\"https:\/\/www.nettali.com\"]}]}<\/script>\n<!-- \/ Yoast SEO Premium plugin. -->","yoast_head_json":{"title":"EVALUATION DES POLITIQUES PUBLIQUES PAR L'ASSEMBLEE NATIONALE \u2013 El Malick Ndiaye pose un acte ! | Nettali.com","robots":{"index":"index","follow":"follow","max-snippet":"max-snippet:-1","max-image-preview":"max-image-preview:large","max-video-preview":"max-video-preview:-1"},"canonical":"https:\/\/www.nettali.com\/2025\/02\/10\/evaluation-des-politiques-publiques-el-malick-met-en-place-un-groupe-de-travail-de-12-membres\/","og_locale":"fr_FR","og_type":"article","og_title":"EVALUATION DES POLITIQUES PUBLIQUES PAR L'ASSEMBLEE NATIONALE \u2013 El Malick Ndiaye pose un acte !","og_description":"NETTALI.COM - Le pr\u00e9sident de l\u2019Assembl\u00e9e nationale, El Malick Ndiaye, prend tr\u00e8s au s\u00e9rieux sa mission. Il compte faire plus que l\u2019ensemble de ses pr\u00e9d\u00e9cesseurs et veut que l\u2019Assembl\u00e9e nationale prenne la pl\u00e9nitude de ses pr\u00e9rogatives. Pour que l\u2019Assembl\u00e9e puisse \u00e9valuer convenablement les politiques publiques, il a mis en place une commission charg\u00e9e de lui [&hellip;]","og_url":"https:\/\/www.nettali.com\/2025\/02\/10\/evaluation-des-politiques-publiques-el-malick-met-en-place-un-groupe-de-travail-de-12-membres\/","og_site_name":"Nettali.com","article_publisher":"https:\/\/www.facebook.com\/nettalicom","article_published_time":"2025-02-10T16:40:14+00:00","article_modified_time":"2025-02-10T18:10:25+00:00","og_image":[{"width":900,"height":650,"url":"https:\/\/www.nettali.com\/wp-content\/uploads\/2025\/02\/el-malick-ndiaye-delegation-aftu-1.jpg","type":"image\/jpeg"}],"twitter_card":"summary_large_image","twitter_misc":{"\u00c9crit par":"Daouda","Dur\u00e9e de lecture estim\u00e9e":"1 minute"},"schema":{"@context":"https:\/\/schema.org","@graph":[{"@type":"WebSite","@id":"https:\/\/www.nettali.com\/#website","url":"https:\/\/www.nettali.com\/","name":"Nettali.com","description":"Le rendez-vous critique du Net","potentialAction":[{"@type":"SearchAction","target":{"@type":"EntryPoint","urlTemplate":"https:\/\/www.nettali.com\/?s={search_term_string}"},"query-input":"required name=search_term_string"}],"inLanguage":"fr-FR"},{"@type":"ImageObject","@id":"https:\/\/www.nettali.com\/2025\/02\/10\/evaluation-des-politiques-publiques-el-malick-met-en-place-un-groupe-de-travail-de-12-membres\/#primaryimage","inLanguage":"fr-FR","url":"https:\/\/www.nettali.com\/wp-content\/uploads\/2025\/02\/el-malick-ndiaye-delegation-aftu-1.jpg","contentUrl":"https:\/\/www.nettali.com\/wp-content\/uploads\/2025\/02\/el-malick-ndiaye-delegation-aftu-1.jpg","width":900,"height":650},{"@type":"WebPage","@id":"https:\/\/www.nettali.com\/2025\/02\/10\/evaluation-des-politiques-publiques-el-malick-met-en-place-un-groupe-de-travail-de-12-membres\/#webpage","url":"https:\/\/www.nettali.com\/2025\/02\/10\/evaluation-des-politiques-publiques-el-malick-met-en-place-un-groupe-de-travail-de-12-membres\/","name":"EVALUATION DES POLITIQUES PUBLIQUES PAR L'ASSEMBLEE NATIONALE \u2013 El Malick Ndiaye pose un acte ! | Nettali.com","isPartOf":{"@id":"https:\/\/www.nettali.com\/#website"},"primaryImageOfPage":{"@id":"https:\/\/www.nettali.com\/2025\/02\/10\/evaluation-des-politiques-publiques-el-malick-met-en-place-un-groupe-de-travail-de-12-membres\/#primaryimage"},"datePublished":"2025-02-10T16:40:14+00:00","dateModified":"2025-02-10T18:10:25+00:00","author":{"@id":"https:\/\/www.nettali.com\/#\/schema\/person\/3317e0bb3aa1da309fbf7b2780901bf4"},"breadcrumb":{"@id":"https:\/\/www.nettali.com\/2025\/02\/10\/evaluation-des-politiques-publiques-el-malick-met-en-place-un-groupe-de-travail-de-12-membres\/#breadcrumb"},"inLanguage":"fr-FR","potentialAction":[{"@type":"ReadAction","target":["https:\/\/www.nettali.com\/2025\/02\/10\/evaluation-des-politiques-publiques-el-malick-met-en-place-un-groupe-de-travail-de-12-membres\/"]}]},{"@type":"BreadcrumbList","@id":"https:\/\/www.nettali.com\/2025\/02\/10\/evaluation-des-politiques-publiques-el-malick-met-en-place-un-groupe-de-travail-de-12-membres\/#breadcrumb","itemListElement":[{"@type":"ListItem","position":1,"name":"Accueil","item":"https:\/\/www.nettali.com\/"},{"@type":"ListItem","position":2,"name":"EVALUATION DES POLITIQUES PUBLIQUES PAR L'ASSEMBLEE NATIONALE \u2013 El Malick Ndiaye pose un acte !"}]},{"@type":"Person","@id":"https:\/\/www.nettali.com\/#\/schema\/person\/3317e0bb3aa1da309fbf7b2780901bf4","name":"Daouda","image":{"@type":"ImageObject","@id":"https:\/\/www.nettali.com\/#personlogo","inLanguage":"fr-FR","url":"https:\/\/secure.gravatar.com\/avatar\/8d143b5a49345098ddcfee1c49c2f47c?s=96&d=mm&r=g","contentUrl":"https:\/\/secure.gravatar.com\/avatar\/8d143b5a49345098ddcfee1c49c2f47c?s=96&d=mm&r=g","caption":"Daouda"},"sameAs":["https:\/\/www.nettali.com"]}]}},"_links":{"self":[{"href":"https:\/\/www.nettali.com\/rest\/wp\/v2\/posts\/148726"}],"collection":[{"href":"https:\/\/www.nettali.com\/rest\/wp\/v2\/posts"}],"about":[{"href":"https:\/\/www.nettali.com\/rest\/wp\/v2\/types\/post"}],"author":[{"embeddable":true,"href":"https:\/\/www.nettali.com\/rest\/wp\/v2\/users\/4"}],"replies":[{"embeddable":true,"href":"https:\/\/www.nettali.com\/rest\/wp\/v2\/comments?post=148726"}],"version-history":[{"count":3,"href":"https:\/\/www.nettali.com\/rest\/wp\/v2\/posts\/148726\/revisions"}],"predecessor-version":[{"id":148729,"href":"https:\/\/www.nettali.com\/rest\/wp\/v2\/posts\/148726\/revisions\/148729"}],"wp:featuredmedia":[{"embeddable":true,"href":"https:\/\/www.nettali.com\/rest\/wp\/v2\/media\/148442"}],"wp:attachment":[{"href":"https:\/\/www.nettali.com\/rest\/wp\/v2\/media?parent=148726"}],"wp:term":[{"taxonomy":"category","embeddable":true,"href":"https:\/\/www.nettali.com\/rest\/wp\/v2\/categories?post=148726"},{"taxonomy":"post_tag","embeddable":true,"href":"https:\/\/www.nettali.com\/rest\/wp\/v2\/tags?post=148726"}],"curies":[{"name":"wp","href":"https:\/\/api.w.org\/{rel}","templated":true}]}}