{"id":148715,"date":"2025-02-10T12:33:41","date_gmt":"2025-02-10T12:33:41","guid":{"rendered":"https:\/\/www.nettali.com\/?p=148715"},"modified":"2025-02-10T15:17:44","modified_gmt":"2025-02-10T15:17:44","slug":"competitions-internationales-djiby-diallo-invite-letat-a-accompagner-le-karatekas-senegalais","status":"publish","type":"post","link":"https:\/\/www.nettali.com\/2025\/02\/10\/competitions-internationales-djiby-diallo-invite-letat-a-accompagner-le-karatekas-senegalais\/","title":{"rendered":"COMP\u00c9TITIONS INTERNATIONALES - Djiby Diallo invite l\u2019\u00c9tat \u00e0 accompagner le Karat\u00e9 s\u00e9n\u00e9galais"},"content":{"rendered":"<p><strong>NETTALI.COM - En marge de la Coupe du S\u00e9n\u00e9gal r\u00e9serv\u00e9e \u00e0 la Petite cat\u00e9gorie, ce samedi 8 f\u00e9vrier au stadium Amadou Barry de Gu\u00e9diawaye, l\u2019ancien sous-pr\u00e9fet de Dakar Plateau, Djiby Diallo, est revenu sur l\u2019importance de la pratique du Karat\u00e9. Pour le pr\u00e9sident de la commission sociale et r\u00e9insertion au niveau de la F\u00e9d\u00e9ration s\u00e9n\u00e9galaise de Karat\u00e9 (FSKDA), le nouveau gouvernement doit mettre les moyens pour permettre aux athl\u00e8tes de participer \u00e0 des joutes internationales afin de mieux pr\u00e9parer la rel\u00e8ve.<\/strong><\/p>\n<p>\u00c0 ses yeux, cette coupe du S\u00e9n\u00e9gal r\u00e9serv\u00e9e \u00e0 la petite cat\u00e9gorie permet de d\u00e9tecter de la bonne graine, de suivre ces jeunes pour en faire de futurs champions.<\/p>\n<p>\"<em>De tout temps, le S\u00e9n\u00e9gal a \u00e9t\u00e9 au dessus de la m\u00eal\u00e9e en Afrique. Aujourd\u2019hui, l\u2019\u00c9gypte caracole en t\u00eate, les pays maghr\u00e9bins globalement. C\u2019est parce que dans ces pays, les moyens sont mis \u00e0 contribution, les f\u00e9d\u00e9rations se renforcent davantage. On ne d\u00e9passe pas 15 \u00e0 16 athl\u00e8tes quand on va en comp\u00e9tition internationale alors qu\u2019eux partent avec 50 \u00e0 60 athl\u00e8tes. Et malgr\u00e9 cela, nous avons des jeunes qui gagnent encore. Nous lan\u00e7ons un appel aux autorit\u00e9s pour que les moyens puissent \u00eatre encore renforc\u00e9s et de savoir que les arts martiaux constituent en tout cas des disciplines qui peuvent consacrer des m\u00e9dailles. \u00c0 la veille des Jeux olympiques de la jeunesse Dakar 2026, il faut que le chef de l\u2019\u00c9tat, Bassirou Diomaye Faye, le Premier ministre et le ministre des Sports fassent de sorte que la F\u00e9d\u00e9ration de Karat\u00e9 puisse participer aux comp\u00e9titions internationales<\/em>\", a-t-il lanc\u00e9.<\/p>\n<p>L\u2019autre point non moins important est que la petite cat\u00e9gorie regroupe des \u00e9l\u00e8ves et des \u00e9tudiants. Ainsi, monsieur Diallo invite les autorit\u00e9s \u00e0 les accompagner dans l\u2019obtention de bourses et de bons de formation. Pareil pour ceux qui sont dans l\u2019informel et dans les Daaras. La Commission sociale qu\u2019il dirige appelle l\u2019ensemble des pratiquants \u00e0 tirer vers le m\u00eame sens et faire du Karat\u00e9 une discipline f\u00e9d\u00e9rale.<br \/>\n\"<em>Aujourd\u2019hui, les textes sont l\u00e0, j\u2019appelle vraiment\u00a0 \u00e0 un esprit de d\u00e9passement. Toutes les f\u00e9d\u00e9rations ont des probl\u00e8mes en g\u00e9n\u00e9ral, mais c\u2019est dans la discussion, le dialogue, la compr\u00e9hension et l\u2019acceptation de la diff\u00e9rence qu\u2019on arrivera \u00e0 construire le karat\u00e9 s\u00e9n\u00e9galais. Et vraiment, je lance un appel \u00e0 tout le monde, surtout les anciens et les jeunes<\/em>\", a fait savoir le pr\u00e9sident de la commission sociale et r\u00e9insertion au niveau de la F\u00e9d\u00e9ration s\u00e9n\u00e9galaise de Karat\u00e9 (FSKDA).<\/p>\n<div class='share-to-whatsapp-wrapper'><div class='share-on-whsp'>PARTAGER SUR : <\/div><a data-text='COMP\u00c9TITIONS INTERNATIONALES - Djiby Diallo invite l\u2019\u00c9tat \u00e0 accompagner le Karat\u00e9 s\u00e9n\u00e9galais' data-link='https:\/\/www.nettali.com\/2025\/02\/10\/competitions-internationales-djiby-diallo-invite-letat-a-accompagner-le-karatekas-senegalais\/' class='whatsapp-button whatsapp-share'>WhatsApp<\/a><div class='clear '><\/div><\/div>","protected":false},"excerpt":{"rendered":"<p>NETTALI.COM - En marge de la Coupe du S\u00e9n\u00e9gal r\u00e9serv\u00e9e \u00e0 la Petite cat\u00e9gorie, ce samedi 8 f\u00e9vrier au stadium Amadou Barry de Gu\u00e9diawaye, l\u2019ancien sous-pr\u00e9fet de Dakar Plateau, Djiby Diallo, est revenu sur l\u2019importance de la pratique du Karat\u00e9. Pour le pr\u00e9sident de la commission sociale et r\u00e9insertion au niveau de la F\u00e9d\u00e9ration s\u00e9n\u00e9galaise [&hellip;]<\/p>\n","protected":false},"author":5,"featured_media":148686,"comment_status":"open","ping_status":"open","sticky":false,"template":"","format":"standard","meta":{"_et_pb_use_builder":"","_et_pb_old_content":""},"categories":[6],"tags":[],"yoast_head":"<!-- This site is optimized with the Yoast SEO Premium plugin v17.8 (Yoast SEO v17.8) - https:\/\/yoast.com\/wordpress\/plugins\/seo\/ -->\n<title>COMP\u00c9TITIONS INTERNATIONALES - Djiby Diallo invite l\u2019\u00c9tat \u00e0 accompagner le Karat\u00e9 s\u00e9n\u00e9galais | Nettali.com<\/title>\n<meta name=\"robots\" content=\"index, follow, max-snippet:-1, max-image-preview:large, max-video-preview:-1\" \/>\n<link rel=\"canonical\" href=\"https:\/\/www.nettali.com\/2025\/02\/10\/competitions-internationales-djiby-diallo-invite-letat-a-accompagner-le-karatekas-senegalais\/\" \/>\n<meta property=\"og:locale\" content=\"fr_FR\" \/>\n<meta property=\"og:type\" content=\"article\" \/>\n<meta property=\"og:title\" content=\"COMP\u00c9TITIONS INTERNATIONALES - Djiby Diallo invite l\u2019\u00c9tat \u00e0 accompagner le Karat\u00e9 s\u00e9n\u00e9galais\" \/>\n<meta property=\"og:description\" content=\"NETTALI.COM - En marge de la Coupe du S\u00e9n\u00e9gal r\u00e9serv\u00e9e \u00e0 la Petite cat\u00e9gorie, ce samedi 8 f\u00e9vrier au stadium Amadou Barry de Gu\u00e9diawaye, l\u2019ancien sous-pr\u00e9fet de Dakar Plateau, Djiby Diallo, est revenu sur l\u2019importance de la pratique du Karat\u00e9. Pour le pr\u00e9sident de la commission sociale et r\u00e9insertion au niveau de la F\u00e9d\u00e9ration s\u00e9n\u00e9galaise [&hellip;]\" \/>\n<meta property=\"og:url\" content=\"https:\/\/www.nettali.com\/2025\/02\/10\/competitions-internationales-djiby-diallo-invite-letat-a-accompagner-le-karatekas-senegalais\/\" \/>\n<meta property=\"og:site_name\" content=\"Nettali.com\" \/>\n<meta property=\"article:publisher\" content=\"https:\/\/www.facebook.com\/nettalicom\" \/>\n<meta property=\"article:published_time\" content=\"2025-02-10T12:33:41+00:00\" \/>\n<meta property=\"article:modified_time\" content=\"2025-02-10T15:17:44+00:00\" \/>\n<meta property=\"og:image\" content=\"https:\/\/www.nettali.com\/wp-content\/uploads\/2025\/02\/IMG-20250208-WA0114.jpg\" \/>\n\t<meta property=\"og:image:width\" content=\"1080\" \/>\n\t<meta property=\"og:image:height\" content=\"632\" \/>\n<meta name=\"twitter:card\" content=\"summary_large_image\" \/>\n<meta name=\"twitter:label1\" content=\"\u00c9crit par\" \/>\n\t<meta name=\"twitter:data1\" content=\"Ibrahima\" \/>\n\t<meta name=\"twitter:label2\" content=\"Dur\u00e9e de lecture estim\u00e9e\" \/>\n\t<meta name=\"twitter:data2\" content=\"3 minutes\" \/>\n<script type=\"application\/ld+json\" class=\"yoast-schema-graph\">{\"@context\":\"https:\/\/schema.org\",\"@graph\":[{\"@type\":\"WebSite\",\"@id\":\"https:\/\/www.nettali.com\/#website\",\"url\":\"https:\/\/www.nettali.com\/\",\"name\":\"Nettali.com\",\"description\":\"Le rendez-vous critique du Net\",\"potentialAction\":[{\"@type\":\"SearchAction\",\"target\":{\"@type\":\"EntryPoint\",\"urlTemplate\":\"https:\/\/www.nettali.com\/?s={search_term_string}\"},\"query-input\":\"required name=search_term_string\"}],\"inLanguage\":\"fr-FR\"},{\"@type\":\"ImageObject\",\"@id\":\"https:\/\/www.nettali.com\/2025\/02\/10\/competitions-internationales-djiby-diallo-invite-letat-a-accompagner-le-karatekas-senegalais\/#primaryimage\",\"inLanguage\":\"fr-FR\",\"url\":\"https:\/\/www.nettali.com\/wp-content\/uploads\/2025\/02\/IMG-20250208-WA0114.jpg\",\"contentUrl\":\"https:\/\/www.nettali.com\/wp-content\/uploads\/2025\/02\/IMG-20250208-WA0114.jpg\",\"width\":1080,\"height\":632},{\"@type\":\"WebPage\",\"@id\":\"https:\/\/www.nettali.com\/2025\/02\/10\/competitions-internationales-djiby-diallo-invite-letat-a-accompagner-le-karatekas-senegalais\/#webpage\",\"url\":\"https:\/\/www.nettali.com\/2025\/02\/10\/competitions-internationales-djiby-diallo-invite-letat-a-accompagner-le-karatekas-senegalais\/\",\"name\":\"COMP\\u00c9TITIONS INTERNATIONALES - Djiby Diallo invite l\\u2019\\u00c9tat \\u00e0 accompagner le Karat\\u00e9 s\\u00e9n\\u00e9galais | Nettali.com\",\"isPartOf\":{\"@id\":\"https:\/\/www.nettali.com\/#website\"},\"primaryImageOfPage\":{\"@id\":\"https:\/\/www.nettali.com\/2025\/02\/10\/competitions-internationales-djiby-diallo-invite-letat-a-accompagner-le-karatekas-senegalais\/#primaryimage\"},\"datePublished\":\"2025-02-10T12:33:41+00:00\",\"dateModified\":\"2025-02-10T15:17:44+00:00\",\"author\":{\"@id\":\"https:\/\/www.nettali.com\/#\/schema\/person\/bb147657c2986240405a608162b9bb23\"},\"breadcrumb\":{\"@id\":\"https:\/\/www.nettali.com\/2025\/02\/10\/competitions-internationales-djiby-diallo-invite-letat-a-accompagner-le-karatekas-senegalais\/#breadcrumb\"},\"inLanguage\":\"fr-FR\",\"potentialAction\":[{\"@type\":\"ReadAction\",\"target\":[\"https:\/\/www.nettali.com\/2025\/02\/10\/competitions-internationales-djiby-diallo-invite-letat-a-accompagner-le-karatekas-senegalais\/\"]}]},{\"@type\":\"BreadcrumbList\",\"@id\":\"https:\/\/www.nettali.com\/2025\/02\/10\/competitions-internationales-djiby-diallo-invite-letat-a-accompagner-le-karatekas-senegalais\/#breadcrumb\",\"itemListElement\":[{\"@type\":\"ListItem\",\"position\":1,\"name\":\"Accueil\",\"item\":\"https:\/\/www.nettali.com\/\"},{\"@type\":\"ListItem\",\"position\":2,\"name\":\"COMP\\u00c9TITIONS INTERNATIONALES - Djiby Diallo invite l\\u2019\\u00c9tat \\u00e0 accompagner le Karat\\u00e9 s\\u00e9n\\u00e9galais\"}]},{\"@type\":\"Person\",\"@id\":\"https:\/\/www.nettali.com\/#\/schema\/person\/bb147657c2986240405a608162b9bb23\",\"name\":\"Ibrahima\",\"image\":{\"@type\":\"ImageObject\",\"@id\":\"https:\/\/www.nettali.com\/#personlogo\",\"inLanguage\":\"fr-FR\",\"url\":\"https:\/\/secure.gravatar.com\/avatar\/26a8a81f09f0dd7624c9d5c36c9ba3a2?s=96&d=mm&r=g\",\"contentUrl\":\"https:\/\/secure.gravatar.com\/avatar\/26a8a81f09f0dd7624c9d5c36c9ba3a2?s=96&d=mm&r=g\",\"caption\":\"Ibrahima\"},\"sameAs\":[\"https:\/\/www.nettali.com\"]}]}<\/script>\n<!-- \/ Yoast SEO Premium plugin. -->","yoast_head_json":{"title":"COMP\u00c9TITIONS INTERNATIONALES - Djiby Diallo invite l\u2019\u00c9tat \u00e0 accompagner le Karat\u00e9 s\u00e9n\u00e9galais | Nettali.com","robots":{"index":"index","follow":"follow","max-snippet":"max-snippet:-1","max-image-preview":"max-image-preview:large","max-video-preview":"max-video-preview:-1"},"canonical":"https:\/\/www.nettali.com\/2025\/02\/10\/competitions-internationales-djiby-diallo-invite-letat-a-accompagner-le-karatekas-senegalais\/","og_locale":"fr_FR","og_type":"article","og_title":"COMP\u00c9TITIONS INTERNATIONALES - Djiby Diallo invite l\u2019\u00c9tat \u00e0 accompagner le Karat\u00e9 s\u00e9n\u00e9galais","og_description":"NETTALI.COM - En marge de la Coupe du S\u00e9n\u00e9gal r\u00e9serv\u00e9e \u00e0 la Petite cat\u00e9gorie, ce samedi 8 f\u00e9vrier au stadium Amadou Barry de Gu\u00e9diawaye, l\u2019ancien sous-pr\u00e9fet de Dakar Plateau, Djiby Diallo, est revenu sur l\u2019importance de la pratique du Karat\u00e9. Pour le pr\u00e9sident de la commission sociale et r\u00e9insertion au niveau de la F\u00e9d\u00e9ration s\u00e9n\u00e9galaise [&hellip;]","og_url":"https:\/\/www.nettali.com\/2025\/02\/10\/competitions-internationales-djiby-diallo-invite-letat-a-accompagner-le-karatekas-senegalais\/","og_site_name":"Nettali.com","article_publisher":"https:\/\/www.facebook.com\/nettalicom","article_published_time":"2025-02-10T12:33:41+00:00","article_modified_time":"2025-02-10T15:17:44+00:00","og_image":[{"width":1080,"height":632,"url":"https:\/\/www.nettali.com\/wp-content\/uploads\/2025\/02\/IMG-20250208-WA0114.jpg","type":"image\/jpeg"}],"twitter_card":"summary_large_image","twitter_misc":{"\u00c9crit par":"Ibrahima","Dur\u00e9e de lecture estim\u00e9e":"3 minutes"},"schema":{"@context":"https:\/\/schema.org","@graph":[{"@type":"WebSite","@id":"https:\/\/www.nettali.com\/#website","url":"https:\/\/www.nettali.com\/","name":"Nettali.com","description":"Le rendez-vous critique du Net","potentialAction":[{"@type":"SearchAction","target":{"@type":"EntryPoint","urlTemplate":"https:\/\/www.nettali.com\/?s={search_term_string}"},"query-input":"required name=search_term_string"}],"inLanguage":"fr-FR"},{"@type":"ImageObject","@id":"https:\/\/www.nettali.com\/2025\/02\/10\/competitions-internationales-djiby-diallo-invite-letat-a-accompagner-le-karatekas-senegalais\/#primaryimage","inLanguage":"fr-FR","url":"https:\/\/www.nettali.com\/wp-content\/uploads\/2025\/02\/IMG-20250208-WA0114.jpg","contentUrl":"https:\/\/www.nettali.com\/wp-content\/uploads\/2025\/02\/IMG-20250208-WA0114.jpg","width":1080,"height":632},{"@type":"WebPage","@id":"https:\/\/www.nettali.com\/2025\/02\/10\/competitions-internationales-djiby-diallo-invite-letat-a-accompagner-le-karatekas-senegalais\/#webpage","url":"https:\/\/www.nettali.com\/2025\/02\/10\/competitions-internationales-djiby-diallo-invite-letat-a-accompagner-le-karatekas-senegalais\/","name":"COMP\u00c9TITIONS INTERNATIONALES - Djiby Diallo invite l\u2019\u00c9tat \u00e0 accompagner le Karat\u00e9 s\u00e9n\u00e9galais | Nettali.com","isPartOf":{"@id":"https:\/\/www.nettali.com\/#website"},"primaryImageOfPage":{"@id":"https:\/\/www.nettali.com\/2025\/02\/10\/competitions-internationales-djiby-diallo-invite-letat-a-accompagner-le-karatekas-senegalais\/#primaryimage"},"datePublished":"2025-02-10T12:33:41+00:00","dateModified":"2025-02-10T15:17:44+00:00","author":{"@id":"https:\/\/www.nettali.com\/#\/schema\/person\/bb147657c2986240405a608162b9bb23"},"breadcrumb":{"@id":"https:\/\/www.nettali.com\/2025\/02\/10\/competitions-internationales-djiby-diallo-invite-letat-a-accompagner-le-karatekas-senegalais\/#breadcrumb"},"inLanguage":"fr-FR","potentialAction":[{"@type":"ReadAction","target":["https:\/\/www.nettali.com\/2025\/02\/10\/competitions-internationales-djiby-diallo-invite-letat-a-accompagner-le-karatekas-senegalais\/"]}]},{"@type":"BreadcrumbList","@id":"https:\/\/www.nettali.com\/2025\/02\/10\/competitions-internationales-djiby-diallo-invite-letat-a-accompagner-le-karatekas-senegalais\/#breadcrumb","itemListElement":[{"@type":"ListItem","position":1,"name":"Accueil","item":"https:\/\/www.nettali.com\/"},{"@type":"ListItem","position":2,"name":"COMP\u00c9TITIONS INTERNATIONALES - Djiby Diallo invite l\u2019\u00c9tat \u00e0 accompagner le Karat\u00e9 s\u00e9n\u00e9galais"}]},{"@type":"Person","@id":"https:\/\/www.nettali.com\/#\/schema\/person\/bb147657c2986240405a608162b9bb23","name":"Ibrahima","image":{"@type":"ImageObject","@id":"https:\/\/www.nettali.com\/#personlogo","inLanguage":"fr-FR","url":"https:\/\/secure.gravatar.com\/avatar\/26a8a81f09f0dd7624c9d5c36c9ba3a2?s=96&d=mm&r=g","contentUrl":"https:\/\/secure.gravatar.com\/avatar\/26a8a81f09f0dd7624c9d5c36c9ba3a2?s=96&d=mm&r=g","caption":"Ibrahima"},"sameAs":["https:\/\/www.nettali.com"]}]}},"_links":{"self":[{"href":"https:\/\/www.nettali.com\/rest\/wp\/v2\/posts\/148715"}],"collection":[{"href":"https:\/\/www.nettali.com\/rest\/wp\/v2\/posts"}],"about":[{"href":"https:\/\/www.nettali.com\/rest\/wp\/v2\/types\/post"}],"author":[{"embeddable":true,"href":"https:\/\/www.nettali.com\/rest\/wp\/v2\/users\/5"}],"replies":[{"embeddable":true,"href":"https:\/\/www.nettali.com\/rest\/wp\/v2\/comments?post=148715"}],"version-history":[{"count":6,"href":"https:\/\/www.nettali.com\/rest\/wp\/v2\/posts\/148715\/revisions"}],"predecessor-version":[{"id":148733,"href":"https:\/\/www.nettali.com\/rest\/wp\/v2\/posts\/148715\/revisions\/148733"}],"wp:featuredmedia":[{"embeddable":true,"href":"https:\/\/www.nettali.com\/rest\/wp\/v2\/media\/148686"}],"wp:attachment":[{"href":"https:\/\/www.nettali.com\/rest\/wp\/v2\/media?parent=148715"}],"wp:term":[{"taxonomy":"category","embeddable":true,"href":"https:\/\/www.nettali.com\/rest\/wp\/v2\/categories?post=148715"},{"taxonomy":"post_tag","embeddable":true,"href":"https:\/\/www.nettali.com\/rest\/wp\/v2\/tags?post=148715"}],"curies":[{"name":"wp","href":"https:\/\/api.w.org\/{rel}","templated":true}]}}