{"id":148685,"date":"2025-02-10T07:55:03","date_gmt":"2025-02-10T07:55:03","guid":{"rendered":"https:\/\/www.nettali.com\/?p=148685"},"modified":"2025-02-10T07:55:03","modified_gmt":"2025-02-10T07:55:03","slug":"reforme-des-navetanes-amadou-kane-approuve-la-volonte-du-president-diomaye-faye","status":"publish","type":"post","link":"https:\/\/www.nettali.com\/2025\/02\/10\/reforme-des-navetanes-amadou-kane-approuve-la-volonte-du-president-diomaye-faye\/","title":{"rendered":"R\u00c9FORME DES NAV\u00c9TANES - Amadou Kane approuve la volont\u00e9 du Pr\u00e9sident Diomaye Faye"},"content":{"rendered":"<p><strong>NETTALI.COM - Pr\u00e9sident de l'Organisation Nationale de Coordination des Activit\u00e9s de Vacances (ONCAV), Amadou Kane a r\u00e9agi \u00e0 l\u2019annonce du Pr\u00e9sident Bassirou Diomaye Faye qui a appel\u00e9 \u00e0 la \"<em>r\u00e9forme<\/em>\" des Nav\u00e9tanes, \"<em>sources majeures de troubles publiques<\/em>\" au S\u00e9n\u00e9gal et qui a demand\u00e9 au ministre des Sports d'engager des concertations avec toutes les parties prenantes afin de mieux organiser le calendrier des comp\u00e9titions et r\u00e9former le mouvement.<\/strong><\/p>\n<p>\"<em>Tout le monde reconna\u00eet qu\u2019il y a de la violence dans les nav\u00e9tanes. Si une rencontre permet d\u2019\u00e9valuer ce qui fonctionne et ce qui doit \u00eatre am\u00e9lior\u00e9, et si elle permet d\u2019\u00e9radiquer la violence, nous sommes preneurs. Chaque S\u00e9n\u00e9galais doit l\u2019\u00eatre<\/em>\", a d\u00e9clar\u00e9 Amadou Kane ce dimanche 9 f\u00e9vrier lors de son passage \u00e0 l\u2019\u00e9mission \"Jury du Dimanche\" sur iRadio.<\/p>\n<p>Selon M. Kane, l'ONCAV a pour objectif de minimiser la violence dans les comp\u00e9titions sportives populaires et a d\u00e9j\u00e0 contact\u00e9 les autorit\u00e9s comp\u00e9tentes.<\/p>\n<p>\"<em>Nous avons adress\u00e9 un courrier au pr\u00e9sident de la R\u00e9publique pour le remercier de cette initiative. Nous avons \u00e9galement \u00e9crit au Premier ministre et \u00e0 la ministre des Sports pour leur exprimer notre disponibilit\u00e9 \u00e0 travailler ensemble sur cette r\u00e9forme. Nous avons d\u2019ailleurs d\u00e9j\u00e0 rencontr\u00e9 Mme le ministre des Sports \u00e0 ce sujet<\/em>\", a-t-il pr\u00e9cis\u00e9.<\/p>\n<p>Aux yeux du pr\u00e9sident Amadou Kane, la mention des Nav\u00e9tanes en Conseil des ministres est per\u00e7ue comme une opportunit\u00e9 significative de restructurer le mouvement sportif communautaire s\u00e9n\u00e9galais et d'am\u00e9liorer l'organisation des comp\u00e9titions.<\/p>\n<div class='share-to-whatsapp-wrapper'><div class='share-on-whsp'>PARTAGER SUR : <\/div><a data-text='R\u00c9FORME DES NAV\u00c9TANES - Amadou Kane approuve la volont\u00e9 du Pr\u00e9sident Diomaye Faye' data-link='https:\/\/www.nettali.com\/2025\/02\/10\/reforme-des-navetanes-amadou-kane-approuve-la-volonte-du-president-diomaye-faye\/' class='whatsapp-button whatsapp-share'>WhatsApp<\/a><div class='clear '><\/div><\/div>","protected":false},"excerpt":{"rendered":"<p>NETTALI.COM - Pr\u00e9sident de l'Organisation Nationale de Coordination des Activit\u00e9s de Vacances (ONCAV), Amadou Kane a r\u00e9agi \u00e0 l\u2019annonce du Pr\u00e9sident Bassirou Diomaye Faye qui a appel\u00e9 \u00e0 la \"r\u00e9forme\" des Nav\u00e9tanes, \"sources majeures de troubles publiques\" au S\u00e9n\u00e9gal et qui a demand\u00e9 au ministre des Sports d'engager des concertations avec toutes les parties prenantes [&hellip;]<\/p>\n","protected":false},"author":5,"featured_media":148683,"comment_status":"open","ping_status":"open","sticky":false,"template":"","format":"standard","meta":{"_et_pb_use_builder":"","_et_pb_old_content":""},"categories":[3],"tags":[],"yoast_head":"<!-- This site is optimized with the Yoast SEO Premium plugin v17.8 (Yoast SEO v17.8) - https:\/\/yoast.com\/wordpress\/plugins\/seo\/ -->\n<title>R\u00c9FORME DES NAV\u00c9TANES - Amadou Kane approuve la volont\u00e9 du Pr\u00e9sident Diomaye Faye | Nettali.com<\/title>\n<meta name=\"robots\" content=\"index, follow, max-snippet:-1, max-image-preview:large, max-video-preview:-1\" \/>\n<link rel=\"canonical\" href=\"https:\/\/www.nettali.com\/2025\/02\/10\/reforme-des-navetanes-amadou-kane-approuve-la-volonte-du-president-diomaye-faye\/\" \/>\n<meta property=\"og:locale\" content=\"fr_FR\" \/>\n<meta property=\"og:type\" content=\"article\" \/>\n<meta property=\"og:title\" content=\"R\u00c9FORME DES NAV\u00c9TANES - Amadou Kane approuve la volont\u00e9 du Pr\u00e9sident Diomaye Faye\" \/>\n<meta property=\"og:description\" content=\"NETTALI.COM - Pr\u00e9sident de l&#039;Organisation Nationale de Coordination des Activit\u00e9s de Vacances (ONCAV), Amadou Kane a r\u00e9agi \u00e0 l\u2019annonce du Pr\u00e9sident Bassirou Diomaye Faye qui a appel\u00e9 \u00e0 la &quot;r\u00e9forme&quot; des Nav\u00e9tanes, &quot;sources majeures de troubles publiques&quot; au S\u00e9n\u00e9gal et qui a demand\u00e9 au ministre des Sports d&#039;engager des concertations avec toutes les parties prenantes [&hellip;]\" \/>\n<meta property=\"og:url\" content=\"https:\/\/www.nettali.com\/2025\/02\/10\/reforme-des-navetanes-amadou-kane-approuve-la-volonte-du-president-diomaye-faye\/\" \/>\n<meta property=\"og:site_name\" content=\"Nettali.com\" \/>\n<meta property=\"article:publisher\" content=\"https:\/\/www.facebook.com\/nettalicom\" \/>\n<meta property=\"article:published_time\" content=\"2025-02-10T07:55:03+00:00\" \/>\n<meta property=\"og:image\" content=\"https:\/\/www.nettali.com\/wp-content\/uploads\/2025\/02\/21820821-24728939.jpg\" \/>\n\t<meta property=\"og:image:width\" content=\"690\" \/>\n\t<meta property=\"og:image:height\" content=\"377\" \/>\n<meta name=\"twitter:card\" content=\"summary_large_image\" \/>\n<meta name=\"twitter:label1\" content=\"\u00c9crit par\" \/>\n\t<meta name=\"twitter:data1\" content=\"Ibrahima\" \/>\n\t<meta name=\"twitter:label2\" content=\"Dur\u00e9e de lecture estim\u00e9e\" \/>\n\t<meta name=\"twitter:data2\" content=\"2 minutes\" \/>\n<script type=\"application\/ld+json\" class=\"yoast-schema-graph\">{\"@context\":\"https:\/\/schema.org\",\"@graph\":[{\"@type\":\"WebSite\",\"@id\":\"https:\/\/www.nettali.com\/#website\",\"url\":\"https:\/\/www.nettali.com\/\",\"name\":\"Nettali.com\",\"description\":\"Le rendez-vous critique du Net\",\"potentialAction\":[{\"@type\":\"SearchAction\",\"target\":{\"@type\":\"EntryPoint\",\"urlTemplate\":\"https:\/\/www.nettali.com\/?s={search_term_string}\"},\"query-input\":\"required name=search_term_string\"}],\"inLanguage\":\"fr-FR\"},{\"@type\":\"ImageObject\",\"@id\":\"https:\/\/www.nettali.com\/2025\/02\/10\/reforme-des-navetanes-amadou-kane-approuve-la-volonte-du-president-diomaye-faye\/#primaryimage\",\"inLanguage\":\"fr-FR\",\"url\":\"https:\/\/www.nettali.com\/wp-content\/uploads\/2025\/02\/21820821-24728939.jpg\",\"contentUrl\":\"https:\/\/www.nettali.com\/wp-content\/uploads\/2025\/02\/21820821-24728939.jpg\",\"width\":690,\"height\":377},{\"@type\":\"WebPage\",\"@id\":\"https:\/\/www.nettali.com\/2025\/02\/10\/reforme-des-navetanes-amadou-kane-approuve-la-volonte-du-president-diomaye-faye\/#webpage\",\"url\":\"https:\/\/www.nettali.com\/2025\/02\/10\/reforme-des-navetanes-amadou-kane-approuve-la-volonte-du-president-diomaye-faye\/\",\"name\":\"R\\u00c9FORME DES NAV\\u00c9TANES - Amadou Kane approuve la volont\\u00e9 du Pr\\u00e9sident Diomaye Faye | Nettali.com\",\"isPartOf\":{\"@id\":\"https:\/\/www.nettali.com\/#website\"},\"primaryImageOfPage\":{\"@id\":\"https:\/\/www.nettali.com\/2025\/02\/10\/reforme-des-navetanes-amadou-kane-approuve-la-volonte-du-president-diomaye-faye\/#primaryimage\"},\"datePublished\":\"2025-02-10T07:55:03+00:00\",\"dateModified\":\"2025-02-10T07:55:03+00:00\",\"author\":{\"@id\":\"https:\/\/www.nettali.com\/#\/schema\/person\/bb147657c2986240405a608162b9bb23\"},\"breadcrumb\":{\"@id\":\"https:\/\/www.nettali.com\/2025\/02\/10\/reforme-des-navetanes-amadou-kane-approuve-la-volonte-du-president-diomaye-faye\/#breadcrumb\"},\"inLanguage\":\"fr-FR\",\"potentialAction\":[{\"@type\":\"ReadAction\",\"target\":[\"https:\/\/www.nettali.com\/2025\/02\/10\/reforme-des-navetanes-amadou-kane-approuve-la-volonte-du-president-diomaye-faye\/\"]}]},{\"@type\":\"BreadcrumbList\",\"@id\":\"https:\/\/www.nettali.com\/2025\/02\/10\/reforme-des-navetanes-amadou-kane-approuve-la-volonte-du-president-diomaye-faye\/#breadcrumb\",\"itemListElement\":[{\"@type\":\"ListItem\",\"position\":1,\"name\":\"Accueil\",\"item\":\"https:\/\/www.nettali.com\/\"},{\"@type\":\"ListItem\",\"position\":2,\"name\":\"R\\u00c9FORME DES NAV\\u00c9TANES - Amadou Kane approuve la volont\\u00e9 du Pr\\u00e9sident Diomaye Faye\"}]},{\"@type\":\"Person\",\"@id\":\"https:\/\/www.nettali.com\/#\/schema\/person\/bb147657c2986240405a608162b9bb23\",\"name\":\"Ibrahima\",\"image\":{\"@type\":\"ImageObject\",\"@id\":\"https:\/\/www.nettali.com\/#personlogo\",\"inLanguage\":\"fr-FR\",\"url\":\"https:\/\/secure.gravatar.com\/avatar\/26a8a81f09f0dd7624c9d5c36c9ba3a2?s=96&d=mm&r=g\",\"contentUrl\":\"https:\/\/secure.gravatar.com\/avatar\/26a8a81f09f0dd7624c9d5c36c9ba3a2?s=96&d=mm&r=g\",\"caption\":\"Ibrahima\"},\"sameAs\":[\"https:\/\/www.nettali.com\"]}]}<\/script>\n<!-- \/ Yoast SEO Premium plugin. -->","yoast_head_json":{"title":"R\u00c9FORME DES NAV\u00c9TANES - Amadou Kane approuve la volont\u00e9 du Pr\u00e9sident Diomaye Faye | Nettali.com","robots":{"index":"index","follow":"follow","max-snippet":"max-snippet:-1","max-image-preview":"max-image-preview:large","max-video-preview":"max-video-preview:-1"},"canonical":"https:\/\/www.nettali.com\/2025\/02\/10\/reforme-des-navetanes-amadou-kane-approuve-la-volonte-du-president-diomaye-faye\/","og_locale":"fr_FR","og_type":"article","og_title":"R\u00c9FORME DES NAV\u00c9TANES - Amadou Kane approuve la volont\u00e9 du Pr\u00e9sident Diomaye Faye","og_description":"NETTALI.COM - Pr\u00e9sident de l'Organisation Nationale de Coordination des Activit\u00e9s de Vacances (ONCAV), Amadou Kane a r\u00e9agi \u00e0 l\u2019annonce du Pr\u00e9sident Bassirou Diomaye Faye qui a appel\u00e9 \u00e0 la \"r\u00e9forme\" des Nav\u00e9tanes, \"sources majeures de troubles publiques\" au S\u00e9n\u00e9gal et qui a demand\u00e9 au ministre des Sports d'engager des concertations avec toutes les parties prenantes [&hellip;]","og_url":"https:\/\/www.nettali.com\/2025\/02\/10\/reforme-des-navetanes-amadou-kane-approuve-la-volonte-du-president-diomaye-faye\/","og_site_name":"Nettali.com","article_publisher":"https:\/\/www.facebook.com\/nettalicom","article_published_time":"2025-02-10T07:55:03+00:00","og_image":[{"width":690,"height":377,"url":"https:\/\/www.nettali.com\/wp-content\/uploads\/2025\/02\/21820821-24728939.jpg","type":"image\/jpeg"}],"twitter_card":"summary_large_image","twitter_misc":{"\u00c9crit par":"Ibrahima","Dur\u00e9e de lecture estim\u00e9e":"2 minutes"},"schema":{"@context":"https:\/\/schema.org","@graph":[{"@type":"WebSite","@id":"https:\/\/www.nettali.com\/#website","url":"https:\/\/www.nettali.com\/","name":"Nettali.com","description":"Le rendez-vous critique du Net","potentialAction":[{"@type":"SearchAction","target":{"@type":"EntryPoint","urlTemplate":"https:\/\/www.nettali.com\/?s={search_term_string}"},"query-input":"required name=search_term_string"}],"inLanguage":"fr-FR"},{"@type":"ImageObject","@id":"https:\/\/www.nettali.com\/2025\/02\/10\/reforme-des-navetanes-amadou-kane-approuve-la-volonte-du-president-diomaye-faye\/#primaryimage","inLanguage":"fr-FR","url":"https:\/\/www.nettali.com\/wp-content\/uploads\/2025\/02\/21820821-24728939.jpg","contentUrl":"https:\/\/www.nettali.com\/wp-content\/uploads\/2025\/02\/21820821-24728939.jpg","width":690,"height":377},{"@type":"WebPage","@id":"https:\/\/www.nettali.com\/2025\/02\/10\/reforme-des-navetanes-amadou-kane-approuve-la-volonte-du-president-diomaye-faye\/#webpage","url":"https:\/\/www.nettali.com\/2025\/02\/10\/reforme-des-navetanes-amadou-kane-approuve-la-volonte-du-president-diomaye-faye\/","name":"R\u00c9FORME DES NAV\u00c9TANES - Amadou Kane approuve la volont\u00e9 du Pr\u00e9sident Diomaye Faye | Nettali.com","isPartOf":{"@id":"https:\/\/www.nettali.com\/#website"},"primaryImageOfPage":{"@id":"https:\/\/www.nettali.com\/2025\/02\/10\/reforme-des-navetanes-amadou-kane-approuve-la-volonte-du-president-diomaye-faye\/#primaryimage"},"datePublished":"2025-02-10T07:55:03+00:00","dateModified":"2025-02-10T07:55:03+00:00","author":{"@id":"https:\/\/www.nettali.com\/#\/schema\/person\/bb147657c2986240405a608162b9bb23"},"breadcrumb":{"@id":"https:\/\/www.nettali.com\/2025\/02\/10\/reforme-des-navetanes-amadou-kane-approuve-la-volonte-du-president-diomaye-faye\/#breadcrumb"},"inLanguage":"fr-FR","potentialAction":[{"@type":"ReadAction","target":["https:\/\/www.nettali.com\/2025\/02\/10\/reforme-des-navetanes-amadou-kane-approuve-la-volonte-du-president-diomaye-faye\/"]}]},{"@type":"BreadcrumbList","@id":"https:\/\/www.nettali.com\/2025\/02\/10\/reforme-des-navetanes-amadou-kane-approuve-la-volonte-du-president-diomaye-faye\/#breadcrumb","itemListElement":[{"@type":"ListItem","position":1,"name":"Accueil","item":"https:\/\/www.nettali.com\/"},{"@type":"ListItem","position":2,"name":"R\u00c9FORME DES NAV\u00c9TANES - Amadou Kane approuve la volont\u00e9 du Pr\u00e9sident Diomaye Faye"}]},{"@type":"Person","@id":"https:\/\/www.nettali.com\/#\/schema\/person\/bb147657c2986240405a608162b9bb23","name":"Ibrahima","image":{"@type":"ImageObject","@id":"https:\/\/www.nettali.com\/#personlogo","inLanguage":"fr-FR","url":"https:\/\/secure.gravatar.com\/avatar\/26a8a81f09f0dd7624c9d5c36c9ba3a2?s=96&d=mm&r=g","contentUrl":"https:\/\/secure.gravatar.com\/avatar\/26a8a81f09f0dd7624c9d5c36c9ba3a2?s=96&d=mm&r=g","caption":"Ibrahima"},"sameAs":["https:\/\/www.nettali.com"]}]}},"_links":{"self":[{"href":"https:\/\/www.nettali.com\/rest\/wp\/v2\/posts\/148685"}],"collection":[{"href":"https:\/\/www.nettali.com\/rest\/wp\/v2\/posts"}],"about":[{"href":"https:\/\/www.nettali.com\/rest\/wp\/v2\/types\/post"}],"author":[{"embeddable":true,"href":"https:\/\/www.nettali.com\/rest\/wp\/v2\/users\/5"}],"replies":[{"embeddable":true,"href":"https:\/\/www.nettali.com\/rest\/wp\/v2\/comments?post=148685"}],"version-history":[{"count":3,"href":"https:\/\/www.nettali.com\/rest\/wp\/v2\/posts\/148685\/revisions"}],"predecessor-version":[{"id":148698,"href":"https:\/\/www.nettali.com\/rest\/wp\/v2\/posts\/148685\/revisions\/148698"}],"wp:featuredmedia":[{"embeddable":true,"href":"https:\/\/www.nettali.com\/rest\/wp\/v2\/media\/148683"}],"wp:attachment":[{"href":"https:\/\/www.nettali.com\/rest\/wp\/v2\/media?parent=148685"}],"wp:term":[{"taxonomy":"category","embeddable":true,"href":"https:\/\/www.nettali.com\/rest\/wp\/v2\/categories?post=148685"},{"taxonomy":"post_tag","embeddable":true,"href":"https:\/\/www.nettali.com\/rest\/wp\/v2\/tags?post=148685"}],"curies":[{"name":"wp","href":"https:\/\/api.w.org\/{rel}","templated":true}]}}