{"id":148654,"date":"2025-02-09T16:20:10","date_gmt":"2025-02-09T16:20:10","guid":{"rendered":"https:\/\/www.nettali.com\/?p=148654"},"modified":"2025-02-09T16:20:10","modified_gmt":"2025-02-09T16:20:10","slug":"deces-du-khalife-ee-darou-moukhty-ousmane-sonko-rend-hommage-a-serigne-bassirou-mbacke-anta-niang","status":"publish","type":"post","link":"https:\/\/www.nettali.com\/2025\/02\/09\/deces-du-khalife-ee-darou-moukhty-ousmane-sonko-rend-hommage-a-serigne-bassirou-mbacke-anta-niang\/","title":{"rendered":"D\u00c9C\u00c8S\u00a0DU KHALIFE EE DAROU MOUKHTY - Ousmane Sonko rend hommage \u00e0 Serigne Bassirou Mback\u00e9 Anta Niang"},"content":{"rendered":"<p dir=\"ltr\"><strong>NETTALI.COM - Le premier ministre s\u2019est inclin\u00e9 devant la m\u00e9moire de Serigne Bassirou Mback\u00e9 Anta Niang, d\u00e9funt Khalifa g\u00e9n\u00e9ral de Darou. Ousmane Sonko a rendu un vibrant hommage au guide religieux, rappel\u00e9 \u00e0 Dieu ce samedi 8 f\u00e9vrier, \u00e0 Dakar.<\/strong><\/p>\n<p dir=\"ltr\">\"<em>Je m\u2019associe au foyer de Darou Mouhty, \u00e0 la communaut\u00e9 mouride, au peuple s\u00e9n\u00e9galais et \u00e0 toute la Ouma islamique, pour m\u2019incliner devant la m\u00e9moire de Serigne Bassirou MBACK\u00c9 Anta Niang, d\u00e9funt Khalifa g\u00e9n\u00e9ral de Darou<\/em>\", a d\u00e9clar\u00e9 Ousmane Sonko.<\/p>\n<p dir=\"ltr\">\"<em>L\u2019homme de Dieu, que j\u2019ai connu affable, g\u00e9n\u00e9reux et extr\u00eamement pieux, aura marqu\u00e9 son environnement et au del\u00e0, par son \u0153uvre gigantesque au service du bien.<\/em><br \/>\n<em>Puisse Allah l\u2019accueillir dans sa mis\u00e9ricorde et son pardon infinis. Amiine<\/em>\", dit-il.<\/p>\n<p dir=\"ltr\">Serigne Bassirou Mback\u00e9 Anta Niang \u00e9tait le cinqui\u00e8me khalife de Darou Mouhty. Il avait \u00e9t\u00e9 intronis\u00e9 le 31 d\u00e9cembre 2020 apr\u00e8s le d\u00e9c\u00e8s de son fr\u00e8re a\u00een\u00e9, Serigne Abass Mback\u00e9.<br \/>\nN\u00e9 en 1933 \u00e0 Kosso, Serigne Bassirou Mback\u00e9 \u00e9tait le fils de Sokhna Anta Niang et de Mame Thierno Birahim Faty Mback\u00e9. Son p\u00e8re l\u2019a form\u00e9 au Coran, et il a ensuite \u00e9tudi\u00e9 aupr\u00e8s d\u2019\u00e9rudits renomm\u00e9s comme Serigne Modou Faty Al\u00e9 Gaye et \u00e0 Ta\u00efba Dakhar pour parfaire ses connaissances religieuses.<\/p>\n<div class='share-to-whatsapp-wrapper'><div class='share-on-whsp'>PARTAGER SUR : <\/div><a data-text='D\u00c9C\u00c8S\u00a0DU KHALIFE EE DAROU MOUKHTY - Ousmane Sonko rend hommage \u00e0 Serigne Bassirou Mback\u00e9 Anta Niang' data-link='https:\/\/www.nettali.com\/2025\/02\/09\/deces-du-khalife-ee-darou-moukhty-ousmane-sonko-rend-hommage-a-serigne-bassirou-mbacke-anta-niang\/' class='whatsapp-button whatsapp-share'>WhatsApp<\/a><div class='clear '><\/div><\/div>","protected":false},"excerpt":{"rendered":"<p>NETTALI.COM - Le premier ministre s\u2019est inclin\u00e9 devant la m\u00e9moire de Serigne Bassirou Mback\u00e9 Anta Niang, d\u00e9funt Khalifa g\u00e9n\u00e9ral de Darou. Ousmane Sonko a rendu un vibrant hommage au guide religieux, rappel\u00e9 \u00e0 Dieu ce samedi 8 f\u00e9vrier, \u00e0 Dakar. \"Je m\u2019associe au foyer de Darou Mouhty, \u00e0 la communaut\u00e9 mouride, au peuple s\u00e9n\u00e9galais et [&hellip;]<\/p>\n","protected":false},"author":5,"featured_media":148655,"comment_status":"open","ping_status":"open","sticky":false,"template":"","format":"standard","meta":{"_et_pb_use_builder":"","_et_pb_old_content":""},"categories":[3],"tags":[],"yoast_head":"<!-- This site is optimized with the Yoast SEO Premium plugin v17.8 (Yoast SEO v17.8) - https:\/\/yoast.com\/wordpress\/plugins\/seo\/ -->\n<title>D\u00c9C\u00c8S\u00a0DU KHALIFE EE DAROU MOUKHTY - Ousmane Sonko rend hommage \u00e0 Serigne Bassirou Mback\u00e9 Anta Niang | Nettali.com<\/title>\n<meta name=\"robots\" content=\"index, follow, max-snippet:-1, max-image-preview:large, max-video-preview:-1\" \/>\n<link rel=\"canonical\" href=\"https:\/\/www.nettali.com\/2025\/02\/09\/deces-du-khalife-ee-darou-moukhty-ousmane-sonko-rend-hommage-a-serigne-bassirou-mbacke-anta-niang\/\" \/>\n<meta property=\"og:locale\" content=\"fr_FR\" \/>\n<meta property=\"og:type\" content=\"article\" \/>\n<meta property=\"og:title\" content=\"D\u00c9C\u00c8S\u00a0DU KHALIFE EE DAROU MOUKHTY - Ousmane Sonko rend hommage \u00e0 Serigne Bassirou Mback\u00e9 Anta Niang\" \/>\n<meta property=\"og:description\" content=\"NETTALI.COM - Le premier ministre s\u2019est inclin\u00e9 devant la m\u00e9moire de Serigne Bassirou Mback\u00e9 Anta Niang, d\u00e9funt Khalifa g\u00e9n\u00e9ral de Darou. Ousmane Sonko a rendu un vibrant hommage au guide religieux, rappel\u00e9 \u00e0 Dieu ce samedi 8 f\u00e9vrier, \u00e0 Dakar. &quot;Je m\u2019associe au foyer de Darou Mouhty, \u00e0 la communaut\u00e9 mouride, au peuple s\u00e9n\u00e9galais et [&hellip;]\" \/>\n<meta property=\"og:url\" content=\"https:\/\/www.nettali.com\/2025\/02\/09\/deces-du-khalife-ee-darou-moukhty-ousmane-sonko-rend-hommage-a-serigne-bassirou-mbacke-anta-niang\/\" \/>\n<meta property=\"og:site_name\" content=\"Nettali.com\" \/>\n<meta property=\"article:publisher\" content=\"https:\/\/www.facebook.com\/nettalicom\" \/>\n<meta property=\"article:published_time\" content=\"2025-02-09T16:20:10+00:00\" \/>\n<meta property=\"og:image\" content=\"https:\/\/www.nettali.com\/wp-content\/uploads\/2025\/02\/71218953-49624473.jpg\" \/>\n\t<meta property=\"og:image:width\" content=\"1280\" \/>\n\t<meta property=\"og:image:height\" content=\"960\" \/>\n<meta name=\"twitter:card\" content=\"summary_large_image\" \/>\n<meta name=\"twitter:label1\" content=\"\u00c9crit par\" \/>\n\t<meta name=\"twitter:data1\" content=\"Ibrahima\" \/>\n\t<meta name=\"twitter:label2\" content=\"Dur\u00e9e de lecture estim\u00e9e\" \/>\n\t<meta name=\"twitter:data2\" content=\"1 minute\" \/>\n<script type=\"application\/ld+json\" class=\"yoast-schema-graph\">{\"@context\":\"https:\/\/schema.org\",\"@graph\":[{\"@type\":\"WebSite\",\"@id\":\"https:\/\/www.nettali.com\/#website\",\"url\":\"https:\/\/www.nettali.com\/\",\"name\":\"Nettali.com\",\"description\":\"Le rendez-vous critique du Net\",\"potentialAction\":[{\"@type\":\"SearchAction\",\"target\":{\"@type\":\"EntryPoint\",\"urlTemplate\":\"https:\/\/www.nettali.com\/?s={search_term_string}\"},\"query-input\":\"required name=search_term_string\"}],\"inLanguage\":\"fr-FR\"},{\"@type\":\"ImageObject\",\"@id\":\"https:\/\/www.nettali.com\/2025\/02\/09\/deces-du-khalife-ee-darou-moukhty-ousmane-sonko-rend-hommage-a-serigne-bassirou-mbacke-anta-niang\/#primaryimage\",\"inLanguage\":\"fr-FR\",\"url\":\"https:\/\/www.nettali.com\/wp-content\/uploads\/2025\/02\/71218953-49624473.jpg\",\"contentUrl\":\"https:\/\/www.nettali.com\/wp-content\/uploads\/2025\/02\/71218953-49624473.jpg\",\"width\":1280,\"height\":960},{\"@type\":\"WebPage\",\"@id\":\"https:\/\/www.nettali.com\/2025\/02\/09\/deces-du-khalife-ee-darou-moukhty-ousmane-sonko-rend-hommage-a-serigne-bassirou-mbacke-anta-niang\/#webpage\",\"url\":\"https:\/\/www.nettali.com\/2025\/02\/09\/deces-du-khalife-ee-darou-moukhty-ousmane-sonko-rend-hommage-a-serigne-bassirou-mbacke-anta-niang\/\",\"name\":\"D\\u00c9C\\u00c8S\\u00a0DU KHALIFE EE DAROU MOUKHTY - Ousmane Sonko rend hommage \\u00e0 Serigne Bassirou Mback\\u00e9 Anta Niang | Nettali.com\",\"isPartOf\":{\"@id\":\"https:\/\/www.nettali.com\/#website\"},\"primaryImageOfPage\":{\"@id\":\"https:\/\/www.nettali.com\/2025\/02\/09\/deces-du-khalife-ee-darou-moukhty-ousmane-sonko-rend-hommage-a-serigne-bassirou-mbacke-anta-niang\/#primaryimage\"},\"datePublished\":\"2025-02-09T16:20:10+00:00\",\"dateModified\":\"2025-02-09T16:20:10+00:00\",\"author\":{\"@id\":\"https:\/\/www.nettali.com\/#\/schema\/person\/bb147657c2986240405a608162b9bb23\"},\"breadcrumb\":{\"@id\":\"https:\/\/www.nettali.com\/2025\/02\/09\/deces-du-khalife-ee-darou-moukhty-ousmane-sonko-rend-hommage-a-serigne-bassirou-mbacke-anta-niang\/#breadcrumb\"},\"inLanguage\":\"fr-FR\",\"potentialAction\":[{\"@type\":\"ReadAction\",\"target\":[\"https:\/\/www.nettali.com\/2025\/02\/09\/deces-du-khalife-ee-darou-moukhty-ousmane-sonko-rend-hommage-a-serigne-bassirou-mbacke-anta-niang\/\"]}]},{\"@type\":\"BreadcrumbList\",\"@id\":\"https:\/\/www.nettali.com\/2025\/02\/09\/deces-du-khalife-ee-darou-moukhty-ousmane-sonko-rend-hommage-a-serigne-bassirou-mbacke-anta-niang\/#breadcrumb\",\"itemListElement\":[{\"@type\":\"ListItem\",\"position\":1,\"name\":\"Accueil\",\"item\":\"https:\/\/www.nettali.com\/\"},{\"@type\":\"ListItem\",\"position\":2,\"name\":\"D\\u00c9C\\u00c8S\\u00a0DU KHALIFE EE DAROU MOUKHTY - Ousmane Sonko rend hommage \\u00e0 Serigne Bassirou Mback\\u00e9 Anta Niang\"}]},{\"@type\":\"Person\",\"@id\":\"https:\/\/www.nettali.com\/#\/schema\/person\/bb147657c2986240405a608162b9bb23\",\"name\":\"Ibrahima\",\"image\":{\"@type\":\"ImageObject\",\"@id\":\"https:\/\/www.nettali.com\/#personlogo\",\"inLanguage\":\"fr-FR\",\"url\":\"https:\/\/secure.gravatar.com\/avatar\/26a8a81f09f0dd7624c9d5c36c9ba3a2?s=96&d=mm&r=g\",\"contentUrl\":\"https:\/\/secure.gravatar.com\/avatar\/26a8a81f09f0dd7624c9d5c36c9ba3a2?s=96&d=mm&r=g\",\"caption\":\"Ibrahima\"},\"sameAs\":[\"https:\/\/www.nettali.com\"]}]}<\/script>\n<!-- \/ Yoast SEO Premium plugin. -->","yoast_head_json":{"title":"D\u00c9C\u00c8S\u00a0DU KHALIFE EE DAROU MOUKHTY - Ousmane Sonko rend hommage \u00e0 Serigne Bassirou Mback\u00e9 Anta Niang | Nettali.com","robots":{"index":"index","follow":"follow","max-snippet":"max-snippet:-1","max-image-preview":"max-image-preview:large","max-video-preview":"max-video-preview:-1"},"canonical":"https:\/\/www.nettali.com\/2025\/02\/09\/deces-du-khalife-ee-darou-moukhty-ousmane-sonko-rend-hommage-a-serigne-bassirou-mbacke-anta-niang\/","og_locale":"fr_FR","og_type":"article","og_title":"D\u00c9C\u00c8S\u00a0DU KHALIFE EE DAROU MOUKHTY - Ousmane Sonko rend hommage \u00e0 Serigne Bassirou Mback\u00e9 Anta Niang","og_description":"NETTALI.COM - Le premier ministre s\u2019est inclin\u00e9 devant la m\u00e9moire de Serigne Bassirou Mback\u00e9 Anta Niang, d\u00e9funt Khalifa g\u00e9n\u00e9ral de Darou. Ousmane Sonko a rendu un vibrant hommage au guide religieux, rappel\u00e9 \u00e0 Dieu ce samedi 8 f\u00e9vrier, \u00e0 Dakar. \"Je m\u2019associe au foyer de Darou Mouhty, \u00e0 la communaut\u00e9 mouride, au peuple s\u00e9n\u00e9galais et [&hellip;]","og_url":"https:\/\/www.nettali.com\/2025\/02\/09\/deces-du-khalife-ee-darou-moukhty-ousmane-sonko-rend-hommage-a-serigne-bassirou-mbacke-anta-niang\/","og_site_name":"Nettali.com","article_publisher":"https:\/\/www.facebook.com\/nettalicom","article_published_time":"2025-02-09T16:20:10+00:00","og_image":[{"width":1280,"height":960,"url":"https:\/\/www.nettali.com\/wp-content\/uploads\/2025\/02\/71218953-49624473.jpg","type":"image\/jpeg"}],"twitter_card":"summary_large_image","twitter_misc":{"\u00c9crit par":"Ibrahima","Dur\u00e9e de lecture estim\u00e9e":"1 minute"},"schema":{"@context":"https:\/\/schema.org","@graph":[{"@type":"WebSite","@id":"https:\/\/www.nettali.com\/#website","url":"https:\/\/www.nettali.com\/","name":"Nettali.com","description":"Le rendez-vous critique du Net","potentialAction":[{"@type":"SearchAction","target":{"@type":"EntryPoint","urlTemplate":"https:\/\/www.nettali.com\/?s={search_term_string}"},"query-input":"required name=search_term_string"}],"inLanguage":"fr-FR"},{"@type":"ImageObject","@id":"https:\/\/www.nettali.com\/2025\/02\/09\/deces-du-khalife-ee-darou-moukhty-ousmane-sonko-rend-hommage-a-serigne-bassirou-mbacke-anta-niang\/#primaryimage","inLanguage":"fr-FR","url":"https:\/\/www.nettali.com\/wp-content\/uploads\/2025\/02\/71218953-49624473.jpg","contentUrl":"https:\/\/www.nettali.com\/wp-content\/uploads\/2025\/02\/71218953-49624473.jpg","width":1280,"height":960},{"@type":"WebPage","@id":"https:\/\/www.nettali.com\/2025\/02\/09\/deces-du-khalife-ee-darou-moukhty-ousmane-sonko-rend-hommage-a-serigne-bassirou-mbacke-anta-niang\/#webpage","url":"https:\/\/www.nettali.com\/2025\/02\/09\/deces-du-khalife-ee-darou-moukhty-ousmane-sonko-rend-hommage-a-serigne-bassirou-mbacke-anta-niang\/","name":"D\u00c9C\u00c8S\u00a0DU KHALIFE EE DAROU MOUKHTY - Ousmane Sonko rend hommage \u00e0 Serigne Bassirou Mback\u00e9 Anta Niang | Nettali.com","isPartOf":{"@id":"https:\/\/www.nettali.com\/#website"},"primaryImageOfPage":{"@id":"https:\/\/www.nettali.com\/2025\/02\/09\/deces-du-khalife-ee-darou-moukhty-ousmane-sonko-rend-hommage-a-serigne-bassirou-mbacke-anta-niang\/#primaryimage"},"datePublished":"2025-02-09T16:20:10+00:00","dateModified":"2025-02-09T16:20:10+00:00","author":{"@id":"https:\/\/www.nettali.com\/#\/schema\/person\/bb147657c2986240405a608162b9bb23"},"breadcrumb":{"@id":"https:\/\/www.nettali.com\/2025\/02\/09\/deces-du-khalife-ee-darou-moukhty-ousmane-sonko-rend-hommage-a-serigne-bassirou-mbacke-anta-niang\/#breadcrumb"},"inLanguage":"fr-FR","potentialAction":[{"@type":"ReadAction","target":["https:\/\/www.nettali.com\/2025\/02\/09\/deces-du-khalife-ee-darou-moukhty-ousmane-sonko-rend-hommage-a-serigne-bassirou-mbacke-anta-niang\/"]}]},{"@type":"BreadcrumbList","@id":"https:\/\/www.nettali.com\/2025\/02\/09\/deces-du-khalife-ee-darou-moukhty-ousmane-sonko-rend-hommage-a-serigne-bassirou-mbacke-anta-niang\/#breadcrumb","itemListElement":[{"@type":"ListItem","position":1,"name":"Accueil","item":"https:\/\/www.nettali.com\/"},{"@type":"ListItem","position":2,"name":"D\u00c9C\u00c8S\u00a0DU KHALIFE EE DAROU MOUKHTY - Ousmane Sonko rend hommage \u00e0 Serigne Bassirou Mback\u00e9 Anta Niang"}]},{"@type":"Person","@id":"https:\/\/www.nettali.com\/#\/schema\/person\/bb147657c2986240405a608162b9bb23","name":"Ibrahima","image":{"@type":"ImageObject","@id":"https:\/\/www.nettali.com\/#personlogo","inLanguage":"fr-FR","url":"https:\/\/secure.gravatar.com\/avatar\/26a8a81f09f0dd7624c9d5c36c9ba3a2?s=96&d=mm&r=g","contentUrl":"https:\/\/secure.gravatar.com\/avatar\/26a8a81f09f0dd7624c9d5c36c9ba3a2?s=96&d=mm&r=g","caption":"Ibrahima"},"sameAs":["https:\/\/www.nettali.com"]}]}},"_links":{"self":[{"href":"https:\/\/www.nettali.com\/rest\/wp\/v2\/posts\/148654"}],"collection":[{"href":"https:\/\/www.nettali.com\/rest\/wp\/v2\/posts"}],"about":[{"href":"https:\/\/www.nettali.com\/rest\/wp\/v2\/types\/post"}],"author":[{"embeddable":true,"href":"https:\/\/www.nettali.com\/rest\/wp\/v2\/users\/5"}],"replies":[{"embeddable":true,"href":"https:\/\/www.nettali.com\/rest\/wp\/v2\/comments?post=148654"}],"version-history":[{"count":1,"href":"https:\/\/www.nettali.com\/rest\/wp\/v2\/posts\/148654\/revisions"}],"predecessor-version":[{"id":148656,"href":"https:\/\/www.nettali.com\/rest\/wp\/v2\/posts\/148654\/revisions\/148656"}],"wp:featuredmedia":[{"embeddable":true,"href":"https:\/\/www.nettali.com\/rest\/wp\/v2\/media\/148655"}],"wp:attachment":[{"href":"https:\/\/www.nettali.com\/rest\/wp\/v2\/media?parent=148654"}],"wp:term":[{"taxonomy":"category","embeddable":true,"href":"https:\/\/www.nettali.com\/rest\/wp\/v2\/categories?post=148654"},{"taxonomy":"post_tag","embeddable":true,"href":"https:\/\/www.nettali.com\/rest\/wp\/v2\/tags?post=148654"}],"curies":[{"name":"wp","href":"https:\/\/api.w.org\/{rel}","templated":true}]}}