{"id":148580,"date":"2025-02-07T22:19:27","date_gmt":"2025-02-07T22:19:27","guid":{"rendered":"https:\/\/www.nettali.com\/?p=148580"},"modified":"2025-02-08T07:40:28","modified_gmt":"2025-02-08T07:40:28","slug":"ne-divisez-pas-notre-armee-par-lt-coloneler-adama-diop","status":"publish","type":"post","link":"https:\/\/www.nettali.com\/2025\/02\/07\/ne-divisez-pas-notre-armee-par-lt-coloneler-adama-diop\/","title":{"rendered":"Ne divisez pas notre arm\u00e9e"},"content":{"rendered":"<div class=\"xdj266r x11i5rnm xat24cr x1mh8g0r x1vvkbs x126k92a\">\n<div dir=\"auto\"><strong>CONTRIBUTION - <\/strong>Sans \u00eatre parmi les plus brillantes, ma carri\u00e8re m\u2019a permis de beaucoup voyager et de comparer notre outil de D\u00e9fense aux autres arm\u00e9es. Au hasard de mes p\u00e9r\u00e9grinations dans plusieurs pays d\u2019Afrique (j\u2019en ai visit\u00e9 19), le c\u00e9l\u00e8bre g\u00e9n\u00e9ral angolais SALUPETO PENA (alias Ben Ben) m\u2019a appris autour d\u2019une table deux choses essentielles : l\u2019officier ne trahit jamais \u2013 un militaire ne parle pas (a tropa no falla).<\/div>\n<div dir=\"auto\"><\/div>\n<div dir=\"auto\">Pendant les multiples r\u00e9unions entre l\u2019arm\u00e9e burundaise et les rebelles dans le processus de paix, j\u2019ai aussi appris \u00e0 quel point une d\u00e9fection d\u2019un loyaliste est n\u00e9faste \u00e0 une arm\u00e9e r\u00e9guli\u00e8re. R\u00e9cemment un officier africain rencontr\u00e9 au cours d\u2019un stage en Tanzanie, m\u2019a ouvertement signifi\u00e9 qu\u2019un tel n\u2019aurait pas d\u00fb \u00eatre Pr\u00e9sident car il appartient \u00e0 la caste des \u2033coroborros\u2033. Au cours de nos \u00e9changes, il a avou\u00e9 avoir tap\u00e9 sur la table du Ministre de la D\u00e9fense pour exiger sa d\u00e9signation comme observateur pour une mission onusienne.<\/div>\n<\/div>\n<div class=\"x11i5rnm xat24cr x1mh8g0r x1vvkbs xtlvy1s x126k92a\">\n<div dir=\"auto\"><\/div>\n<div dir=\"auto\">Aussi, le long feuilleton judiciaire sur les \u00e9v\u00e9nements du massacre du 28 Septembre 2009, \u00e0 Conakry m\u2019a permis de noter \u00e0 quel point la m\u00e9galomanie et la d\u00e9sorganisation peuvent affecter une arm\u00e9e.<\/div>\n<div dir=\"auto\"><\/div>\n<div dir=\"auto\">Les g\u00e9n\u00e9rations devanci\u00e8res ont mis sur pied un vrai outil de d\u00e9fense articul\u00e9 sur une bonne organisation, mais des ressources humaines de valeur. Si on vante partout dans le monde, le professionnalisme et la bravoure des jambars, on le doit au savoir-\u00eatre et au savoir-faire inculqu\u00e9s par nos anciens, mais principalement aux valeurs cardinales conserv\u00e9es en bandouli\u00e8re, sous toutes les latitudes. Aussi la valeur combattante d\u2019une Arm\u00e9e (des hommes) supplantera toujours le mat\u00e9riel, quel que soit son niveau car, ce sont les hommes qui feront la d\u00e9cision sur le terrain, pas dans l\u2019apparat.<\/div>\n<div dir=\"auto\"><\/div>\n<div dir=\"auto\">Mieux, les th\u00e9\u00e2tres d\u2019op\u00e9rations o\u00f9 j\u2019ai eu la chance et l\u2019honneur d\u2019\u00eatre d\u00e9ploy\u00e9, m\u2019ont permis de noter en grandeur nature, toute la bravoure et l\u2019esprit de sacrifice de nos fiers soldats. J\u2019ai encore en m\u00e9moire ce soldat de ma compagnie qui a perdu presque sa main et qui a refus\u00e9 d\u2019\u00eatre \u00e9vacu\u00e9, ne voulant pas laisser ses fr\u00e8res d\u2019armes sur le terrain, pourtant, il ne pouvait plus tenir son arme. Autour de ces hommes du devoir, se tenaient des chefs meneurs, t\u00e9m\u00e9raires, d\u00e9sint\u00e9ress\u00e9s et soucieux du bien-\u00eatre et de la s\u00e9curit\u00e9 de ceux dont le destin \u00e9tait accroch\u00e9 aux ordres qu\u2019ils donnaient.<\/div>\n<div dir=\"auto\"><\/div>\n<div dir=\"auto\">Notre Arm\u00e9e a toujours regorg\u00e9 de chefs intr\u00e9pides, des meneurs d\u2019hommes qui ont brav\u00e9 la peur, les risques, les intemp\u00e9ries. Ils dormaient sans confort avec un seul \u0153il et s\u2019\u00e9rigeaient en remparts, chaque fois que de besoin. Une mission accomplie \u00e9tant leur sacerdoce, leur motif de satisfaction, sans rechigner et avec une discipline l\u00e9gendaire. Chaque fois qu\u2019un homme tombait au champ d\u2019honneur, les jambars n\u2019ont jamais eu un autre reflexe que de continuer le combat dans une fraternit\u00e9 d\u2019armes in\u00e9branlable. En revisitant l\u2019histoire africaine, j\u2019ai not\u00e9 que dans tous les pays o\u00f9 une rupture institutionnelle a \u00e9t\u00e9 enregistr\u00e9e, la raison revenait toujours comme un boulet : une arm\u00e9e d\u00e9sunie. Heureusement au S\u00e9n\u00e9gal, l\u2019unit\u00e9 nationale est une r\u00e9alit\u00e9, r\u00e9alis\u00e9e par le feu Pdt Senghor. Aucune diff\u00e9rence ethnique, raciale, linguistique, confessionnelle ou r\u00e9gionale, n\u2019a affect\u00e9 son \u00e9volution. C\u2019est sur ce socle solide qu\u2019est b\u00e2tie notre Arm\u00e9e. Le conflit arm\u00e9 au Sud du pays nous a enseign\u00e9 jusqu\u2019\u00e0 quel niveau ce socle a r\u00e9sist\u00e9.<\/div>\n<div dir=\"auto\"><\/div>\n<div dir=\"auto\">A-t-on oubli\u00e9 le c\u0153ur meurtri de nos fr\u00e8res d\u2019arm\u00e9es du sud qui ont intervenu, dans leur r\u00e9gion ?<\/div>\n<div dir=\"auto\"><\/div>\n<div dir=\"auto\">A-t-on oubli\u00e9 tous ceux qui dorment d\u2019un sommeil \u00e9ternel sous terre et qui ont donn\u00e9 leur vie pour la stabilit\u00e9 du pays ?<\/div>\n<div dir=\"auto\">Ce faisant qu\u2019on n\u2019oublie pas \u00ab qu\u2019on nous regarde et on nous envie \u00bb.<\/div>\n<div dir=\"auto\"><\/div>\n<div dir=\"auto\">En Afrique et partout ailleurs, les lettres de noblesse de notre Arm\u00e9e sont cit\u00e9es en exemple. C\u2019est pourquoi on ne doit pas d\u00e9cevoir.<\/div>\n<div dir=\"auto\">Un militaire n\u2019a jamais eu pour obsession le gain facile, le client\u00e9lisme ou certaines pratiques en d\u00e9phasage net avec le m\u00e9tier de soldat.<\/div>\n<div dir=\"auto\"><\/div>\n<div dir=\"auto\">De nos jours, nos officiers dont les noms \u00e9taient scand\u00e9s par les bandeaux pr\u00e9f\u00e8rent l\u2019anonymat de peur d\u2019\u00eatre tra\u00een\u00e9s dans la boue, le tout dans l\u2019exercice du devoir. De guerre lasse, les contingents de frustr\u00e9s, de ren\u00e9gats et de gens peu motiv\u00e9s se formeront progressivement car le mal est carri\u00e9riste et cette spirale peut nous valoir des lendemains incertains si la tendance ne s\u2019inverse pas. Ne donnons pas l\u2019occasion aux politiciens de nous diviser car, <em>\u00ab nous sommes des citoyens \u00e0 part enti\u00e8re, mais enti\u00e8rement \u00e0 part \u00bb<\/em>. La fraternit\u00e9 d\u2019armes, je le mentionne encore, est un lien au-del\u00e0 du sang. Si vous \u00eates atteint sur le terrain, un fr\u00e8re d\u2019armes viendra vous sauver, ce ne sera point votre fr\u00e8re de sang ou une quelconque autorit\u00e9 civile, fut-elle le Chef supr\u00eame des Arm\u00e9es. La discipline doit \u00eatre maintenue en selle, en clair, qu\u2019on sanctionne ceux qui ont faut\u00e9, si c\u2019est av\u00e9r\u00e9, document\u00e9, quelle qu\u2019en soit la gravit\u00e9. Les guerres, intestines n\u2019ont pas droit de cit\u00e9, car elles fissurent la fraternit\u00e9 d\u2019armes, an\u00e9antissent le moral et d\u00e9truisent toute l\u2019efficacit\u00e9 de l\u2019arm\u00e9e.<\/div>\n<div dir=\"auto\"><\/div>\n<div dir=\"auto\">Enfin, les officiers seront tenus pour responsables, non tenanciers des traditions et valeurs et comptables des cons\u00e9quences devant l\u2019histoire.<\/div>\n<div dir=\"auto\">Vous avez tous rendu d\u2019\u00e9minents services au pays des services incomparables \u00e0 ceux qui ont aujourd\u2019hui la voix au chapitre.<\/div>\n<div dir=\"auto\">Ne divisez pas notre arm\u00e9e, si vous le faites, l\u2019histoire le retiendra.<\/div>\n<div dir=\"auto\"><\/div>\n<\/div>\n<div class=\"x11i5rnm xat24cr x1mh8g0r x1vvkbs xtlvy1s x126k92a\">\n<div dir=\"auto\"><strong>Le LT-Colonel (er) Adama DIOP<\/strong><\/div>\n<div dir=\"auto\"><strong>Ancien Chef de la Division M\u00e9dias<\/strong><\/div>\n<div dir=\"auto\"><strong>et Strat\u00e9gies de la DIRPA<\/strong><\/div>\n<\/div>\n<div class='share-to-whatsapp-wrapper'><div class='share-on-whsp'>PARTAGER SUR : <\/div><a data-text='Ne divisez pas notre arm\u00e9e' data-link='https:\/\/www.nettali.com\/2025\/02\/07\/ne-divisez-pas-notre-armee-par-lt-coloneler-adama-diop\/' class='whatsapp-button whatsapp-share'>WhatsApp<\/a><div class='clear '><\/div><\/div>","protected":false},"excerpt":{"rendered":"<p>CONTRIBUTION - Sans \u00eatre parmi les plus brillantes, ma carri\u00e8re m\u2019a permis de beaucoup voyager et de comparer notre outil de D\u00e9fense aux autres arm\u00e9es. Au hasard de mes p\u00e9r\u00e9grinations dans plusieurs pays d\u2019Afrique (j\u2019en ai visit\u00e9 19), le c\u00e9l\u00e8bre g\u00e9n\u00e9ral angolais SALUPETO PENA (alias Ben Ben) m\u2019a appris autour d\u2019une table deux choses essentielles [&hellip;]<\/p>\n","protected":false},"author":4,"featured_media":148581,"comment_status":"open","ping_status":"open","sticky":false,"template":"","format":"standard","meta":{"_et_pb_use_builder":"","_et_pb_old_content":""},"categories":[3],"tags":[],"yoast_head":"<!-- This site is optimized with the Yoast SEO Premium plugin v17.8 (Yoast SEO v17.8) - https:\/\/yoast.com\/wordpress\/plugins\/seo\/ -->\n<title>Ne divisez pas notre arm\u00e9e | Nettali.com<\/title>\n<meta name=\"robots\" content=\"index, follow, max-snippet:-1, max-image-preview:large, max-video-preview:-1\" \/>\n<link rel=\"canonical\" href=\"https:\/\/www.nettali.com\/2025\/02\/07\/ne-divisez-pas-notre-armee-par-lt-coloneler-adama-diop\/\" \/>\n<meta property=\"og:locale\" content=\"fr_FR\" \/>\n<meta property=\"og:type\" content=\"article\" \/>\n<meta property=\"og:title\" content=\"Ne divisez pas notre arm\u00e9e\" \/>\n<meta property=\"og:description\" content=\"CONTRIBUTION - Sans \u00eatre parmi les plus brillantes, ma carri\u00e8re m\u2019a permis de beaucoup voyager et de comparer notre outil de D\u00e9fense aux autres arm\u00e9es. Au hasard de mes p\u00e9r\u00e9grinations dans plusieurs pays d\u2019Afrique (j\u2019en ai visit\u00e9 19), le c\u00e9l\u00e8bre g\u00e9n\u00e9ral angolais SALUPETO PENA (alias Ben Ben) m\u2019a appris autour d\u2019une table deux choses essentielles [&hellip;]\" \/>\n<meta property=\"og:url\" content=\"https:\/\/www.nettali.com\/2025\/02\/07\/ne-divisez-pas-notre-armee-par-lt-coloneler-adama-diop\/\" \/>\n<meta property=\"og:site_name\" content=\"Nettali.com\" \/>\n<meta property=\"article:publisher\" content=\"https:\/\/www.facebook.com\/nettalicom\" \/>\n<meta property=\"article:published_time\" content=\"2025-02-07T22:19:27+00:00\" \/>\n<meta property=\"article:modified_time\" content=\"2025-02-08T07:40:28+00:00\" \/>\n<meta property=\"og:image\" content=\"https:\/\/www.nettali.com\/wp-content\/uploads\/2025\/02\/Lt-Coloneler-Adama-Diop.jpg\" \/>\n\t<meta property=\"og:image:width\" content=\"1117\" \/>\n\t<meta property=\"og:image:height\" content=\"717\" \/>\n<meta name=\"twitter:card\" content=\"summary_large_image\" \/>\n<meta name=\"twitter:label1\" content=\"\u00c9crit par\" \/>\n\t<meta name=\"twitter:data1\" content=\"Daouda\" \/>\n\t<meta name=\"twitter:label2\" content=\"Dur\u00e9e de lecture estim\u00e9e\" \/>\n\t<meta name=\"twitter:data2\" content=\"5 minutes\" \/>\n<script type=\"application\/ld+json\" class=\"yoast-schema-graph\">{\"@context\":\"https:\/\/schema.org\",\"@graph\":[{\"@type\":\"WebSite\",\"@id\":\"https:\/\/www.nettali.com\/#website\",\"url\":\"https:\/\/www.nettali.com\/\",\"name\":\"Nettali.com\",\"description\":\"Le rendez-vous critique du Net\",\"potentialAction\":[{\"@type\":\"SearchAction\",\"target\":{\"@type\":\"EntryPoint\",\"urlTemplate\":\"https:\/\/www.nettali.com\/?s={search_term_string}\"},\"query-input\":\"required name=search_term_string\"}],\"inLanguage\":\"fr-FR\"},{\"@type\":\"ImageObject\",\"@id\":\"https:\/\/www.nettali.com\/2025\/02\/07\/ne-divisez-pas-notre-armee-par-lt-coloneler-adama-diop\/#primaryimage\",\"inLanguage\":\"fr-FR\",\"url\":\"https:\/\/www.nettali.com\/wp-content\/uploads\/2025\/02\/Lt-Coloneler-Adama-Diop.jpg\",\"contentUrl\":\"https:\/\/www.nettali.com\/wp-content\/uploads\/2025\/02\/Lt-Coloneler-Adama-Diop.jpg\",\"width\":1117,\"height\":717},{\"@type\":\"WebPage\",\"@id\":\"https:\/\/www.nettali.com\/2025\/02\/07\/ne-divisez-pas-notre-armee-par-lt-coloneler-adama-diop\/#webpage\",\"url\":\"https:\/\/www.nettali.com\/2025\/02\/07\/ne-divisez-pas-notre-armee-par-lt-coloneler-adama-diop\/\",\"name\":\"Ne divisez pas notre arm\\u00e9e | Nettali.com\",\"isPartOf\":{\"@id\":\"https:\/\/www.nettali.com\/#website\"},\"primaryImageOfPage\":{\"@id\":\"https:\/\/www.nettali.com\/2025\/02\/07\/ne-divisez-pas-notre-armee-par-lt-coloneler-adama-diop\/#primaryimage\"},\"datePublished\":\"2025-02-07T22:19:27+00:00\",\"dateModified\":\"2025-02-08T07:40:28+00:00\",\"author\":{\"@id\":\"https:\/\/www.nettali.com\/#\/schema\/person\/3317e0bb3aa1da309fbf7b2780901bf4\"},\"breadcrumb\":{\"@id\":\"https:\/\/www.nettali.com\/2025\/02\/07\/ne-divisez-pas-notre-armee-par-lt-coloneler-adama-diop\/#breadcrumb\"},\"inLanguage\":\"fr-FR\",\"potentialAction\":[{\"@type\":\"ReadAction\",\"target\":[\"https:\/\/www.nettali.com\/2025\/02\/07\/ne-divisez-pas-notre-armee-par-lt-coloneler-adama-diop\/\"]}]},{\"@type\":\"BreadcrumbList\",\"@id\":\"https:\/\/www.nettali.com\/2025\/02\/07\/ne-divisez-pas-notre-armee-par-lt-coloneler-adama-diop\/#breadcrumb\",\"itemListElement\":[{\"@type\":\"ListItem\",\"position\":1,\"name\":\"Accueil\",\"item\":\"https:\/\/www.nettali.com\/\"},{\"@type\":\"ListItem\",\"position\":2,\"name\":\"Ne divisez pas notre arm\\u00e9e\"}]},{\"@type\":\"Person\",\"@id\":\"https:\/\/www.nettali.com\/#\/schema\/person\/3317e0bb3aa1da309fbf7b2780901bf4\",\"name\":\"Daouda\",\"image\":{\"@type\":\"ImageObject\",\"@id\":\"https:\/\/www.nettali.com\/#personlogo\",\"inLanguage\":\"fr-FR\",\"url\":\"https:\/\/secure.gravatar.com\/avatar\/8d143b5a49345098ddcfee1c49c2f47c?s=96&d=mm&r=g\",\"contentUrl\":\"https:\/\/secure.gravatar.com\/avatar\/8d143b5a49345098ddcfee1c49c2f47c?s=96&d=mm&r=g\",\"caption\":\"Daouda\"},\"sameAs\":[\"https:\/\/www.nettali.com\"]}]}<\/script>\n<!-- \/ Yoast SEO Premium plugin. -->","yoast_head_json":{"title":"Ne divisez pas notre arm\u00e9e | Nettali.com","robots":{"index":"index","follow":"follow","max-snippet":"max-snippet:-1","max-image-preview":"max-image-preview:large","max-video-preview":"max-video-preview:-1"},"canonical":"https:\/\/www.nettali.com\/2025\/02\/07\/ne-divisez-pas-notre-armee-par-lt-coloneler-adama-diop\/","og_locale":"fr_FR","og_type":"article","og_title":"Ne divisez pas notre arm\u00e9e","og_description":"CONTRIBUTION - Sans \u00eatre parmi les plus brillantes, ma carri\u00e8re m\u2019a permis de beaucoup voyager et de comparer notre outil de D\u00e9fense aux autres arm\u00e9es. Au hasard de mes p\u00e9r\u00e9grinations dans plusieurs pays d\u2019Afrique (j\u2019en ai visit\u00e9 19), le c\u00e9l\u00e8bre g\u00e9n\u00e9ral angolais SALUPETO PENA (alias Ben Ben) m\u2019a appris autour d\u2019une table deux choses essentielles [&hellip;]","og_url":"https:\/\/www.nettali.com\/2025\/02\/07\/ne-divisez-pas-notre-armee-par-lt-coloneler-adama-diop\/","og_site_name":"Nettali.com","article_publisher":"https:\/\/www.facebook.com\/nettalicom","article_published_time":"2025-02-07T22:19:27+00:00","article_modified_time":"2025-02-08T07:40:28+00:00","og_image":[{"width":1117,"height":717,"url":"https:\/\/www.nettali.com\/wp-content\/uploads\/2025\/02\/Lt-Coloneler-Adama-Diop.jpg","type":"image\/jpeg"}],"twitter_card":"summary_large_image","twitter_misc":{"\u00c9crit par":"Daouda","Dur\u00e9e de lecture estim\u00e9e":"5 minutes"},"schema":{"@context":"https:\/\/schema.org","@graph":[{"@type":"WebSite","@id":"https:\/\/www.nettali.com\/#website","url":"https:\/\/www.nettali.com\/","name":"Nettali.com","description":"Le rendez-vous critique du Net","potentialAction":[{"@type":"SearchAction","target":{"@type":"EntryPoint","urlTemplate":"https:\/\/www.nettali.com\/?s={search_term_string}"},"query-input":"required name=search_term_string"}],"inLanguage":"fr-FR"},{"@type":"ImageObject","@id":"https:\/\/www.nettali.com\/2025\/02\/07\/ne-divisez-pas-notre-armee-par-lt-coloneler-adama-diop\/#primaryimage","inLanguage":"fr-FR","url":"https:\/\/www.nettali.com\/wp-content\/uploads\/2025\/02\/Lt-Coloneler-Adama-Diop.jpg","contentUrl":"https:\/\/www.nettali.com\/wp-content\/uploads\/2025\/02\/Lt-Coloneler-Adama-Diop.jpg","width":1117,"height":717},{"@type":"WebPage","@id":"https:\/\/www.nettali.com\/2025\/02\/07\/ne-divisez-pas-notre-armee-par-lt-coloneler-adama-diop\/#webpage","url":"https:\/\/www.nettali.com\/2025\/02\/07\/ne-divisez-pas-notre-armee-par-lt-coloneler-adama-diop\/","name":"Ne divisez pas notre arm\u00e9e | Nettali.com","isPartOf":{"@id":"https:\/\/www.nettali.com\/#website"},"primaryImageOfPage":{"@id":"https:\/\/www.nettali.com\/2025\/02\/07\/ne-divisez-pas-notre-armee-par-lt-coloneler-adama-diop\/#primaryimage"},"datePublished":"2025-02-07T22:19:27+00:00","dateModified":"2025-02-08T07:40:28+00:00","author":{"@id":"https:\/\/www.nettali.com\/#\/schema\/person\/3317e0bb3aa1da309fbf7b2780901bf4"},"breadcrumb":{"@id":"https:\/\/www.nettali.com\/2025\/02\/07\/ne-divisez-pas-notre-armee-par-lt-coloneler-adama-diop\/#breadcrumb"},"inLanguage":"fr-FR","potentialAction":[{"@type":"ReadAction","target":["https:\/\/www.nettali.com\/2025\/02\/07\/ne-divisez-pas-notre-armee-par-lt-coloneler-adama-diop\/"]}]},{"@type":"BreadcrumbList","@id":"https:\/\/www.nettali.com\/2025\/02\/07\/ne-divisez-pas-notre-armee-par-lt-coloneler-adama-diop\/#breadcrumb","itemListElement":[{"@type":"ListItem","position":1,"name":"Accueil","item":"https:\/\/www.nettali.com\/"},{"@type":"ListItem","position":2,"name":"Ne divisez pas notre arm\u00e9e"}]},{"@type":"Person","@id":"https:\/\/www.nettali.com\/#\/schema\/person\/3317e0bb3aa1da309fbf7b2780901bf4","name":"Daouda","image":{"@type":"ImageObject","@id":"https:\/\/www.nettali.com\/#personlogo","inLanguage":"fr-FR","url":"https:\/\/secure.gravatar.com\/avatar\/8d143b5a49345098ddcfee1c49c2f47c?s=96&d=mm&r=g","contentUrl":"https:\/\/secure.gravatar.com\/avatar\/8d143b5a49345098ddcfee1c49c2f47c?s=96&d=mm&r=g","caption":"Daouda"},"sameAs":["https:\/\/www.nettali.com"]}]}},"_links":{"self":[{"href":"https:\/\/www.nettali.com\/rest\/wp\/v2\/posts\/148580"}],"collection":[{"href":"https:\/\/www.nettali.com\/rest\/wp\/v2\/posts"}],"about":[{"href":"https:\/\/www.nettali.com\/rest\/wp\/v2\/types\/post"}],"author":[{"embeddable":true,"href":"https:\/\/www.nettali.com\/rest\/wp\/v2\/users\/4"}],"replies":[{"embeddable":true,"href":"https:\/\/www.nettali.com\/rest\/wp\/v2\/comments?post=148580"}],"version-history":[{"count":4,"href":"https:\/\/www.nettali.com\/rest\/wp\/v2\/posts\/148580\/revisions"}],"predecessor-version":[{"id":148594,"href":"https:\/\/www.nettali.com\/rest\/wp\/v2\/posts\/148580\/revisions\/148594"}],"wp:featuredmedia":[{"embeddable":true,"href":"https:\/\/www.nettali.com\/rest\/wp\/v2\/media\/148581"}],"wp:attachment":[{"href":"https:\/\/www.nettali.com\/rest\/wp\/v2\/media?parent=148580"}],"wp:term":[{"taxonomy":"category","embeddable":true,"href":"https:\/\/www.nettali.com\/rest\/wp\/v2\/categories?post=148580"},{"taxonomy":"post_tag","embeddable":true,"href":"https:\/\/www.nettali.com\/rest\/wp\/v2\/tags?post=148580"}],"curies":[{"name":"wp","href":"https:\/\/api.w.org\/{rel}","templated":true}]}}