{"id":148536,"date":"2025-02-07T13:42:23","date_gmt":"2025-02-07T13:42:23","guid":{"rendered":"https:\/\/www.nettali.com\/?p=148536"},"modified":"2025-02-07T13:42:23","modified_gmt":"2025-02-07T13:42:23","slug":"madiambal-diagne-jai-dit-au-general-kande-mon-general-acceptez-le-poste","status":"publish","type":"post","link":"https:\/\/www.nettali.com\/2025\/02\/07\/madiambal-diagne-jai-dit-au-general-kande-mon-general-acceptez-le-poste\/","title":{"rendered":"MADIAMBAL DIAGNE - \"J'ai dit au G\u00e9n\u00e9ral Kand\u00e9 : \"Mon g\u00e9n\u00e9ral, acceptez le poste\u00bb"},"content":{"rendered":"<p><strong>NETTALI.COM - Dans un entretien accord\u00e9 au journal Le Quotidien, Madiambal Diagne fait de nouvelles r\u00e9v\u00e9lations sur l'affaire du g\u00e9n\u00e9ral Souleymane Kand\u00e9. Nomm\u00e9 officiellement en tant que nouvel Attach\u00e9 de d\u00e9fense et de s\u00e9curit\u00e9 pr\u00e8s l\u2019Ambassade du S\u00e9n\u00e9gal en Inde, celui-ci doit rejoindre son poste avant le 1er mars prochain, date de sa prise de fonction.\u00a0<\/strong><\/p>\n<p><em>\u00abJ'avais voulu prendre un certain recul depuis un certain temps, pour me consacrer \u00e0 d'autres activit\u00e9s, m'\u00e9loigner un peu du d\u00e9bat public. Seulement, l'information que vous avez donn\u00e9e sur le d\u00e9cret du Pr\u00e9sident Bassirou Diomaye Faye, confirmant l'affectation du G\u00e9n\u00e9ral Kand\u00e9 comme attach\u00e9 militaire \u00e0 New Delhi, me semble-t-il importante et d'une actualit\u00e9 br\u00fblante.[...]\u00bb<\/em>, campe le journaliste.<\/p>\n<p><em>\u00abIl est vrai que la d\u00e9cision avait \u00e9t\u00e9 annonc\u00e9e depuis le mois d'avril 2023. Neuf mois apr\u00e8s, cette d\u00e9cision vient d'\u00eatre confirm\u00e9e. J'ai eu par le pass\u00e9 \u00e0 le dire devant certains m\u00e9dias que la d\u00e9cision tardait \u00e0 \u00eatre prise. Effectivement, le Pr\u00e9sident Bassirou Diomaye Faye avait \u00e0 un moment song\u00e9 \u00e0 reconsid\u00e9rer cette d\u00e9cision-l\u00e0.\u00bb<\/em><\/p>\n<p>L'interlocuteur du journal de poursuivre : <em>\u00abBeaucoup d'eau a coul\u00e9 sous les ponts, il n'en demeure pas moins que la d\u00e9cision a \u00e9t\u00e9 confirm\u00e9e et qu'il est question dans un d\u00e9lai d'un mois que le g\u00e9n\u00e9ral Kand\u00e9 rejoigne son nouveau poste \u00e0 New Delhi.\u00bb<\/em><\/p>\n<p>Le patron du groupe Avenir communication confie s'\u00eatre entretenu avec ce dernier. <em>\u00abJe l'ai appel\u00e9. J'ai discut\u00e9 avec lui, et il est heureux que je ne sois pas le seul \u00e0 l'avoir fait. D'autres S\u00e9n\u00e9galais de divers horizons, des gens qui sont dans l'arm\u00e9e, dans la soci\u00e9t\u00e9 civile, l'ont approch\u00e9 pour lui dire : \"Mon g\u00e9n\u00e9ral, prenez le poste, acceptez le poste\u00bb<\/em>, a-t-il r\u00e9v\u00e9l\u00e9, ajoutant que <em>\u00able g\u00e9n\u00e9ral Kand\u00e9 est [en train de] prendre toutes les dispositions pour demander sa mise en route imm\u00e9diate vers son poste d'affectation.\u00bb<\/em><\/p>\n<p>Il a pr\u00e9vu <em>\u00abune mission d'inspection ou de reconnaissance avant de prendre fonction officiellement\u00bb<\/em>, souffle le journaliste.<\/p>\n<div class='share-to-whatsapp-wrapper'><div class='share-on-whsp'>PARTAGER SUR : <\/div><a data-text='MADIAMBAL DIAGNE - \"J'ai dit au G\u00e9n\u00e9ral Kand\u00e9 : \"Mon g\u00e9n\u00e9ral, acceptez le poste\u00bb' data-link='https:\/\/www.nettali.com\/2025\/02\/07\/madiambal-diagne-jai-dit-au-general-kande-mon-general-acceptez-le-poste\/' class='whatsapp-button whatsapp-share'>WhatsApp<\/a><div class='clear '><\/div><\/div>","protected":false},"excerpt":{"rendered":"<p>NETTALI.COM - Dans un entretien accord\u00e9 au journal Le Quotidien, Madiambal Diagne fait de nouvelles r\u00e9v\u00e9lations sur l'affaire du g\u00e9n\u00e9ral Souleymane Kand\u00e9. Nomm\u00e9 officiellement en tant que nouvel Attach\u00e9 de d\u00e9fense et de s\u00e9curit\u00e9 pr\u00e8s l\u2019Ambassade du S\u00e9n\u00e9gal en Inde, celui-ci doit rejoindre son poste avant le 1er mars prochain, date de sa prise de [&hellip;]<\/p>\n","protected":false},"author":4,"featured_media":134086,"comment_status":"open","ping_status":"open","sticky":false,"template":"","format":"standard","meta":{"_et_pb_use_builder":"","_et_pb_old_content":""},"categories":[3],"tags":[],"yoast_head":"<!-- This site is optimized with the Yoast SEO Premium plugin v17.8 (Yoast SEO v17.8) - https:\/\/yoast.com\/wordpress\/plugins\/seo\/ -->\n<title>MADIAMBAL DIAGNE - &quot;J&#039;ai dit au G\u00e9n\u00e9ral Kand\u00e9 : &quot;Mon g\u00e9n\u00e9ral, acceptez le poste\u00bb | Nettali.com<\/title>\n<meta name=\"robots\" content=\"index, follow, max-snippet:-1, max-image-preview:large, max-video-preview:-1\" \/>\n<link rel=\"canonical\" href=\"https:\/\/www.nettali.com\/2025\/02\/07\/madiambal-diagne-jai-dit-au-general-kande-mon-general-acceptez-le-poste\/\" \/>\n<meta property=\"og:locale\" content=\"fr_FR\" \/>\n<meta property=\"og:type\" content=\"article\" \/>\n<meta property=\"og:title\" content=\"MADIAMBAL DIAGNE - &quot;J&#039;ai dit au G\u00e9n\u00e9ral Kand\u00e9 : &quot;Mon g\u00e9n\u00e9ral, acceptez le poste\u00bb\" \/>\n<meta property=\"og:description\" content=\"NETTALI.COM - Dans un entretien accord\u00e9 au journal Le Quotidien, Madiambal Diagne fait de nouvelles r\u00e9v\u00e9lations sur l&#039;affaire du g\u00e9n\u00e9ral Souleymane Kand\u00e9. Nomm\u00e9 officiellement en tant que nouvel Attach\u00e9 de d\u00e9fense et de s\u00e9curit\u00e9 pr\u00e8s l\u2019Ambassade du S\u00e9n\u00e9gal en Inde, celui-ci doit rejoindre son poste avant le 1er mars prochain, date de sa prise de [&hellip;]\" \/>\n<meta property=\"og:url\" content=\"https:\/\/www.nettali.com\/2025\/02\/07\/madiambal-diagne-jai-dit-au-general-kande-mon-general-acceptez-le-poste\/\" \/>\n<meta property=\"og:site_name\" content=\"Nettali.com\" \/>\n<meta property=\"article:publisher\" content=\"https:\/\/www.facebook.com\/nettalicom\" \/>\n<meta property=\"article:published_time\" content=\"2025-02-07T13:42:23+00:00\" \/>\n<meta property=\"og:image\" content=\"https:\/\/www.nettali.com\/wp-content\/uploads\/2024\/05\/madiambal-diagne.jpg\" \/>\n\t<meta property=\"og:image:width\" content=\"1200\" \/>\n\t<meta property=\"og:image:height\" content=\"900\" \/>\n<meta name=\"twitter:card\" content=\"summary_large_image\" \/>\n<meta name=\"twitter:label1\" content=\"\u00c9crit par\" \/>\n\t<meta name=\"twitter:data1\" content=\"Daouda\" \/>\n\t<meta name=\"twitter:label2\" content=\"Dur\u00e9e de lecture estim\u00e9e\" \/>\n\t<meta name=\"twitter:data2\" content=\"2 minutes\" \/>\n<script type=\"application\/ld+json\" class=\"yoast-schema-graph\">{\"@context\":\"https:\/\/schema.org\",\"@graph\":[{\"@type\":\"WebSite\",\"@id\":\"https:\/\/www.nettali.com\/#website\",\"url\":\"https:\/\/www.nettali.com\/\",\"name\":\"Nettali.com\",\"description\":\"Le rendez-vous critique du Net\",\"potentialAction\":[{\"@type\":\"SearchAction\",\"target\":{\"@type\":\"EntryPoint\",\"urlTemplate\":\"https:\/\/www.nettali.com\/?s={search_term_string}\"},\"query-input\":\"required name=search_term_string\"}],\"inLanguage\":\"fr-FR\"},{\"@type\":\"ImageObject\",\"@id\":\"https:\/\/www.nettali.com\/2025\/02\/07\/madiambal-diagne-jai-dit-au-general-kande-mon-general-acceptez-le-poste\/#primaryimage\",\"inLanguage\":\"fr-FR\",\"url\":\"https:\/\/www.nettali.com\/wp-content\/uploads\/2024\/05\/madiambal-diagne.jpg\",\"contentUrl\":\"https:\/\/www.nettali.com\/wp-content\/uploads\/2024\/05\/madiambal-diagne.jpg\",\"width\":1200,\"height\":900},{\"@type\":\"WebPage\",\"@id\":\"https:\/\/www.nettali.com\/2025\/02\/07\/madiambal-diagne-jai-dit-au-general-kande-mon-general-acceptez-le-poste\/#webpage\",\"url\":\"https:\/\/www.nettali.com\/2025\/02\/07\/madiambal-diagne-jai-dit-au-general-kande-mon-general-acceptez-le-poste\/\",\"name\":\"MADIAMBAL DIAGNE - \\\"J'ai dit au G\\u00e9n\\u00e9ral Kand\\u00e9 : \\\"Mon g\\u00e9n\\u00e9ral, acceptez le poste\\u00bb | Nettali.com\",\"isPartOf\":{\"@id\":\"https:\/\/www.nettali.com\/#website\"},\"primaryImageOfPage\":{\"@id\":\"https:\/\/www.nettali.com\/2025\/02\/07\/madiambal-diagne-jai-dit-au-general-kande-mon-general-acceptez-le-poste\/#primaryimage\"},\"datePublished\":\"2025-02-07T13:42:23+00:00\",\"dateModified\":\"2025-02-07T13:42:23+00:00\",\"author\":{\"@id\":\"https:\/\/www.nettali.com\/#\/schema\/person\/3317e0bb3aa1da309fbf7b2780901bf4\"},\"breadcrumb\":{\"@id\":\"https:\/\/www.nettali.com\/2025\/02\/07\/madiambal-diagne-jai-dit-au-general-kande-mon-general-acceptez-le-poste\/#breadcrumb\"},\"inLanguage\":\"fr-FR\",\"potentialAction\":[{\"@type\":\"ReadAction\",\"target\":[\"https:\/\/www.nettali.com\/2025\/02\/07\/madiambal-diagne-jai-dit-au-general-kande-mon-general-acceptez-le-poste\/\"]}]},{\"@type\":\"BreadcrumbList\",\"@id\":\"https:\/\/www.nettali.com\/2025\/02\/07\/madiambal-diagne-jai-dit-au-general-kande-mon-general-acceptez-le-poste\/#breadcrumb\",\"itemListElement\":[{\"@type\":\"ListItem\",\"position\":1,\"name\":\"Accueil\",\"item\":\"https:\/\/www.nettali.com\/\"},{\"@type\":\"ListItem\",\"position\":2,\"name\":\"MADIAMBAL DIAGNE - \\\"J'ai dit au G\\u00e9n\\u00e9ral Kand\\u00e9 : \\\"Mon g\\u00e9n\\u00e9ral, acceptez le poste\\u00bb\"}]},{\"@type\":\"Person\",\"@id\":\"https:\/\/www.nettali.com\/#\/schema\/person\/3317e0bb3aa1da309fbf7b2780901bf4\",\"name\":\"Daouda\",\"image\":{\"@type\":\"ImageObject\",\"@id\":\"https:\/\/www.nettali.com\/#personlogo\",\"inLanguage\":\"fr-FR\",\"url\":\"https:\/\/secure.gravatar.com\/avatar\/8d143b5a49345098ddcfee1c49c2f47c?s=96&d=mm&r=g\",\"contentUrl\":\"https:\/\/secure.gravatar.com\/avatar\/8d143b5a49345098ddcfee1c49c2f47c?s=96&d=mm&r=g\",\"caption\":\"Daouda\"},\"sameAs\":[\"https:\/\/www.nettali.com\"]}]}<\/script>\n<!-- \/ Yoast SEO Premium plugin. -->","yoast_head_json":{"title":"MADIAMBAL DIAGNE - \"J'ai dit au G\u00e9n\u00e9ral Kand\u00e9 : \"Mon g\u00e9n\u00e9ral, acceptez le poste\u00bb | Nettali.com","robots":{"index":"index","follow":"follow","max-snippet":"max-snippet:-1","max-image-preview":"max-image-preview:large","max-video-preview":"max-video-preview:-1"},"canonical":"https:\/\/www.nettali.com\/2025\/02\/07\/madiambal-diagne-jai-dit-au-general-kande-mon-general-acceptez-le-poste\/","og_locale":"fr_FR","og_type":"article","og_title":"MADIAMBAL DIAGNE - \"J'ai dit au G\u00e9n\u00e9ral Kand\u00e9 : \"Mon g\u00e9n\u00e9ral, acceptez le poste\u00bb","og_description":"NETTALI.COM - Dans un entretien accord\u00e9 au journal Le Quotidien, Madiambal Diagne fait de nouvelles r\u00e9v\u00e9lations sur l'affaire du g\u00e9n\u00e9ral Souleymane Kand\u00e9. Nomm\u00e9 officiellement en tant que nouvel Attach\u00e9 de d\u00e9fense et de s\u00e9curit\u00e9 pr\u00e8s l\u2019Ambassade du S\u00e9n\u00e9gal en Inde, celui-ci doit rejoindre son poste avant le 1er mars prochain, date de sa prise de [&hellip;]","og_url":"https:\/\/www.nettali.com\/2025\/02\/07\/madiambal-diagne-jai-dit-au-general-kande-mon-general-acceptez-le-poste\/","og_site_name":"Nettali.com","article_publisher":"https:\/\/www.facebook.com\/nettalicom","article_published_time":"2025-02-07T13:42:23+00:00","og_image":[{"width":1200,"height":900,"url":"https:\/\/www.nettali.com\/wp-content\/uploads\/2024\/05\/madiambal-diagne.jpg","type":"image\/jpeg"}],"twitter_card":"summary_large_image","twitter_misc":{"\u00c9crit par":"Daouda","Dur\u00e9e de lecture estim\u00e9e":"2 minutes"},"schema":{"@context":"https:\/\/schema.org","@graph":[{"@type":"WebSite","@id":"https:\/\/www.nettali.com\/#website","url":"https:\/\/www.nettali.com\/","name":"Nettali.com","description":"Le rendez-vous critique du Net","potentialAction":[{"@type":"SearchAction","target":{"@type":"EntryPoint","urlTemplate":"https:\/\/www.nettali.com\/?s={search_term_string}"},"query-input":"required name=search_term_string"}],"inLanguage":"fr-FR"},{"@type":"ImageObject","@id":"https:\/\/www.nettali.com\/2025\/02\/07\/madiambal-diagne-jai-dit-au-general-kande-mon-general-acceptez-le-poste\/#primaryimage","inLanguage":"fr-FR","url":"https:\/\/www.nettali.com\/wp-content\/uploads\/2024\/05\/madiambal-diagne.jpg","contentUrl":"https:\/\/www.nettali.com\/wp-content\/uploads\/2024\/05\/madiambal-diagne.jpg","width":1200,"height":900},{"@type":"WebPage","@id":"https:\/\/www.nettali.com\/2025\/02\/07\/madiambal-diagne-jai-dit-au-general-kande-mon-general-acceptez-le-poste\/#webpage","url":"https:\/\/www.nettali.com\/2025\/02\/07\/madiambal-diagne-jai-dit-au-general-kande-mon-general-acceptez-le-poste\/","name":"MADIAMBAL DIAGNE - \"J'ai dit au G\u00e9n\u00e9ral Kand\u00e9 : \"Mon g\u00e9n\u00e9ral, acceptez le poste\u00bb | Nettali.com","isPartOf":{"@id":"https:\/\/www.nettali.com\/#website"},"primaryImageOfPage":{"@id":"https:\/\/www.nettali.com\/2025\/02\/07\/madiambal-diagne-jai-dit-au-general-kande-mon-general-acceptez-le-poste\/#primaryimage"},"datePublished":"2025-02-07T13:42:23+00:00","dateModified":"2025-02-07T13:42:23+00:00","author":{"@id":"https:\/\/www.nettali.com\/#\/schema\/person\/3317e0bb3aa1da309fbf7b2780901bf4"},"breadcrumb":{"@id":"https:\/\/www.nettali.com\/2025\/02\/07\/madiambal-diagne-jai-dit-au-general-kande-mon-general-acceptez-le-poste\/#breadcrumb"},"inLanguage":"fr-FR","potentialAction":[{"@type":"ReadAction","target":["https:\/\/www.nettali.com\/2025\/02\/07\/madiambal-diagne-jai-dit-au-general-kande-mon-general-acceptez-le-poste\/"]}]},{"@type":"BreadcrumbList","@id":"https:\/\/www.nettali.com\/2025\/02\/07\/madiambal-diagne-jai-dit-au-general-kande-mon-general-acceptez-le-poste\/#breadcrumb","itemListElement":[{"@type":"ListItem","position":1,"name":"Accueil","item":"https:\/\/www.nettali.com\/"},{"@type":"ListItem","position":2,"name":"MADIAMBAL DIAGNE - \"J'ai dit au G\u00e9n\u00e9ral Kand\u00e9 : \"Mon g\u00e9n\u00e9ral, acceptez le poste\u00bb"}]},{"@type":"Person","@id":"https:\/\/www.nettali.com\/#\/schema\/person\/3317e0bb3aa1da309fbf7b2780901bf4","name":"Daouda","image":{"@type":"ImageObject","@id":"https:\/\/www.nettali.com\/#personlogo","inLanguage":"fr-FR","url":"https:\/\/secure.gravatar.com\/avatar\/8d143b5a49345098ddcfee1c49c2f47c?s=96&d=mm&r=g","contentUrl":"https:\/\/secure.gravatar.com\/avatar\/8d143b5a49345098ddcfee1c49c2f47c?s=96&d=mm&r=g","caption":"Daouda"},"sameAs":["https:\/\/www.nettali.com"]}]}},"_links":{"self":[{"href":"https:\/\/www.nettali.com\/rest\/wp\/v2\/posts\/148536"}],"collection":[{"href":"https:\/\/www.nettali.com\/rest\/wp\/v2\/posts"}],"about":[{"href":"https:\/\/www.nettali.com\/rest\/wp\/v2\/types\/post"}],"author":[{"embeddable":true,"href":"https:\/\/www.nettali.com\/rest\/wp\/v2\/users\/4"}],"replies":[{"embeddable":true,"href":"https:\/\/www.nettali.com\/rest\/wp\/v2\/comments?post=148536"}],"version-history":[{"count":1,"href":"https:\/\/www.nettali.com\/rest\/wp\/v2\/posts\/148536\/revisions"}],"predecessor-version":[{"id":148537,"href":"https:\/\/www.nettali.com\/rest\/wp\/v2\/posts\/148536\/revisions\/148537"}],"wp:featuredmedia":[{"embeddable":true,"href":"https:\/\/www.nettali.com\/rest\/wp\/v2\/media\/134086"}],"wp:attachment":[{"href":"https:\/\/www.nettali.com\/rest\/wp\/v2\/media?parent=148536"}],"wp:term":[{"taxonomy":"category","embeddable":true,"href":"https:\/\/www.nettali.com\/rest\/wp\/v2\/categories?post=148536"},{"taxonomy":"post_tag","embeddable":true,"href":"https:\/\/www.nettali.com\/rest\/wp\/v2\/tags?post=148536"}],"curies":[{"name":"wp","href":"https:\/\/api.w.org\/{rel}","templated":true}]}}