{"id":148524,"date":"2025-02-07T08:22:43","date_gmt":"2025-02-07T08:22:43","guid":{"rendered":"https:\/\/www.nettali.com\/?p=148524"},"modified":"2025-02-07T08:22:43","modified_gmt":"2025-02-07T08:22:43","slug":"mercato-sergio-ramos-atterrit-a-monterrey","status":"publish","type":"post","link":"https:\/\/www.nettali.com\/2025\/02\/07\/mercato-sergio-ramos-atterrit-a-monterrey\/","title":{"rendered":"MERCATO - Sergio Ramos atterrit \u00e0 Monterrey"},"content":{"rendered":"<p><strong>NETTALI.COM - Sans club depuis la fin de son contrat \u00e0 S\u00e9ville l\u2019\u00e9t\u00e9 dernier, Sergio Ramos s\u2019est enfin trouv\u00e9 un point de chute. L\u2019exp\u00e9riment\u00e9 d\u00e9fenseur andalou, dont le CV et le palmar\u00e8s ne sont plus \u00e0 pr\u00e9senter, va d\u00e9couvrir un nouveau continent puisqu\u2019il a rrejoint ce jeudi les Rayados de Monterrey, actuels dixi\u00e8mes du championnat de clausura mexicain.<\/strong><\/p>\n<p>Il a sign\u00e9 un contrat d\u2019un an avec une ann\u00e9e optionnelle, avec un salaire de 4 millions d\u2019euros net et de nombreux bonus, ainsi que divers int\u00e9ressements li\u00e9s \u00e0 la vente de ses maillots et \u00e0 ses droits d\u2019image.<\/p>\n<p>Le l\u00e9gendaire d\u00e9fenseur du Real Madrid\u00a0 portera le num\u00e9ro 93 et retrouvera notamment ses compatriotes Oliver Torres et Sergio Canales, ainsi que certains joueurs bien connus en Europe comme Lucas Ocampos et Jesus Corona.<\/p>\n<div class='share-to-whatsapp-wrapper'><div class='share-on-whsp'>PARTAGER SUR : <\/div><a data-text='MERCATO - Sergio Ramos atterrit \u00e0 Monterrey' data-link='https:\/\/www.nettali.com\/2025\/02\/07\/mercato-sergio-ramos-atterrit-a-monterrey\/' class='whatsapp-button whatsapp-share'>WhatsApp<\/a><div class='clear '><\/div><\/div>","protected":false},"excerpt":{"rendered":"<p>NETTALI.COM - Sans club depuis la fin de son contrat \u00e0 S\u00e9ville l\u2019\u00e9t\u00e9 dernier, Sergio Ramos s\u2019est enfin trouv\u00e9 un point de chute. L\u2019exp\u00e9riment\u00e9 d\u00e9fenseur andalou, dont le CV et le palmar\u00e8s ne sont plus \u00e0 pr\u00e9senter, va d\u00e9couvrir un nouveau continent puisqu\u2019il a rrejoint ce jeudi les Rayados de Monterrey, actuels dixi\u00e8mes du championnat [&hellip;]<\/p>\n","protected":false},"author":5,"featured_media":148525,"comment_status":"open","ping_status":"open","sticky":false,"template":"","format":"standard","meta":{"_et_pb_use_builder":"","_et_pb_old_content":""},"categories":[6],"tags":[],"yoast_head":"<!-- This site is optimized with the Yoast SEO Premium plugin v17.8 (Yoast SEO v17.8) - https:\/\/yoast.com\/wordpress\/plugins\/seo\/ -->\n<title>MERCATO - Sergio Ramos atterrit \u00e0 Monterrey | Nettali.com<\/title>\n<meta name=\"robots\" content=\"index, follow, max-snippet:-1, max-image-preview:large, max-video-preview:-1\" \/>\n<link rel=\"canonical\" href=\"https:\/\/www.nettali.com\/2025\/02\/07\/mercato-sergio-ramos-atterrit-a-monterrey\/\" \/>\n<meta property=\"og:locale\" content=\"fr_FR\" \/>\n<meta property=\"og:type\" content=\"article\" \/>\n<meta property=\"og:title\" content=\"MERCATO - Sergio Ramos atterrit \u00e0 Monterrey\" \/>\n<meta property=\"og:description\" content=\"NETTALI.COM - Sans club depuis la fin de son contrat \u00e0 S\u00e9ville l\u2019\u00e9t\u00e9 dernier, Sergio Ramos s\u2019est enfin trouv\u00e9 un point de chute. L\u2019exp\u00e9riment\u00e9 d\u00e9fenseur andalou, dont le CV et le palmar\u00e8s ne sont plus \u00e0 pr\u00e9senter, va d\u00e9couvrir un nouveau continent puisqu\u2019il a rrejoint ce jeudi les Rayados de Monterrey, actuels dixi\u00e8mes du championnat [&hellip;]\" \/>\n<meta property=\"og:url\" content=\"https:\/\/www.nettali.com\/2025\/02\/07\/mercato-sergio-ramos-atterrit-a-monterrey\/\" \/>\n<meta property=\"og:site_name\" content=\"Nettali.com\" \/>\n<meta property=\"article:publisher\" content=\"https:\/\/www.facebook.com\/nettalicom\" \/>\n<meta property=\"article:published_time\" content=\"2025-02-07T08:22:43+00:00\" \/>\n<meta property=\"og:image\" content=\"https:\/\/www.nettali.com\/wp-content\/uploads\/2025\/02\/Captura-de-pantalla-2025-02-06-a-las-17.png\" \/>\n\t<meta property=\"og:image:width\" content=\"1080\" \/>\n\t<meta property=\"og:image:height\" content=\"675\" \/>\n<meta name=\"twitter:card\" content=\"summary_large_image\" \/>\n<meta name=\"twitter:label1\" content=\"\u00c9crit par\" \/>\n\t<meta name=\"twitter:data1\" content=\"Ibrahima\" \/>\n\t<meta name=\"twitter:label2\" content=\"Dur\u00e9e de lecture estim\u00e9e\" \/>\n\t<meta name=\"twitter:data2\" content=\"1 minute\" \/>\n<script type=\"application\/ld+json\" class=\"yoast-schema-graph\">{\"@context\":\"https:\/\/schema.org\",\"@graph\":[{\"@type\":\"WebSite\",\"@id\":\"https:\/\/www.nettali.com\/#website\",\"url\":\"https:\/\/www.nettali.com\/\",\"name\":\"Nettali.com\",\"description\":\"Le rendez-vous critique du Net\",\"potentialAction\":[{\"@type\":\"SearchAction\",\"target\":{\"@type\":\"EntryPoint\",\"urlTemplate\":\"https:\/\/www.nettali.com\/?s={search_term_string}\"},\"query-input\":\"required name=search_term_string\"}],\"inLanguage\":\"fr-FR\"},{\"@type\":\"ImageObject\",\"@id\":\"https:\/\/www.nettali.com\/2025\/02\/07\/mercato-sergio-ramos-atterrit-a-monterrey\/#primaryimage\",\"inLanguage\":\"fr-FR\",\"url\":\"https:\/\/www.nettali.com\/wp-content\/uploads\/2025\/02\/Captura-de-pantalla-2025-02-06-a-las-17.png\",\"contentUrl\":\"https:\/\/www.nettali.com\/wp-content\/uploads\/2025\/02\/Captura-de-pantalla-2025-02-06-a-las-17.png\",\"width\":1080,\"height\":675},{\"@type\":\"WebPage\",\"@id\":\"https:\/\/www.nettali.com\/2025\/02\/07\/mercato-sergio-ramos-atterrit-a-monterrey\/#webpage\",\"url\":\"https:\/\/www.nettali.com\/2025\/02\/07\/mercato-sergio-ramos-atterrit-a-monterrey\/\",\"name\":\"MERCATO - Sergio Ramos atterrit \\u00e0 Monterrey | Nettali.com\",\"isPartOf\":{\"@id\":\"https:\/\/www.nettali.com\/#website\"},\"primaryImageOfPage\":{\"@id\":\"https:\/\/www.nettali.com\/2025\/02\/07\/mercato-sergio-ramos-atterrit-a-monterrey\/#primaryimage\"},\"datePublished\":\"2025-02-07T08:22:43+00:00\",\"dateModified\":\"2025-02-07T08:22:43+00:00\",\"author\":{\"@id\":\"https:\/\/www.nettali.com\/#\/schema\/person\/bb147657c2986240405a608162b9bb23\"},\"breadcrumb\":{\"@id\":\"https:\/\/www.nettali.com\/2025\/02\/07\/mercato-sergio-ramos-atterrit-a-monterrey\/#breadcrumb\"},\"inLanguage\":\"fr-FR\",\"potentialAction\":[{\"@type\":\"ReadAction\",\"target\":[\"https:\/\/www.nettali.com\/2025\/02\/07\/mercato-sergio-ramos-atterrit-a-monterrey\/\"]}]},{\"@type\":\"BreadcrumbList\",\"@id\":\"https:\/\/www.nettali.com\/2025\/02\/07\/mercato-sergio-ramos-atterrit-a-monterrey\/#breadcrumb\",\"itemListElement\":[{\"@type\":\"ListItem\",\"position\":1,\"name\":\"Accueil\",\"item\":\"https:\/\/www.nettali.com\/\"},{\"@type\":\"ListItem\",\"position\":2,\"name\":\"MERCATO - Sergio Ramos atterrit \\u00e0 Monterrey\"}]},{\"@type\":\"Person\",\"@id\":\"https:\/\/www.nettali.com\/#\/schema\/person\/bb147657c2986240405a608162b9bb23\",\"name\":\"Ibrahima\",\"image\":{\"@type\":\"ImageObject\",\"@id\":\"https:\/\/www.nettali.com\/#personlogo\",\"inLanguage\":\"fr-FR\",\"url\":\"https:\/\/secure.gravatar.com\/avatar\/26a8a81f09f0dd7624c9d5c36c9ba3a2?s=96&d=mm&r=g\",\"contentUrl\":\"https:\/\/secure.gravatar.com\/avatar\/26a8a81f09f0dd7624c9d5c36c9ba3a2?s=96&d=mm&r=g\",\"caption\":\"Ibrahima\"},\"sameAs\":[\"https:\/\/www.nettali.com\"]}]}<\/script>\n<!-- \/ Yoast SEO Premium plugin. -->","yoast_head_json":{"title":"MERCATO - Sergio Ramos atterrit \u00e0 Monterrey | Nettali.com","robots":{"index":"index","follow":"follow","max-snippet":"max-snippet:-1","max-image-preview":"max-image-preview:large","max-video-preview":"max-video-preview:-1"},"canonical":"https:\/\/www.nettali.com\/2025\/02\/07\/mercato-sergio-ramos-atterrit-a-monterrey\/","og_locale":"fr_FR","og_type":"article","og_title":"MERCATO - Sergio Ramos atterrit \u00e0 Monterrey","og_description":"NETTALI.COM - Sans club depuis la fin de son contrat \u00e0 S\u00e9ville l\u2019\u00e9t\u00e9 dernier, Sergio Ramos s\u2019est enfin trouv\u00e9 un point de chute. L\u2019exp\u00e9riment\u00e9 d\u00e9fenseur andalou, dont le CV et le palmar\u00e8s ne sont plus \u00e0 pr\u00e9senter, va d\u00e9couvrir un nouveau continent puisqu\u2019il a rrejoint ce jeudi les Rayados de Monterrey, actuels dixi\u00e8mes du championnat [&hellip;]","og_url":"https:\/\/www.nettali.com\/2025\/02\/07\/mercato-sergio-ramos-atterrit-a-monterrey\/","og_site_name":"Nettali.com","article_publisher":"https:\/\/www.facebook.com\/nettalicom","article_published_time":"2025-02-07T08:22:43+00:00","og_image":[{"width":1080,"height":675,"url":"https:\/\/www.nettali.com\/wp-content\/uploads\/2025\/02\/Captura-de-pantalla-2025-02-06-a-las-17.png","type":"image\/png"}],"twitter_card":"summary_large_image","twitter_misc":{"\u00c9crit par":"Ibrahima","Dur\u00e9e de lecture estim\u00e9e":"1 minute"},"schema":{"@context":"https:\/\/schema.org","@graph":[{"@type":"WebSite","@id":"https:\/\/www.nettali.com\/#website","url":"https:\/\/www.nettali.com\/","name":"Nettali.com","description":"Le rendez-vous critique du Net","potentialAction":[{"@type":"SearchAction","target":{"@type":"EntryPoint","urlTemplate":"https:\/\/www.nettali.com\/?s={search_term_string}"},"query-input":"required name=search_term_string"}],"inLanguage":"fr-FR"},{"@type":"ImageObject","@id":"https:\/\/www.nettali.com\/2025\/02\/07\/mercato-sergio-ramos-atterrit-a-monterrey\/#primaryimage","inLanguage":"fr-FR","url":"https:\/\/www.nettali.com\/wp-content\/uploads\/2025\/02\/Captura-de-pantalla-2025-02-06-a-las-17.png","contentUrl":"https:\/\/www.nettali.com\/wp-content\/uploads\/2025\/02\/Captura-de-pantalla-2025-02-06-a-las-17.png","width":1080,"height":675},{"@type":"WebPage","@id":"https:\/\/www.nettali.com\/2025\/02\/07\/mercato-sergio-ramos-atterrit-a-monterrey\/#webpage","url":"https:\/\/www.nettali.com\/2025\/02\/07\/mercato-sergio-ramos-atterrit-a-monterrey\/","name":"MERCATO - Sergio Ramos atterrit \u00e0 Monterrey | Nettali.com","isPartOf":{"@id":"https:\/\/www.nettali.com\/#website"},"primaryImageOfPage":{"@id":"https:\/\/www.nettali.com\/2025\/02\/07\/mercato-sergio-ramos-atterrit-a-monterrey\/#primaryimage"},"datePublished":"2025-02-07T08:22:43+00:00","dateModified":"2025-02-07T08:22:43+00:00","author":{"@id":"https:\/\/www.nettali.com\/#\/schema\/person\/bb147657c2986240405a608162b9bb23"},"breadcrumb":{"@id":"https:\/\/www.nettali.com\/2025\/02\/07\/mercato-sergio-ramos-atterrit-a-monterrey\/#breadcrumb"},"inLanguage":"fr-FR","potentialAction":[{"@type":"ReadAction","target":["https:\/\/www.nettali.com\/2025\/02\/07\/mercato-sergio-ramos-atterrit-a-monterrey\/"]}]},{"@type":"BreadcrumbList","@id":"https:\/\/www.nettali.com\/2025\/02\/07\/mercato-sergio-ramos-atterrit-a-monterrey\/#breadcrumb","itemListElement":[{"@type":"ListItem","position":1,"name":"Accueil","item":"https:\/\/www.nettali.com\/"},{"@type":"ListItem","position":2,"name":"MERCATO - Sergio Ramos atterrit \u00e0 Monterrey"}]},{"@type":"Person","@id":"https:\/\/www.nettali.com\/#\/schema\/person\/bb147657c2986240405a608162b9bb23","name":"Ibrahima","image":{"@type":"ImageObject","@id":"https:\/\/www.nettali.com\/#personlogo","inLanguage":"fr-FR","url":"https:\/\/secure.gravatar.com\/avatar\/26a8a81f09f0dd7624c9d5c36c9ba3a2?s=96&d=mm&r=g","contentUrl":"https:\/\/secure.gravatar.com\/avatar\/26a8a81f09f0dd7624c9d5c36c9ba3a2?s=96&d=mm&r=g","caption":"Ibrahima"},"sameAs":["https:\/\/www.nettali.com"]}]}},"_links":{"self":[{"href":"https:\/\/www.nettali.com\/rest\/wp\/v2\/posts\/148524"}],"collection":[{"href":"https:\/\/www.nettali.com\/rest\/wp\/v2\/posts"}],"about":[{"href":"https:\/\/www.nettali.com\/rest\/wp\/v2\/types\/post"}],"author":[{"embeddable":true,"href":"https:\/\/www.nettali.com\/rest\/wp\/v2\/users\/5"}],"replies":[{"embeddable":true,"href":"https:\/\/www.nettali.com\/rest\/wp\/v2\/comments?post=148524"}],"version-history":[{"count":1,"href":"https:\/\/www.nettali.com\/rest\/wp\/v2\/posts\/148524\/revisions"}],"predecessor-version":[{"id":148527,"href":"https:\/\/www.nettali.com\/rest\/wp\/v2\/posts\/148524\/revisions\/148527"}],"wp:featuredmedia":[{"embeddable":true,"href":"https:\/\/www.nettali.com\/rest\/wp\/v2\/media\/148525"}],"wp:attachment":[{"href":"https:\/\/www.nettali.com\/rest\/wp\/v2\/media?parent=148524"}],"wp:term":[{"taxonomy":"category","embeddable":true,"href":"https:\/\/www.nettali.com\/rest\/wp\/v2\/categories?post=148524"},{"taxonomy":"post_tag","embeddable":true,"href":"https:\/\/www.nettali.com\/rest\/wp\/v2\/tags?post=148524"}],"curies":[{"name":"wp","href":"https:\/\/api.w.org\/{rel}","templated":true}]}}