{"id":148367,"date":"2025-02-05T07:53:59","date_gmt":"2025-02-05T07:53:59","guid":{"rendered":"https:\/\/www.nettali.com\/?p=148367"},"modified":"2025-02-05T07:53:59","modified_gmt":"2025-02-05T07:53:59","slug":"journee-mondiale-de-lutte-contre-le-cancer-11-000-cas-avec-plus-de-8000-deces-enregistres-au-senegal","status":"publish","type":"post","link":"https:\/\/www.nettali.com\/2025\/02\/05\/journee-mondiale-de-lutte-contre-le-cancer-11-000-cas-avec-plus-de-8000-deces-enregistres-au-senegal\/","title":{"rendered":"JOURN\u00c9E MONDIALE DE LUTTE CONTRE LE CANCER- 11 000 cas avec plus de 8000 d\u00e9c\u00e8s enregistr\u00e9s au S\u00e9n\u00e9gal\u00a0"},"content":{"rendered":"<p><strong>NETTALI.COM - Le cancer cause plus de 8000 d\u00e9c\u00e8s par an. A l\u2019occasion de la c\u00e9l\u00e9bration de cette journ\u00e9e, les acteurs ont plaid\u00e9 pour un plateau technique plus relev\u00e9 afin d\u2019assurer une meilleure prise en charge de la maladie. <\/strong><\/p>\n<p>La journ\u00e9e mondiale du cancer est c\u00e9l\u00e9br\u00e9e ce mardi 04 f\u00e9vrier 2025. \u00ab <em>Au S\u00e9n\u00e9gal, nous avons environ 11 000 cas. Et dans ces 11 000, nous enregistrons des d\u00e9c\u00e8s de plus de 8000. Ceci veut dire simplement que pr\u00e8s de 70% des personnes atteintes, finissent par d\u00e9c\u00e9der. Cela montre simplement que c'est une maladie qui frappe de fa\u00e7on beaucoup plus marqu\u00e9e les pays en voie de d\u00e9veloppement<\/em> \u00bb, a indiqu\u00e9 le secr\u00e9taire g\u00e9n\u00e9ral du minist\u00e8re, Mbaye Thiam qui soutient que l'accent doit \u00eatre mis sur la pr\u00e9vention.<\/p>\n<p>En 2025, le th\u00e8me \u00ab Unis par l'unique \u00bb vise particuli\u00e8rement la mobilisation collective. C\u2019est pourquoi des associations de lutte ont port\u00e9 le plaidoyer des malades, notamment sur la fonctionnalit\u00e9 de l'appareil de radioth\u00e9rapie de l'h\u00f4pital Aristide-le-Dantec.<\/p>\n<p>A en croire le secr\u00e9taire g\u00e9n\u00e9ral du minist\u00e8re, les autorit\u00e9s sont avis\u00e9es et le n\u00e9cessaire sera fait. \u00ab <em>Nous sommes tr\u00e8s conscients de l'importance de cette radioth\u00e9rapie. Et dans le cadre du plan, si vous l'avez vu, il y a v\u00e9ritablement beaucoup de projections pour faire en sorte que des appareils de radioth\u00e9rapie, que des dispositifs de radioth\u00e9rapie soient multipli\u00e9s au niveau du S\u00e9n\u00e9gal. Nous savons aujourd'hui que nous avons 3 points de prestations au niveau du public, mais des efforts sont en train d'\u00eatre men\u00e9s. Nous avons v\u00e9ritablement espoir que, dans peu de temps, ces centres de prise en charge par radioth\u00e9rapie devront \u00eatre multipli\u00e9s<\/em> \u00bb, assure M. Thiam.<\/p>\n<div class='share-to-whatsapp-wrapper'><div class='share-on-whsp'>PARTAGER SUR : <\/div><a data-text='JOURN\u00c9E MONDIALE DE LUTTE CONTRE LE CANCER- 11 000 cas avec plus de 8000 d\u00e9c\u00e8s enregistr\u00e9s au S\u00e9n\u00e9gal\u00a0' data-link='https:\/\/www.nettali.com\/2025\/02\/05\/journee-mondiale-de-lutte-contre-le-cancer-11-000-cas-avec-plus-de-8000-deces-enregistres-au-senegal\/' class='whatsapp-button whatsapp-share'>WhatsApp<\/a><div class='clear '><\/div><\/div>","protected":false},"excerpt":{"rendered":"<p>NETTALI.COM - Le cancer cause plus de 8000 d\u00e9c\u00e8s par an. A l\u2019occasion de la c\u00e9l\u00e9bration de cette journ\u00e9e, les acteurs ont plaid\u00e9 pour un plateau technique plus relev\u00e9 afin d\u2019assurer une meilleure prise en charge de la maladie. La journ\u00e9e mondiale du cancer est c\u00e9l\u00e9br\u00e9e ce mardi 04 f\u00e9vrier 2025. \u00ab Au S\u00e9n\u00e9gal, nous [&hellip;]<\/p>\n","protected":false},"author":6,"featured_media":148375,"comment_status":"open","ping_status":"open","sticky":false,"template":"","format":"standard","meta":{"_et_pb_use_builder":"","_et_pb_old_content":""},"categories":[22],"tags":[],"yoast_head":"<!-- This site is optimized with the Yoast SEO Premium plugin v17.8 (Yoast SEO v17.8) - https:\/\/yoast.com\/wordpress\/plugins\/seo\/ -->\n<title>JOURN\u00c9E MONDIALE DE LUTTE CONTRE LE CANCER- 11 000 cas avec plus de 8000 d\u00e9c\u00e8s enregistr\u00e9s au S\u00e9n\u00e9gal\u00a0 | Nettali.com<\/title>\n<meta name=\"robots\" content=\"index, follow, max-snippet:-1, max-image-preview:large, max-video-preview:-1\" \/>\n<link rel=\"canonical\" href=\"https:\/\/www.nettali.com\/2025\/02\/05\/journee-mondiale-de-lutte-contre-le-cancer-11-000-cas-avec-plus-de-8000-deces-enregistres-au-senegal\/\" \/>\n<meta property=\"og:locale\" content=\"fr_FR\" \/>\n<meta property=\"og:type\" content=\"article\" \/>\n<meta property=\"og:title\" content=\"JOURN\u00c9E MONDIALE DE LUTTE CONTRE LE CANCER- 11 000 cas avec plus de 8000 d\u00e9c\u00e8s enregistr\u00e9s au S\u00e9n\u00e9gal\u00a0\" \/>\n<meta property=\"og:description\" content=\"NETTALI.COM - Le cancer cause plus de 8000 d\u00e9c\u00e8s par an. A l\u2019occasion de la c\u00e9l\u00e9bration de cette journ\u00e9e, les acteurs ont plaid\u00e9 pour un plateau technique plus relev\u00e9 afin d\u2019assurer une meilleure prise en charge de la maladie. La journ\u00e9e mondiale du cancer est c\u00e9l\u00e9br\u00e9e ce mardi 04 f\u00e9vrier 2025. \u00ab Au S\u00e9n\u00e9gal, nous [&hellip;]\" \/>\n<meta property=\"og:url\" content=\"https:\/\/www.nettali.com\/2025\/02\/05\/journee-mondiale-de-lutte-contre-le-cancer-11-000-cas-avec-plus-de-8000-deces-enregistres-au-senegal\/\" \/>\n<meta property=\"og:site_name\" content=\"Nettali.com\" \/>\n<meta property=\"article:publisher\" content=\"https:\/\/www.facebook.com\/nettalicom\" \/>\n<meta property=\"article:published_time\" content=\"2025-02-05T07:53:59+00:00\" \/>\n<meta property=\"og:image\" content=\"https:\/\/www.nettali.com\/wp-content\/uploads\/2025\/02\/images-3.jpeg\" \/>\n\t<meta property=\"og:image:width\" content=\"275\" \/>\n\t<meta property=\"og:image:height\" content=\"184\" \/>\n<meta name=\"twitter:card\" content=\"summary_large_image\" \/>\n<meta name=\"twitter:label1\" content=\"\u00c9crit par\" \/>\n\t<meta name=\"twitter:data1\" content=\"Fatou\" \/>\n\t<meta name=\"twitter:label2\" content=\"Dur\u00e9e de lecture estim\u00e9e\" \/>\n\t<meta name=\"twitter:data2\" content=\"2 minutes\" \/>\n<script type=\"application\/ld+json\" class=\"yoast-schema-graph\">{\"@context\":\"https:\/\/schema.org\",\"@graph\":[{\"@type\":\"WebSite\",\"@id\":\"https:\/\/www.nettali.com\/#website\",\"url\":\"https:\/\/www.nettali.com\/\",\"name\":\"Nettali.com\",\"description\":\"Le rendez-vous critique du Net\",\"potentialAction\":[{\"@type\":\"SearchAction\",\"target\":{\"@type\":\"EntryPoint\",\"urlTemplate\":\"https:\/\/www.nettali.com\/?s={search_term_string}\"},\"query-input\":\"required name=search_term_string\"}],\"inLanguage\":\"fr-FR\"},{\"@type\":\"ImageObject\",\"@id\":\"https:\/\/www.nettali.com\/2025\/02\/05\/journee-mondiale-de-lutte-contre-le-cancer-11-000-cas-avec-plus-de-8000-deces-enregistres-au-senegal\/#primaryimage\",\"inLanguage\":\"fr-FR\",\"url\":\"https:\/\/www.nettali.com\/wp-content\/uploads\/2025\/02\/images-3.jpeg\",\"contentUrl\":\"https:\/\/www.nettali.com\/wp-content\/uploads\/2025\/02\/images-3.jpeg\",\"width\":275,\"height\":184},{\"@type\":\"WebPage\",\"@id\":\"https:\/\/www.nettali.com\/2025\/02\/05\/journee-mondiale-de-lutte-contre-le-cancer-11-000-cas-avec-plus-de-8000-deces-enregistres-au-senegal\/#webpage\",\"url\":\"https:\/\/www.nettali.com\/2025\/02\/05\/journee-mondiale-de-lutte-contre-le-cancer-11-000-cas-avec-plus-de-8000-deces-enregistres-au-senegal\/\",\"name\":\"JOURN\\u00c9E MONDIALE DE LUTTE CONTRE LE CANCER- 11 000 cas avec plus de 8000 d\\u00e9c\\u00e8s enregistr\\u00e9s au S\\u00e9n\\u00e9gal\\u00a0 | Nettali.com\",\"isPartOf\":{\"@id\":\"https:\/\/www.nettali.com\/#website\"},\"primaryImageOfPage\":{\"@id\":\"https:\/\/www.nettali.com\/2025\/02\/05\/journee-mondiale-de-lutte-contre-le-cancer-11-000-cas-avec-plus-de-8000-deces-enregistres-au-senegal\/#primaryimage\"},\"datePublished\":\"2025-02-05T07:53:59+00:00\",\"dateModified\":\"2025-02-05T07:53:59+00:00\",\"author\":{\"@id\":\"https:\/\/www.nettali.com\/#\/schema\/person\/418274a86bdf87caff7a3ef476bd0bbf\"},\"breadcrumb\":{\"@id\":\"https:\/\/www.nettali.com\/2025\/02\/05\/journee-mondiale-de-lutte-contre-le-cancer-11-000-cas-avec-plus-de-8000-deces-enregistres-au-senegal\/#breadcrumb\"},\"inLanguage\":\"fr-FR\",\"potentialAction\":[{\"@type\":\"ReadAction\",\"target\":[\"https:\/\/www.nettali.com\/2025\/02\/05\/journee-mondiale-de-lutte-contre-le-cancer-11-000-cas-avec-plus-de-8000-deces-enregistres-au-senegal\/\"]}]},{\"@type\":\"BreadcrumbList\",\"@id\":\"https:\/\/www.nettali.com\/2025\/02\/05\/journee-mondiale-de-lutte-contre-le-cancer-11-000-cas-avec-plus-de-8000-deces-enregistres-au-senegal\/#breadcrumb\",\"itemListElement\":[{\"@type\":\"ListItem\",\"position\":1,\"name\":\"Accueil\",\"item\":\"https:\/\/www.nettali.com\/\"},{\"@type\":\"ListItem\",\"position\":2,\"name\":\"JOURN\\u00c9E MONDIALE DE LUTTE CONTRE LE CANCER- 11 000 cas avec plus de 8000 d\\u00e9c\\u00e8s enregistr\\u00e9s au S\\u00e9n\\u00e9gal\\u00a0\"}]},{\"@type\":\"Person\",\"@id\":\"https:\/\/www.nettali.com\/#\/schema\/person\/418274a86bdf87caff7a3ef476bd0bbf\",\"name\":\"Fatou\",\"image\":{\"@type\":\"ImageObject\",\"@id\":\"https:\/\/www.nettali.com\/#personlogo\",\"inLanguage\":\"fr-FR\",\"url\":\"https:\/\/secure.gravatar.com\/avatar\/5a9442a2bee7b4dcf167cab035858e9a?s=96&d=mm&r=g\",\"contentUrl\":\"https:\/\/secure.gravatar.com\/avatar\/5a9442a2bee7b4dcf167cab035858e9a?s=96&d=mm&r=g\",\"caption\":\"Fatou\"},\"sameAs\":[\"https:\/\/www.nettali.com\"]}]}<\/script>\n<!-- \/ Yoast SEO Premium plugin. -->","yoast_head_json":{"title":"JOURN\u00c9E MONDIALE DE LUTTE CONTRE LE CANCER- 11 000 cas avec plus de 8000 d\u00e9c\u00e8s enregistr\u00e9s au S\u00e9n\u00e9gal\u00a0 | Nettali.com","robots":{"index":"index","follow":"follow","max-snippet":"max-snippet:-1","max-image-preview":"max-image-preview:large","max-video-preview":"max-video-preview:-1"},"canonical":"https:\/\/www.nettali.com\/2025\/02\/05\/journee-mondiale-de-lutte-contre-le-cancer-11-000-cas-avec-plus-de-8000-deces-enregistres-au-senegal\/","og_locale":"fr_FR","og_type":"article","og_title":"JOURN\u00c9E MONDIALE DE LUTTE CONTRE LE CANCER- 11 000 cas avec plus de 8000 d\u00e9c\u00e8s enregistr\u00e9s au S\u00e9n\u00e9gal\u00a0","og_description":"NETTALI.COM - Le cancer cause plus de 8000 d\u00e9c\u00e8s par an. A l\u2019occasion de la c\u00e9l\u00e9bration de cette journ\u00e9e, les acteurs ont plaid\u00e9 pour un plateau technique plus relev\u00e9 afin d\u2019assurer une meilleure prise en charge de la maladie. La journ\u00e9e mondiale du cancer est c\u00e9l\u00e9br\u00e9e ce mardi 04 f\u00e9vrier 2025. \u00ab Au S\u00e9n\u00e9gal, nous [&hellip;]","og_url":"https:\/\/www.nettali.com\/2025\/02\/05\/journee-mondiale-de-lutte-contre-le-cancer-11-000-cas-avec-plus-de-8000-deces-enregistres-au-senegal\/","og_site_name":"Nettali.com","article_publisher":"https:\/\/www.facebook.com\/nettalicom","article_published_time":"2025-02-05T07:53:59+00:00","og_image":[{"width":275,"height":184,"url":"https:\/\/www.nettali.com\/wp-content\/uploads\/2025\/02\/images-3.jpeg","type":"image\/jpeg"}],"twitter_card":"summary_large_image","twitter_misc":{"\u00c9crit par":"Fatou","Dur\u00e9e de lecture estim\u00e9e":"2 minutes"},"schema":{"@context":"https:\/\/schema.org","@graph":[{"@type":"WebSite","@id":"https:\/\/www.nettali.com\/#website","url":"https:\/\/www.nettali.com\/","name":"Nettali.com","description":"Le rendez-vous critique du Net","potentialAction":[{"@type":"SearchAction","target":{"@type":"EntryPoint","urlTemplate":"https:\/\/www.nettali.com\/?s={search_term_string}"},"query-input":"required name=search_term_string"}],"inLanguage":"fr-FR"},{"@type":"ImageObject","@id":"https:\/\/www.nettali.com\/2025\/02\/05\/journee-mondiale-de-lutte-contre-le-cancer-11-000-cas-avec-plus-de-8000-deces-enregistres-au-senegal\/#primaryimage","inLanguage":"fr-FR","url":"https:\/\/www.nettali.com\/wp-content\/uploads\/2025\/02\/images-3.jpeg","contentUrl":"https:\/\/www.nettali.com\/wp-content\/uploads\/2025\/02\/images-3.jpeg","width":275,"height":184},{"@type":"WebPage","@id":"https:\/\/www.nettali.com\/2025\/02\/05\/journee-mondiale-de-lutte-contre-le-cancer-11-000-cas-avec-plus-de-8000-deces-enregistres-au-senegal\/#webpage","url":"https:\/\/www.nettali.com\/2025\/02\/05\/journee-mondiale-de-lutte-contre-le-cancer-11-000-cas-avec-plus-de-8000-deces-enregistres-au-senegal\/","name":"JOURN\u00c9E MONDIALE DE LUTTE CONTRE LE CANCER- 11 000 cas avec plus de 8000 d\u00e9c\u00e8s enregistr\u00e9s au S\u00e9n\u00e9gal\u00a0 | Nettali.com","isPartOf":{"@id":"https:\/\/www.nettali.com\/#website"},"primaryImageOfPage":{"@id":"https:\/\/www.nettali.com\/2025\/02\/05\/journee-mondiale-de-lutte-contre-le-cancer-11-000-cas-avec-plus-de-8000-deces-enregistres-au-senegal\/#primaryimage"},"datePublished":"2025-02-05T07:53:59+00:00","dateModified":"2025-02-05T07:53:59+00:00","author":{"@id":"https:\/\/www.nettali.com\/#\/schema\/person\/418274a86bdf87caff7a3ef476bd0bbf"},"breadcrumb":{"@id":"https:\/\/www.nettali.com\/2025\/02\/05\/journee-mondiale-de-lutte-contre-le-cancer-11-000-cas-avec-plus-de-8000-deces-enregistres-au-senegal\/#breadcrumb"},"inLanguage":"fr-FR","potentialAction":[{"@type":"ReadAction","target":["https:\/\/www.nettali.com\/2025\/02\/05\/journee-mondiale-de-lutte-contre-le-cancer-11-000-cas-avec-plus-de-8000-deces-enregistres-au-senegal\/"]}]},{"@type":"BreadcrumbList","@id":"https:\/\/www.nettali.com\/2025\/02\/05\/journee-mondiale-de-lutte-contre-le-cancer-11-000-cas-avec-plus-de-8000-deces-enregistres-au-senegal\/#breadcrumb","itemListElement":[{"@type":"ListItem","position":1,"name":"Accueil","item":"https:\/\/www.nettali.com\/"},{"@type":"ListItem","position":2,"name":"JOURN\u00c9E MONDIALE DE LUTTE CONTRE LE CANCER- 11 000 cas avec plus de 8000 d\u00e9c\u00e8s enregistr\u00e9s au S\u00e9n\u00e9gal\u00a0"}]},{"@type":"Person","@id":"https:\/\/www.nettali.com\/#\/schema\/person\/418274a86bdf87caff7a3ef476bd0bbf","name":"Fatou","image":{"@type":"ImageObject","@id":"https:\/\/www.nettali.com\/#personlogo","inLanguage":"fr-FR","url":"https:\/\/secure.gravatar.com\/avatar\/5a9442a2bee7b4dcf167cab035858e9a?s=96&d=mm&r=g","contentUrl":"https:\/\/secure.gravatar.com\/avatar\/5a9442a2bee7b4dcf167cab035858e9a?s=96&d=mm&r=g","caption":"Fatou"},"sameAs":["https:\/\/www.nettali.com"]}]}},"_links":{"self":[{"href":"https:\/\/www.nettali.com\/rest\/wp\/v2\/posts\/148367"}],"collection":[{"href":"https:\/\/www.nettali.com\/rest\/wp\/v2\/posts"}],"about":[{"href":"https:\/\/www.nettali.com\/rest\/wp\/v2\/types\/post"}],"author":[{"embeddable":true,"href":"https:\/\/www.nettali.com\/rest\/wp\/v2\/users\/6"}],"replies":[{"embeddable":true,"href":"https:\/\/www.nettali.com\/rest\/wp\/v2\/comments?post=148367"}],"version-history":[{"count":3,"href":"https:\/\/www.nettali.com\/rest\/wp\/v2\/posts\/148367\/revisions"}],"predecessor-version":[{"id":148373,"href":"https:\/\/www.nettali.com\/rest\/wp\/v2\/posts\/148367\/revisions\/148373"}],"wp:featuredmedia":[{"embeddable":true,"href":"https:\/\/www.nettali.com\/rest\/wp\/v2\/media\/148375"}],"wp:attachment":[{"href":"https:\/\/www.nettali.com\/rest\/wp\/v2\/media?parent=148367"}],"wp:term":[{"taxonomy":"category","embeddable":true,"href":"https:\/\/www.nettali.com\/rest\/wp\/v2\/categories?post=148367"},{"taxonomy":"post_tag","embeddable":true,"href":"https:\/\/www.nettali.com\/rest\/wp\/v2\/tags?post=148367"}],"curies":[{"name":"wp","href":"https:\/\/api.w.org\/{rel}","templated":true}]}}