{"id":148347,"date":"2025-02-04T10:31:42","date_gmt":"2025-02-04T10:31:42","guid":{"rendered":"https:\/\/www.nettali.com\/?p=148347"},"modified":"2025-02-04T08:36:16","modified_gmt":"2025-02-04T08:36:16","slug":"gabon-trois-marins-senegalais-enleves-par-des-pirates","status":"publish","type":"post","link":"https:\/\/www.nettali.com\/2025\/02\/04\/gabon-trois-marins-senegalais-enleves-par-des-pirates\/","title":{"rendered":"GABON - Trois marins s\u00e9n\u00e9galais enlev\u00e9s par des pirates"},"content":{"rendered":"<p><strong>NETTALI.COM - Trois marins S\u00e9n\u00e9galais, qui font partie de l\u2019\u00e9quipage du chalutier Amerger 7, appartenant \u00e0 la soci\u00e9t\u00e9 Amerger, ont \u00e9t\u00e9 enlev\u00e9s par des pirates. Selon la presse gabonaise, l'attaque a eu lieu vers 21h, vendredi 31 janvier dernier.\u00a0<\/strong><\/p>\n<p>Trois membres de l'\u00e9quipage du chalutier Amerger 7 ont \u00e9t\u00e9 enlev\u00e9s. Il s'agit du capitaine, d'un m\u00e9canicien et d'un matelot, qui sont tous de nationalit\u00e9 s\u00e9n\u00e9galaise.<\/p>\n<p>La Marine nationale gabonaise a mobilis\u00e9 deux patrouilleurs stationn\u00e9s au port M\u00f4le de Libreville. L\u2019un d\u2019entre eux est d\u00e9ploy\u00e9 pour entreprendre des op\u00e9rations de recherche, tandis que le chalutier concern\u00e9, Amerger 7, a \u00e9t\u00e9 escort\u00e9 vers son port d\u2019attache \u00e0 Port-Gentil.<\/p>\n<p><em>\u00abLes recherches se poursuivent pour retrouver les trois marins. Les autorit\u00e9s gabonaises n'ont pas encore communiqu\u00e9 sur l'identit\u00e9 des assaillants ou leurs potentielles revendications. Les autorit\u00e9s s\u00e9n\u00e9galaises n'ont pas encore r\u00e9agi sur le sujet\u00bb<\/em>, informe notre source.<\/p>\n<p>&nbsp;<\/p>\n<div class='share-to-whatsapp-wrapper'><div class='share-on-whsp'>PARTAGER SUR : <\/div><a data-text='GABON - Trois marins s\u00e9n\u00e9galais enlev\u00e9s par des pirates' data-link='https:\/\/www.nettali.com\/2025\/02\/04\/gabon-trois-marins-senegalais-enleves-par-des-pirates\/' class='whatsapp-button whatsapp-share'>WhatsApp<\/a><div class='clear '><\/div><\/div>","protected":false},"excerpt":{"rendered":"<p>NETTALI.COM - Trois marins S\u00e9n\u00e9galais, qui font partie de l\u2019\u00e9quipage du chalutier Amerger 7, appartenant \u00e0 la soci\u00e9t\u00e9 Amerger, ont \u00e9t\u00e9 enlev\u00e9s par des pirates. Selon la presse gabonaise, l'attaque a eu lieu vers 21h, vendredi 31 janvier dernier.\u00a0 Trois membres de l'\u00e9quipage du chalutier Amerger 7 ont \u00e9t\u00e9 enlev\u00e9s. Il s'agit du capitaine, d'un [&hellip;]<\/p>\n","protected":false},"author":4,"featured_media":148348,"comment_status":"open","ping_status":"open","sticky":false,"template":"","format":"standard","meta":{"_et_pb_use_builder":"","_et_pb_old_content":""},"categories":[3],"tags":[],"yoast_head":"<!-- This site is optimized with the Yoast SEO Premium plugin v17.8 (Yoast SEO v17.8) - https:\/\/yoast.com\/wordpress\/plugins\/seo\/ -->\n<title>GABON - Trois marins s\u00e9n\u00e9galais enlev\u00e9s par des pirates | Nettali.com<\/title>\n<meta name=\"robots\" content=\"index, follow, max-snippet:-1, max-image-preview:large, max-video-preview:-1\" \/>\n<link rel=\"canonical\" href=\"https:\/\/www.nettali.com\/2025\/02\/04\/gabon-trois-marins-senegalais-enleves-par-des-pirates\/\" \/>\n<meta property=\"og:locale\" content=\"fr_FR\" \/>\n<meta property=\"og:type\" content=\"article\" \/>\n<meta property=\"og:title\" content=\"GABON - Trois marins s\u00e9n\u00e9galais enlev\u00e9s par des pirates\" \/>\n<meta property=\"og:description\" content=\"NETTALI.COM - Trois marins S\u00e9n\u00e9galais, qui font partie de l\u2019\u00e9quipage du chalutier Amerger 7, appartenant \u00e0 la soci\u00e9t\u00e9 Amerger, ont \u00e9t\u00e9 enlev\u00e9s par des pirates. Selon la presse gabonaise, l&#039;attaque a eu lieu vers 21h, vendredi 31 janvier dernier.\u00a0 Trois membres de l&#039;\u00e9quipage du chalutier Amerger 7 ont \u00e9t\u00e9 enlev\u00e9s. Il s&#039;agit du capitaine, d&#039;un [&hellip;]\" \/>\n<meta property=\"og:url\" content=\"https:\/\/www.nettali.com\/2025\/02\/04\/gabon-trois-marins-senegalais-enleves-par-des-pirates\/\" \/>\n<meta property=\"og:site_name\" content=\"Nettali.com\" \/>\n<meta property=\"article:publisher\" content=\"https:\/\/www.facebook.com\/nettalicom\" \/>\n<meta property=\"article:published_time\" content=\"2025-02-04T10:31:42+00:00\" \/>\n<meta property=\"article:modified_time\" content=\"2025-02-04T08:36:16+00:00\" \/>\n<meta property=\"og:image\" content=\"https:\/\/www.nettali.com\/wp-content\/uploads\/2025\/02\/Capture-de\u0301cran-2025-02-04-a\u0300-08.35.31.png\" \/>\n\t<meta property=\"og:image:width\" content=\"636\" \/>\n\t<meta property=\"og:image:height\" content=\"355\" \/>\n<meta name=\"twitter:card\" content=\"summary_large_image\" \/>\n<meta name=\"twitter:label1\" content=\"\u00c9crit par\" \/>\n\t<meta name=\"twitter:data1\" content=\"Daouda\" \/>\n\t<meta name=\"twitter:label2\" content=\"Dur\u00e9e de lecture estim\u00e9e\" \/>\n\t<meta name=\"twitter:data2\" content=\"1 minute\" \/>\n<script type=\"application\/ld+json\" class=\"yoast-schema-graph\">{\"@context\":\"https:\/\/schema.org\",\"@graph\":[{\"@type\":\"WebSite\",\"@id\":\"https:\/\/www.nettali.com\/#website\",\"url\":\"https:\/\/www.nettali.com\/\",\"name\":\"Nettali.com\",\"description\":\"Le rendez-vous critique du Net\",\"potentialAction\":[{\"@type\":\"SearchAction\",\"target\":{\"@type\":\"EntryPoint\",\"urlTemplate\":\"https:\/\/www.nettali.com\/?s={search_term_string}\"},\"query-input\":\"required name=search_term_string\"}],\"inLanguage\":\"fr-FR\"},{\"@type\":\"ImageObject\",\"@id\":\"https:\/\/www.nettali.com\/2025\/02\/04\/gabon-trois-marins-senegalais-enleves-par-des-pirates\/#primaryimage\",\"inLanguage\":\"fr-FR\",\"url\":\"https:\/\/www.nettali.com\/wp-content\/uploads\/2025\/02\/Capture-de\\u0301cran-2025-02-04-a\\u0300-08.35.31.png\",\"contentUrl\":\"https:\/\/www.nettali.com\/wp-content\/uploads\/2025\/02\/Capture-de\\u0301cran-2025-02-04-a\\u0300-08.35.31.png\",\"width\":636,\"height\":355},{\"@type\":\"WebPage\",\"@id\":\"https:\/\/www.nettali.com\/2025\/02\/04\/gabon-trois-marins-senegalais-enleves-par-des-pirates\/#webpage\",\"url\":\"https:\/\/www.nettali.com\/2025\/02\/04\/gabon-trois-marins-senegalais-enleves-par-des-pirates\/\",\"name\":\"GABON - Trois marins s\\u00e9n\\u00e9galais enlev\\u00e9s par des pirates | Nettali.com\",\"isPartOf\":{\"@id\":\"https:\/\/www.nettali.com\/#website\"},\"primaryImageOfPage\":{\"@id\":\"https:\/\/www.nettali.com\/2025\/02\/04\/gabon-trois-marins-senegalais-enleves-par-des-pirates\/#primaryimage\"},\"datePublished\":\"2025-02-04T10:31:42+00:00\",\"dateModified\":\"2025-02-04T08:36:16+00:00\",\"author\":{\"@id\":\"https:\/\/www.nettali.com\/#\/schema\/person\/3317e0bb3aa1da309fbf7b2780901bf4\"},\"breadcrumb\":{\"@id\":\"https:\/\/www.nettali.com\/2025\/02\/04\/gabon-trois-marins-senegalais-enleves-par-des-pirates\/#breadcrumb\"},\"inLanguage\":\"fr-FR\",\"potentialAction\":[{\"@type\":\"ReadAction\",\"target\":[\"https:\/\/www.nettali.com\/2025\/02\/04\/gabon-trois-marins-senegalais-enleves-par-des-pirates\/\"]}]},{\"@type\":\"BreadcrumbList\",\"@id\":\"https:\/\/www.nettali.com\/2025\/02\/04\/gabon-trois-marins-senegalais-enleves-par-des-pirates\/#breadcrumb\",\"itemListElement\":[{\"@type\":\"ListItem\",\"position\":1,\"name\":\"Accueil\",\"item\":\"https:\/\/www.nettali.com\/\"},{\"@type\":\"ListItem\",\"position\":2,\"name\":\"GABON - Trois marins s\\u00e9n\\u00e9galais enlev\\u00e9s par des pirates\"}]},{\"@type\":\"Person\",\"@id\":\"https:\/\/www.nettali.com\/#\/schema\/person\/3317e0bb3aa1da309fbf7b2780901bf4\",\"name\":\"Daouda\",\"image\":{\"@type\":\"ImageObject\",\"@id\":\"https:\/\/www.nettali.com\/#personlogo\",\"inLanguage\":\"fr-FR\",\"url\":\"https:\/\/secure.gravatar.com\/avatar\/8d143b5a49345098ddcfee1c49c2f47c?s=96&d=mm&r=g\",\"contentUrl\":\"https:\/\/secure.gravatar.com\/avatar\/8d143b5a49345098ddcfee1c49c2f47c?s=96&d=mm&r=g\",\"caption\":\"Daouda\"},\"sameAs\":[\"https:\/\/www.nettali.com\"]}]}<\/script>\n<!-- \/ Yoast SEO Premium plugin. -->","yoast_head_json":{"title":"GABON - Trois marins s\u00e9n\u00e9galais enlev\u00e9s par des pirates | Nettali.com","robots":{"index":"index","follow":"follow","max-snippet":"max-snippet:-1","max-image-preview":"max-image-preview:large","max-video-preview":"max-video-preview:-1"},"canonical":"https:\/\/www.nettali.com\/2025\/02\/04\/gabon-trois-marins-senegalais-enleves-par-des-pirates\/","og_locale":"fr_FR","og_type":"article","og_title":"GABON - Trois marins s\u00e9n\u00e9galais enlev\u00e9s par des pirates","og_description":"NETTALI.COM - Trois marins S\u00e9n\u00e9galais, qui font partie de l\u2019\u00e9quipage du chalutier Amerger 7, appartenant \u00e0 la soci\u00e9t\u00e9 Amerger, ont \u00e9t\u00e9 enlev\u00e9s par des pirates. Selon la presse gabonaise, l'attaque a eu lieu vers 21h, vendredi 31 janvier dernier.\u00a0 Trois membres de l'\u00e9quipage du chalutier Amerger 7 ont \u00e9t\u00e9 enlev\u00e9s. Il s'agit du capitaine, d'un [&hellip;]","og_url":"https:\/\/www.nettali.com\/2025\/02\/04\/gabon-trois-marins-senegalais-enleves-par-des-pirates\/","og_site_name":"Nettali.com","article_publisher":"https:\/\/www.facebook.com\/nettalicom","article_published_time":"2025-02-04T10:31:42+00:00","article_modified_time":"2025-02-04T08:36:16+00:00","og_image":[{"width":636,"height":355,"url":"https:\/\/www.nettali.com\/wp-content\/uploads\/2025\/02\/Capture-de\u0301cran-2025-02-04-a\u0300-08.35.31.png","type":"image\/png"}],"twitter_card":"summary_large_image","twitter_misc":{"\u00c9crit par":"Daouda","Dur\u00e9e de lecture estim\u00e9e":"1 minute"},"schema":{"@context":"https:\/\/schema.org","@graph":[{"@type":"WebSite","@id":"https:\/\/www.nettali.com\/#website","url":"https:\/\/www.nettali.com\/","name":"Nettali.com","description":"Le rendez-vous critique du Net","potentialAction":[{"@type":"SearchAction","target":{"@type":"EntryPoint","urlTemplate":"https:\/\/www.nettali.com\/?s={search_term_string}"},"query-input":"required name=search_term_string"}],"inLanguage":"fr-FR"},{"@type":"ImageObject","@id":"https:\/\/www.nettali.com\/2025\/02\/04\/gabon-trois-marins-senegalais-enleves-par-des-pirates\/#primaryimage","inLanguage":"fr-FR","url":"https:\/\/www.nettali.com\/wp-content\/uploads\/2025\/02\/Capture-de\u0301cran-2025-02-04-a\u0300-08.35.31.png","contentUrl":"https:\/\/www.nettali.com\/wp-content\/uploads\/2025\/02\/Capture-de\u0301cran-2025-02-04-a\u0300-08.35.31.png","width":636,"height":355},{"@type":"WebPage","@id":"https:\/\/www.nettali.com\/2025\/02\/04\/gabon-trois-marins-senegalais-enleves-par-des-pirates\/#webpage","url":"https:\/\/www.nettali.com\/2025\/02\/04\/gabon-trois-marins-senegalais-enleves-par-des-pirates\/","name":"GABON - Trois marins s\u00e9n\u00e9galais enlev\u00e9s par des pirates | Nettali.com","isPartOf":{"@id":"https:\/\/www.nettali.com\/#website"},"primaryImageOfPage":{"@id":"https:\/\/www.nettali.com\/2025\/02\/04\/gabon-trois-marins-senegalais-enleves-par-des-pirates\/#primaryimage"},"datePublished":"2025-02-04T10:31:42+00:00","dateModified":"2025-02-04T08:36:16+00:00","author":{"@id":"https:\/\/www.nettali.com\/#\/schema\/person\/3317e0bb3aa1da309fbf7b2780901bf4"},"breadcrumb":{"@id":"https:\/\/www.nettali.com\/2025\/02\/04\/gabon-trois-marins-senegalais-enleves-par-des-pirates\/#breadcrumb"},"inLanguage":"fr-FR","potentialAction":[{"@type":"ReadAction","target":["https:\/\/www.nettali.com\/2025\/02\/04\/gabon-trois-marins-senegalais-enleves-par-des-pirates\/"]}]},{"@type":"BreadcrumbList","@id":"https:\/\/www.nettali.com\/2025\/02\/04\/gabon-trois-marins-senegalais-enleves-par-des-pirates\/#breadcrumb","itemListElement":[{"@type":"ListItem","position":1,"name":"Accueil","item":"https:\/\/www.nettali.com\/"},{"@type":"ListItem","position":2,"name":"GABON - Trois marins s\u00e9n\u00e9galais enlev\u00e9s par des pirates"}]},{"@type":"Person","@id":"https:\/\/www.nettali.com\/#\/schema\/person\/3317e0bb3aa1da309fbf7b2780901bf4","name":"Daouda","image":{"@type":"ImageObject","@id":"https:\/\/www.nettali.com\/#personlogo","inLanguage":"fr-FR","url":"https:\/\/secure.gravatar.com\/avatar\/8d143b5a49345098ddcfee1c49c2f47c?s=96&d=mm&r=g","contentUrl":"https:\/\/secure.gravatar.com\/avatar\/8d143b5a49345098ddcfee1c49c2f47c?s=96&d=mm&r=g","caption":"Daouda"},"sameAs":["https:\/\/www.nettali.com"]}]}},"_links":{"self":[{"href":"https:\/\/www.nettali.com\/rest\/wp\/v2\/posts\/148347"}],"collection":[{"href":"https:\/\/www.nettali.com\/rest\/wp\/v2\/posts"}],"about":[{"href":"https:\/\/www.nettali.com\/rest\/wp\/v2\/types\/post"}],"author":[{"embeddable":true,"href":"https:\/\/www.nettali.com\/rest\/wp\/v2\/users\/4"}],"replies":[{"embeddable":true,"href":"https:\/\/www.nettali.com\/rest\/wp\/v2\/comments?post=148347"}],"version-history":[{"count":1,"href":"https:\/\/www.nettali.com\/rest\/wp\/v2\/posts\/148347\/revisions"}],"predecessor-version":[{"id":148349,"href":"https:\/\/www.nettali.com\/rest\/wp\/v2\/posts\/148347\/revisions\/148349"}],"wp:featuredmedia":[{"embeddable":true,"href":"https:\/\/www.nettali.com\/rest\/wp\/v2\/media\/148348"}],"wp:attachment":[{"href":"https:\/\/www.nettali.com\/rest\/wp\/v2\/media?parent=148347"}],"wp:term":[{"taxonomy":"category","embeddable":true,"href":"https:\/\/www.nettali.com\/rest\/wp\/v2\/categories?post=148347"},{"taxonomy":"post_tag","embeddable":true,"href":"https:\/\/www.nettali.com\/rest\/wp\/v2\/tags?post=148347"}],"curies":[{"name":"wp","href":"https:\/\/api.w.org\/{rel}","templated":true}]}}