{"id":148343,"date":"2025-02-04T08:23:18","date_gmt":"2025-02-04T08:23:18","guid":{"rendered":"https:\/\/www.nettali.com\/?p=148343"},"modified":"2025-02-05T08:07:32","modified_gmt":"2025-02-05T08:07:32","slug":"ousmane-sonko-nous-ne-pouvons-pas-continuer-a-dependre-de-laide-etrangere","status":"publish","type":"post","link":"https:\/\/www.nettali.com\/2025\/02\/04\/ousmane-sonko-nous-ne-pouvons-pas-continuer-a-dependre-de-laide-etrangere\/","title":{"rendered":"OUSMANE SONKO - \"Nous ne pouvons pas continuer \u00e0 d\u00e9pendre de l\u2019aide \u00e9trang\u00e8re\""},"content":{"rendered":"<p><strong>NETTALI.COM - La suspension de l\u2019aide publique au d\u00e9veloppement annonc\u00e9e par le pr\u00e9sident des \u00c9tats-Unis d\u2019Am\u00e9rique concerne un programme d\u2019\u00e9lectrification mis en \u0153uvre au S\u00e9n\u00e9gal avec un financement de 318 milliards de francs CFA du gouvernement am\u00e9ricain, a d\u00e9clar\u00e9 le Premier ministre s\u00e9n\u00e9galais, Ousmane Sonko, lundi, \u00e0 Fass Tour\u00e9, dans la r\u00e9gion de Louga.<\/strong><\/p>\n<p><em>\"Nous ne pouvons pas continuer \u00e0 d\u00e9pendre de l\u2019aide \u00e9trang\u00e8re. Avant-hier, le nouveau pr\u00e9sident am\u00e9ricain a annonc\u00e9 une suspension de tous les programmes d\u2019aide au d\u00e9veloppement des \u00c9tats-Unis en faveur des pays pauvres, pour une dur\u00e9e de trois, en attendant de voir ce qu\u2019il en fera\"<\/em>, a dit M. Sonko en s\u2019exprimant en wolof.<\/p>\n<p><em>\"L\u2019un des financements suspendus \u00e9tait destin\u00e9 \u00e0 un programme d\u2019\u00e9lectrification mis en \u0153uvre au S\u00e9n\u00e9gal. C\u2019est un financement de 500 millions de dollars am\u00e9ricains (318 milliards de francs CFA, selon le cours actuel du dollar)\"<\/em>, a ajout\u00e9 le Premier ministre.<\/p>\n<p>Il a invit\u00e9 ses compatriotes \u00e0 travailler dur pour ne plus d\u00e9pendre de l\u2019aide fournie par les pays d\u00e9velopp\u00e9s. <em>\"Doit-on continuer \u00e0 d\u00e9pendre de l\u2019aide \u00e9trang\u00e8re ? Nous devons travailler dur \u00e0 la mise en \u0153uvre de nos programmes. Si nous faisons cela, nous serons cit\u00e9s, dans les ann\u00e9es \u00e0 venir, parmi les pays les mieux g\u00e9r\u00e9s\"<\/em>, a dit Ousmane Sonko.<\/p>\n<p>L\u2019initiative <em>\"S\u00e9n\u00e9gal Power Compact\"<\/em>, dont la dur\u00e9e d\u2019ex\u00e9cution est de cinq ans, est financ\u00e9 par le Millenium Challenge Corporation, un programme du gouvernement am\u00e9ricain.<\/p>\n<p>Ce projet d\u2019\u00e9lectrification mis en \u0153uvre au S\u00e9n\u00e9gal depuis 2024 b\u00e9n\u00e9ficie d\u2019un don de 550 millions de dollars des \u00c9tats-Unis d\u2019Am\u00e9rique et d\u2019une contribution de 50 millions de dollars am\u00e9ricains de l\u2019\u00c9tat s\u00e9n\u00e9galais.<\/p>\n<p>Il est destin\u00e9 \u00e0 accro\u00eetre la production d\u2019\u00e9nergie \u00e9lectrique du pays et \u00e0 augmenter le nombre de S\u00e9n\u00e9galais ayant acc\u00e8s \u00e0 l\u2019\u00e9lectricit\u00e9.<\/p>\n<p>\u00c0 Fass Tour\u00e9, Ousmane Sonko pr\u00e9sidait la c\u00e9r\u00e9monie de lancement de la deuxi\u00e8me phase du Projet d\u2019approvisionnement en eau potable en milieu rural, qui est financ\u00e9e avec 64 milliards de francs CFA de China Exim Bank, une banque publique chinoise.<\/p>\n<p>Ces travaux d\u2019adduction d\u2019eau d\u2019une dur\u00e9e de trente mois seront ex\u00e9cut\u00e9s par la soci\u00e9t\u00e9 chinoise CGCOC.<\/p>\n<p>Il s\u2019agit de construire 85 forages, 89 ch\u00e2teaux d\u2019eau, un r\u00e9seau de distribution d\u2019eau de 1.450 kilom\u00e8tres et 300 bornes fontaines.<\/p>\n<div class='share-to-whatsapp-wrapper'><div class='share-on-whsp'>PARTAGER SUR : <\/div><a data-text='OUSMANE SONKO - \"Nous ne pouvons pas continuer \u00e0 d\u00e9pendre de l\u2019aide \u00e9trang\u00e8re\"' data-link='https:\/\/www.nettali.com\/2025\/02\/04\/ousmane-sonko-nous-ne-pouvons-pas-continuer-a-dependre-de-laide-etrangere\/' class='whatsapp-button whatsapp-share'>WhatsApp<\/a><div class='clear '><\/div><\/div>","protected":false},"excerpt":{"rendered":"<p>NETTALI.COM - La suspension de l\u2019aide publique au d\u00e9veloppement annonc\u00e9e par le pr\u00e9sident des \u00c9tats-Unis d\u2019Am\u00e9rique concerne un programme d\u2019\u00e9lectrification mis en \u0153uvre au S\u00e9n\u00e9gal avec un financement de 318 milliards de francs CFA du gouvernement am\u00e9ricain, a d\u00e9clar\u00e9 le Premier ministre s\u00e9n\u00e9galais, Ousmane Sonko, lundi, \u00e0 Fass Tour\u00e9, dans la r\u00e9gion de Louga. \"Nous [&hellip;]<\/p>\n","protected":false},"author":4,"featured_media":148212,"comment_status":"open","ping_status":"open","sticky":false,"template":"","format":"standard","meta":{"_et_pb_use_builder":"","_et_pb_old_content":""},"categories":[2],"tags":[],"yoast_head":"<!-- This site is optimized with the Yoast SEO Premium plugin v17.8 (Yoast SEO v17.8) - https:\/\/yoast.com\/wordpress\/plugins\/seo\/ -->\n<title>OUSMANE SONKO - &quot;Nous ne pouvons pas continuer \u00e0 d\u00e9pendre de l\u2019aide \u00e9trang\u00e8re&quot; | Nettali.com<\/title>\n<meta name=\"robots\" content=\"index, follow, max-snippet:-1, max-image-preview:large, max-video-preview:-1\" \/>\n<link rel=\"canonical\" href=\"https:\/\/www.nettali.com\/2025\/02\/04\/ousmane-sonko-nous-ne-pouvons-pas-continuer-a-dependre-de-laide-etrangere\/\" \/>\n<meta property=\"og:locale\" content=\"fr_FR\" \/>\n<meta property=\"og:type\" content=\"article\" \/>\n<meta property=\"og:title\" content=\"OUSMANE SONKO - &quot;Nous ne pouvons pas continuer \u00e0 d\u00e9pendre de l\u2019aide \u00e9trang\u00e8re&quot;\" \/>\n<meta property=\"og:description\" content=\"NETTALI.COM - La suspension de l\u2019aide publique au d\u00e9veloppement annonc\u00e9e par le pr\u00e9sident des \u00c9tats-Unis d\u2019Am\u00e9rique concerne un programme d\u2019\u00e9lectrification mis en \u0153uvre au S\u00e9n\u00e9gal avec un financement de 318 milliards de francs CFA du gouvernement am\u00e9ricain, a d\u00e9clar\u00e9 le Premier ministre s\u00e9n\u00e9galais, Ousmane Sonko, lundi, \u00e0 Fass Tour\u00e9, dans la r\u00e9gion de Louga. &quot;Nous [&hellip;]\" \/>\n<meta property=\"og:url\" content=\"https:\/\/www.nettali.com\/2025\/02\/04\/ousmane-sonko-nous-ne-pouvons-pas-continuer-a-dependre-de-laide-etrangere\/\" \/>\n<meta property=\"og:site_name\" content=\"Nettali.com\" \/>\n<meta property=\"article:publisher\" content=\"https:\/\/www.facebook.com\/nettalicom\" \/>\n<meta property=\"article:published_time\" content=\"2025-02-04T08:23:18+00:00\" \/>\n<meta property=\"article:modified_time\" content=\"2025-02-05T08:07:32+00:00\" \/>\n<meta property=\"og:image\" content=\"https:\/\/www.nettali.com\/wp-content\/uploads\/2025\/02\/Sonko-1.png\" \/>\n\t<meta property=\"og:image:width\" content=\"1600\" \/>\n\t<meta property=\"og:image:height\" content=\"900\" \/>\n<meta name=\"twitter:card\" content=\"summary_large_image\" \/>\n<meta name=\"twitter:label1\" content=\"\u00c9crit par\" \/>\n\t<meta name=\"twitter:data1\" content=\"Daouda\" \/>\n\t<meta name=\"twitter:label2\" content=\"Dur\u00e9e de lecture estim\u00e9e\" \/>\n\t<meta name=\"twitter:data2\" content=\"2 minutes\" \/>\n<script type=\"application\/ld+json\" class=\"yoast-schema-graph\">{\"@context\":\"https:\/\/schema.org\",\"@graph\":[{\"@type\":\"WebSite\",\"@id\":\"https:\/\/www.nettali.com\/#website\",\"url\":\"https:\/\/www.nettali.com\/\",\"name\":\"Nettali.com\",\"description\":\"Le rendez-vous critique du Net\",\"potentialAction\":[{\"@type\":\"SearchAction\",\"target\":{\"@type\":\"EntryPoint\",\"urlTemplate\":\"https:\/\/www.nettali.com\/?s={search_term_string}\"},\"query-input\":\"required name=search_term_string\"}],\"inLanguage\":\"fr-FR\"},{\"@type\":\"ImageObject\",\"@id\":\"https:\/\/www.nettali.com\/2025\/02\/04\/ousmane-sonko-nous-ne-pouvons-pas-continuer-a-dependre-de-laide-etrangere\/#primaryimage\",\"inLanguage\":\"fr-FR\",\"url\":\"https:\/\/www.nettali.com\/wp-content\/uploads\/2025\/02\/Sonko-1.png\",\"contentUrl\":\"https:\/\/www.nettali.com\/wp-content\/uploads\/2025\/02\/Sonko-1.png\",\"width\":1600,\"height\":900},{\"@type\":\"WebPage\",\"@id\":\"https:\/\/www.nettali.com\/2025\/02\/04\/ousmane-sonko-nous-ne-pouvons-pas-continuer-a-dependre-de-laide-etrangere\/#webpage\",\"url\":\"https:\/\/www.nettali.com\/2025\/02\/04\/ousmane-sonko-nous-ne-pouvons-pas-continuer-a-dependre-de-laide-etrangere\/\",\"name\":\"OUSMANE SONKO - \\\"Nous ne pouvons pas continuer \\u00e0 d\\u00e9pendre de l\\u2019aide \\u00e9trang\\u00e8re\\\" | Nettali.com\",\"isPartOf\":{\"@id\":\"https:\/\/www.nettali.com\/#website\"},\"primaryImageOfPage\":{\"@id\":\"https:\/\/www.nettali.com\/2025\/02\/04\/ousmane-sonko-nous-ne-pouvons-pas-continuer-a-dependre-de-laide-etrangere\/#primaryimage\"},\"datePublished\":\"2025-02-04T08:23:18+00:00\",\"dateModified\":\"2025-02-05T08:07:32+00:00\",\"author\":{\"@id\":\"https:\/\/www.nettali.com\/#\/schema\/person\/3317e0bb3aa1da309fbf7b2780901bf4\"},\"breadcrumb\":{\"@id\":\"https:\/\/www.nettali.com\/2025\/02\/04\/ousmane-sonko-nous-ne-pouvons-pas-continuer-a-dependre-de-laide-etrangere\/#breadcrumb\"},\"inLanguage\":\"fr-FR\",\"potentialAction\":[{\"@type\":\"ReadAction\",\"target\":[\"https:\/\/www.nettali.com\/2025\/02\/04\/ousmane-sonko-nous-ne-pouvons-pas-continuer-a-dependre-de-laide-etrangere\/\"]}]},{\"@type\":\"BreadcrumbList\",\"@id\":\"https:\/\/www.nettali.com\/2025\/02\/04\/ousmane-sonko-nous-ne-pouvons-pas-continuer-a-dependre-de-laide-etrangere\/#breadcrumb\",\"itemListElement\":[{\"@type\":\"ListItem\",\"position\":1,\"name\":\"Accueil\",\"item\":\"https:\/\/www.nettali.com\/\"},{\"@type\":\"ListItem\",\"position\":2,\"name\":\"OUSMANE SONKO - \\\"Nous ne pouvons pas continuer \\u00e0 d\\u00e9pendre de l\\u2019aide \\u00e9trang\\u00e8re\\\"\"}]},{\"@type\":\"Person\",\"@id\":\"https:\/\/www.nettali.com\/#\/schema\/person\/3317e0bb3aa1da309fbf7b2780901bf4\",\"name\":\"Daouda\",\"image\":{\"@type\":\"ImageObject\",\"@id\":\"https:\/\/www.nettali.com\/#personlogo\",\"inLanguage\":\"fr-FR\",\"url\":\"https:\/\/secure.gravatar.com\/avatar\/8d143b5a49345098ddcfee1c49c2f47c?s=96&d=mm&r=g\",\"contentUrl\":\"https:\/\/secure.gravatar.com\/avatar\/8d143b5a49345098ddcfee1c49c2f47c?s=96&d=mm&r=g\",\"caption\":\"Daouda\"},\"sameAs\":[\"https:\/\/www.nettali.com\"]}]}<\/script>\n<!-- \/ Yoast SEO Premium plugin. -->","yoast_head_json":{"title":"OUSMANE SONKO - \"Nous ne pouvons pas continuer \u00e0 d\u00e9pendre de l\u2019aide \u00e9trang\u00e8re\" | Nettali.com","robots":{"index":"index","follow":"follow","max-snippet":"max-snippet:-1","max-image-preview":"max-image-preview:large","max-video-preview":"max-video-preview:-1"},"canonical":"https:\/\/www.nettali.com\/2025\/02\/04\/ousmane-sonko-nous-ne-pouvons-pas-continuer-a-dependre-de-laide-etrangere\/","og_locale":"fr_FR","og_type":"article","og_title":"OUSMANE SONKO - \"Nous ne pouvons pas continuer \u00e0 d\u00e9pendre de l\u2019aide \u00e9trang\u00e8re\"","og_description":"NETTALI.COM - La suspension de l\u2019aide publique au d\u00e9veloppement annonc\u00e9e par le pr\u00e9sident des \u00c9tats-Unis d\u2019Am\u00e9rique concerne un programme d\u2019\u00e9lectrification mis en \u0153uvre au S\u00e9n\u00e9gal avec un financement de 318 milliards de francs CFA du gouvernement am\u00e9ricain, a d\u00e9clar\u00e9 le Premier ministre s\u00e9n\u00e9galais, Ousmane Sonko, lundi, \u00e0 Fass Tour\u00e9, dans la r\u00e9gion de Louga. \"Nous [&hellip;]","og_url":"https:\/\/www.nettali.com\/2025\/02\/04\/ousmane-sonko-nous-ne-pouvons-pas-continuer-a-dependre-de-laide-etrangere\/","og_site_name":"Nettali.com","article_publisher":"https:\/\/www.facebook.com\/nettalicom","article_published_time":"2025-02-04T08:23:18+00:00","article_modified_time":"2025-02-05T08:07:32+00:00","og_image":[{"width":1600,"height":900,"url":"https:\/\/www.nettali.com\/wp-content\/uploads\/2025\/02\/Sonko-1.png","type":"image\/png"}],"twitter_card":"summary_large_image","twitter_misc":{"\u00c9crit par":"Daouda","Dur\u00e9e de lecture estim\u00e9e":"2 minutes"},"schema":{"@context":"https:\/\/schema.org","@graph":[{"@type":"WebSite","@id":"https:\/\/www.nettali.com\/#website","url":"https:\/\/www.nettali.com\/","name":"Nettali.com","description":"Le rendez-vous critique du Net","potentialAction":[{"@type":"SearchAction","target":{"@type":"EntryPoint","urlTemplate":"https:\/\/www.nettali.com\/?s={search_term_string}"},"query-input":"required name=search_term_string"}],"inLanguage":"fr-FR"},{"@type":"ImageObject","@id":"https:\/\/www.nettali.com\/2025\/02\/04\/ousmane-sonko-nous-ne-pouvons-pas-continuer-a-dependre-de-laide-etrangere\/#primaryimage","inLanguage":"fr-FR","url":"https:\/\/www.nettali.com\/wp-content\/uploads\/2025\/02\/Sonko-1.png","contentUrl":"https:\/\/www.nettali.com\/wp-content\/uploads\/2025\/02\/Sonko-1.png","width":1600,"height":900},{"@type":"WebPage","@id":"https:\/\/www.nettali.com\/2025\/02\/04\/ousmane-sonko-nous-ne-pouvons-pas-continuer-a-dependre-de-laide-etrangere\/#webpage","url":"https:\/\/www.nettali.com\/2025\/02\/04\/ousmane-sonko-nous-ne-pouvons-pas-continuer-a-dependre-de-laide-etrangere\/","name":"OUSMANE SONKO - \"Nous ne pouvons pas continuer \u00e0 d\u00e9pendre de l\u2019aide \u00e9trang\u00e8re\" | Nettali.com","isPartOf":{"@id":"https:\/\/www.nettali.com\/#website"},"primaryImageOfPage":{"@id":"https:\/\/www.nettali.com\/2025\/02\/04\/ousmane-sonko-nous-ne-pouvons-pas-continuer-a-dependre-de-laide-etrangere\/#primaryimage"},"datePublished":"2025-02-04T08:23:18+00:00","dateModified":"2025-02-05T08:07:32+00:00","author":{"@id":"https:\/\/www.nettali.com\/#\/schema\/person\/3317e0bb3aa1da309fbf7b2780901bf4"},"breadcrumb":{"@id":"https:\/\/www.nettali.com\/2025\/02\/04\/ousmane-sonko-nous-ne-pouvons-pas-continuer-a-dependre-de-laide-etrangere\/#breadcrumb"},"inLanguage":"fr-FR","potentialAction":[{"@type":"ReadAction","target":["https:\/\/www.nettali.com\/2025\/02\/04\/ousmane-sonko-nous-ne-pouvons-pas-continuer-a-dependre-de-laide-etrangere\/"]}]},{"@type":"BreadcrumbList","@id":"https:\/\/www.nettali.com\/2025\/02\/04\/ousmane-sonko-nous-ne-pouvons-pas-continuer-a-dependre-de-laide-etrangere\/#breadcrumb","itemListElement":[{"@type":"ListItem","position":1,"name":"Accueil","item":"https:\/\/www.nettali.com\/"},{"@type":"ListItem","position":2,"name":"OUSMANE SONKO - \"Nous ne pouvons pas continuer \u00e0 d\u00e9pendre de l\u2019aide \u00e9trang\u00e8re\""}]},{"@type":"Person","@id":"https:\/\/www.nettali.com\/#\/schema\/person\/3317e0bb3aa1da309fbf7b2780901bf4","name":"Daouda","image":{"@type":"ImageObject","@id":"https:\/\/www.nettali.com\/#personlogo","inLanguage":"fr-FR","url":"https:\/\/secure.gravatar.com\/avatar\/8d143b5a49345098ddcfee1c49c2f47c?s=96&d=mm&r=g","contentUrl":"https:\/\/secure.gravatar.com\/avatar\/8d143b5a49345098ddcfee1c49c2f47c?s=96&d=mm&r=g","caption":"Daouda"},"sameAs":["https:\/\/www.nettali.com"]}]}},"_links":{"self":[{"href":"https:\/\/www.nettali.com\/rest\/wp\/v2\/posts\/148343"}],"collection":[{"href":"https:\/\/www.nettali.com\/rest\/wp\/v2\/posts"}],"about":[{"href":"https:\/\/www.nettali.com\/rest\/wp\/v2\/types\/post"}],"author":[{"embeddable":true,"href":"https:\/\/www.nettali.com\/rest\/wp\/v2\/users\/4"}],"replies":[{"embeddable":true,"href":"https:\/\/www.nettali.com\/rest\/wp\/v2\/comments?post=148343"}],"version-history":[{"count":1,"href":"https:\/\/www.nettali.com\/rest\/wp\/v2\/posts\/148343\/revisions"}],"predecessor-version":[{"id":148344,"href":"https:\/\/www.nettali.com\/rest\/wp\/v2\/posts\/148343\/revisions\/148344"}],"wp:featuredmedia":[{"embeddable":true,"href":"https:\/\/www.nettali.com\/rest\/wp\/v2\/media\/148212"}],"wp:attachment":[{"href":"https:\/\/www.nettali.com\/rest\/wp\/v2\/media?parent=148343"}],"wp:term":[{"taxonomy":"category","embeddable":true,"href":"https:\/\/www.nettali.com\/rest\/wp\/v2\/categories?post=148343"},{"taxonomy":"post_tag","embeddable":true,"href":"https:\/\/www.nettali.com\/rest\/wp\/v2\/tags?post=148343"}],"curies":[{"name":"wp","href":"https:\/\/api.w.org\/{rel}","templated":true}]}}