{"id":148257,"date":"2025-02-03T07:34:44","date_gmt":"2025-02-03T07:34:44","guid":{"rendered":"https:\/\/www.nettali.com\/?p=148257"},"modified":"2025-02-03T07:34:44","modified_gmt":"2025-02-03T07:34:44","slug":"sante-le-sames-prevoit-une-greve-generale-les-18-et-19-fevrier-2025","status":"publish","type":"post","link":"https:\/\/www.nettali.com\/2025\/02\/03\/sante-le-sames-prevoit-une-greve-generale-les-18-et-19-fevrier-2025\/","title":{"rendered":"SANTE \u2013 Le Sames pr\u00e9voit une gr\u00e8ve g\u00e9n\u00e9rale les 18 et 19 f\u00e9vrier 2025"},"content":{"rendered":"<p><strong>NETTALI.COM- Apr\u00e8s l\u2019enseignement g\u00e9n\u00e9ral, c\u2019est le secteur de la sant\u00e9 qui risque de conna\u00eetre des perturbations ce mois-ci. Le Syndicat autonome des m\u00e9decins, pharmaciens et chirurgiens-dentistes du S\u00e9n\u00e9gal (Sames) annonce une gr\u00e8ve g\u00e9n\u00e9rale les 18 et 19 f\u00e9vrier 2025.<\/strong><\/p>\n<p>Tout comme les syndicats de l\u2019enseignement sup\u00e9rieur, le Syndicat autonome des m\u00e9decins, pharmaciens et chirurgiens-dentistes du S\u00e9n\u00e9gal (Sames) d\u00e9plore l\u2019inertie du Gouvernement.\u00a0 Ce, depuis le d\u00e9p\u00f4t en d\u00e9cembre 2023, de sa plateforme revendicative, laquelle s\u2019articule essentiellement autour \u00ab <em>du recrutement dans la fonction publique des m\u00e9decins, pharmaciens et chirurgiens-dentistes en ch\u00f4mage, communautaires, contractuels des h\u00f4pitaux et des collectivit\u00e9s territoriales<\/em> \u00bb, de la \u00ab <em>revalorisation de la pension de retraite des m\u00e9decins, pharmaciens et chirurgiens-dentistes<\/em> \u00bb.<\/p>\n<p>La \u00ab<em> correction d\u00e9finitive des in\u00e9galit\u00e9s et injustices relatives aux r\u00e9gimes indemnitaires que subit le corps m\u00e9dical<\/em> \u00bb, ainsi que \u00ab <em>la construction d\u2019h\u00f4pitaux de niveau II dans tous les d\u00e9partements pour rapprocher les soins aux populations<\/em> \u00bb et \u00ab <em>l\u2019acc\u00e9l\u00e9ration de la mise en \u0153uvre de la couverture sanitaire universelle<\/em> \u00bb, font partie des revendications du Sames. De m\u00eame que \u00ab<em> le r\u00e8glement d\u00e9finitif de la lancinante question du statut des m\u00e9decins en sp\u00e9cialisation et des internes des h\u00f4pitaux<\/em> \u00bb et \u00ab la gestion d\u00e9mocratique des ressources humaines \u00bb.<\/p>\n<p>Face \u00e0 ces revendications non satisfaites, le bureau ex\u00e9cutif nationale du Sames, \u00e0 l\u2019issue de \u00a0sa r\u00e9union mensuelle statutaire ce samedi 1er f\u00e9vrier 2025, a projet\u00e9 un premier plan d\u2019action. Celui-ci, d\u00e9marre par une gr\u00e8ve g\u00e9n\u00e9rale de 48 heures \u00ab\u00a0<em>avec respect strict des urgences sur tout le territoire national les 18 et 19 f\u00e9vrier 2025\u00a0<\/em>\u00bb.<\/p>\n<p>Le Sames annonce dans son communiqu\u00e9, que des assembl\u00e9es g\u00e9n\u00e9rales de mobilisation seront tenues dans les h\u00f4pitaux, centres de sant\u00e9 et autres structures. Aussi, le syndicat demande \u00ab<em>\u00a0\u00e0 tous les camarades de se mettre en ordre de bataille pour l\u2019am\u00e9lioration du syst\u00e8me de sant\u00e9<\/em>\u00a0\u00bb.<\/p>\n<div class='share-to-whatsapp-wrapper'><div class='share-on-whsp'>PARTAGER SUR : <\/div><a data-text='SANTE \u2013 Le Sames pr\u00e9voit une gr\u00e8ve g\u00e9n\u00e9rale les 18 et 19 f\u00e9vrier 2025' data-link='https:\/\/www.nettali.com\/2025\/02\/03\/sante-le-sames-prevoit-une-greve-generale-les-18-et-19-fevrier-2025\/' class='whatsapp-button whatsapp-share'>WhatsApp<\/a><div class='clear '><\/div><\/div>","protected":false},"excerpt":{"rendered":"<p>NETTALI.COM- Apr\u00e8s l\u2019enseignement g\u00e9n\u00e9ral, c\u2019est le secteur de la sant\u00e9 qui risque de conna\u00eetre des perturbations ce mois-ci. Le Syndicat autonome des m\u00e9decins, pharmaciens et chirurgiens-dentistes du S\u00e9n\u00e9gal (Sames) annonce une gr\u00e8ve g\u00e9n\u00e9rale les 18 et 19 f\u00e9vrier 2025. Tout comme les syndicats de l\u2019enseignement sup\u00e9rieur, le Syndicat autonome des m\u00e9decins, pharmaciens et chirurgiens-dentistes du [&hellip;]<\/p>\n","protected":false},"author":6,"featured_media":55221,"comment_status":"open","ping_status":"open","sticky":false,"template":"","format":"standard","meta":{"_et_pb_use_builder":"","_et_pb_old_content":""},"categories":[22],"tags":[],"yoast_head":"<!-- This site is optimized with the Yoast SEO Premium plugin v17.8 (Yoast SEO v17.8) - https:\/\/yoast.com\/wordpress\/plugins\/seo\/ -->\n<title>SANTE \u2013 Le Sames pr\u00e9voit une gr\u00e8ve g\u00e9n\u00e9rale les 18 et 19 f\u00e9vrier 2025 | Nettali.com<\/title>\n<meta name=\"robots\" content=\"index, follow, max-snippet:-1, max-image-preview:large, max-video-preview:-1\" \/>\n<link rel=\"canonical\" href=\"https:\/\/www.nettali.com\/2025\/02\/03\/sante-le-sames-prevoit-une-greve-generale-les-18-et-19-fevrier-2025\/\" \/>\n<meta property=\"og:locale\" content=\"fr_FR\" \/>\n<meta property=\"og:type\" content=\"article\" \/>\n<meta property=\"og:title\" content=\"SANTE \u2013 Le Sames pr\u00e9voit une gr\u00e8ve g\u00e9n\u00e9rale les 18 et 19 f\u00e9vrier 2025\" \/>\n<meta property=\"og:description\" content=\"NETTALI.COM- Apr\u00e8s l\u2019enseignement g\u00e9n\u00e9ral, c\u2019est le secteur de la sant\u00e9 qui risque de conna\u00eetre des perturbations ce mois-ci. Le Syndicat autonome des m\u00e9decins, pharmaciens et chirurgiens-dentistes du S\u00e9n\u00e9gal (Sames) annonce une gr\u00e8ve g\u00e9n\u00e9rale les 18 et 19 f\u00e9vrier 2025. Tout comme les syndicats de l\u2019enseignement sup\u00e9rieur, le Syndicat autonome des m\u00e9decins, pharmaciens et chirurgiens-dentistes du [&hellip;]\" \/>\n<meta property=\"og:url\" content=\"https:\/\/www.nettali.com\/2025\/02\/03\/sante-le-sames-prevoit-une-greve-generale-les-18-et-19-fevrier-2025\/\" \/>\n<meta property=\"og:site_name\" content=\"Nettali.com\" \/>\n<meta property=\"article:publisher\" content=\"https:\/\/www.facebook.com\/nettalicom\" \/>\n<meta property=\"article:published_time\" content=\"2025-02-03T07:34:44+00:00\" \/>\n<meta property=\"og:image\" content=\"https:\/\/www.nettali.com\/wp-content\/uploads\/2021\/01\/sames-greve.jpg\" \/>\n\t<meta property=\"og:image:width\" content=\"800\" \/>\n\t<meta property=\"og:image:height\" content=\"530\" \/>\n<meta name=\"twitter:card\" content=\"summary_large_image\" \/>\n<meta name=\"twitter:label1\" content=\"\u00c9crit par\" \/>\n\t<meta name=\"twitter:data1\" content=\"Fatou\" \/>\n\t<meta name=\"twitter:label2\" content=\"Dur\u00e9e de lecture estim\u00e9e\" \/>\n\t<meta name=\"twitter:data2\" content=\"2 minutes\" \/>\n<script type=\"application\/ld+json\" class=\"yoast-schema-graph\">{\"@context\":\"https:\/\/schema.org\",\"@graph\":[{\"@type\":\"WebSite\",\"@id\":\"https:\/\/www.nettali.com\/#website\",\"url\":\"https:\/\/www.nettali.com\/\",\"name\":\"Nettali.com\",\"description\":\"Le rendez-vous critique du Net\",\"potentialAction\":[{\"@type\":\"SearchAction\",\"target\":{\"@type\":\"EntryPoint\",\"urlTemplate\":\"https:\/\/www.nettali.com\/?s={search_term_string}\"},\"query-input\":\"required name=search_term_string\"}],\"inLanguage\":\"fr-FR\"},{\"@type\":\"ImageObject\",\"@id\":\"https:\/\/www.nettali.com\/2025\/02\/03\/sante-le-sames-prevoit-une-greve-generale-les-18-et-19-fevrier-2025\/#primaryimage\",\"inLanguage\":\"fr-FR\",\"url\":\"https:\/\/www.nettali.com\/wp-content\/uploads\/2021\/01\/sames-greve.jpg\",\"contentUrl\":\"https:\/\/www.nettali.com\/wp-content\/uploads\/2021\/01\/sames-greve.jpg\",\"width\":800,\"height\":530},{\"@type\":\"WebPage\",\"@id\":\"https:\/\/www.nettali.com\/2025\/02\/03\/sante-le-sames-prevoit-une-greve-generale-les-18-et-19-fevrier-2025\/#webpage\",\"url\":\"https:\/\/www.nettali.com\/2025\/02\/03\/sante-le-sames-prevoit-une-greve-generale-les-18-et-19-fevrier-2025\/\",\"name\":\"SANTE \\u2013 Le Sames pr\\u00e9voit une gr\\u00e8ve g\\u00e9n\\u00e9rale les 18 et 19 f\\u00e9vrier 2025 | Nettali.com\",\"isPartOf\":{\"@id\":\"https:\/\/www.nettali.com\/#website\"},\"primaryImageOfPage\":{\"@id\":\"https:\/\/www.nettali.com\/2025\/02\/03\/sante-le-sames-prevoit-une-greve-generale-les-18-et-19-fevrier-2025\/#primaryimage\"},\"datePublished\":\"2025-02-03T07:34:44+00:00\",\"dateModified\":\"2025-02-03T07:34:44+00:00\",\"author\":{\"@id\":\"https:\/\/www.nettali.com\/#\/schema\/person\/418274a86bdf87caff7a3ef476bd0bbf\"},\"breadcrumb\":{\"@id\":\"https:\/\/www.nettali.com\/2025\/02\/03\/sante-le-sames-prevoit-une-greve-generale-les-18-et-19-fevrier-2025\/#breadcrumb\"},\"inLanguage\":\"fr-FR\",\"potentialAction\":[{\"@type\":\"ReadAction\",\"target\":[\"https:\/\/www.nettali.com\/2025\/02\/03\/sante-le-sames-prevoit-une-greve-generale-les-18-et-19-fevrier-2025\/\"]}]},{\"@type\":\"BreadcrumbList\",\"@id\":\"https:\/\/www.nettali.com\/2025\/02\/03\/sante-le-sames-prevoit-une-greve-generale-les-18-et-19-fevrier-2025\/#breadcrumb\",\"itemListElement\":[{\"@type\":\"ListItem\",\"position\":1,\"name\":\"Accueil\",\"item\":\"https:\/\/www.nettali.com\/\"},{\"@type\":\"ListItem\",\"position\":2,\"name\":\"SANTE \\u2013 Le Sames pr\\u00e9voit une gr\\u00e8ve g\\u00e9n\\u00e9rale les 18 et 19 f\\u00e9vrier 2025\"}]},{\"@type\":\"Person\",\"@id\":\"https:\/\/www.nettali.com\/#\/schema\/person\/418274a86bdf87caff7a3ef476bd0bbf\",\"name\":\"Fatou\",\"image\":{\"@type\":\"ImageObject\",\"@id\":\"https:\/\/www.nettali.com\/#personlogo\",\"inLanguage\":\"fr-FR\",\"url\":\"https:\/\/secure.gravatar.com\/avatar\/5a9442a2bee7b4dcf167cab035858e9a?s=96&d=mm&r=g\",\"contentUrl\":\"https:\/\/secure.gravatar.com\/avatar\/5a9442a2bee7b4dcf167cab035858e9a?s=96&d=mm&r=g\",\"caption\":\"Fatou\"},\"sameAs\":[\"https:\/\/www.nettali.com\"]}]}<\/script>\n<!-- \/ Yoast SEO Premium plugin. -->","yoast_head_json":{"title":"SANTE \u2013 Le Sames pr\u00e9voit une gr\u00e8ve g\u00e9n\u00e9rale les 18 et 19 f\u00e9vrier 2025 | Nettali.com","robots":{"index":"index","follow":"follow","max-snippet":"max-snippet:-1","max-image-preview":"max-image-preview:large","max-video-preview":"max-video-preview:-1"},"canonical":"https:\/\/www.nettali.com\/2025\/02\/03\/sante-le-sames-prevoit-une-greve-generale-les-18-et-19-fevrier-2025\/","og_locale":"fr_FR","og_type":"article","og_title":"SANTE \u2013 Le Sames pr\u00e9voit une gr\u00e8ve g\u00e9n\u00e9rale les 18 et 19 f\u00e9vrier 2025","og_description":"NETTALI.COM- Apr\u00e8s l\u2019enseignement g\u00e9n\u00e9ral, c\u2019est le secteur de la sant\u00e9 qui risque de conna\u00eetre des perturbations ce mois-ci. Le Syndicat autonome des m\u00e9decins, pharmaciens et chirurgiens-dentistes du S\u00e9n\u00e9gal (Sames) annonce une gr\u00e8ve g\u00e9n\u00e9rale les 18 et 19 f\u00e9vrier 2025. Tout comme les syndicats de l\u2019enseignement sup\u00e9rieur, le Syndicat autonome des m\u00e9decins, pharmaciens et chirurgiens-dentistes du [&hellip;]","og_url":"https:\/\/www.nettali.com\/2025\/02\/03\/sante-le-sames-prevoit-une-greve-generale-les-18-et-19-fevrier-2025\/","og_site_name":"Nettali.com","article_publisher":"https:\/\/www.facebook.com\/nettalicom","article_published_time":"2025-02-03T07:34:44+00:00","og_image":[{"width":800,"height":530,"url":"https:\/\/www.nettali.com\/wp-content\/uploads\/2021\/01\/sames-greve.jpg","type":"image\/jpeg"}],"twitter_card":"summary_large_image","twitter_misc":{"\u00c9crit par":"Fatou","Dur\u00e9e de lecture estim\u00e9e":"2 minutes"},"schema":{"@context":"https:\/\/schema.org","@graph":[{"@type":"WebSite","@id":"https:\/\/www.nettali.com\/#website","url":"https:\/\/www.nettali.com\/","name":"Nettali.com","description":"Le rendez-vous critique du Net","potentialAction":[{"@type":"SearchAction","target":{"@type":"EntryPoint","urlTemplate":"https:\/\/www.nettali.com\/?s={search_term_string}"},"query-input":"required name=search_term_string"}],"inLanguage":"fr-FR"},{"@type":"ImageObject","@id":"https:\/\/www.nettali.com\/2025\/02\/03\/sante-le-sames-prevoit-une-greve-generale-les-18-et-19-fevrier-2025\/#primaryimage","inLanguage":"fr-FR","url":"https:\/\/www.nettali.com\/wp-content\/uploads\/2021\/01\/sames-greve.jpg","contentUrl":"https:\/\/www.nettali.com\/wp-content\/uploads\/2021\/01\/sames-greve.jpg","width":800,"height":530},{"@type":"WebPage","@id":"https:\/\/www.nettali.com\/2025\/02\/03\/sante-le-sames-prevoit-une-greve-generale-les-18-et-19-fevrier-2025\/#webpage","url":"https:\/\/www.nettali.com\/2025\/02\/03\/sante-le-sames-prevoit-une-greve-generale-les-18-et-19-fevrier-2025\/","name":"SANTE \u2013 Le Sames pr\u00e9voit une gr\u00e8ve g\u00e9n\u00e9rale les 18 et 19 f\u00e9vrier 2025 | Nettali.com","isPartOf":{"@id":"https:\/\/www.nettali.com\/#website"},"primaryImageOfPage":{"@id":"https:\/\/www.nettali.com\/2025\/02\/03\/sante-le-sames-prevoit-une-greve-generale-les-18-et-19-fevrier-2025\/#primaryimage"},"datePublished":"2025-02-03T07:34:44+00:00","dateModified":"2025-02-03T07:34:44+00:00","author":{"@id":"https:\/\/www.nettali.com\/#\/schema\/person\/418274a86bdf87caff7a3ef476bd0bbf"},"breadcrumb":{"@id":"https:\/\/www.nettali.com\/2025\/02\/03\/sante-le-sames-prevoit-une-greve-generale-les-18-et-19-fevrier-2025\/#breadcrumb"},"inLanguage":"fr-FR","potentialAction":[{"@type":"ReadAction","target":["https:\/\/www.nettali.com\/2025\/02\/03\/sante-le-sames-prevoit-une-greve-generale-les-18-et-19-fevrier-2025\/"]}]},{"@type":"BreadcrumbList","@id":"https:\/\/www.nettali.com\/2025\/02\/03\/sante-le-sames-prevoit-une-greve-generale-les-18-et-19-fevrier-2025\/#breadcrumb","itemListElement":[{"@type":"ListItem","position":1,"name":"Accueil","item":"https:\/\/www.nettali.com\/"},{"@type":"ListItem","position":2,"name":"SANTE \u2013 Le Sames pr\u00e9voit une gr\u00e8ve g\u00e9n\u00e9rale les 18 et 19 f\u00e9vrier 2025"}]},{"@type":"Person","@id":"https:\/\/www.nettali.com\/#\/schema\/person\/418274a86bdf87caff7a3ef476bd0bbf","name":"Fatou","image":{"@type":"ImageObject","@id":"https:\/\/www.nettali.com\/#personlogo","inLanguage":"fr-FR","url":"https:\/\/secure.gravatar.com\/avatar\/5a9442a2bee7b4dcf167cab035858e9a?s=96&d=mm&r=g","contentUrl":"https:\/\/secure.gravatar.com\/avatar\/5a9442a2bee7b4dcf167cab035858e9a?s=96&d=mm&r=g","caption":"Fatou"},"sameAs":["https:\/\/www.nettali.com"]}]}},"_links":{"self":[{"href":"https:\/\/www.nettali.com\/rest\/wp\/v2\/posts\/148257"}],"collection":[{"href":"https:\/\/www.nettali.com\/rest\/wp\/v2\/posts"}],"about":[{"href":"https:\/\/www.nettali.com\/rest\/wp\/v2\/types\/post"}],"author":[{"embeddable":true,"href":"https:\/\/www.nettali.com\/rest\/wp\/v2\/users\/6"}],"replies":[{"embeddable":true,"href":"https:\/\/www.nettali.com\/rest\/wp\/v2\/comments?post=148257"}],"version-history":[{"count":2,"href":"https:\/\/www.nettali.com\/rest\/wp\/v2\/posts\/148257\/revisions"}],"predecessor-version":[{"id":148259,"href":"https:\/\/www.nettali.com\/rest\/wp\/v2\/posts\/148257\/revisions\/148259"}],"wp:featuredmedia":[{"embeddable":true,"href":"https:\/\/www.nettali.com\/rest\/wp\/v2\/media\/55221"}],"wp:attachment":[{"href":"https:\/\/www.nettali.com\/rest\/wp\/v2\/media?parent=148257"}],"wp:term":[{"taxonomy":"category","embeddable":true,"href":"https:\/\/www.nettali.com\/rest\/wp\/v2\/categories?post=148257"},{"taxonomy":"post_tag","embeddable":true,"href":"https:\/\/www.nettali.com\/rest\/wp\/v2\/tags?post=148257"}],"curies":[{"name":"wp","href":"https:\/\/api.w.org\/{rel}","templated":true}]}}