{"id":148134,"date":"2025-01-31T20:11:03","date_gmt":"2025-01-31T20:11:03","guid":{"rendered":"https:\/\/www.nettali.com\/?p=148134"},"modified":"2025-02-02T08:52:12","modified_gmt":"2025-02-02T08:52:12","slug":"port-de-dakar-incendie-au-poste-14-du-mole-1","status":"publish","type":"post","link":"https:\/\/www.nettali.com\/2025\/01\/31\/port-de-dakar-incendie-au-poste-14-du-mole-1\/","title":{"rendered":"PORT DE DAKAR - Incendie au poste 14 du Mole 1"},"content":{"rendered":"<p><strong>NETTALI.COM - Un incendie s\u2019est d\u00e9clar\u00e9 ce vendredi 31 janvier 2025 autour 15 heures au Port de Dakar, plus pr\u00e9cis\u00e9ment au Mole 1 du Port de Dakar.<\/strong><\/p>\n<p>\"<em>Ce feu de classe A a \u00e9t\u00e9 ma\u00eetris\u00e9 apr\u00e8s deux heures de lutte et a mobilis\u00e9 les \u00e9quipes du Centre Op\u00e9rationnel Polyvalent (COP), de la Compagnie des sapeurs-pompiers, des Forces de D\u00e9fense et de S\u00e9curit\u00e9 (FDS) et des autres \u00e9quipes du Port. <\/em><\/p>\n<p><em>Bien que l\u2019origine du feu reste pour le moment ind\u00e9termin\u00e9e, des investigations sont en cours dans l\u2019optique de statuer sur les responsabilit\u00e9s<\/em>\",\u00a0 a indiqu\u00e9 la cellule de communication, \u00e0 travers un communiqu\u00e9.<\/p>\n<p>La m\u00eame source souligne que \"<em>le Port Autonome de Dakar reste alerte en toute occasion, \u00e0 travers un dispositif op\u00e9rationnel robuste et une collaboration \u00e9troite avec les administrations comp\u00e9tentes pour r\u00e9agir de mani\u00e8re efficace et minimiser les impacts. Le Port Autonome r\u00e9it\u00e8re \u00e0 tous son engagement \u00e0 garantir la s\u00e9curit\u00e9 et la fluidit\u00e9 des op\u00e9rations.\"<\/em><\/p>\n<div class='share-to-whatsapp-wrapper'><div class='share-on-whsp'>PARTAGER SUR : <\/div><a data-text='PORT DE DAKAR - Incendie au poste 14 du Mole 1' data-link='https:\/\/www.nettali.com\/2025\/01\/31\/port-de-dakar-incendie-au-poste-14-du-mole-1\/' class='whatsapp-button whatsapp-share'>WhatsApp<\/a><div class='clear '><\/div><\/div>","protected":false},"excerpt":{"rendered":"<p>NETTALI.COM - Un incendie s\u2019est d\u00e9clar\u00e9 ce vendredi 31 janvier 2025 autour 15 heures au Port de Dakar, plus pr\u00e9cis\u00e9ment au Mole 1 du Port de Dakar. \"Ce feu de classe A a \u00e9t\u00e9 ma\u00eetris\u00e9 apr\u00e8s deux heures de lutte et a mobilis\u00e9 les \u00e9quipes du Centre Op\u00e9rationnel Polyvalent (COP), de la Compagnie des sapeurs-pompiers, [&hellip;]<\/p>\n","protected":false},"author":6,"featured_media":148136,"comment_status":"open","ping_status":"open","sticky":false,"template":"","format":"standard","meta":{"_et_pb_use_builder":"","_et_pb_old_content":""},"categories":[3],"tags":[],"yoast_head":"<!-- This site is optimized with the Yoast SEO Premium plugin v17.8 (Yoast SEO v17.8) - https:\/\/yoast.com\/wordpress\/plugins\/seo\/ -->\n<title>PORT DE DAKAR - Incendie au poste 14 du Mole 1 | Nettali.com<\/title>\n<meta name=\"robots\" content=\"index, follow, max-snippet:-1, max-image-preview:large, max-video-preview:-1\" \/>\n<link rel=\"canonical\" href=\"https:\/\/www.nettali.com\/2025\/01\/31\/port-de-dakar-incendie-au-poste-14-du-mole-1\/\" \/>\n<meta property=\"og:locale\" content=\"fr_FR\" \/>\n<meta property=\"og:type\" content=\"article\" \/>\n<meta property=\"og:title\" content=\"PORT DE DAKAR - Incendie au poste 14 du Mole 1\" \/>\n<meta property=\"og:description\" content=\"NETTALI.COM - Un incendie s\u2019est d\u00e9clar\u00e9 ce vendredi 31 janvier 2025 autour 15 heures au Port de Dakar, plus pr\u00e9cis\u00e9ment au Mole 1 du Port de Dakar. &quot;Ce feu de classe A a \u00e9t\u00e9 ma\u00eetris\u00e9 apr\u00e8s deux heures de lutte et a mobilis\u00e9 les \u00e9quipes du Centre Op\u00e9rationnel Polyvalent (COP), de la Compagnie des sapeurs-pompiers, [&hellip;]\" \/>\n<meta property=\"og:url\" content=\"https:\/\/www.nettali.com\/2025\/01\/31\/port-de-dakar-incendie-au-poste-14-du-mole-1\/\" \/>\n<meta property=\"og:site_name\" content=\"Nettali.com\" \/>\n<meta property=\"article:publisher\" content=\"https:\/\/www.facebook.com\/nettalicom\" \/>\n<meta property=\"article:published_time\" content=\"2025-01-31T20:11:03+00:00\" \/>\n<meta property=\"article:modified_time\" content=\"2025-02-02T08:52:12+00:00\" \/>\n<meta property=\"og:image\" content=\"https:\/\/www.nettali.com\/wp-content\/uploads\/2025\/01\/bateau-incendie-pad.jpg\" \/>\n\t<meta property=\"og:image:width\" content=\"990\" \/>\n\t<meta property=\"og:image:height\" content=\"640\" \/>\n<meta name=\"twitter:card\" content=\"summary_large_image\" \/>\n<meta name=\"twitter:label1\" content=\"\u00c9crit par\" \/>\n\t<meta name=\"twitter:data1\" content=\"Fatou\" \/>\n\t<meta name=\"twitter:label2\" content=\"Dur\u00e9e de lecture estim\u00e9e\" \/>\n\t<meta name=\"twitter:data2\" content=\"1 minute\" \/>\n<script type=\"application\/ld+json\" class=\"yoast-schema-graph\">{\"@context\":\"https:\/\/schema.org\",\"@graph\":[{\"@type\":\"WebSite\",\"@id\":\"https:\/\/www.nettali.com\/#website\",\"url\":\"https:\/\/www.nettali.com\/\",\"name\":\"Nettali.com\",\"description\":\"Le rendez-vous critique du Net\",\"potentialAction\":[{\"@type\":\"SearchAction\",\"target\":{\"@type\":\"EntryPoint\",\"urlTemplate\":\"https:\/\/www.nettali.com\/?s={search_term_string}\"},\"query-input\":\"required name=search_term_string\"}],\"inLanguage\":\"fr-FR\"},{\"@type\":\"ImageObject\",\"@id\":\"https:\/\/www.nettali.com\/2025\/01\/31\/port-de-dakar-incendie-au-poste-14-du-mole-1\/#primaryimage\",\"inLanguage\":\"fr-FR\",\"url\":\"https:\/\/www.nettali.com\/wp-content\/uploads\/2025\/01\/bateau-incendie-pad.jpg\",\"contentUrl\":\"https:\/\/www.nettali.com\/wp-content\/uploads\/2025\/01\/bateau-incendie-pad.jpg\",\"width\":990,\"height\":640},{\"@type\":\"WebPage\",\"@id\":\"https:\/\/www.nettali.com\/2025\/01\/31\/port-de-dakar-incendie-au-poste-14-du-mole-1\/#webpage\",\"url\":\"https:\/\/www.nettali.com\/2025\/01\/31\/port-de-dakar-incendie-au-poste-14-du-mole-1\/\",\"name\":\"PORT DE DAKAR - Incendie au poste 14 du Mole 1 | Nettali.com\",\"isPartOf\":{\"@id\":\"https:\/\/www.nettali.com\/#website\"},\"primaryImageOfPage\":{\"@id\":\"https:\/\/www.nettali.com\/2025\/01\/31\/port-de-dakar-incendie-au-poste-14-du-mole-1\/#primaryimage\"},\"datePublished\":\"2025-01-31T20:11:03+00:00\",\"dateModified\":\"2025-02-02T08:52:12+00:00\",\"author\":{\"@id\":\"https:\/\/www.nettali.com\/#\/schema\/person\/418274a86bdf87caff7a3ef476bd0bbf\"},\"breadcrumb\":{\"@id\":\"https:\/\/www.nettali.com\/2025\/01\/31\/port-de-dakar-incendie-au-poste-14-du-mole-1\/#breadcrumb\"},\"inLanguage\":\"fr-FR\",\"potentialAction\":[{\"@type\":\"ReadAction\",\"target\":[\"https:\/\/www.nettali.com\/2025\/01\/31\/port-de-dakar-incendie-au-poste-14-du-mole-1\/\"]}]},{\"@type\":\"BreadcrumbList\",\"@id\":\"https:\/\/www.nettali.com\/2025\/01\/31\/port-de-dakar-incendie-au-poste-14-du-mole-1\/#breadcrumb\",\"itemListElement\":[{\"@type\":\"ListItem\",\"position\":1,\"name\":\"Accueil\",\"item\":\"https:\/\/www.nettali.com\/\"},{\"@type\":\"ListItem\",\"position\":2,\"name\":\"PORT DE DAKAR - Incendie au poste 14 du Mole 1\"}]},{\"@type\":\"Person\",\"@id\":\"https:\/\/www.nettali.com\/#\/schema\/person\/418274a86bdf87caff7a3ef476bd0bbf\",\"name\":\"Fatou\",\"image\":{\"@type\":\"ImageObject\",\"@id\":\"https:\/\/www.nettali.com\/#personlogo\",\"inLanguage\":\"fr-FR\",\"url\":\"https:\/\/secure.gravatar.com\/avatar\/5a9442a2bee7b4dcf167cab035858e9a?s=96&d=mm&r=g\",\"contentUrl\":\"https:\/\/secure.gravatar.com\/avatar\/5a9442a2bee7b4dcf167cab035858e9a?s=96&d=mm&r=g\",\"caption\":\"Fatou\"},\"sameAs\":[\"https:\/\/www.nettali.com\"]}]}<\/script>\n<!-- \/ Yoast SEO Premium plugin. -->","yoast_head_json":{"title":"PORT DE DAKAR - Incendie au poste 14 du Mole 1 | Nettali.com","robots":{"index":"index","follow":"follow","max-snippet":"max-snippet:-1","max-image-preview":"max-image-preview:large","max-video-preview":"max-video-preview:-1"},"canonical":"https:\/\/www.nettali.com\/2025\/01\/31\/port-de-dakar-incendie-au-poste-14-du-mole-1\/","og_locale":"fr_FR","og_type":"article","og_title":"PORT DE DAKAR - Incendie au poste 14 du Mole 1","og_description":"NETTALI.COM - Un incendie s\u2019est d\u00e9clar\u00e9 ce vendredi 31 janvier 2025 autour 15 heures au Port de Dakar, plus pr\u00e9cis\u00e9ment au Mole 1 du Port de Dakar. \"Ce feu de classe A a \u00e9t\u00e9 ma\u00eetris\u00e9 apr\u00e8s deux heures de lutte et a mobilis\u00e9 les \u00e9quipes du Centre Op\u00e9rationnel Polyvalent (COP), de la Compagnie des sapeurs-pompiers, [&hellip;]","og_url":"https:\/\/www.nettali.com\/2025\/01\/31\/port-de-dakar-incendie-au-poste-14-du-mole-1\/","og_site_name":"Nettali.com","article_publisher":"https:\/\/www.facebook.com\/nettalicom","article_published_time":"2025-01-31T20:11:03+00:00","article_modified_time":"2025-02-02T08:52:12+00:00","og_image":[{"width":990,"height":640,"url":"https:\/\/www.nettali.com\/wp-content\/uploads\/2025\/01\/bateau-incendie-pad.jpg","type":"image\/jpeg"}],"twitter_card":"summary_large_image","twitter_misc":{"\u00c9crit par":"Fatou","Dur\u00e9e de lecture estim\u00e9e":"1 minute"},"schema":{"@context":"https:\/\/schema.org","@graph":[{"@type":"WebSite","@id":"https:\/\/www.nettali.com\/#website","url":"https:\/\/www.nettali.com\/","name":"Nettali.com","description":"Le rendez-vous critique du Net","potentialAction":[{"@type":"SearchAction","target":{"@type":"EntryPoint","urlTemplate":"https:\/\/www.nettali.com\/?s={search_term_string}"},"query-input":"required name=search_term_string"}],"inLanguage":"fr-FR"},{"@type":"ImageObject","@id":"https:\/\/www.nettali.com\/2025\/01\/31\/port-de-dakar-incendie-au-poste-14-du-mole-1\/#primaryimage","inLanguage":"fr-FR","url":"https:\/\/www.nettali.com\/wp-content\/uploads\/2025\/01\/bateau-incendie-pad.jpg","contentUrl":"https:\/\/www.nettali.com\/wp-content\/uploads\/2025\/01\/bateau-incendie-pad.jpg","width":990,"height":640},{"@type":"WebPage","@id":"https:\/\/www.nettali.com\/2025\/01\/31\/port-de-dakar-incendie-au-poste-14-du-mole-1\/#webpage","url":"https:\/\/www.nettali.com\/2025\/01\/31\/port-de-dakar-incendie-au-poste-14-du-mole-1\/","name":"PORT DE DAKAR - Incendie au poste 14 du Mole 1 | Nettali.com","isPartOf":{"@id":"https:\/\/www.nettali.com\/#website"},"primaryImageOfPage":{"@id":"https:\/\/www.nettali.com\/2025\/01\/31\/port-de-dakar-incendie-au-poste-14-du-mole-1\/#primaryimage"},"datePublished":"2025-01-31T20:11:03+00:00","dateModified":"2025-02-02T08:52:12+00:00","author":{"@id":"https:\/\/www.nettali.com\/#\/schema\/person\/418274a86bdf87caff7a3ef476bd0bbf"},"breadcrumb":{"@id":"https:\/\/www.nettali.com\/2025\/01\/31\/port-de-dakar-incendie-au-poste-14-du-mole-1\/#breadcrumb"},"inLanguage":"fr-FR","potentialAction":[{"@type":"ReadAction","target":["https:\/\/www.nettali.com\/2025\/01\/31\/port-de-dakar-incendie-au-poste-14-du-mole-1\/"]}]},{"@type":"BreadcrumbList","@id":"https:\/\/www.nettali.com\/2025\/01\/31\/port-de-dakar-incendie-au-poste-14-du-mole-1\/#breadcrumb","itemListElement":[{"@type":"ListItem","position":1,"name":"Accueil","item":"https:\/\/www.nettali.com\/"},{"@type":"ListItem","position":2,"name":"PORT DE DAKAR - Incendie au poste 14 du Mole 1"}]},{"@type":"Person","@id":"https:\/\/www.nettali.com\/#\/schema\/person\/418274a86bdf87caff7a3ef476bd0bbf","name":"Fatou","image":{"@type":"ImageObject","@id":"https:\/\/www.nettali.com\/#personlogo","inLanguage":"fr-FR","url":"https:\/\/secure.gravatar.com\/avatar\/5a9442a2bee7b4dcf167cab035858e9a?s=96&d=mm&r=g","contentUrl":"https:\/\/secure.gravatar.com\/avatar\/5a9442a2bee7b4dcf167cab035858e9a?s=96&d=mm&r=g","caption":"Fatou"},"sameAs":["https:\/\/www.nettali.com"]}]}},"_links":{"self":[{"href":"https:\/\/www.nettali.com\/rest\/wp\/v2\/posts\/148134"}],"collection":[{"href":"https:\/\/www.nettali.com\/rest\/wp\/v2\/posts"}],"about":[{"href":"https:\/\/www.nettali.com\/rest\/wp\/v2\/types\/post"}],"author":[{"embeddable":true,"href":"https:\/\/www.nettali.com\/rest\/wp\/v2\/users\/6"}],"replies":[{"embeddable":true,"href":"https:\/\/www.nettali.com\/rest\/wp\/v2\/comments?post=148134"}],"version-history":[{"count":5,"href":"https:\/\/www.nettali.com\/rest\/wp\/v2\/posts\/148134\/revisions"}],"predecessor-version":[{"id":148154,"href":"https:\/\/www.nettali.com\/rest\/wp\/v2\/posts\/148134\/revisions\/148154"}],"wp:featuredmedia":[{"embeddable":true,"href":"https:\/\/www.nettali.com\/rest\/wp\/v2\/media\/148136"}],"wp:attachment":[{"href":"https:\/\/www.nettali.com\/rest\/wp\/v2\/media?parent=148134"}],"wp:term":[{"taxonomy":"category","embeddable":true,"href":"https:\/\/www.nettali.com\/rest\/wp\/v2\/categories?post=148134"},{"taxonomy":"post_tag","embeddable":true,"href":"https:\/\/www.nettali.com\/rest\/wp\/v2\/tags?post=148134"}],"curies":[{"name":"wp","href":"https:\/\/api.w.org\/{rel}","templated":true}]}}