{"id":148101,"date":"2025-01-31T09:17:50","date_gmt":"2025-01-31T09:17:50","guid":{"rendered":"https:\/\/www.nettali.com\/?p=148101"},"modified":"2025-02-01T16:57:23","modified_gmt":"2025-02-01T16:57:23","slug":"rencontre-inedite-entre-policiers-et-journalistes-la-posture-de-sagesse-du-dgpn","status":"publish","type":"post","link":"https:\/\/www.nettali.com\/2025\/01\/31\/rencontre-inedite-entre-policiers-et-journalistes-la-posture-de-sagesse-du-dgpn\/","title":{"rendered":"RENCONTRE IN\u00c9DITE ENTRE POLICIERS ET JOURNALISTES - La posture de sagesse du  DGPN"},"content":{"rendered":"<p><strong>NETTALI.COM -<\/strong> Lors de la deuxi\u00e8me \u00e9dition des \"Mercredis de la Police\" organis\u00e9s le mercredi 29 janvier par la Direction g\u00e9n\u00e9rale de la Police nationale et dont le th\u00e8me \u00e9tait : \"<em>Maintien de l\u2019ordre et droit \u00e0 l\u2019information<\/em>\", il a \u00e9t\u00e9 beaucoup question de relations apais\u00e9es entre la presse et la police.<\/p>\n<p>Prenant la parole, le directeur g\u00e9n\u00e9ral de la Police nationale (DGPN) a fait savoir que la cohabitation harmonieuse entre les forces de d\u00e9fense et de s\u00e9curit\u00e9 et les journalistes, sur le th\u00e9\u00e2tre des op\u00e9rations, renforce la s\u00e9curit\u00e9 publique et la d\u00e9mocratie. \"<em>La reconnaissance mutuelle des contraintes et responsabilit\u00e9s de chacun, le dialogue, la formation et des protocoles clairs<\/em>\" sont les gages d\u2019une cohabitation apais\u00e9e entre Forces de d\u00e9fense et de s\u00e9curit\u00e9 (FDS) et les journalistes dans le cadre des manifestations publiques, a ainsi d\u00e9clar\u00e9 Mame Seydou Ndour.<\/p>\n<p>\"<em>Il nous faut pacifier les rapports entre les forces de l\u2019ordre et les journalistes en faisant preuve d\u2019empathie<\/em>\", a ajout\u00e9 le DGPN qui reconna\u00eet que \"<em>les missions de l\u2019information et du maintien de l\u2019ordre, respectivement de la presse et de la police, peuvent parfois entrer en collision<\/em>\".<\/p>\n<p>Poursuivant son propos, le directeur g\u00e9n\u00e9ral de la Police nationale, Mame Seydou Ndour, l\u2019a assur\u00e9e : \u201cl<em>a premi\u00e8re chose, c'est qu'on doit faire notre introspection, aussi bien du c\u00f4t\u00e9 des forces de l'ordre que du c\u00f4t\u00e9 de la presse<\/em>\u201d, rappelant au passage que le dialogue doit s\u2019instaurer entre les journalistes et les forces de l\u2019ordre.<\/p>\n<p>Avant de faire remarquer : \u201cc<em>'est nous qui avons organis\u00e9 la rencontre. Nous vous avons laiss\u00e9 la parole. (...) La prochaine fois, nous souhaiterions que ce soit les journalistes qui organisent et qui nous invitent et qui nous laissent la parole pour qu'on puisse dire aussi ce qu'on a appris<\/em>\u201d<\/p>\n<p>Des propos qui ont renforc\u00e9 l\u2019id\u00e9e selon laquelle la communication ne doit pas \u00eatre \u00e0 sens unique et que des ajustements doivent se faire des deux c\u00f4t\u00e9s.<\/p>\n<p>Mais le patron de la police ne s\u2019en est pas limit\u00e9 l\u00e0. Mame Seydou Ndour a annonc\u00e9 la mise en place d\u2019un protocole de non-violence deux c\u00f4t\u00e9s. \u201c<em>Comme j'ai dit, la violence n'est pas seulement physique. Nous devons trouver un modus vivendi, comme on dit, pour que les policiers soient aussi prot\u00e9g\u00e9s vis-\u00e0-vis des violences verbales ou en tout cas des traitements d\u00e9s\u00e9quilibr\u00e9s de leurs actions<\/em>\u201d, a soutenu le directeur g\u00e9n\u00e9ral de la Police nationale, avant de mettre l\u2019accent sur la formation.<\/p>\n<p>Dor\u00e9navant, a-t-il fait remarquer, les forces de l\u2019ordre devront maitriser les outils qui contribuent \u00e0 l\u2019identification des journalistes, tels que le Code de la presse, la n\u00e9cessit\u00e9 de prendre en compte les cartes de presse, etc. \u201c<em>Nous ferons notre possible pour pouvoir parler de vous en termes d'enseignement, en termes de modus que vous mettrez \u00e0 la disposition de ces \u00e9coles de formation, que vous pourrez m\u00eame dispenser \u00e0 notre niveau<\/em>\u201d, a-t-il lanc\u00e9 aux journalistes pr\u00e9sents.<\/p>\n<p>Il a ainsi ajout\u00e9 que des curriculums seront inclus dans les \u00e9coles de formation en journalisme, pour la prise en compte des n\u00e9cessit\u00e9s en rapport avec le maintien de l\u2019ordre. Cela va permettre, explique-t-il, de savoir comment se d\u00e9placer dans les zones de s\u00e9curit\u00e9 en fonction des circonstances, en fonction de la violence des gens.<\/p>\n<p>L'inspecteur g\u00e9n\u00e9ral de Police, Mame Seydou Ndour a \u00e9galement appel\u00e9 \u00e0 une sensibilisation sur le secret des enqu\u00eates, pour savoir ce qu\u2019il faut ou ne faut pas publier.<\/p>\n<p>Le DGPN a aussi \u00e9voqu\u00e9 l'utilisation des jargons militaires, \"<em>pas m\u00e9chants chez les Forces de s\u00e9curit\u00e9<\/em>\", tel que le mot \u201c<em>D\u00e9gager<\/em>\u201d qui peuvent heurter les autres. Selon lui, ces expressions sont souvent utilis\u00e9es dans le jargon militaire comme pour dire \u201c<em>D\u00e9gager la zone<\/em>\u201d, toutefois, il indique : \u201c Etant donn\u00e9 que \u00e7a semble <em>d\u00e9ranger, il faudrait qu'on sache qu'on ne doit pas l'utiliser chez les autres. En tout cas, il faut trouver un terme plus appropri\u00e9 pour changer cela.<\/em>\u201d<\/p>\n<p>Cependant, il souhaiterait que les autres se focalisent moins sur \u00e7a et qu'ils comprennent qu'il ne s'agit l\u00e0 que d'une question de culture ch\u00e8re aux militaires. \u201c<em>Il y a des mots que je ne veux pas utiliser ici, mais qui, en termes militaires, n'ont aucune mauvaise connotation<\/em>\u201d. Une incompr\u00e9hension qui, selon lui, est tout le temps au coeur des probl\u00e8mes.<\/p>\n<p>Ainsi cette rencontre, au-del\u00e0 de son aspect symbolique, pourrait bien constituer un pas vers une cohabitation plus apais\u00e9e entre policiers et journalistes. Reste \u00e0 voir si les engagements pris se traduiront par des actions concr\u00e8tes sur le terrain.<\/p>\n<p>Selon Migui Mar\u00e8me Ndiaye, pr\u00e9sident de la Convention des jeunes reporters du S\u00e9n\u00e9gal (CJRS), \"<em>le d\u00e9ficit de communication entre les deux parties [forces de l\u2019ordre et journalistes] et un manque d\u2019esprit collaboratif<\/em>\", est souvent \u00e0 l\u2019origine des heurts not\u00e9s.<\/p>\n<p>\"<em>On doit mettre en place des cadres de concertation r\u00e9guliers \u00e0 travers des rencontres p\u00e9riodiques entre les FDS et les journalistes<\/em>\", a-t-il sugg\u00e9r\u00e9.<\/p>\n<p>Une rencontre entre la presse et la police qui s\u2019est donc voulue une premi\u00e8re rupture, car en la tenant, la police a bris\u00e9 une dynamique de confrontation que l\u2019on a observ\u00e9e depuis quelques ann\u00e9es sur le terrain. La rencontre dont le th\u00e8me \u00e9tait : \"Maintien de l\u2019ordre et droit \u00e0 l\u2019information\" et qui avait pour cadre l\u2019\u00e9cole de Police, \u00e0 Dakar, a \u00e9t\u00e9 marqu\u00e9e par une forte pr\u00e9sence aussi bien des agents en formation que des policiers exp\u00e9riment\u00e9s aux c\u00f4t\u00e9s de nombreux reporters, jeunes et chevronn\u00e9s. La pr\u00e9sence des directeurs g\u00e9n\u00e9raux de la police et l\u2019accueil chaleureux r\u00e9serv\u00e9 aux journalistes confirment cette volont\u00e9 d\u2019ouverture et de dialogue.<\/p>\n<p>A noter que l'apr\u00e8s-midi de r\u00e9flexion et d\u2019\u00e9changes, \u00e9tait mod\u00e9r\u00e9 par le journaliste Mademba Ndiaye.<\/p>\n<p>&nbsp;<\/p>\n<div class='share-to-whatsapp-wrapper'><div class='share-on-whsp'>PARTAGER SUR : <\/div><a data-text='RENCONTRE IN\u00c9DITE ENTRE POLICIERS ET JOURNALISTES - La posture de sagesse du  DGPN' data-link='https:\/\/www.nettali.com\/2025\/01\/31\/rencontre-inedite-entre-policiers-et-journalistes-la-posture-de-sagesse-du-dgpn\/' class='whatsapp-button whatsapp-share'>WhatsApp<\/a><div class='clear '><\/div><\/div>","protected":false},"excerpt":{"rendered":"<p>NETTALI.COM - Lors de la deuxi\u00e8me \u00e9dition des \"Mercredis de la Police\" organis\u00e9s le mercredi 29 janvier par la Direction g\u00e9n\u00e9rale de la Police nationale et dont le th\u00e8me \u00e9tait : \"Maintien de l\u2019ordre et droit \u00e0 l\u2019information\", il a \u00e9t\u00e9 beaucoup question de relations apais\u00e9es entre la presse et la police. Prenant la parole, [&hellip;]<\/p>\n","protected":false},"author":2,"featured_media":148068,"comment_status":"open","ping_status":"open","sticky":false,"template":"","format":"standard","meta":{"_et_pb_use_builder":"","_et_pb_old_content":""},"categories":[3],"tags":[],"yoast_head":"<!-- This site is optimized with the Yoast SEO Premium plugin v17.8 (Yoast SEO v17.8) - https:\/\/yoast.com\/wordpress\/plugins\/seo\/ -->\n<title>RENCONTRE IN\u00c9DITE ENTRE POLICIERS ET JOURNALISTES - La posture de sagesse du DGPN | Nettali.com<\/title>\n<meta name=\"robots\" content=\"index, follow, max-snippet:-1, max-image-preview:large, max-video-preview:-1\" \/>\n<link rel=\"canonical\" href=\"https:\/\/www.nettali.com\/2025\/01\/31\/rencontre-inedite-entre-policiers-et-journalistes-la-posture-de-sagesse-du-dgpn\/\" \/>\n<meta property=\"og:locale\" content=\"fr_FR\" \/>\n<meta property=\"og:type\" content=\"article\" \/>\n<meta property=\"og:title\" content=\"RENCONTRE IN\u00c9DITE ENTRE POLICIERS ET JOURNALISTES - La posture de sagesse du DGPN\" \/>\n<meta property=\"og:description\" content=\"NETTALI.COM - Lors de la deuxi\u00e8me \u00e9dition des &quot;Mercredis de la Police&quot; organis\u00e9s le mercredi 29 janvier par la Direction g\u00e9n\u00e9rale de la Police nationale et dont le th\u00e8me \u00e9tait : &quot;Maintien de l\u2019ordre et droit \u00e0 l\u2019information&quot;, il a \u00e9t\u00e9 beaucoup question de relations apais\u00e9es entre la presse et la police. Prenant la parole, [&hellip;]\" \/>\n<meta property=\"og:url\" content=\"https:\/\/www.nettali.com\/2025\/01\/31\/rencontre-inedite-entre-policiers-et-journalistes-la-posture-de-sagesse-du-dgpn\/\" \/>\n<meta property=\"og:site_name\" content=\"Nettali.com\" \/>\n<meta property=\"article:publisher\" content=\"https:\/\/www.facebook.com\/nettalicom\" \/>\n<meta property=\"article:published_time\" content=\"2025-01-31T09:17:50+00:00\" \/>\n<meta property=\"article:modified_time\" content=\"2025-02-01T16:57:23+00:00\" \/>\n<meta property=\"og:image\" content=\"https:\/\/www.nettali.com\/wp-content\/uploads\/2025\/01\/Capture-de\u0301cran-2025-01-30-a\u0300-17.26.14.png\" \/>\n\t<meta property=\"og:image:width\" content=\"576\" \/>\n\t<meta property=\"og:image:height\" content=\"432\" \/>\n<meta name=\"twitter:card\" content=\"summary_large_image\" \/>\n<meta name=\"twitter:label1\" content=\"\u00c9crit par\" \/>\n\t<meta name=\"twitter:data1\" content=\"CK\" \/>\n\t<meta name=\"twitter:label2\" content=\"Dur\u00e9e de lecture estim\u00e9e\" \/>\n\t<meta name=\"twitter:data2\" content=\"5 minutes\" \/>\n<script type=\"application\/ld+json\" class=\"yoast-schema-graph\">{\"@context\":\"https:\/\/schema.org\",\"@graph\":[{\"@type\":\"WebSite\",\"@id\":\"https:\/\/www.nettali.com\/#website\",\"url\":\"https:\/\/www.nettali.com\/\",\"name\":\"Nettali.com\",\"description\":\"Le rendez-vous critique du Net\",\"potentialAction\":[{\"@type\":\"SearchAction\",\"target\":{\"@type\":\"EntryPoint\",\"urlTemplate\":\"https:\/\/www.nettali.com\/?s={search_term_string}\"},\"query-input\":\"required name=search_term_string\"}],\"inLanguage\":\"fr-FR\"},{\"@type\":\"ImageObject\",\"@id\":\"https:\/\/www.nettali.com\/2025\/01\/31\/rencontre-inedite-entre-policiers-et-journalistes-la-posture-de-sagesse-du-dgpn\/#primaryimage\",\"inLanguage\":\"fr-FR\",\"url\":\"https:\/\/www.nettali.com\/wp-content\/uploads\/2025\/01\/Capture-de\\u0301cran-2025-01-30-a\\u0300-17.26.14.png\",\"contentUrl\":\"https:\/\/www.nettali.com\/wp-content\/uploads\/2025\/01\/Capture-de\\u0301cran-2025-01-30-a\\u0300-17.26.14.png\",\"width\":576,\"height\":432},{\"@type\":\"WebPage\",\"@id\":\"https:\/\/www.nettali.com\/2025\/01\/31\/rencontre-inedite-entre-policiers-et-journalistes-la-posture-de-sagesse-du-dgpn\/#webpage\",\"url\":\"https:\/\/www.nettali.com\/2025\/01\/31\/rencontre-inedite-entre-policiers-et-journalistes-la-posture-de-sagesse-du-dgpn\/\",\"name\":\"RENCONTRE IN\\u00c9DITE ENTRE POLICIERS ET JOURNALISTES - La posture de sagesse du DGPN | Nettali.com\",\"isPartOf\":{\"@id\":\"https:\/\/www.nettali.com\/#website\"},\"primaryImageOfPage\":{\"@id\":\"https:\/\/www.nettali.com\/2025\/01\/31\/rencontre-inedite-entre-policiers-et-journalistes-la-posture-de-sagesse-du-dgpn\/#primaryimage\"},\"datePublished\":\"2025-01-31T09:17:50+00:00\",\"dateModified\":\"2025-02-01T16:57:23+00:00\",\"author\":{\"@id\":\"https:\/\/www.nettali.com\/#\/schema\/person\/d8ac7b7e27ddad43f1c0d2ef090d7f71\"},\"breadcrumb\":{\"@id\":\"https:\/\/www.nettali.com\/2025\/01\/31\/rencontre-inedite-entre-policiers-et-journalistes-la-posture-de-sagesse-du-dgpn\/#breadcrumb\"},\"inLanguage\":\"fr-FR\",\"potentialAction\":[{\"@type\":\"ReadAction\",\"target\":[\"https:\/\/www.nettali.com\/2025\/01\/31\/rencontre-inedite-entre-policiers-et-journalistes-la-posture-de-sagesse-du-dgpn\/\"]}]},{\"@type\":\"BreadcrumbList\",\"@id\":\"https:\/\/www.nettali.com\/2025\/01\/31\/rencontre-inedite-entre-policiers-et-journalistes-la-posture-de-sagesse-du-dgpn\/#breadcrumb\",\"itemListElement\":[{\"@type\":\"ListItem\",\"position\":1,\"name\":\"Accueil\",\"item\":\"https:\/\/www.nettali.com\/\"},{\"@type\":\"ListItem\",\"position\":2,\"name\":\"RENCONTRE IN\\u00c9DITE ENTRE POLICIERS ET JOURNALISTES - La posture de sagesse du DGPN\"}]},{\"@type\":\"Person\",\"@id\":\"https:\/\/www.nettali.com\/#\/schema\/person\/d8ac7b7e27ddad43f1c0d2ef090d7f71\",\"name\":\"CK\",\"image\":{\"@type\":\"ImageObject\",\"@id\":\"https:\/\/www.nettali.com\/#personlogo\",\"inLanguage\":\"fr-FR\",\"url\":\"https:\/\/secure.gravatar.com\/avatar\/1d8d5118b9327d94da7cd4ce7f17fec2?s=96&d=mm&r=g\",\"contentUrl\":\"https:\/\/secure.gravatar.com\/avatar\/1d8d5118b9327d94da7cd4ce7f17fec2?s=96&d=mm&r=g\",\"caption\":\"CK\"},\"sameAs\":[\"https:\/\/www.nettali.com\"]}]}<\/script>\n<!-- \/ Yoast SEO Premium plugin. -->","yoast_head_json":{"title":"RENCONTRE IN\u00c9DITE ENTRE POLICIERS ET JOURNALISTES - La posture de sagesse du DGPN | Nettali.com","robots":{"index":"index","follow":"follow","max-snippet":"max-snippet:-1","max-image-preview":"max-image-preview:large","max-video-preview":"max-video-preview:-1"},"canonical":"https:\/\/www.nettali.com\/2025\/01\/31\/rencontre-inedite-entre-policiers-et-journalistes-la-posture-de-sagesse-du-dgpn\/","og_locale":"fr_FR","og_type":"article","og_title":"RENCONTRE IN\u00c9DITE ENTRE POLICIERS ET JOURNALISTES - La posture de sagesse du DGPN","og_description":"NETTALI.COM - Lors de la deuxi\u00e8me \u00e9dition des \"Mercredis de la Police\" organis\u00e9s le mercredi 29 janvier par la Direction g\u00e9n\u00e9rale de la Police nationale et dont le th\u00e8me \u00e9tait : \"Maintien de l\u2019ordre et droit \u00e0 l\u2019information\", il a \u00e9t\u00e9 beaucoup question de relations apais\u00e9es entre la presse et la police. Prenant la parole, [&hellip;]","og_url":"https:\/\/www.nettali.com\/2025\/01\/31\/rencontre-inedite-entre-policiers-et-journalistes-la-posture-de-sagesse-du-dgpn\/","og_site_name":"Nettali.com","article_publisher":"https:\/\/www.facebook.com\/nettalicom","article_published_time":"2025-01-31T09:17:50+00:00","article_modified_time":"2025-02-01T16:57:23+00:00","og_image":[{"width":576,"height":432,"url":"https:\/\/www.nettali.com\/wp-content\/uploads\/2025\/01\/Capture-de\u0301cran-2025-01-30-a\u0300-17.26.14.png","type":"image\/png"}],"twitter_card":"summary_large_image","twitter_misc":{"\u00c9crit par":"CK","Dur\u00e9e de lecture estim\u00e9e":"5 minutes"},"schema":{"@context":"https:\/\/schema.org","@graph":[{"@type":"WebSite","@id":"https:\/\/www.nettali.com\/#website","url":"https:\/\/www.nettali.com\/","name":"Nettali.com","description":"Le rendez-vous critique du Net","potentialAction":[{"@type":"SearchAction","target":{"@type":"EntryPoint","urlTemplate":"https:\/\/www.nettali.com\/?s={search_term_string}"},"query-input":"required name=search_term_string"}],"inLanguage":"fr-FR"},{"@type":"ImageObject","@id":"https:\/\/www.nettali.com\/2025\/01\/31\/rencontre-inedite-entre-policiers-et-journalistes-la-posture-de-sagesse-du-dgpn\/#primaryimage","inLanguage":"fr-FR","url":"https:\/\/www.nettali.com\/wp-content\/uploads\/2025\/01\/Capture-de\u0301cran-2025-01-30-a\u0300-17.26.14.png","contentUrl":"https:\/\/www.nettali.com\/wp-content\/uploads\/2025\/01\/Capture-de\u0301cran-2025-01-30-a\u0300-17.26.14.png","width":576,"height":432},{"@type":"WebPage","@id":"https:\/\/www.nettali.com\/2025\/01\/31\/rencontre-inedite-entre-policiers-et-journalistes-la-posture-de-sagesse-du-dgpn\/#webpage","url":"https:\/\/www.nettali.com\/2025\/01\/31\/rencontre-inedite-entre-policiers-et-journalistes-la-posture-de-sagesse-du-dgpn\/","name":"RENCONTRE IN\u00c9DITE ENTRE POLICIERS ET JOURNALISTES - La posture de sagesse du DGPN | Nettali.com","isPartOf":{"@id":"https:\/\/www.nettali.com\/#website"},"primaryImageOfPage":{"@id":"https:\/\/www.nettali.com\/2025\/01\/31\/rencontre-inedite-entre-policiers-et-journalistes-la-posture-de-sagesse-du-dgpn\/#primaryimage"},"datePublished":"2025-01-31T09:17:50+00:00","dateModified":"2025-02-01T16:57:23+00:00","author":{"@id":"https:\/\/www.nettali.com\/#\/schema\/person\/d8ac7b7e27ddad43f1c0d2ef090d7f71"},"breadcrumb":{"@id":"https:\/\/www.nettali.com\/2025\/01\/31\/rencontre-inedite-entre-policiers-et-journalistes-la-posture-de-sagesse-du-dgpn\/#breadcrumb"},"inLanguage":"fr-FR","potentialAction":[{"@type":"ReadAction","target":["https:\/\/www.nettali.com\/2025\/01\/31\/rencontre-inedite-entre-policiers-et-journalistes-la-posture-de-sagesse-du-dgpn\/"]}]},{"@type":"BreadcrumbList","@id":"https:\/\/www.nettali.com\/2025\/01\/31\/rencontre-inedite-entre-policiers-et-journalistes-la-posture-de-sagesse-du-dgpn\/#breadcrumb","itemListElement":[{"@type":"ListItem","position":1,"name":"Accueil","item":"https:\/\/www.nettali.com\/"},{"@type":"ListItem","position":2,"name":"RENCONTRE IN\u00c9DITE ENTRE POLICIERS ET JOURNALISTES - La posture de sagesse du DGPN"}]},{"@type":"Person","@id":"https:\/\/www.nettali.com\/#\/schema\/person\/d8ac7b7e27ddad43f1c0d2ef090d7f71","name":"CK","image":{"@type":"ImageObject","@id":"https:\/\/www.nettali.com\/#personlogo","inLanguage":"fr-FR","url":"https:\/\/secure.gravatar.com\/avatar\/1d8d5118b9327d94da7cd4ce7f17fec2?s=96&d=mm&r=g","contentUrl":"https:\/\/secure.gravatar.com\/avatar\/1d8d5118b9327d94da7cd4ce7f17fec2?s=96&d=mm&r=g","caption":"CK"},"sameAs":["https:\/\/www.nettali.com"]}]}},"_links":{"self":[{"href":"https:\/\/www.nettali.com\/rest\/wp\/v2\/posts\/148101"}],"collection":[{"href":"https:\/\/www.nettali.com\/rest\/wp\/v2\/posts"}],"about":[{"href":"https:\/\/www.nettali.com\/rest\/wp\/v2\/types\/post"}],"author":[{"embeddable":true,"href":"https:\/\/www.nettali.com\/rest\/wp\/v2\/users\/2"}],"replies":[{"embeddable":true,"href":"https:\/\/www.nettali.com\/rest\/wp\/v2\/comments?post=148101"}],"version-history":[{"count":2,"href":"https:\/\/www.nettali.com\/rest\/wp\/v2\/posts\/148101\/revisions"}],"predecessor-version":[{"id":148105,"href":"https:\/\/www.nettali.com\/rest\/wp\/v2\/posts\/148101\/revisions\/148105"}],"wp:featuredmedia":[{"embeddable":true,"href":"https:\/\/www.nettali.com\/rest\/wp\/v2\/media\/148068"}],"wp:attachment":[{"href":"https:\/\/www.nettali.com\/rest\/wp\/v2\/media?parent=148101"}],"wp:term":[{"taxonomy":"category","embeddable":true,"href":"https:\/\/www.nettali.com\/rest\/wp\/v2\/categories?post=148101"},{"taxonomy":"post_tag","embeddable":true,"href":"https:\/\/www.nettali.com\/rest\/wp\/v2\/tags?post=148101"}],"curies":[{"name":"wp","href":"https:\/\/api.w.org\/{rel}","templated":true}]}}