{"id":148067,"date":"2025-01-30T17:31:26","date_gmt":"2025-01-30T17:31:26","guid":{"rendered":"https:\/\/www.nettali.com\/?p=148067"},"modified":"2025-01-30T17:31:26","modified_gmt":"2025-01-30T17:31:26","slug":"mercredis-de-la-police-journalistes-et-policiers-lavent-le-linge-sale-en-famille","status":"publish","type":"post","link":"https:\/\/www.nettali.com\/2025\/01\/30\/mercredis-de-la-police-journalistes-et-policiers-lavent-le-linge-sale-en-famille\/","title":{"rendered":"\"MERCREDIS DE LA POLICE\" - Journalistes et policiers lavent le linge sale en famille"},"content":{"rendered":"<p><strong>NETTALI.COM - Le directeur g\u00e9n\u00e9ral de la Police nationale (DGPN) a indiqu\u00e9 que la cohabitation harmonieuse entre les forces de d\u00e9fense et de s\u00e9curit\u00e9 et les journalistes sur le th\u00e9\u00e2tre des op\u00e9rations renforce la s\u00e9curit\u00e9 publique et la d\u00e9mocratie.<\/strong><\/p>\n<p><em>\"La reconnaissance mutuelle des contraintes et responsabilit\u00e9s de chacun, le dialogue, la formation et des protocoles clairs\"<\/em> sont les gages d\u2019une cohabitation apais\u00e9e entre Forces de d\u00e9fense et de s\u00e9curit\u00e9 (FDS) et les journalistes dans le cadre des manifestations publiques, a dit Mame Seydou Ndour.<\/p>\n<p>Il s\u2019exprimait ainsi, mercredi, au cours de la deuxi\u00e8me \u00e9dition des <em>\"Mercredis de la Police\"<\/em> organis\u00e9s par la Direction g\u00e9n\u00e9rale de la Police nationale.<\/p>\n<p>La rencontre qui avait pour cadre l\u2019\u00e9cole de Police, \u00e0 Dakar, \u00e9tait ax\u00e9e sur le th\u00e8me: <em>\"Maintien de l\u2019ordre et droit \u00e0 l\u2019information\".<\/em><\/p>\n<p>A cette occasion, le directeur g\u00e9n\u00e9ral de la Police nationale a indiqu\u00e9 que la cohabitation harmonieuse entre les forces de d\u00e9fense et de s\u00e9curit\u00e9 et les journalistes sur le th\u00e9\u00e2tre des op\u00e9rations renforce la s\u00e9curit\u00e9 publique et la d\u00e9mocratie.<\/p>\n<p><em>\"Il nous faut pacifier les rapports entre les forces de l\u2019ordre et les journalistes en faisant preuve d\u2019empathie\"<\/em>, a plaid\u00e9 Mame Seydou Ndour, qui reconna\u00eet que <em>\"les missions de l\u2019information et du maintien de l\u2019ordre, respectivement de la presse et de la police, peuvent parfois entrer en collision\".<\/em><\/p>\n<p>Lors de cet apr\u00e8s-midi de r\u00e9flexion et d\u2019\u00e9changes, mod\u00e9r\u00e9s par le journaliste Mademba Ndiaye, diff\u00e9rents acteurs de la police et des m\u00e9dias ont propos\u00e9 des solutions pour que chaque entit\u00e9 puisse exercer son travail le plus normalement du monde.<\/p>\n<p>Selon Migui Mar\u00e8me Ndiaye, pr\u00e9sident de la Convention des jeunes reporters du S\u00e9n\u00e9gal (CJRS), <em>\"le d\u00e9ficit de communication entre les deux parties [forces de l\u2019ordre et journalistes] et un manque d\u2019esprit collaboratif\"<\/em>, est souvent \u00e0 l\u2019origine des heurts not\u00e9s.<\/p>\n<p><em>\"On doit mettre en place des cadres de concertation r\u00e9guliers \u00e0 travers des rencontres p\u00e9riodiques entre les FDS et les journalistes\"<\/em>, a-t-il sugg\u00e9r\u00e9.<\/p>\n<p>Selon lui, il faudrait \u00e9tablir un protocole ou une charte de non-violence entre les forces de d\u00e9fense et de s\u00e9curit\u00e9 et les reporters sur le terrain.<\/p>\n<p>La deuxi\u00e8me \u00e9dition des <em>\"Mercredis de la Police\"<\/em> a \u00e9galement \u00e9t\u00e9 l\u2019occasion pour les journalistes Absa Hanne et Mor Amar de revenir sur leurs m\u00e9saventures avec les forces de d\u00e9fense et de s\u00e9curit\u00e9 lors d\u2019une manifestation contre le report de la pr\u00e9sidentielle de 2024, largement relay\u00e9es sur les r\u00e9seaux sociaux.<\/p>\n<p>Ils ont exprim\u00e9 leur espoir de voir d\u00e9sormais les rapports entre les FDS et les journalistes pacifi\u00e9s, et que ces <em>\"deux parties ne se regardent plus en chiens de fa\u00efence\".<\/em><\/p>\n<p><em>\"L\u2019acte administratif qui interdit les manifestations n\u2019interdit pas forc\u00e9ment les journalistes de faire leur travail\"<\/em>, ont d\u00e9clar\u00e9 Hanne et Amar.<\/p>\n<div class='share-to-whatsapp-wrapper'><div class='share-on-whsp'>PARTAGER SUR : <\/div><a data-text='\"MERCREDIS DE LA POLICE\" - Journalistes et policiers lavent le linge sale en famille' data-link='https:\/\/www.nettali.com\/2025\/01\/30\/mercredis-de-la-police-journalistes-et-policiers-lavent-le-linge-sale-en-famille\/' class='whatsapp-button whatsapp-share'>WhatsApp<\/a><div class='clear '><\/div><\/div>","protected":false},"excerpt":{"rendered":"<p>NETTALI.COM - Le directeur g\u00e9n\u00e9ral de la Police nationale (DGPN) a indiqu\u00e9 que la cohabitation harmonieuse entre les forces de d\u00e9fense et de s\u00e9curit\u00e9 et les journalistes sur le th\u00e9\u00e2tre des op\u00e9rations renforce la s\u00e9curit\u00e9 publique et la d\u00e9mocratie. \"La reconnaissance mutuelle des contraintes et responsabilit\u00e9s de chacun, le dialogue, la formation et des protocoles [&hellip;]<\/p>\n","protected":false},"author":4,"featured_media":148068,"comment_status":"open","ping_status":"open","sticky":false,"template":"","format":"standard","meta":{"_et_pb_use_builder":"","_et_pb_old_content":""},"categories":[3],"tags":[],"yoast_head":"<!-- This site is optimized with the Yoast SEO Premium plugin v17.8 (Yoast SEO v17.8) - https:\/\/yoast.com\/wordpress\/plugins\/seo\/ -->\n<title>&quot;MERCREDIS DE LA POLICE&quot; - Journalistes et policiers lavent le linge sale en famille | Nettali.com<\/title>\n<meta name=\"robots\" content=\"index, follow, max-snippet:-1, max-image-preview:large, max-video-preview:-1\" \/>\n<link rel=\"canonical\" href=\"https:\/\/www.nettali.com\/2025\/01\/30\/mercredis-de-la-police-journalistes-et-policiers-lavent-le-linge-sale-en-famille\/\" \/>\n<meta property=\"og:locale\" content=\"fr_FR\" \/>\n<meta property=\"og:type\" content=\"article\" \/>\n<meta property=\"og:title\" content=\"&quot;MERCREDIS DE LA POLICE&quot; - Journalistes et policiers lavent le linge sale en famille\" \/>\n<meta property=\"og:description\" content=\"NETTALI.COM - Le directeur g\u00e9n\u00e9ral de la Police nationale (DGPN) a indiqu\u00e9 que la cohabitation harmonieuse entre les forces de d\u00e9fense et de s\u00e9curit\u00e9 et les journalistes sur le th\u00e9\u00e2tre des op\u00e9rations renforce la s\u00e9curit\u00e9 publique et la d\u00e9mocratie. &quot;La reconnaissance mutuelle des contraintes et responsabilit\u00e9s de chacun, le dialogue, la formation et des protocoles [&hellip;]\" \/>\n<meta property=\"og:url\" content=\"https:\/\/www.nettali.com\/2025\/01\/30\/mercredis-de-la-police-journalistes-et-policiers-lavent-le-linge-sale-en-famille\/\" \/>\n<meta property=\"og:site_name\" content=\"Nettali.com\" \/>\n<meta property=\"article:publisher\" content=\"https:\/\/www.facebook.com\/nettalicom\" \/>\n<meta property=\"article:published_time\" content=\"2025-01-30T17:31:26+00:00\" \/>\n<meta property=\"og:image\" content=\"https:\/\/www.nettali.com\/wp-content\/uploads\/2025\/01\/Capture-de\u0301cran-2025-01-30-a\u0300-17.26.14.png\" \/>\n\t<meta property=\"og:image:width\" content=\"576\" \/>\n\t<meta property=\"og:image:height\" content=\"432\" \/>\n<meta name=\"twitter:card\" content=\"summary_large_image\" \/>\n<meta name=\"twitter:label1\" content=\"\u00c9crit par\" \/>\n\t<meta name=\"twitter:data1\" content=\"Daouda\" \/>\n\t<meta name=\"twitter:label2\" content=\"Dur\u00e9e de lecture estim\u00e9e\" \/>\n\t<meta name=\"twitter:data2\" content=\"3 minutes\" \/>\n<script type=\"application\/ld+json\" class=\"yoast-schema-graph\">{\"@context\":\"https:\/\/schema.org\",\"@graph\":[{\"@type\":\"WebSite\",\"@id\":\"https:\/\/www.nettali.com\/#website\",\"url\":\"https:\/\/www.nettali.com\/\",\"name\":\"Nettali.com\",\"description\":\"Le rendez-vous critique du Net\",\"potentialAction\":[{\"@type\":\"SearchAction\",\"target\":{\"@type\":\"EntryPoint\",\"urlTemplate\":\"https:\/\/www.nettali.com\/?s={search_term_string}\"},\"query-input\":\"required name=search_term_string\"}],\"inLanguage\":\"fr-FR\"},{\"@type\":\"ImageObject\",\"@id\":\"https:\/\/www.nettali.com\/2025\/01\/30\/mercredis-de-la-police-journalistes-et-policiers-lavent-le-linge-sale-en-famille\/#primaryimage\",\"inLanguage\":\"fr-FR\",\"url\":\"https:\/\/www.nettali.com\/wp-content\/uploads\/2025\/01\/Capture-de\\u0301cran-2025-01-30-a\\u0300-17.26.14.png\",\"contentUrl\":\"https:\/\/www.nettali.com\/wp-content\/uploads\/2025\/01\/Capture-de\\u0301cran-2025-01-30-a\\u0300-17.26.14.png\",\"width\":576,\"height\":432},{\"@type\":\"WebPage\",\"@id\":\"https:\/\/www.nettali.com\/2025\/01\/30\/mercredis-de-la-police-journalistes-et-policiers-lavent-le-linge-sale-en-famille\/#webpage\",\"url\":\"https:\/\/www.nettali.com\/2025\/01\/30\/mercredis-de-la-police-journalistes-et-policiers-lavent-le-linge-sale-en-famille\/\",\"name\":\"\\\"MERCREDIS DE LA POLICE\\\" - Journalistes et policiers lavent le linge sale en famille | Nettali.com\",\"isPartOf\":{\"@id\":\"https:\/\/www.nettali.com\/#website\"},\"primaryImageOfPage\":{\"@id\":\"https:\/\/www.nettali.com\/2025\/01\/30\/mercredis-de-la-police-journalistes-et-policiers-lavent-le-linge-sale-en-famille\/#primaryimage\"},\"datePublished\":\"2025-01-30T17:31:26+00:00\",\"dateModified\":\"2025-01-30T17:31:26+00:00\",\"author\":{\"@id\":\"https:\/\/www.nettali.com\/#\/schema\/person\/3317e0bb3aa1da309fbf7b2780901bf4\"},\"breadcrumb\":{\"@id\":\"https:\/\/www.nettali.com\/2025\/01\/30\/mercredis-de-la-police-journalistes-et-policiers-lavent-le-linge-sale-en-famille\/#breadcrumb\"},\"inLanguage\":\"fr-FR\",\"potentialAction\":[{\"@type\":\"ReadAction\",\"target\":[\"https:\/\/www.nettali.com\/2025\/01\/30\/mercredis-de-la-police-journalistes-et-policiers-lavent-le-linge-sale-en-famille\/\"]}]},{\"@type\":\"BreadcrumbList\",\"@id\":\"https:\/\/www.nettali.com\/2025\/01\/30\/mercredis-de-la-police-journalistes-et-policiers-lavent-le-linge-sale-en-famille\/#breadcrumb\",\"itemListElement\":[{\"@type\":\"ListItem\",\"position\":1,\"name\":\"Accueil\",\"item\":\"https:\/\/www.nettali.com\/\"},{\"@type\":\"ListItem\",\"position\":2,\"name\":\"\\\"MERCREDIS DE LA POLICE\\\" - Journalistes et policiers lavent le linge sale en famille\"}]},{\"@type\":\"Person\",\"@id\":\"https:\/\/www.nettali.com\/#\/schema\/person\/3317e0bb3aa1da309fbf7b2780901bf4\",\"name\":\"Daouda\",\"image\":{\"@type\":\"ImageObject\",\"@id\":\"https:\/\/www.nettali.com\/#personlogo\",\"inLanguage\":\"fr-FR\",\"url\":\"https:\/\/secure.gravatar.com\/avatar\/8d143b5a49345098ddcfee1c49c2f47c?s=96&d=mm&r=g\",\"contentUrl\":\"https:\/\/secure.gravatar.com\/avatar\/8d143b5a49345098ddcfee1c49c2f47c?s=96&d=mm&r=g\",\"caption\":\"Daouda\"},\"sameAs\":[\"https:\/\/www.nettali.com\"]}]}<\/script>\n<!-- \/ Yoast SEO Premium plugin. -->","yoast_head_json":{"title":"\"MERCREDIS DE LA POLICE\" - Journalistes et policiers lavent le linge sale en famille | Nettali.com","robots":{"index":"index","follow":"follow","max-snippet":"max-snippet:-1","max-image-preview":"max-image-preview:large","max-video-preview":"max-video-preview:-1"},"canonical":"https:\/\/www.nettali.com\/2025\/01\/30\/mercredis-de-la-police-journalistes-et-policiers-lavent-le-linge-sale-en-famille\/","og_locale":"fr_FR","og_type":"article","og_title":"\"MERCREDIS DE LA POLICE\" - Journalistes et policiers lavent le linge sale en famille","og_description":"NETTALI.COM - Le directeur g\u00e9n\u00e9ral de la Police nationale (DGPN) a indiqu\u00e9 que la cohabitation harmonieuse entre les forces de d\u00e9fense et de s\u00e9curit\u00e9 et les journalistes sur le th\u00e9\u00e2tre des op\u00e9rations renforce la s\u00e9curit\u00e9 publique et la d\u00e9mocratie. \"La reconnaissance mutuelle des contraintes et responsabilit\u00e9s de chacun, le dialogue, la formation et des protocoles [&hellip;]","og_url":"https:\/\/www.nettali.com\/2025\/01\/30\/mercredis-de-la-police-journalistes-et-policiers-lavent-le-linge-sale-en-famille\/","og_site_name":"Nettali.com","article_publisher":"https:\/\/www.facebook.com\/nettalicom","article_published_time":"2025-01-30T17:31:26+00:00","og_image":[{"width":576,"height":432,"url":"https:\/\/www.nettali.com\/wp-content\/uploads\/2025\/01\/Capture-de\u0301cran-2025-01-30-a\u0300-17.26.14.png","type":"image\/png"}],"twitter_card":"summary_large_image","twitter_misc":{"\u00c9crit par":"Daouda","Dur\u00e9e de lecture estim\u00e9e":"3 minutes"},"schema":{"@context":"https:\/\/schema.org","@graph":[{"@type":"WebSite","@id":"https:\/\/www.nettali.com\/#website","url":"https:\/\/www.nettali.com\/","name":"Nettali.com","description":"Le rendez-vous critique du Net","potentialAction":[{"@type":"SearchAction","target":{"@type":"EntryPoint","urlTemplate":"https:\/\/www.nettali.com\/?s={search_term_string}"},"query-input":"required name=search_term_string"}],"inLanguage":"fr-FR"},{"@type":"ImageObject","@id":"https:\/\/www.nettali.com\/2025\/01\/30\/mercredis-de-la-police-journalistes-et-policiers-lavent-le-linge-sale-en-famille\/#primaryimage","inLanguage":"fr-FR","url":"https:\/\/www.nettali.com\/wp-content\/uploads\/2025\/01\/Capture-de\u0301cran-2025-01-30-a\u0300-17.26.14.png","contentUrl":"https:\/\/www.nettali.com\/wp-content\/uploads\/2025\/01\/Capture-de\u0301cran-2025-01-30-a\u0300-17.26.14.png","width":576,"height":432},{"@type":"WebPage","@id":"https:\/\/www.nettali.com\/2025\/01\/30\/mercredis-de-la-police-journalistes-et-policiers-lavent-le-linge-sale-en-famille\/#webpage","url":"https:\/\/www.nettali.com\/2025\/01\/30\/mercredis-de-la-police-journalistes-et-policiers-lavent-le-linge-sale-en-famille\/","name":"\"MERCREDIS DE LA POLICE\" - Journalistes et policiers lavent le linge sale en famille | Nettali.com","isPartOf":{"@id":"https:\/\/www.nettali.com\/#website"},"primaryImageOfPage":{"@id":"https:\/\/www.nettali.com\/2025\/01\/30\/mercredis-de-la-police-journalistes-et-policiers-lavent-le-linge-sale-en-famille\/#primaryimage"},"datePublished":"2025-01-30T17:31:26+00:00","dateModified":"2025-01-30T17:31:26+00:00","author":{"@id":"https:\/\/www.nettali.com\/#\/schema\/person\/3317e0bb3aa1da309fbf7b2780901bf4"},"breadcrumb":{"@id":"https:\/\/www.nettali.com\/2025\/01\/30\/mercredis-de-la-police-journalistes-et-policiers-lavent-le-linge-sale-en-famille\/#breadcrumb"},"inLanguage":"fr-FR","potentialAction":[{"@type":"ReadAction","target":["https:\/\/www.nettali.com\/2025\/01\/30\/mercredis-de-la-police-journalistes-et-policiers-lavent-le-linge-sale-en-famille\/"]}]},{"@type":"BreadcrumbList","@id":"https:\/\/www.nettali.com\/2025\/01\/30\/mercredis-de-la-police-journalistes-et-policiers-lavent-le-linge-sale-en-famille\/#breadcrumb","itemListElement":[{"@type":"ListItem","position":1,"name":"Accueil","item":"https:\/\/www.nettali.com\/"},{"@type":"ListItem","position":2,"name":"\"MERCREDIS DE LA POLICE\" - Journalistes et policiers lavent le linge sale en famille"}]},{"@type":"Person","@id":"https:\/\/www.nettali.com\/#\/schema\/person\/3317e0bb3aa1da309fbf7b2780901bf4","name":"Daouda","image":{"@type":"ImageObject","@id":"https:\/\/www.nettali.com\/#personlogo","inLanguage":"fr-FR","url":"https:\/\/secure.gravatar.com\/avatar\/8d143b5a49345098ddcfee1c49c2f47c?s=96&d=mm&r=g","contentUrl":"https:\/\/secure.gravatar.com\/avatar\/8d143b5a49345098ddcfee1c49c2f47c?s=96&d=mm&r=g","caption":"Daouda"},"sameAs":["https:\/\/www.nettali.com"]}]}},"_links":{"self":[{"href":"https:\/\/www.nettali.com\/rest\/wp\/v2\/posts\/148067"}],"collection":[{"href":"https:\/\/www.nettali.com\/rest\/wp\/v2\/posts"}],"about":[{"href":"https:\/\/www.nettali.com\/rest\/wp\/v2\/types\/post"}],"author":[{"embeddable":true,"href":"https:\/\/www.nettali.com\/rest\/wp\/v2\/users\/4"}],"replies":[{"embeddable":true,"href":"https:\/\/www.nettali.com\/rest\/wp\/v2\/comments?post=148067"}],"version-history":[{"count":1,"href":"https:\/\/www.nettali.com\/rest\/wp\/v2\/posts\/148067\/revisions"}],"predecessor-version":[{"id":148069,"href":"https:\/\/www.nettali.com\/rest\/wp\/v2\/posts\/148067\/revisions\/148069"}],"wp:featuredmedia":[{"embeddable":true,"href":"https:\/\/www.nettali.com\/rest\/wp\/v2\/media\/148068"}],"wp:attachment":[{"href":"https:\/\/www.nettali.com\/rest\/wp\/v2\/media?parent=148067"}],"wp:term":[{"taxonomy":"category","embeddable":true,"href":"https:\/\/www.nettali.com\/rest\/wp\/v2\/categories?post=148067"},{"taxonomy":"post_tag","embeddable":true,"href":"https:\/\/www.nettali.com\/rest\/wp\/v2\/tags?post=148067"}],"curies":[{"name":"wp","href":"https:\/\/api.w.org\/{rel}","templated":true}]}}