{"id":148039,"date":"2025-01-30T08:26:39","date_gmt":"2025-01-30T08:26:39","guid":{"rendered":"https:\/\/www.nettali.com\/?p=148039"},"modified":"2025-01-30T08:26:39","modified_gmt":"2025-01-30T08:26:39","slug":"belgique-lokerem-temse-nainggolan-libere-sous-conditions","status":"publish","type":"post","link":"https:\/\/www.nettali.com\/2025\/01\/30\/belgique-lokerem-temse-nainggolan-libere-sous-conditions\/","title":{"rendered":"BELGIQUE - LOKEREM-TEMSE - Nainggolan, lib\u00e9r\u00e9 sous conditions"},"content":{"rendered":"<p><strong>NETTALI.COM -<\/strong> Le Ninja est libre\u2026 pour l\u2019instant. Interpell\u00e9 ce lundi, Radja Nainggolan est accus\u00e9 d\u2019organisation criminelle li\u00e9e au trafic de coca\u00efne. Apr\u00e8s une nuit pass\u00e9e en cellule, celui qu\u2019on surnomme le Ninja, a \u00e9t\u00e9 lib\u00e9r\u00e9 sous conditions. Il lui est cependant interdit de quitter le territoire belge, et il doit \u00eatre \u00e0 disposition du parquet de Bruxelles, rapporte le m\u00e9dia local Gazet Van Antwerpen.<\/p>\n<p>Selon son avocat, il est compl\u00e8tement logique que son client soit lib\u00e9r\u00e9. Il explique que l\u2019enqu\u00eate porte sur un trafic de drogue, mais que les faits reproch\u00e9s \u00e0 l\u2019ancien international belge, sont des transferts d\u2019argent. Il aurait envoy\u00e9 des sommes importantes \u00e0 des figures impliqu\u00e9es dans l\u2019enqu\u00eate, ce que son avocat Me Souidi justifie comme un acte probablement na\u00eff de sa part : \u201c<em>C\u2019est de l\u2019argent qu\u2019il a donn\u00e9 \u00e0 des gens qu\u2019il voulait aider financi\u00e8rement parce que c\u2019est un homme jovial.<\/em>\u201d Il ajoute que Nainggolan \u201c<em>n\u2019a jamais eu l\u2019intention d\u2019aider certaines personnes d\u2019un certain environnement<\/em>\u201d.<\/p>\n<p>Son avocat semble tr\u00e8s confiant quant \u00e0 une issue positive pour le Belge, au point de rassurer le club et ses fans qu\u2019il venait tout juste de rejoindre avant que cette affaire \u00e9clate : \u201c<em>Les fans de Lokeren-Temse peuvent s\u2019endormir sans aucun souci. Il y sera \u00e0 nouveau ce week-end.<\/em>\u201d Mounir Souidi explique aussi que son client a mal v\u00e9cu psychologiquement et physiquement cette arrestation : \u201c<em>Il a \u00e9t\u00e9 un footballeur international. Il a mieux dormi au cours des derni\u00e8res d\u00e9cennies que dans une cellule de police. Ce n\u2019est pas amusant. Rester allong\u00e9 dans une cellule en tant que footballeur de haut niveau, o\u00f9 il fait tr\u00e8s froid, cela ne me semble pas amusant.<\/em>\u201d<\/p>\n<p>Trop bon, trop con, vraiment ?<\/p>\n<div class='share-to-whatsapp-wrapper'><div class='share-on-whsp'>PARTAGER SUR : <\/div><a data-text='BELGIQUE - LOKEREM-TEMSE - Nainggolan, lib\u00e9r\u00e9 sous conditions' data-link='https:\/\/www.nettali.com\/2025\/01\/30\/belgique-lokerem-temse-nainggolan-libere-sous-conditions\/' class='whatsapp-button whatsapp-share'>WhatsApp<\/a><div class='clear '><\/div><\/div>","protected":false},"excerpt":{"rendered":"<p>NETTALI.COM - Le Ninja est libre\u2026 pour l\u2019instant. Interpell\u00e9 ce lundi, Radja Nainggolan est accus\u00e9 d\u2019organisation criminelle li\u00e9e au trafic de coca\u00efne. Apr\u00e8s une nuit pass\u00e9e en cellule, celui qu\u2019on surnomme le Ninja, a \u00e9t\u00e9 lib\u00e9r\u00e9 sous conditions. Il lui est cependant interdit de quitter le territoire belge, et il doit \u00eatre \u00e0 disposition du [&hellip;]<\/p>\n","protected":false},"author":2,"featured_media":147859,"comment_status":"open","ping_status":"open","sticky":false,"template":"","format":"standard","meta":{"_et_pb_use_builder":"","_et_pb_old_content":""},"categories":[6],"tags":[],"yoast_head":"<!-- This site is optimized with the Yoast SEO Premium plugin v17.8 (Yoast SEO v17.8) - https:\/\/yoast.com\/wordpress\/plugins\/seo\/ -->\n<title>BELGIQUE - LOKEREM-TEMSE - Nainggolan, lib\u00e9r\u00e9 sous conditions | Nettali.com<\/title>\n<meta name=\"robots\" content=\"index, follow, max-snippet:-1, max-image-preview:large, max-video-preview:-1\" \/>\n<link rel=\"canonical\" href=\"https:\/\/www.nettali.com\/2025\/01\/30\/belgique-lokerem-temse-nainggolan-libere-sous-conditions\/\" \/>\n<meta property=\"og:locale\" content=\"fr_FR\" \/>\n<meta property=\"og:type\" content=\"article\" \/>\n<meta property=\"og:title\" content=\"BELGIQUE - LOKEREM-TEMSE - Nainggolan, lib\u00e9r\u00e9 sous conditions\" \/>\n<meta property=\"og:description\" content=\"NETTALI.COM - Le Ninja est libre\u2026 pour l\u2019instant. Interpell\u00e9 ce lundi, Radja Nainggolan est accus\u00e9 d\u2019organisation criminelle li\u00e9e au trafic de coca\u00efne. Apr\u00e8s une nuit pass\u00e9e en cellule, celui qu\u2019on surnomme le Ninja, a \u00e9t\u00e9 lib\u00e9r\u00e9 sous conditions. Il lui est cependant interdit de quitter le territoire belge, et il doit \u00eatre \u00e0 disposition du [&hellip;]\" \/>\n<meta property=\"og:url\" content=\"https:\/\/www.nettali.com\/2025\/01\/30\/belgique-lokerem-temse-nainggolan-libere-sous-conditions\/\" \/>\n<meta property=\"og:site_name\" content=\"Nettali.com\" \/>\n<meta property=\"article:publisher\" content=\"https:\/\/www.facebook.com\/nettalicom\" \/>\n<meta property=\"article:published_time\" content=\"2025-01-30T08:26:39+00:00\" \/>\n<meta property=\"og:image\" content=\"https:\/\/www.nettali.com\/wp-content\/uploads\/2025\/01\/8959f03a82ec125678add92def3898bfaea99be9.jpg.jpg\" \/>\n\t<meta property=\"og:image:width\" content=\"1920\" \/>\n\t<meta property=\"og:image:height\" content=\"1080\" \/>\n<meta name=\"twitter:card\" content=\"summary_large_image\" \/>\n<meta name=\"twitter:label1\" content=\"\u00c9crit par\" \/>\n\t<meta name=\"twitter:data1\" content=\"CK\" \/>\n\t<meta name=\"twitter:label2\" content=\"Dur\u00e9e de lecture estim\u00e9e\" \/>\n\t<meta name=\"twitter:data2\" content=\"2 minutes\" \/>\n<script type=\"application\/ld+json\" class=\"yoast-schema-graph\">{\"@context\":\"https:\/\/schema.org\",\"@graph\":[{\"@type\":\"WebSite\",\"@id\":\"https:\/\/www.nettali.com\/#website\",\"url\":\"https:\/\/www.nettali.com\/\",\"name\":\"Nettali.com\",\"description\":\"Le rendez-vous critique du Net\",\"potentialAction\":[{\"@type\":\"SearchAction\",\"target\":{\"@type\":\"EntryPoint\",\"urlTemplate\":\"https:\/\/www.nettali.com\/?s={search_term_string}\"},\"query-input\":\"required name=search_term_string\"}],\"inLanguage\":\"fr-FR\"},{\"@type\":\"ImageObject\",\"@id\":\"https:\/\/www.nettali.com\/2025\/01\/30\/belgique-lokerem-temse-nainggolan-libere-sous-conditions\/#primaryimage\",\"inLanguage\":\"fr-FR\",\"url\":\"https:\/\/www.nettali.com\/wp-content\/uploads\/2025\/01\/8959f03a82ec125678add92def3898bfaea99be9.jpg.jpg\",\"contentUrl\":\"https:\/\/www.nettali.com\/wp-content\/uploads\/2025\/01\/8959f03a82ec125678add92def3898bfaea99be9.jpg.jpg\",\"width\":1920,\"height\":1080},{\"@type\":\"WebPage\",\"@id\":\"https:\/\/www.nettali.com\/2025\/01\/30\/belgique-lokerem-temse-nainggolan-libere-sous-conditions\/#webpage\",\"url\":\"https:\/\/www.nettali.com\/2025\/01\/30\/belgique-lokerem-temse-nainggolan-libere-sous-conditions\/\",\"name\":\"BELGIQUE - LOKEREM-TEMSE - Nainggolan, lib\\u00e9r\\u00e9 sous conditions | Nettali.com\",\"isPartOf\":{\"@id\":\"https:\/\/www.nettali.com\/#website\"},\"primaryImageOfPage\":{\"@id\":\"https:\/\/www.nettali.com\/2025\/01\/30\/belgique-lokerem-temse-nainggolan-libere-sous-conditions\/#primaryimage\"},\"datePublished\":\"2025-01-30T08:26:39+00:00\",\"dateModified\":\"2025-01-30T08:26:39+00:00\",\"author\":{\"@id\":\"https:\/\/www.nettali.com\/#\/schema\/person\/d8ac7b7e27ddad43f1c0d2ef090d7f71\"},\"breadcrumb\":{\"@id\":\"https:\/\/www.nettali.com\/2025\/01\/30\/belgique-lokerem-temse-nainggolan-libere-sous-conditions\/#breadcrumb\"},\"inLanguage\":\"fr-FR\",\"potentialAction\":[{\"@type\":\"ReadAction\",\"target\":[\"https:\/\/www.nettali.com\/2025\/01\/30\/belgique-lokerem-temse-nainggolan-libere-sous-conditions\/\"]}]},{\"@type\":\"BreadcrumbList\",\"@id\":\"https:\/\/www.nettali.com\/2025\/01\/30\/belgique-lokerem-temse-nainggolan-libere-sous-conditions\/#breadcrumb\",\"itemListElement\":[{\"@type\":\"ListItem\",\"position\":1,\"name\":\"Accueil\",\"item\":\"https:\/\/www.nettali.com\/\"},{\"@type\":\"ListItem\",\"position\":2,\"name\":\"BELGIQUE - LOKEREM-TEMSE - Nainggolan, lib\\u00e9r\\u00e9 sous conditions\"}]},{\"@type\":\"Person\",\"@id\":\"https:\/\/www.nettali.com\/#\/schema\/person\/d8ac7b7e27ddad43f1c0d2ef090d7f71\",\"name\":\"CK\",\"image\":{\"@type\":\"ImageObject\",\"@id\":\"https:\/\/www.nettali.com\/#personlogo\",\"inLanguage\":\"fr-FR\",\"url\":\"https:\/\/secure.gravatar.com\/avatar\/1d8d5118b9327d94da7cd4ce7f17fec2?s=96&d=mm&r=g\",\"contentUrl\":\"https:\/\/secure.gravatar.com\/avatar\/1d8d5118b9327d94da7cd4ce7f17fec2?s=96&d=mm&r=g\",\"caption\":\"CK\"},\"sameAs\":[\"https:\/\/www.nettali.com\"]}]}<\/script>\n<!-- \/ Yoast SEO Premium plugin. -->","yoast_head_json":{"title":"BELGIQUE - LOKEREM-TEMSE - Nainggolan, lib\u00e9r\u00e9 sous conditions | Nettali.com","robots":{"index":"index","follow":"follow","max-snippet":"max-snippet:-1","max-image-preview":"max-image-preview:large","max-video-preview":"max-video-preview:-1"},"canonical":"https:\/\/www.nettali.com\/2025\/01\/30\/belgique-lokerem-temse-nainggolan-libere-sous-conditions\/","og_locale":"fr_FR","og_type":"article","og_title":"BELGIQUE - LOKEREM-TEMSE - Nainggolan, lib\u00e9r\u00e9 sous conditions","og_description":"NETTALI.COM - Le Ninja est libre\u2026 pour l\u2019instant. Interpell\u00e9 ce lundi, Radja Nainggolan est accus\u00e9 d\u2019organisation criminelle li\u00e9e au trafic de coca\u00efne. Apr\u00e8s une nuit pass\u00e9e en cellule, celui qu\u2019on surnomme le Ninja, a \u00e9t\u00e9 lib\u00e9r\u00e9 sous conditions. Il lui est cependant interdit de quitter le territoire belge, et il doit \u00eatre \u00e0 disposition du [&hellip;]","og_url":"https:\/\/www.nettali.com\/2025\/01\/30\/belgique-lokerem-temse-nainggolan-libere-sous-conditions\/","og_site_name":"Nettali.com","article_publisher":"https:\/\/www.facebook.com\/nettalicom","article_published_time":"2025-01-30T08:26:39+00:00","og_image":[{"width":1920,"height":1080,"url":"https:\/\/www.nettali.com\/wp-content\/uploads\/2025\/01\/8959f03a82ec125678add92def3898bfaea99be9.jpg.jpg","type":"image\/jpeg"}],"twitter_card":"summary_large_image","twitter_misc":{"\u00c9crit par":"CK","Dur\u00e9e de lecture estim\u00e9e":"2 minutes"},"schema":{"@context":"https:\/\/schema.org","@graph":[{"@type":"WebSite","@id":"https:\/\/www.nettali.com\/#website","url":"https:\/\/www.nettali.com\/","name":"Nettali.com","description":"Le rendez-vous critique du Net","potentialAction":[{"@type":"SearchAction","target":{"@type":"EntryPoint","urlTemplate":"https:\/\/www.nettali.com\/?s={search_term_string}"},"query-input":"required name=search_term_string"}],"inLanguage":"fr-FR"},{"@type":"ImageObject","@id":"https:\/\/www.nettali.com\/2025\/01\/30\/belgique-lokerem-temse-nainggolan-libere-sous-conditions\/#primaryimage","inLanguage":"fr-FR","url":"https:\/\/www.nettali.com\/wp-content\/uploads\/2025\/01\/8959f03a82ec125678add92def3898bfaea99be9.jpg.jpg","contentUrl":"https:\/\/www.nettali.com\/wp-content\/uploads\/2025\/01\/8959f03a82ec125678add92def3898bfaea99be9.jpg.jpg","width":1920,"height":1080},{"@type":"WebPage","@id":"https:\/\/www.nettali.com\/2025\/01\/30\/belgique-lokerem-temse-nainggolan-libere-sous-conditions\/#webpage","url":"https:\/\/www.nettali.com\/2025\/01\/30\/belgique-lokerem-temse-nainggolan-libere-sous-conditions\/","name":"BELGIQUE - LOKEREM-TEMSE - Nainggolan, lib\u00e9r\u00e9 sous conditions | Nettali.com","isPartOf":{"@id":"https:\/\/www.nettali.com\/#website"},"primaryImageOfPage":{"@id":"https:\/\/www.nettali.com\/2025\/01\/30\/belgique-lokerem-temse-nainggolan-libere-sous-conditions\/#primaryimage"},"datePublished":"2025-01-30T08:26:39+00:00","dateModified":"2025-01-30T08:26:39+00:00","author":{"@id":"https:\/\/www.nettali.com\/#\/schema\/person\/d8ac7b7e27ddad43f1c0d2ef090d7f71"},"breadcrumb":{"@id":"https:\/\/www.nettali.com\/2025\/01\/30\/belgique-lokerem-temse-nainggolan-libere-sous-conditions\/#breadcrumb"},"inLanguage":"fr-FR","potentialAction":[{"@type":"ReadAction","target":["https:\/\/www.nettali.com\/2025\/01\/30\/belgique-lokerem-temse-nainggolan-libere-sous-conditions\/"]}]},{"@type":"BreadcrumbList","@id":"https:\/\/www.nettali.com\/2025\/01\/30\/belgique-lokerem-temse-nainggolan-libere-sous-conditions\/#breadcrumb","itemListElement":[{"@type":"ListItem","position":1,"name":"Accueil","item":"https:\/\/www.nettali.com\/"},{"@type":"ListItem","position":2,"name":"BELGIQUE - LOKEREM-TEMSE - Nainggolan, lib\u00e9r\u00e9 sous conditions"}]},{"@type":"Person","@id":"https:\/\/www.nettali.com\/#\/schema\/person\/d8ac7b7e27ddad43f1c0d2ef090d7f71","name":"CK","image":{"@type":"ImageObject","@id":"https:\/\/www.nettali.com\/#personlogo","inLanguage":"fr-FR","url":"https:\/\/secure.gravatar.com\/avatar\/1d8d5118b9327d94da7cd4ce7f17fec2?s=96&d=mm&r=g","contentUrl":"https:\/\/secure.gravatar.com\/avatar\/1d8d5118b9327d94da7cd4ce7f17fec2?s=96&d=mm&r=g","caption":"CK"},"sameAs":["https:\/\/www.nettali.com"]}]}},"_links":{"self":[{"href":"https:\/\/www.nettali.com\/rest\/wp\/v2\/posts\/148039"}],"collection":[{"href":"https:\/\/www.nettali.com\/rest\/wp\/v2\/posts"}],"about":[{"href":"https:\/\/www.nettali.com\/rest\/wp\/v2\/types\/post"}],"author":[{"embeddable":true,"href":"https:\/\/www.nettali.com\/rest\/wp\/v2\/users\/2"}],"replies":[{"embeddable":true,"href":"https:\/\/www.nettali.com\/rest\/wp\/v2\/comments?post=148039"}],"version-history":[{"count":1,"href":"https:\/\/www.nettali.com\/rest\/wp\/v2\/posts\/148039\/revisions"}],"predecessor-version":[{"id":148040,"href":"https:\/\/www.nettali.com\/rest\/wp\/v2\/posts\/148039\/revisions\/148040"}],"wp:featuredmedia":[{"embeddable":true,"href":"https:\/\/www.nettali.com\/rest\/wp\/v2\/media\/147859"}],"wp:attachment":[{"href":"https:\/\/www.nettali.com\/rest\/wp\/v2\/media?parent=148039"}],"wp:term":[{"taxonomy":"category","embeddable":true,"href":"https:\/\/www.nettali.com\/rest\/wp\/v2\/categories?post=148039"},{"taxonomy":"post_tag","embeddable":true,"href":"https:\/\/www.nettali.com\/rest\/wp\/v2\/tags?post=148039"}],"curies":[{"name":"wp","href":"https:\/\/api.w.org\/{rel}","templated":true}]}}