{"id":147989,"date":"2025-01-29T13:43:38","date_gmt":"2025-01-29T13:43:38","guid":{"rendered":"https:\/\/www.nettali.com\/?p=147989"},"modified":"2025-01-29T15:24:42","modified_gmt":"2025-01-29T15:24:42","slug":"145e-appel-layene-le-chef-de-letat-attendu-a-camberene-cet-apres-midi","status":"publish","type":"post","link":"https:\/\/www.nettali.com\/2025\/01\/29\/145e-appel-layene-le-chef-de-letat-attendu-a-camberene-cet-apres-midi\/","title":{"rendered":"145e APPEL LAYENE - Le chef de l'Etat attendu \u00e0 Camb\u00e9r\u00e8ne, cet apr\u00e8s-midi"},"content":{"rendered":"<div><span style=\"font-size: 16px;\"><strong>NETTALI.COM - Le Pr\u00e9sident de la R\u00e9publique,Bassirou Diomaye Faye, est attendu \u00e0 Camb\u00e9r\u00e8ne cet apr\u00e8s-midi.<\/strong><br \/>\n<\/span><\/div>\n<div><span style=\"font-size: 16px;\">\u00a0<\/span><\/div>\n<div><span style=\"font-size: 16px;\">Initialement pr\u00e9vu plus t\u00f4t, ce d\u00e9placement a \u00e9t\u00e9 d\u00e9cal\u00e9 en raison de la r\u00e9union du Conseil des ministres. \u00c0 son arriv\u00e9e, le Chef de l\u2019\u00c9tat s\u2019entretiendra \u00e0 huis clos avec le Khalife g\u00e9n\u00e9ral des Lay\u00e8nes, Serigne Mamadou Makhtar Thiaw Laye. Par la suite, il se rendra \u00e0 la r\u00e9sidence de Seydina Issa Thiaw Laye, coordonnateur g\u00e9n\u00e9ral de l\u2019Appel, pour y d\u00e9livrer son message.\u00a0<\/span><\/div>\n<div><span style=\"font-size: 16px;\">\u00a0<\/span><\/div>\n<div><span style=\"font-size: 16px;\">La 145e \u00e9dition de l\u2019Appel des Lay\u00e8nes sera c\u00e9l\u00e9br\u00e9e ce jeudi et vendredi \u00e0 Camb\u00e9r\u00e8ne, Ngor et Yoff.<\/span><\/div>\n<div class='share-to-whatsapp-wrapper'><div class='share-on-whsp'>PARTAGER SUR : <\/div><a data-text='145e APPEL LAYENE - Le chef de l'Etat attendu \u00e0 Camb\u00e9r\u00e8ne, cet apr\u00e8s-midi' data-link='https:\/\/www.nettali.com\/2025\/01\/29\/145e-appel-layene-le-chef-de-letat-attendu-a-camberene-cet-apres-midi\/' class='whatsapp-button whatsapp-share'>WhatsApp<\/a><div class='clear '><\/div><\/div>","protected":false},"excerpt":{"rendered":"<p>NETTALI.COM - Le Pr\u00e9sident de la R\u00e9publique,Bassirou Diomaye Faye, est attendu \u00e0 Camb\u00e9r\u00e8ne cet apr\u00e8s-midi. \u00a0 Initialement pr\u00e9vu plus t\u00f4t, ce d\u00e9placement a \u00e9t\u00e9 d\u00e9cal\u00e9 en raison de la r\u00e9union du Conseil des ministres. \u00c0 son arriv\u00e9e, le Chef de l\u2019\u00c9tat s\u2019entretiendra \u00e0 huis clos avec le Khalife g\u00e9n\u00e9ral des Lay\u00e8nes, Serigne Mamadou Makhtar Thiaw [&hellip;]<\/p>\n","protected":false},"author":4,"featured_media":131784,"comment_status":"open","ping_status":"open","sticky":false,"template":"","format":"standard","meta":{"_et_pb_use_builder":"","_et_pb_old_content":""},"categories":[3],"tags":[],"yoast_head":"<!-- This site is optimized with the Yoast SEO Premium plugin v17.8 (Yoast SEO v17.8) - https:\/\/yoast.com\/wordpress\/plugins\/seo\/ -->\n<title>145e APPEL LAYENE - Le chef de l&#039;Etat attendu \u00e0 Camb\u00e9r\u00e8ne, cet apr\u00e8s-midi | Nettali.com<\/title>\n<meta name=\"robots\" content=\"index, follow, max-snippet:-1, max-image-preview:large, max-video-preview:-1\" \/>\n<link rel=\"canonical\" href=\"https:\/\/www.nettali.com\/2025\/01\/29\/145e-appel-layene-le-chef-de-letat-attendu-a-camberene-cet-apres-midi\/\" \/>\n<meta property=\"og:locale\" content=\"fr_FR\" \/>\n<meta property=\"og:type\" content=\"article\" \/>\n<meta property=\"og:title\" content=\"145e APPEL LAYENE - Le chef de l&#039;Etat attendu \u00e0 Camb\u00e9r\u00e8ne, cet apr\u00e8s-midi\" \/>\n<meta property=\"og:description\" content=\"NETTALI.COM - Le Pr\u00e9sident de la R\u00e9publique,Bassirou Diomaye Faye, est attendu \u00e0 Camb\u00e9r\u00e8ne cet apr\u00e8s-midi. \u00a0 Initialement pr\u00e9vu plus t\u00f4t, ce d\u00e9placement a \u00e9t\u00e9 d\u00e9cal\u00e9 en raison de la r\u00e9union du Conseil des ministres. \u00c0 son arriv\u00e9e, le Chef de l\u2019\u00c9tat s\u2019entretiendra \u00e0 huis clos avec le Khalife g\u00e9n\u00e9ral des Lay\u00e8nes, Serigne Mamadou Makhtar Thiaw [&hellip;]\" \/>\n<meta property=\"og:url\" content=\"https:\/\/www.nettali.com\/2025\/01\/29\/145e-appel-layene-le-chef-de-letat-attendu-a-camberene-cet-apres-midi\/\" \/>\n<meta property=\"og:site_name\" content=\"Nettali.com\" \/>\n<meta property=\"article:publisher\" content=\"https:\/\/www.facebook.com\/nettalicom\" \/>\n<meta property=\"article:published_time\" content=\"2025-01-29T13:43:38+00:00\" \/>\n<meta property=\"article:modified_time\" content=\"2025-01-29T15:24:42+00:00\" \/>\n<meta property=\"og:image\" content=\"https:\/\/www.nettali.com\/wp-content\/uploads\/2024\/04\/Bassirou-Diomaye-Faye.jpeg\" \/>\n\t<meta property=\"og:image:width\" content=\"2048\" \/>\n\t<meta property=\"og:image:height\" content=\"1508\" \/>\n<meta name=\"twitter:card\" content=\"summary_large_image\" \/>\n<meta name=\"twitter:label1\" content=\"\u00c9crit par\" \/>\n\t<meta name=\"twitter:data1\" content=\"Daouda\" \/>\n\t<meta name=\"twitter:label2\" content=\"Dur\u00e9e de lecture estim\u00e9e\" \/>\n\t<meta name=\"twitter:data2\" content=\"1 minute\" \/>\n<script type=\"application\/ld+json\" class=\"yoast-schema-graph\">{\"@context\":\"https:\/\/schema.org\",\"@graph\":[{\"@type\":\"WebSite\",\"@id\":\"https:\/\/www.nettali.com\/#website\",\"url\":\"https:\/\/www.nettali.com\/\",\"name\":\"Nettali.com\",\"description\":\"Le rendez-vous critique du Net\",\"potentialAction\":[{\"@type\":\"SearchAction\",\"target\":{\"@type\":\"EntryPoint\",\"urlTemplate\":\"https:\/\/www.nettali.com\/?s={search_term_string}\"},\"query-input\":\"required name=search_term_string\"}],\"inLanguage\":\"fr-FR\"},{\"@type\":\"ImageObject\",\"@id\":\"https:\/\/www.nettali.com\/2025\/01\/29\/145e-appel-layene-le-chef-de-letat-attendu-a-camberene-cet-apres-midi\/#primaryimage\",\"inLanguage\":\"fr-FR\",\"url\":\"https:\/\/www.nettali.com\/wp-content\/uploads\/2024\/04\/Bassirou-Diomaye-Faye.jpeg\",\"contentUrl\":\"https:\/\/www.nettali.com\/wp-content\/uploads\/2024\/04\/Bassirou-Diomaye-Faye.jpeg\",\"width\":2048,\"height\":1508},{\"@type\":\"WebPage\",\"@id\":\"https:\/\/www.nettali.com\/2025\/01\/29\/145e-appel-layene-le-chef-de-letat-attendu-a-camberene-cet-apres-midi\/#webpage\",\"url\":\"https:\/\/www.nettali.com\/2025\/01\/29\/145e-appel-layene-le-chef-de-letat-attendu-a-camberene-cet-apres-midi\/\",\"name\":\"145e APPEL LAYENE - Le chef de l'Etat attendu \\u00e0 Camb\\u00e9r\\u00e8ne, cet apr\\u00e8s-midi | Nettali.com\",\"isPartOf\":{\"@id\":\"https:\/\/www.nettali.com\/#website\"},\"primaryImageOfPage\":{\"@id\":\"https:\/\/www.nettali.com\/2025\/01\/29\/145e-appel-layene-le-chef-de-letat-attendu-a-camberene-cet-apres-midi\/#primaryimage\"},\"datePublished\":\"2025-01-29T13:43:38+00:00\",\"dateModified\":\"2025-01-29T15:24:42+00:00\",\"author\":{\"@id\":\"https:\/\/www.nettali.com\/#\/schema\/person\/3317e0bb3aa1da309fbf7b2780901bf4\"},\"breadcrumb\":{\"@id\":\"https:\/\/www.nettali.com\/2025\/01\/29\/145e-appel-layene-le-chef-de-letat-attendu-a-camberene-cet-apres-midi\/#breadcrumb\"},\"inLanguage\":\"fr-FR\",\"potentialAction\":[{\"@type\":\"ReadAction\",\"target\":[\"https:\/\/www.nettali.com\/2025\/01\/29\/145e-appel-layene-le-chef-de-letat-attendu-a-camberene-cet-apres-midi\/\"]}]},{\"@type\":\"BreadcrumbList\",\"@id\":\"https:\/\/www.nettali.com\/2025\/01\/29\/145e-appel-layene-le-chef-de-letat-attendu-a-camberene-cet-apres-midi\/#breadcrumb\",\"itemListElement\":[{\"@type\":\"ListItem\",\"position\":1,\"name\":\"Accueil\",\"item\":\"https:\/\/www.nettali.com\/\"},{\"@type\":\"ListItem\",\"position\":2,\"name\":\"145e APPEL LAYENE - Le chef de l'Etat attendu \\u00e0 Camb\\u00e9r\\u00e8ne, cet apr\\u00e8s-midi\"}]},{\"@type\":\"Person\",\"@id\":\"https:\/\/www.nettali.com\/#\/schema\/person\/3317e0bb3aa1da309fbf7b2780901bf4\",\"name\":\"Daouda\",\"image\":{\"@type\":\"ImageObject\",\"@id\":\"https:\/\/www.nettali.com\/#personlogo\",\"inLanguage\":\"fr-FR\",\"url\":\"https:\/\/secure.gravatar.com\/avatar\/8d143b5a49345098ddcfee1c49c2f47c?s=96&d=mm&r=g\",\"contentUrl\":\"https:\/\/secure.gravatar.com\/avatar\/8d143b5a49345098ddcfee1c49c2f47c?s=96&d=mm&r=g\",\"caption\":\"Daouda\"},\"sameAs\":[\"https:\/\/www.nettali.com\"]}]}<\/script>\n<!-- \/ Yoast SEO Premium plugin. -->","yoast_head_json":{"title":"145e APPEL LAYENE - Le chef de l'Etat attendu \u00e0 Camb\u00e9r\u00e8ne, cet apr\u00e8s-midi | Nettali.com","robots":{"index":"index","follow":"follow","max-snippet":"max-snippet:-1","max-image-preview":"max-image-preview:large","max-video-preview":"max-video-preview:-1"},"canonical":"https:\/\/www.nettali.com\/2025\/01\/29\/145e-appel-layene-le-chef-de-letat-attendu-a-camberene-cet-apres-midi\/","og_locale":"fr_FR","og_type":"article","og_title":"145e APPEL LAYENE - Le chef de l'Etat attendu \u00e0 Camb\u00e9r\u00e8ne, cet apr\u00e8s-midi","og_description":"NETTALI.COM - Le Pr\u00e9sident de la R\u00e9publique,Bassirou Diomaye Faye, est attendu \u00e0 Camb\u00e9r\u00e8ne cet apr\u00e8s-midi. \u00a0 Initialement pr\u00e9vu plus t\u00f4t, ce d\u00e9placement a \u00e9t\u00e9 d\u00e9cal\u00e9 en raison de la r\u00e9union du Conseil des ministres. \u00c0 son arriv\u00e9e, le Chef de l\u2019\u00c9tat s\u2019entretiendra \u00e0 huis clos avec le Khalife g\u00e9n\u00e9ral des Lay\u00e8nes, Serigne Mamadou Makhtar Thiaw [&hellip;]","og_url":"https:\/\/www.nettali.com\/2025\/01\/29\/145e-appel-layene-le-chef-de-letat-attendu-a-camberene-cet-apres-midi\/","og_site_name":"Nettali.com","article_publisher":"https:\/\/www.facebook.com\/nettalicom","article_published_time":"2025-01-29T13:43:38+00:00","article_modified_time":"2025-01-29T15:24:42+00:00","og_image":[{"width":2048,"height":1508,"url":"https:\/\/www.nettali.com\/wp-content\/uploads\/2024\/04\/Bassirou-Diomaye-Faye.jpeg","type":"image\/jpeg"}],"twitter_card":"summary_large_image","twitter_misc":{"\u00c9crit par":"Daouda","Dur\u00e9e de lecture estim\u00e9e":"1 minute"},"schema":{"@context":"https:\/\/schema.org","@graph":[{"@type":"WebSite","@id":"https:\/\/www.nettali.com\/#website","url":"https:\/\/www.nettali.com\/","name":"Nettali.com","description":"Le rendez-vous critique du Net","potentialAction":[{"@type":"SearchAction","target":{"@type":"EntryPoint","urlTemplate":"https:\/\/www.nettali.com\/?s={search_term_string}"},"query-input":"required name=search_term_string"}],"inLanguage":"fr-FR"},{"@type":"ImageObject","@id":"https:\/\/www.nettali.com\/2025\/01\/29\/145e-appel-layene-le-chef-de-letat-attendu-a-camberene-cet-apres-midi\/#primaryimage","inLanguage":"fr-FR","url":"https:\/\/www.nettali.com\/wp-content\/uploads\/2024\/04\/Bassirou-Diomaye-Faye.jpeg","contentUrl":"https:\/\/www.nettali.com\/wp-content\/uploads\/2024\/04\/Bassirou-Diomaye-Faye.jpeg","width":2048,"height":1508},{"@type":"WebPage","@id":"https:\/\/www.nettali.com\/2025\/01\/29\/145e-appel-layene-le-chef-de-letat-attendu-a-camberene-cet-apres-midi\/#webpage","url":"https:\/\/www.nettali.com\/2025\/01\/29\/145e-appel-layene-le-chef-de-letat-attendu-a-camberene-cet-apres-midi\/","name":"145e APPEL LAYENE - Le chef de l'Etat attendu \u00e0 Camb\u00e9r\u00e8ne, cet apr\u00e8s-midi | Nettali.com","isPartOf":{"@id":"https:\/\/www.nettali.com\/#website"},"primaryImageOfPage":{"@id":"https:\/\/www.nettali.com\/2025\/01\/29\/145e-appel-layene-le-chef-de-letat-attendu-a-camberene-cet-apres-midi\/#primaryimage"},"datePublished":"2025-01-29T13:43:38+00:00","dateModified":"2025-01-29T15:24:42+00:00","author":{"@id":"https:\/\/www.nettali.com\/#\/schema\/person\/3317e0bb3aa1da309fbf7b2780901bf4"},"breadcrumb":{"@id":"https:\/\/www.nettali.com\/2025\/01\/29\/145e-appel-layene-le-chef-de-letat-attendu-a-camberene-cet-apres-midi\/#breadcrumb"},"inLanguage":"fr-FR","potentialAction":[{"@type":"ReadAction","target":["https:\/\/www.nettali.com\/2025\/01\/29\/145e-appel-layene-le-chef-de-letat-attendu-a-camberene-cet-apres-midi\/"]}]},{"@type":"BreadcrumbList","@id":"https:\/\/www.nettali.com\/2025\/01\/29\/145e-appel-layene-le-chef-de-letat-attendu-a-camberene-cet-apres-midi\/#breadcrumb","itemListElement":[{"@type":"ListItem","position":1,"name":"Accueil","item":"https:\/\/www.nettali.com\/"},{"@type":"ListItem","position":2,"name":"145e APPEL LAYENE - Le chef de l'Etat attendu \u00e0 Camb\u00e9r\u00e8ne, cet apr\u00e8s-midi"}]},{"@type":"Person","@id":"https:\/\/www.nettali.com\/#\/schema\/person\/3317e0bb3aa1da309fbf7b2780901bf4","name":"Daouda","image":{"@type":"ImageObject","@id":"https:\/\/www.nettali.com\/#personlogo","inLanguage":"fr-FR","url":"https:\/\/secure.gravatar.com\/avatar\/8d143b5a49345098ddcfee1c49c2f47c?s=96&d=mm&r=g","contentUrl":"https:\/\/secure.gravatar.com\/avatar\/8d143b5a49345098ddcfee1c49c2f47c?s=96&d=mm&r=g","caption":"Daouda"},"sameAs":["https:\/\/www.nettali.com"]}]}},"_links":{"self":[{"href":"https:\/\/www.nettali.com\/rest\/wp\/v2\/posts\/147989"}],"collection":[{"href":"https:\/\/www.nettali.com\/rest\/wp\/v2\/posts"}],"about":[{"href":"https:\/\/www.nettali.com\/rest\/wp\/v2\/types\/post"}],"author":[{"embeddable":true,"href":"https:\/\/www.nettali.com\/rest\/wp\/v2\/users\/4"}],"replies":[{"embeddable":true,"href":"https:\/\/www.nettali.com\/rest\/wp\/v2\/comments?post=147989"}],"version-history":[{"count":3,"href":"https:\/\/www.nettali.com\/rest\/wp\/v2\/posts\/147989\/revisions"}],"predecessor-version":[{"id":148000,"href":"https:\/\/www.nettali.com\/rest\/wp\/v2\/posts\/147989\/revisions\/148000"}],"wp:featuredmedia":[{"embeddable":true,"href":"https:\/\/www.nettali.com\/rest\/wp\/v2\/media\/131784"}],"wp:attachment":[{"href":"https:\/\/www.nettali.com\/rest\/wp\/v2\/media?parent=147989"}],"wp:term":[{"taxonomy":"category","embeddable":true,"href":"https:\/\/www.nettali.com\/rest\/wp\/v2\/categories?post=147989"},{"taxonomy":"post_tag","embeddable":true,"href":"https:\/\/www.nettali.com\/rest\/wp\/v2\/tags?post=147989"}],"curies":[{"name":"wp","href":"https:\/\/api.w.org\/{rel}","templated":true}]}}