{"id":147786,"date":"2025-01-25T16:43:33","date_gmt":"2025-01-25T16:43:33","guid":{"rendered":"https:\/\/www.nettali.com\/?p=147786"},"modified":"2025-01-25T22:04:23","modified_gmt":"2025-01-25T22:04:23","slug":"propos-ethnicistes-badara-gadiaga-denonce-lhypocrisie-de-bon-nombre-de-senegalais","status":"publish","type":"post","link":"https:\/\/www.nettali.com\/2025\/01\/25\/propos-ethnicistes-badara-gadiaga-denonce-lhypocrisie-de-bon-nombre-de-senegalais\/","title":{"rendered":"PROPOS ETHNICISTES - Badara Gadiaga d\u00e9nonce \u00ab l\u2019hypocrisie \u00bb de bon nombre de S\u00e9n\u00e9galais"},"content":{"rendered":"<p><strong>NETTALI.COM - Dans son intervention ce vendredi dans l\u2019\u00e9mission hebdomadaire \u00ab Jakaarlo Bi \u00bb sur la Tfm, le chroniqueur Badara Gadiaga a fonci\u00e8rement d\u00e9nonc\u00e9 \u00ab l\u2019hypocrisie \u00bb chez bon nombre de S\u00e9n\u00e9galais, notamment concernant le sujet qui fait d\u00e9bat ces jours-ci : \u00ab l\u2019ethnicisme \u00bb.<\/strong><\/p>\n<p>Ce qui pr\u00e9occupe le chroniqueur, c\u2019est ce silence devant le pr\u00e9sident du Pastef. <em>\u00ab Qui est le premier \u00e0 dire que Macky Sall a un probl\u00e8me avec la Casamance et les noms qui ont une consonance diola \u00bb. \u00ab Ceux qui font des analyses sur le sujet, savent que c\u2019est Ousmane Sonko qui a \u00e9t\u00e9 le premier \u00e0 tenir ce genre de propos. Pourquoi ils n\u2019osent pas le dire ? Pourquoi pr\u00e9f\u00e8rent-ils seulement s\u2019acharner sur quelqu\u2019un comme Abou Diallo ou Oumar Sow et refusent de rappeler ces propos d\u2019Ousmane Sonko ? C\u2019est simplement de l\u2019hypocrisie \u00bb<\/em>, s\u2019indigne Badara Gadiaga, rappelant qu\u2019Ousmane Sonko est m\u00eame all\u00e9 jusqu\u2019\u00e0 dire que <em>\u00abFarba Ngom est un simple griot\u2026\u00bb<\/em>.<\/p>\n<p>Selon le chroniqueur, il faut revenir au sens de la responsabilit\u00e9, car <em>\u00ab un irresponsable ne peut en aucun cas donner une le\u00e7on de responsabilit\u00e9 \u00bb<\/em>.<\/p>\n<p>Par ailleurs, Badara Gadiaga rappelle que la justice doit \u00eatre \u00e0 l\u2019aise dans le travail qu\u2019elle effectue et en toute impartialit\u00e9. <em>\u00ab C\u2019est Ousmane Sonko qui, \u00e0 Matam, a dit qu\u2019il peut garantir que c'est la derni\u00e8re fois que Farba participe \u00e0 une \u00e9lection. Les mots ont leur sens \u00bb<\/em>, d\u00e9nonce le chroniqueur.<\/p>\n<div class='share-to-whatsapp-wrapper'><div class='share-on-whsp'>PARTAGER SUR : <\/div><a data-text='PROPOS ETHNICISTES - Badara Gadiaga d\u00e9nonce \u00ab l\u2019hypocrisie \u00bb de bon nombre de S\u00e9n\u00e9galais' data-link='https:\/\/www.nettali.com\/2025\/01\/25\/propos-ethnicistes-badara-gadiaga-denonce-lhypocrisie-de-bon-nombre-de-senegalais\/' class='whatsapp-button whatsapp-share'>WhatsApp<\/a><div class='clear '><\/div><\/div>","protected":false},"excerpt":{"rendered":"<p>NETTALI.COM - Dans son intervention ce vendredi dans l\u2019\u00e9mission hebdomadaire \u00ab Jakaarlo Bi \u00bb sur la Tfm, le chroniqueur Badara Gadiaga a fonci\u00e8rement d\u00e9nonc\u00e9 \u00ab l\u2019hypocrisie \u00bb chez bon nombre de S\u00e9n\u00e9galais, notamment concernant le sujet qui fait d\u00e9bat ces jours-ci : \u00ab l\u2019ethnicisme \u00bb. Ce qui pr\u00e9occupe le chroniqueur, c\u2019est ce silence devant le [&hellip;]<\/p>\n","protected":false},"author":4,"featured_media":147787,"comment_status":"open","ping_status":"open","sticky":false,"template":"","format":"standard","meta":{"_et_pb_use_builder":"","_et_pb_old_content":""},"categories":[3],"tags":[],"yoast_head":"<!-- This site is optimized with the Yoast SEO Premium plugin v17.8 (Yoast SEO v17.8) - https:\/\/yoast.com\/wordpress\/plugins\/seo\/ -->\n<title>PROPOS ETHNICISTES - Badara Gadiaga d\u00e9nonce \u00ab l\u2019hypocrisie \u00bb de bon nombre de S\u00e9n\u00e9galais | Nettali.com<\/title>\n<meta name=\"robots\" content=\"index, follow, max-snippet:-1, max-image-preview:large, max-video-preview:-1\" \/>\n<link rel=\"canonical\" href=\"https:\/\/www.nettali.com\/2025\/01\/25\/propos-ethnicistes-badara-gadiaga-denonce-lhypocrisie-de-bon-nombre-de-senegalais\/\" \/>\n<meta property=\"og:locale\" content=\"fr_FR\" \/>\n<meta property=\"og:type\" content=\"article\" \/>\n<meta property=\"og:title\" content=\"PROPOS ETHNICISTES - Badara Gadiaga d\u00e9nonce \u00ab l\u2019hypocrisie \u00bb de bon nombre de S\u00e9n\u00e9galais\" \/>\n<meta property=\"og:description\" content=\"NETTALI.COM - Dans son intervention ce vendredi dans l\u2019\u00e9mission hebdomadaire \u00ab Jakaarlo Bi \u00bb sur la Tfm, le chroniqueur Badara Gadiaga a fonci\u00e8rement d\u00e9nonc\u00e9 \u00ab l\u2019hypocrisie \u00bb chez bon nombre de S\u00e9n\u00e9galais, notamment concernant le sujet qui fait d\u00e9bat ces jours-ci : \u00ab l\u2019ethnicisme \u00bb. Ce qui pr\u00e9occupe le chroniqueur, c\u2019est ce silence devant le [&hellip;]\" \/>\n<meta property=\"og:url\" content=\"https:\/\/www.nettali.com\/2025\/01\/25\/propos-ethnicistes-badara-gadiaga-denonce-lhypocrisie-de-bon-nombre-de-senegalais\/\" \/>\n<meta property=\"og:site_name\" content=\"Nettali.com\" \/>\n<meta property=\"article:publisher\" content=\"https:\/\/www.facebook.com\/nettalicom\" \/>\n<meta property=\"article:published_time\" content=\"2025-01-25T16:43:33+00:00\" \/>\n<meta property=\"article:modified_time\" content=\"2025-01-25T22:04:23+00:00\" \/>\n<meta property=\"og:image\" content=\"https:\/\/www.nettali.com\/wp-content\/uploads\/2025\/01\/Capture-de\u0301cran-2025-01-25-a\u0300-16.43.09.png\" \/>\n\t<meta property=\"og:image:width\" content=\"878\" \/>\n\t<meta property=\"og:image:height\" content=\"445\" \/>\n<meta name=\"twitter:card\" content=\"summary_large_image\" \/>\n<meta name=\"twitter:label1\" content=\"\u00c9crit par\" \/>\n\t<meta name=\"twitter:data1\" content=\"Daouda\" \/>\n\t<meta name=\"twitter:label2\" content=\"Dur\u00e9e de lecture estim\u00e9e\" \/>\n\t<meta name=\"twitter:data2\" content=\"2 minutes\" \/>\n<script type=\"application\/ld+json\" class=\"yoast-schema-graph\">{\"@context\":\"https:\/\/schema.org\",\"@graph\":[{\"@type\":\"WebSite\",\"@id\":\"https:\/\/www.nettali.com\/#website\",\"url\":\"https:\/\/www.nettali.com\/\",\"name\":\"Nettali.com\",\"description\":\"Le rendez-vous critique du Net\",\"potentialAction\":[{\"@type\":\"SearchAction\",\"target\":{\"@type\":\"EntryPoint\",\"urlTemplate\":\"https:\/\/www.nettali.com\/?s={search_term_string}\"},\"query-input\":\"required name=search_term_string\"}],\"inLanguage\":\"fr-FR\"},{\"@type\":\"ImageObject\",\"@id\":\"https:\/\/www.nettali.com\/2025\/01\/25\/propos-ethnicistes-badara-gadiaga-denonce-lhypocrisie-de-bon-nombre-de-senegalais\/#primaryimage\",\"inLanguage\":\"fr-FR\",\"url\":\"https:\/\/www.nettali.com\/wp-content\/uploads\/2025\/01\/Capture-de\\u0301cran-2025-01-25-a\\u0300-16.43.09.png\",\"contentUrl\":\"https:\/\/www.nettali.com\/wp-content\/uploads\/2025\/01\/Capture-de\\u0301cran-2025-01-25-a\\u0300-16.43.09.png\",\"width\":878,\"height\":445},{\"@type\":\"WebPage\",\"@id\":\"https:\/\/www.nettali.com\/2025\/01\/25\/propos-ethnicistes-badara-gadiaga-denonce-lhypocrisie-de-bon-nombre-de-senegalais\/#webpage\",\"url\":\"https:\/\/www.nettali.com\/2025\/01\/25\/propos-ethnicistes-badara-gadiaga-denonce-lhypocrisie-de-bon-nombre-de-senegalais\/\",\"name\":\"PROPOS ETHNICISTES - Badara Gadiaga d\\u00e9nonce \\u00ab l\\u2019hypocrisie \\u00bb de bon nombre de S\\u00e9n\\u00e9galais | Nettali.com\",\"isPartOf\":{\"@id\":\"https:\/\/www.nettali.com\/#website\"},\"primaryImageOfPage\":{\"@id\":\"https:\/\/www.nettali.com\/2025\/01\/25\/propos-ethnicistes-badara-gadiaga-denonce-lhypocrisie-de-bon-nombre-de-senegalais\/#primaryimage\"},\"datePublished\":\"2025-01-25T16:43:33+00:00\",\"dateModified\":\"2025-01-25T22:04:23+00:00\",\"author\":{\"@id\":\"https:\/\/www.nettali.com\/#\/schema\/person\/3317e0bb3aa1da309fbf7b2780901bf4\"},\"breadcrumb\":{\"@id\":\"https:\/\/www.nettali.com\/2025\/01\/25\/propos-ethnicistes-badara-gadiaga-denonce-lhypocrisie-de-bon-nombre-de-senegalais\/#breadcrumb\"},\"inLanguage\":\"fr-FR\",\"potentialAction\":[{\"@type\":\"ReadAction\",\"target\":[\"https:\/\/www.nettali.com\/2025\/01\/25\/propos-ethnicistes-badara-gadiaga-denonce-lhypocrisie-de-bon-nombre-de-senegalais\/\"]}]},{\"@type\":\"BreadcrumbList\",\"@id\":\"https:\/\/www.nettali.com\/2025\/01\/25\/propos-ethnicistes-badara-gadiaga-denonce-lhypocrisie-de-bon-nombre-de-senegalais\/#breadcrumb\",\"itemListElement\":[{\"@type\":\"ListItem\",\"position\":1,\"name\":\"Accueil\",\"item\":\"https:\/\/www.nettali.com\/\"},{\"@type\":\"ListItem\",\"position\":2,\"name\":\"PROPOS ETHNICISTES - Badara Gadiaga d\\u00e9nonce \\u00ab l\\u2019hypocrisie \\u00bb de bon nombre de S\\u00e9n\\u00e9galais\"}]},{\"@type\":\"Person\",\"@id\":\"https:\/\/www.nettali.com\/#\/schema\/person\/3317e0bb3aa1da309fbf7b2780901bf4\",\"name\":\"Daouda\",\"image\":{\"@type\":\"ImageObject\",\"@id\":\"https:\/\/www.nettali.com\/#personlogo\",\"inLanguage\":\"fr-FR\",\"url\":\"https:\/\/secure.gravatar.com\/avatar\/8d143b5a49345098ddcfee1c49c2f47c?s=96&d=mm&r=g\",\"contentUrl\":\"https:\/\/secure.gravatar.com\/avatar\/8d143b5a49345098ddcfee1c49c2f47c?s=96&d=mm&r=g\",\"caption\":\"Daouda\"},\"sameAs\":[\"https:\/\/www.nettali.com\"]}]}<\/script>\n<!-- \/ Yoast SEO Premium plugin. -->","yoast_head_json":{"title":"PROPOS ETHNICISTES - Badara Gadiaga d\u00e9nonce \u00ab l\u2019hypocrisie \u00bb de bon nombre de S\u00e9n\u00e9galais | Nettali.com","robots":{"index":"index","follow":"follow","max-snippet":"max-snippet:-1","max-image-preview":"max-image-preview:large","max-video-preview":"max-video-preview:-1"},"canonical":"https:\/\/www.nettali.com\/2025\/01\/25\/propos-ethnicistes-badara-gadiaga-denonce-lhypocrisie-de-bon-nombre-de-senegalais\/","og_locale":"fr_FR","og_type":"article","og_title":"PROPOS ETHNICISTES - Badara Gadiaga d\u00e9nonce \u00ab l\u2019hypocrisie \u00bb de bon nombre de S\u00e9n\u00e9galais","og_description":"NETTALI.COM - Dans son intervention ce vendredi dans l\u2019\u00e9mission hebdomadaire \u00ab Jakaarlo Bi \u00bb sur la Tfm, le chroniqueur Badara Gadiaga a fonci\u00e8rement d\u00e9nonc\u00e9 \u00ab l\u2019hypocrisie \u00bb chez bon nombre de S\u00e9n\u00e9galais, notamment concernant le sujet qui fait d\u00e9bat ces jours-ci : \u00ab l\u2019ethnicisme \u00bb. Ce qui pr\u00e9occupe le chroniqueur, c\u2019est ce silence devant le [&hellip;]","og_url":"https:\/\/www.nettali.com\/2025\/01\/25\/propos-ethnicistes-badara-gadiaga-denonce-lhypocrisie-de-bon-nombre-de-senegalais\/","og_site_name":"Nettali.com","article_publisher":"https:\/\/www.facebook.com\/nettalicom","article_published_time":"2025-01-25T16:43:33+00:00","article_modified_time":"2025-01-25T22:04:23+00:00","og_image":[{"width":878,"height":445,"url":"https:\/\/www.nettali.com\/wp-content\/uploads\/2025\/01\/Capture-de\u0301cran-2025-01-25-a\u0300-16.43.09.png","type":"image\/png"}],"twitter_card":"summary_large_image","twitter_misc":{"\u00c9crit par":"Daouda","Dur\u00e9e de lecture estim\u00e9e":"2 minutes"},"schema":{"@context":"https:\/\/schema.org","@graph":[{"@type":"WebSite","@id":"https:\/\/www.nettali.com\/#website","url":"https:\/\/www.nettali.com\/","name":"Nettali.com","description":"Le rendez-vous critique du Net","potentialAction":[{"@type":"SearchAction","target":{"@type":"EntryPoint","urlTemplate":"https:\/\/www.nettali.com\/?s={search_term_string}"},"query-input":"required name=search_term_string"}],"inLanguage":"fr-FR"},{"@type":"ImageObject","@id":"https:\/\/www.nettali.com\/2025\/01\/25\/propos-ethnicistes-badara-gadiaga-denonce-lhypocrisie-de-bon-nombre-de-senegalais\/#primaryimage","inLanguage":"fr-FR","url":"https:\/\/www.nettali.com\/wp-content\/uploads\/2025\/01\/Capture-de\u0301cran-2025-01-25-a\u0300-16.43.09.png","contentUrl":"https:\/\/www.nettali.com\/wp-content\/uploads\/2025\/01\/Capture-de\u0301cran-2025-01-25-a\u0300-16.43.09.png","width":878,"height":445},{"@type":"WebPage","@id":"https:\/\/www.nettali.com\/2025\/01\/25\/propos-ethnicistes-badara-gadiaga-denonce-lhypocrisie-de-bon-nombre-de-senegalais\/#webpage","url":"https:\/\/www.nettali.com\/2025\/01\/25\/propos-ethnicistes-badara-gadiaga-denonce-lhypocrisie-de-bon-nombre-de-senegalais\/","name":"PROPOS ETHNICISTES - Badara Gadiaga d\u00e9nonce \u00ab l\u2019hypocrisie \u00bb de bon nombre de S\u00e9n\u00e9galais | Nettali.com","isPartOf":{"@id":"https:\/\/www.nettali.com\/#website"},"primaryImageOfPage":{"@id":"https:\/\/www.nettali.com\/2025\/01\/25\/propos-ethnicistes-badara-gadiaga-denonce-lhypocrisie-de-bon-nombre-de-senegalais\/#primaryimage"},"datePublished":"2025-01-25T16:43:33+00:00","dateModified":"2025-01-25T22:04:23+00:00","author":{"@id":"https:\/\/www.nettali.com\/#\/schema\/person\/3317e0bb3aa1da309fbf7b2780901bf4"},"breadcrumb":{"@id":"https:\/\/www.nettali.com\/2025\/01\/25\/propos-ethnicistes-badara-gadiaga-denonce-lhypocrisie-de-bon-nombre-de-senegalais\/#breadcrumb"},"inLanguage":"fr-FR","potentialAction":[{"@type":"ReadAction","target":["https:\/\/www.nettali.com\/2025\/01\/25\/propos-ethnicistes-badara-gadiaga-denonce-lhypocrisie-de-bon-nombre-de-senegalais\/"]}]},{"@type":"BreadcrumbList","@id":"https:\/\/www.nettali.com\/2025\/01\/25\/propos-ethnicistes-badara-gadiaga-denonce-lhypocrisie-de-bon-nombre-de-senegalais\/#breadcrumb","itemListElement":[{"@type":"ListItem","position":1,"name":"Accueil","item":"https:\/\/www.nettali.com\/"},{"@type":"ListItem","position":2,"name":"PROPOS ETHNICISTES - Badara Gadiaga d\u00e9nonce \u00ab l\u2019hypocrisie \u00bb de bon nombre de S\u00e9n\u00e9galais"}]},{"@type":"Person","@id":"https:\/\/www.nettali.com\/#\/schema\/person\/3317e0bb3aa1da309fbf7b2780901bf4","name":"Daouda","image":{"@type":"ImageObject","@id":"https:\/\/www.nettali.com\/#personlogo","inLanguage":"fr-FR","url":"https:\/\/secure.gravatar.com\/avatar\/8d143b5a49345098ddcfee1c49c2f47c?s=96&d=mm&r=g","contentUrl":"https:\/\/secure.gravatar.com\/avatar\/8d143b5a49345098ddcfee1c49c2f47c?s=96&d=mm&r=g","caption":"Daouda"},"sameAs":["https:\/\/www.nettali.com"]}]}},"_links":{"self":[{"href":"https:\/\/www.nettali.com\/rest\/wp\/v2\/posts\/147786"}],"collection":[{"href":"https:\/\/www.nettali.com\/rest\/wp\/v2\/posts"}],"about":[{"href":"https:\/\/www.nettali.com\/rest\/wp\/v2\/types\/post"}],"author":[{"embeddable":true,"href":"https:\/\/www.nettali.com\/rest\/wp\/v2\/users\/4"}],"replies":[{"embeddable":true,"href":"https:\/\/www.nettali.com\/rest\/wp\/v2\/comments?post=147786"}],"version-history":[{"count":2,"href":"https:\/\/www.nettali.com\/rest\/wp\/v2\/posts\/147786\/revisions"}],"predecessor-version":[{"id":147789,"href":"https:\/\/www.nettali.com\/rest\/wp\/v2\/posts\/147786\/revisions\/147789"}],"wp:featuredmedia":[{"embeddable":true,"href":"https:\/\/www.nettali.com\/rest\/wp\/v2\/media\/147787"}],"wp:attachment":[{"href":"https:\/\/www.nettali.com\/rest\/wp\/v2\/media?parent=147786"}],"wp:term":[{"taxonomy":"category","embeddable":true,"href":"https:\/\/www.nettali.com\/rest\/wp\/v2\/categories?post=147786"},{"taxonomy":"post_tag","embeddable":true,"href":"https:\/\/www.nettali.com\/rest\/wp\/v2\/tags?post=147786"}],"curies":[{"name":"wp","href":"https:\/\/api.w.org\/{rel}","templated":true}]}}